{"id":17465,"date":"2020-12-28T12:24:29","date_gmt":"2020-12-28T15:24:29","guid":{"rendered":"https:\/\/www.mundoagropecuario.cl\/new\/?p=17465"},"modified":"2020-12-30T11:23:05","modified_gmt":"2020-12-30T14:23:05","slug":"situacion-productiva-regional-octubre-de-2020","status":"publish","type":"post","link":"https:\/\/www.mundoagropecuario.cl\/new\/situacion-productiva-regional-octubre-de-2020\/","title":{"rendered":"Situaci\u00f3n productiva regional octubre de 2020"},"content":{"rendered":"<blockquote>\n<h2>Los datos publicados por Oficina de Estudios y Pol\u00edticas Agrarias (Odepa) revelan que la recepci\u00f3n nacional de leche cruda se increment\u00f3 en un 6,3%\u00a0 entre enero \u2013 octubre\u00a0 de 2020 en relaci\u00f3n con el mismo periodo del a\u00f1o anterior, alcanzando un total de\u00a0 1.775,9\u00a0 millones de litros.<\/h2>\n<\/blockquote>\n<p>Seg\u00fan\u00a0 los antecedentes elaborados por Fedeleche en base a informaci\u00f3n de Odepa, este volumen supone un aumento de 105,7 millones de litros respecto del a\u00f1o anterior,\u00a0 y se explica porque las cuatro regiones con mayor producci\u00f3n de leche cruda, que representan el 91,9% dentro del total pa\u00eds, muestran crecimiento respecto de igual ciclo de 2019.\u00a0 Adem\u00e1s, representa el noveno mes consecutivo al alza.<\/p>\n<p><strong>\u00a0Zona Sur<\/strong><\/p>\n<p><a href=\"https:\/\/www.mundoagropecuario.cl\/new\/wp-content\/uploads\/2019\/03\/vacas-lecher\u00eda.jpg\"><img loading=\"lazy\" decoding=\"async\" class=\" wp-image-11029 alignright\" src=\"https:\/\/www.mundoagropecuario.cl\/new\/wp-content\/uploads\/2019\/03\/vacas-lecher\u00eda-586x440.jpg\" alt=\"\" width=\"427\" height=\"293\" \/><\/a>Al observar el origen de la leche cruda que recepcion\u00f3 la industria l\u00e1ctea mayor al mes de octubre de 2020, la regi\u00f3n de Los Lagos alcanz\u00f3 el 51,1% de la producci\u00f3n nacional, sumando 908,1 millones de litros. En relaci\u00f3n con el a\u00f1o previo, supone un aumento de un 8,8% y una diferencia interanual de 73,7 millones de litros.<\/p>\n<p>Del total informado por Odepa para la regi\u00f3n de Los Lagos,\u00a0 709,5 millones de litros se recepcionaron en la misma,\u00a0 al tiempo que 147,7 millones de litros tuvieron como destino la regi\u00f3n de Los R\u00edos; mientras que 49,3 millones se procesaron en la regi\u00f3n de La Araucan\u00eda y 1,5 millones de litros en la regi\u00f3n de \u00d1uble.<\/p>\n<p>La producci\u00f3n de leche cruda en la regi\u00f3n de Los R\u00edos registr\u00f3 un total de 546,9 millones de litros, lo que equivale al 30,8% de la producci\u00f3n nacional. Lo anterior, supone un alza de un 4,6% en relaci\u00f3n al mismo periodo de 2019, con un incremento interanual de 24,0 millones de litros.<\/p>\n<p>Del total informado a la fecha,\u00a0 409,1 millones de litros se recepcionaron en la misma regi\u00f3n,\u00a0 mientras 93,3 millones de litros tuvieron como destino a la regi\u00f3n de Los Lagos, y 44,4 millones de litros la regi\u00f3n de La Araucan\u00eda.<\/p>\n<p>La producci\u00f3n de leche cruda en la regi\u00f3n de La Araucan\u00eda muestra una baja de un 6,3% entre enero &#8211; octubre de 2020,\u00a0 lo que implica una ca\u00edda interanual de 4,1 millones de litros, siendo la m\u00e1s alta del actual periodo. Con ello adem\u00e1s redujo su participaci\u00f3n al 3,4% a nivel nacional.<\/p>\n<p>En cuanto a la distribuci\u00f3n que tiene la leche producir en La Araucan\u00eda, 25,7 millones de litros se procesaron en la misma regi\u00f3n, mientras que 18, 6 millones de litros en la regi\u00f3n de \u00d1uble, unos 13,8 millones de litros en la regi\u00f3n se destinaron a la regi\u00f3n de Bio-Bio y 3,3 millones de litros en la regi\u00f3n de Los Lagos.<\/p>\n<p><strong>Zona Centro-Sur<\/strong><\/p>\n<p>La producci\u00f3n de leche cruda en la regi\u00f3n de Bio-Bio se increment\u00f3 en un 11,8% hasta 117,4 millones de litros,\u00a0 alcanzando una participaci\u00f3n del un 6,6% en cuanto a\u00a0 producci\u00f3n nacional. En la regi\u00f3n de Bio-Bio aument\u00f3\u00a0 la producci\u00f3n de leche 12,3 millones de litros respecto de igual periodo del a\u00f1o pasado.<\/p>\n<p>En t\u00e9rminos de la distribuci\u00f3n de la leche en Bio-Bio, 39,8\u00a0 millones de litros se procesaron en la misma regi\u00f3n, mientras que 61,6 millones tuvieron como destino la regi\u00f3n Metropolitana, unos 14,3 millones la regi\u00f3n de \u00d1uble y 1,6 millones de litros la regi\u00f3n de La Araucan\u00eda.<\/p>\n<p>La producci\u00f3n de leche cruda en la regi\u00f3n de \u00d1uble sum\u00f3 16,1 millones de litros,\u00a0 manteniendo una participaci\u00f3n del 0,9% de la producci\u00f3n a nivel nacional. En relaci\u00f3n con el a\u00f1o pasado, este valor supone una ca\u00edda de 1,8%,\u00a0 unos 304 mil litros menos. En cuanto a la distribuci\u00f3n de la leche de \u00d1uble, se recepciona completamente en planta Chill\u00e1n.<\/p>\n<p><strong>\u00a0Zona Centro<\/strong><\/p>\n<p>En la zona central, la producci\u00f3n de leche cruda en la regi\u00f3n de Valpara\u00edso alcanz\u00f3 60,0 millones de litros,\u00a0 lo que supone el 3,4% a nivel nacional. Respecto del a\u00f1o pasado, la regi\u00f3n de Valpara\u00edso muestra un incremento de un 3,9%\u00a0 aumentando unos 2,2 millones de litros respecto a igual lapso del a\u00f1o previo. El total de la leche es recepcionada en la Regi\u00f3n Metropolitana.<\/p>\n<p>La producci\u00f3n de leche cruda en la Regi\u00f3n Metropolitana totaliz\u00f3 49,8 millones, representando el 2,8% del total pa\u00eds. La RM baj\u00f3 en un 1,4% en relaci\u00f3n a igual periodo del a\u00f1o anterior, unos 698 mil litros. Toda la leche se recepciona en esta regi\u00f3n.<\/p>\n<p>La producci\u00f3n de leche cruda en la regi\u00f3n de O\u2019higgins sumo un total de 14,7 millones de litros, representando el 0,8% a nivel nacional, y los cuales\u00a0 fueron procesados \u00edntegramente en la regi\u00f3n Metropolitana. Este valor implica una baja de 9,6% \u00f3 1,5 millones de litros frente al a\u00f1o anterior.<\/p>\n<p>Finalmente, la regi\u00f3n de El Maule alcanza el 0,1% de participaci\u00f3n a nivel nacional con 1,37 millones de\u00a0 litros, los cuales tuvieron como destino la regi\u00f3n Metropolitana. Respecto de igual mes del a\u00f1o pasado, el valor representa una alza de 3,7% \u00f3 48 mil litros.<\/p>\n<p style=\"text-align: center;\"><strong>\u00a0-\u00bfQu\u00e9 paso en octubre?<\/strong><\/p>\n<p><a href=\"https:\/\/www.mundoagropecuario.cl\/new\/wp-content\/uploads\/2020\/12\/Grafico.jpg\"><img loading=\"lazy\" decoding=\"async\" class=\"size-medium wp-image-17466 aligncenter\" src=\"https:\/\/www.mundoagropecuario.cl\/new\/wp-content\/uploads\/2020\/12\/Grafico-586x239.jpg\" alt=\"\" width=\"586\" height=\"239\" srcset=\"https:\/\/www.mundoagropecuario.cl\/new\/wp-content\/uploads\/2020\/12\/Grafico-586x239.jpg 586w, https:\/\/www.mundoagropecuario.cl\/new\/wp-content\/uploads\/2020\/12\/Grafico.jpg 590w\" sizes=\"auto, (max-width: 586px) 100vw, 586px\" \/><\/a><\/p>\n<p>La recepci\u00f3n nacional de leche cruda alcanz\u00f3 247,6 millones de litros en el d\u00e9cimo mes del a\u00f1o, lo que representa un alza de un 6,5% respecto a igual mes del a\u00f1o anterior, unos 15,1 millones adicionales al mismo mes de 2019.<\/p>\n<p>La producci\u00f3n de leche cruda en la regi\u00f3n de Los Lagos avanz\u00f3 un 6,4% respecto al mismo mes del a\u00f1o anterior hasta 137,9 millones de litros.\u00a0 Respecto del a\u00f1o anterior representa un crecimiento de 8,2 millones de litros.<\/p>\n<p>De igual modo, en la regi\u00f3n de Los R\u00edos, la producci\u00f3n de leche cruda subi\u00f3 un 8,1% hasta 74,9 millones de litros, con 5,6\u00a0 millones de litros adicionales a 2019.<\/p>\n<p>En la regi\u00f3n de La Araucan\u00eda la producci\u00f3n de leche cruda se recuper\u00f3 con un aumento de 19,0%, sumando unos 7,6 millones de litros. La diferencia con el mismo mes es de 1,2 millones de litros.<\/p>\n<p>En la regi\u00f3n de Bio-Bio, la producci\u00f3n de leche cruda registra un incremento de un 7,4% respecto al mismo periodo del a\u00f1o pasado, sumando un total de 12,3 millones de litros. Lo anterior, supone unos 847 mil de litros m\u00e1s que lo registrado al mismo mes de 2019.<\/p>\n<p>En contraposici\u00f3n, la producci\u00f3n de leche cruda en la regi\u00f3n de \u00d1uble anot\u00f3 una baja en octubre de 4,0% hasta 1,6 millones de litros. Lo anterior, representa una ca\u00edda de 69 mil litros respecto al mismo mes de 2019.<\/p>\n<p><strong>Centro<\/strong><\/p>\n<p>La producci\u00f3n de leche cruda en la regi\u00f3n de Valpara\u00edso registra una variaci\u00f3n\u00a0 de un 1,0%,\u00a0 alcanzando unos 6,3 millones de litros. Frente al a\u00f1o anterior, este valor presenta un aumento de 61 mil litros.<\/p>\n<p>La producci\u00f3n de leche cruda en la regi\u00f3n Metropolita result\u00f3 con una\u00a0 ca\u00edda de 8,4% hasta 5,0 millones de litros, con lo cual respecto del ejercicio anterior supone una merma de 465 mil litros.<\/p>\n<p>Con todo, la regi\u00f3n de O\u2019higgins presenta una ca\u00edda de 22,3% hasta 1,3 millones de litros, mientras la regi\u00f3n de El Maule anota una suba de 24,1% hasta 170 mil litros frente a igual periodo del a\u00f1o anterior.<\/p>\n","protected":false},"excerpt":{"rendered":"<p>Los datos publicados por Oficina de Estudios y Pol\u00edticas Agrarias (Odepa) revelan que la recepci\u00f3n nacional de leche cruda se increment\u00f3 en un 6,3%\u00a0 entre enero \u2013 octubre\u00a0 de 2020&#8230;<\/p>\n","protected":false},"author":2,"featured_media":7247,"comment_status":"closed","ping_status":"closed","sticky":false,"template":"","format":"standard","meta":{"footnotes":""},"categories":[1946],"tags":[2090,3127,2057,2058,2051,2066,2697],"class_list":["post-17465","post","type-post","status-publish","format-standard","has-post-thumbnail","hentry","category-lacteos","tag-agricultura","tag-agro","tag-aproleche","tag-fedeleche","tag-leche","tag-odepa","tag-praderas"],"yoast_head":"<!-- This site is optimized with the Yoast SEO plugin v26.6 - https:\/\/yoast.com\/wordpress\/plugins\/seo\/ -->\n<title>Situaci\u00f3n productiva regional octubre de 2020 - Mundoagropecuario<\/title>\n<meta name=\"description\" content=\"Situaci\u00f3n productiva regional octubre de 2020, Los datos publicados por Oficina de Estudios y Pol\u00edticas Agrarias\" \/>\n<meta name=\"robots\" content=\"index, follow, max-snippet:-1, max-image-preview:large, max-video-preview:-1\" \/>\n<link rel=\"canonical\" href=\"https:\/\/www.mundoagropecuario.cl\/new\/situacion-productiva-regional-octubre-de-2020\/\" \/>\n<meta property=\"og:locale\" content=\"es_ES\" \/>\n<meta property=\"og:type\" content=\"article\" \/>\n<meta property=\"og:title\" content=\"Situaci\u00f3n productiva regional octubre de 2020 - Mundoagropecuario\" \/>\n<meta property=\"og:description\" content=\"Situaci\u00f3n productiva regional octubre de 2020, Los datos publicados por Oficina de Estudios y Pol\u00edticas Agrarias\" \/>\n<meta property=\"og:url\" content=\"https:\/\/www.mundoagropecuario.cl\/new\/situacion-productiva-regional-octubre-de-2020\/\" \/>\n<meta property=\"og:site_name\" content=\"Mundoagropecuario\" \/>\n<meta property=\"article:publisher\" content=\"https:\/\/www.facebook.com\/mundo.agropecuario.3\" \/>\n<meta property=\"article:published_time\" content=\"2020-12-28T15:24:29+00:00\" \/>\n<meta property=\"article:modified_time\" content=\"2020-12-30T14:23:05+00:00\" \/>\n<meta property=\"og:image\" content=\"https:\/\/www.mundoagropecuario.cl\/new\/wp-content\/uploads\/2018\/06\/leche-e1609259888559.jpeg\" \/>\n\t<meta property=\"og:image:width\" content=\"593\" \/>\n\t<meta property=\"og:image:height\" content=\"341\" \/>\n\t<meta property=\"og:image:type\" content=\"image\/jpeg\" \/>\n<meta name=\"author\" content=\"mundo\" \/>\n<meta name=\"twitter:card\" content=\"summary_large_image\" \/>\n<meta name=\"twitter:creator\" content=\"@MundoAgropecuar\" \/>\n<meta name=\"twitter:site\" content=\"@MundoAgropecuar\" \/>\n<meta name=\"twitter:label1\" content=\"Escrito por\" \/>\n\t<meta name=\"twitter:data1\" content=\"mundo\" \/>\n\t<meta name=\"twitter:label2\" content=\"Tiempo de lectura\" \/>\n\t<meta name=\"twitter:data2\" content=\"6 minutos\" \/>\n<script type=\"application\/ld+json\" class=\"yoast-schema-graph\">{\"@context\":\"https:\/\/schema.org\",\"@graph\":[{\"@type\":\"Article\",\"@id\":\"https:\/\/www.mundoagropecuario.cl\/new\/situacion-productiva-regional-octubre-de-2020\/#article\",\"isPartOf\":{\"@id\":\"https:\/\/www.mundoagropecuario.cl\/new\/situacion-productiva-regional-octubre-de-2020\/\"},\"author\":{\"name\":\"mundo\",\"@id\":\"https:\/\/www.mundoagropecuario.cl\/new\/#\/schema\/person\/4e9f74a82a7dac260eb1c44b7eebeb18\"},\"headline\":\"Situaci\u00f3n productiva regional octubre de 2020\",\"datePublished\":\"2020-12-28T15:24:29+00:00\",\"dateModified\":\"2020-12-30T14:23:05+00:00\",\"mainEntityOfPage\":{\"@id\":\"https:\/\/www.mundoagropecuario.cl\/new\/situacion-productiva-regional-octubre-de-2020\/\"},\"wordCount\":1180,\"publisher\":{\"@id\":\"https:\/\/www.mundoagropecuario.cl\/new\/#organization\"},\"image\":{\"@id\":\"https:\/\/www.mundoagropecuario.cl\/new\/situacion-productiva-regional-octubre-de-2020\/#primaryimage\"},\"thumbnailUrl\":\"https:\/\/www.mundoagropecuario.cl\/new\/wp-content\/uploads\/2018\/06\/leche-e1609259888559.jpeg\",\"keywords\":[\"Agricultura\",\"Agro\",\"Aproleche\",\"Fedeleche\",\"Leche\",\"Odepa\",\"praderas\"],\"articleSection\":[\"L\u00e1cteos\"],\"inLanguage\":\"es\"},{\"@type\":\"WebPage\",\"@id\":\"https:\/\/www.mundoagropecuario.cl\/new\/situacion-productiva-regional-octubre-de-2020\/\",\"url\":\"https:\/\/www.mundoagropecuario.cl\/new\/situacion-productiva-regional-octubre-de-2020\/\",\"name\":\"Situaci\u00f3n productiva regional octubre de 2020 - Mundoagropecuario\",\"isPartOf\":{\"@id\":\"https:\/\/www.mundoagropecuario.cl\/new\/#website\"},\"primaryImageOfPage\":{\"@id\":\"https:\/\/www.mundoagropecuario.cl\/new\/situacion-productiva-regional-octubre-de-2020\/#primaryimage\"},\"image\":{\"@id\":\"https:\/\/www.mundoagropecuario.cl\/new\/situacion-productiva-regional-octubre-de-2020\/#primaryimage\"},\"thumbnailUrl\":\"https:\/\/www.mundoagropecuario.cl\/new\/wp-content\/uploads\/2018\/06\/leche-e1609259888559.jpeg\",\"datePublished\":\"2020-12-28T15:24:29+00:00\",\"dateModified\":\"2020-12-30T14:23:05+00:00\",\"description\":\"Situaci\u00f3n productiva regional octubre de 2020, Los datos publicados por Oficina de Estudios y Pol\u00edticas Agrarias\",\"breadcrumb\":{\"@id\":\"https:\/\/www.mundoagropecuario.cl\/new\/situacion-productiva-regional-octubre-de-2020\/#breadcrumb\"},\"inLanguage\":\"es\",\"potentialAction\":[{\"@type\":\"ReadAction\",\"target\":[\"https:\/\/www.mundoagropecuario.cl\/new\/situacion-productiva-regional-octubre-de-2020\/\"]}]},{\"@type\":\"ImageObject\",\"inLanguage\":\"es\",\"@id\":\"https:\/\/www.mundoagropecuario.cl\/new\/situacion-productiva-regional-octubre-de-2020\/#primaryimage\",\"url\":\"https:\/\/www.mundoagropecuario.cl\/new\/wp-content\/uploads\/2018\/06\/leche-e1609259888559.jpeg\",\"contentUrl\":\"https:\/\/www.mundoagropecuario.cl\/new\/wp-content\/uploads\/2018\/06\/leche-e1609259888559.jpeg\",\"width\":593,\"height\":341},{\"@type\":\"BreadcrumbList\",\"@id\":\"https:\/\/www.mundoagropecuario.cl\/new\/situacion-productiva-regional-octubre-de-2020\/#breadcrumb\",\"itemListElement\":[{\"@type\":\"ListItem\",\"position\":1,\"name\":\"Portada\",\"item\":\"https:\/\/www.mundoagropecuario.cl\/new\/\"},{\"@type\":\"ListItem\",\"position\":2,\"name\":\"Situaci\u00f3n productiva regional octubre de 2020\"}]},{\"@type\":\"WebSite\",\"@id\":\"https:\/\/www.mundoagropecuario.cl\/new\/#website\",\"url\":\"https:\/\/www.mundoagropecuario.cl\/new\/\",\"name\":\"Mundoagropecuario\",\"description\":\"Mundo Agropecuario\",\"publisher\":{\"@id\":\"https:\/\/www.mundoagropecuario.cl\/new\/#organization\"},\"potentialAction\":[{\"@type\":\"SearchAction\",\"target\":{\"@type\":\"EntryPoint\",\"urlTemplate\":\"https:\/\/www.mundoagropecuario.cl\/new\/?s={search_term_string}\"},\"query-input\":{\"@type\":\"PropertyValueSpecification\",\"valueRequired\":true,\"valueName\":\"search_term_string\"}}],\"inLanguage\":\"es\"},{\"@type\":\"Organization\",\"@id\":\"https:\/\/www.mundoagropecuario.cl\/new\/#organization\",\"name\":\"Revista de Agricultura\",\"url\":\"https:\/\/www.mundoagropecuario.cl\/new\/\",\"logo\":{\"@type\":\"ImageObject\",\"inLanguage\":\"es\",\"@id\":\"https:\/\/www.mundoagropecuario.cl\/new\/#\/schema\/logo\/image\/\",\"url\":\"https:\/\/www.mundoagropecuario.cl\/new\/wp-content\/uploads\/2020\/11\/PORTAL-1-1.png\",\"contentUrl\":\"https:\/\/www.mundoagropecuario.cl\/new\/wp-content\/uploads\/2020\/11\/PORTAL-1-1.png\",\"width\":1026,\"height\":100,\"caption\":\"Revista de Agricultura\"},\"image\":{\"@id\":\"https:\/\/www.mundoagropecuario.cl\/new\/#\/schema\/logo\/image\/\"},\"sameAs\":[\"https:\/\/www.facebook.com\/mundo.agropecuario.3\",\"https:\/\/x.com\/MundoAgropecuar\",\"https:\/\/www.linkedin.com\/in\/mundo-agropecuario-934009201\/\"]},{\"@type\":\"Person\",\"@id\":\"https:\/\/www.mundoagropecuario.cl\/new\/#\/schema\/person\/4e9f74a82a7dac260eb1c44b7eebeb18\",\"name\":\"mundo\",\"url\":\"https:\/\/www.mundoagropecuario.cl\/new\/author\/mundo\/\"}]}<\/script>\n<!-- \/ Yoast SEO plugin. -->","yoast_head_json":{"title":"Situaci\u00f3n productiva regional octubre de 2020 - Mundoagropecuario","description":"Situaci\u00f3n productiva regional octubre de 2020, Los datos publicados por Oficina de Estudios y Pol\u00edticas Agrarias","robots":{"index":"index","follow":"follow","max-snippet":"max-snippet:-1","max-image-preview":"max-image-preview:large","max-video-preview":"max-video-preview:-1"},"canonical":"https:\/\/www.mundoagropecuario.cl\/new\/situacion-productiva-regional-octubre-de-2020\/","og_locale":"es_ES","og_type":"article","og_title":"Situaci\u00f3n productiva regional octubre de 2020 - Mundoagropecuario","og_description":"Situaci\u00f3n productiva regional octubre de 2020, Los datos publicados por Oficina de Estudios y Pol\u00edticas Agrarias","og_url":"https:\/\/www.mundoagropecuario.cl\/new\/situacion-productiva-regional-octubre-de-2020\/","og_site_name":"Mundoagropecuario","article_publisher":"https:\/\/www.facebook.com\/mundo.agropecuario.3","article_published_time":"2020-12-28T15:24:29+00:00","article_modified_time":"2020-12-30T14:23:05+00:00","og_image":[{"width":593,"height":341,"url":"https:\/\/www.mundoagropecuario.cl\/new\/wp-content\/uploads\/2018\/06\/leche-e1609259888559.jpeg","type":"image\/jpeg"}],"author":"mundo","twitter_card":"summary_large_image","twitter_creator":"@MundoAgropecuar","twitter_site":"@MundoAgropecuar","twitter_misc":{"Escrito por":"mundo","Tiempo de lectura":"6 minutos"},"schema":{"@context":"https:\/\/schema.org","@graph":[{"@type":"Article","@id":"https:\/\/www.mundoagropecuario.cl\/new\/situacion-productiva-regional-octubre-de-2020\/#article","isPartOf":{"@id":"https:\/\/www.mundoagropecuario.cl\/new\/situacion-productiva-regional-octubre-de-2020\/"},"author":{"name":"mundo","@id":"https:\/\/www.mundoagropecuario.cl\/new\/#\/schema\/person\/4e9f74a82a7dac260eb1c44b7eebeb18"},"headline":"Situaci\u00f3n productiva regional octubre de 2020","datePublished":"2020-12-28T15:24:29+00:00","dateModified":"2020-12-30T14:23:05+00:00","mainEntityOfPage":{"@id":"https:\/\/www.mundoagropecuario.cl\/new\/situacion-productiva-regional-octubre-de-2020\/"},"wordCount":1180,"publisher":{"@id":"https:\/\/www.mundoagropecuario.cl\/new\/#organization"},"image":{"@id":"https:\/\/www.mundoagropecuario.cl\/new\/situacion-productiva-regional-octubre-de-2020\/#primaryimage"},"thumbnailUrl":"https:\/\/www.mundoagropecuario.cl\/new\/wp-content\/uploads\/2018\/06\/leche-e1609259888559.jpeg","keywords":["Agricultura","Agro","Aproleche","Fedeleche","Leche","Odepa","praderas"],"articleSection":["L\u00e1cteos"],"inLanguage":"es"},{"@type":"WebPage","@id":"https:\/\/www.mundoagropecuario.cl\/new\/situacion-productiva-regional-octubre-de-2020\/","url":"https:\/\/www.mundoagropecuario.cl\/new\/situacion-productiva-regional-octubre-de-2020\/","name":"Situaci\u00f3n productiva regional octubre de 2020 - Mundoagropecuario","isPartOf":{"@id":"https:\/\/www.mundoagropecuario.cl\/new\/#website"},"primaryImageOfPage":{"@id":"https:\/\/www.mundoagropecuario.cl\/new\/situacion-productiva-regional-octubre-de-2020\/#primaryimage"},"image":{"@id":"https:\/\/www.mundoagropecuario.cl\/new\/situacion-productiva-regional-octubre-de-2020\/#primaryimage"},"thumbnailUrl":"https:\/\/www.mundoagropecuario.cl\/new\/wp-content\/uploads\/2018\/06\/leche-e1609259888559.jpeg","datePublished":"2020-12-28T15:24:29+00:00","dateModified":"2020-12-30T14:23:05+00:00","description":"Situaci\u00f3n productiva regional octubre de 2020, Los datos publicados por Oficina de Estudios y Pol\u00edticas Agrarias","breadcrumb":{"@id":"https:\/\/www.mundoagropecuario.cl\/new\/situacion-productiva-regional-octubre-de-2020\/#breadcrumb"},"inLanguage":"es","potentialAction":[{"@type":"ReadAction","target":["https:\/\/www.mundoagropecuario.cl\/new\/situacion-productiva-regional-octubre-de-2020\/"]}]},{"@type":"ImageObject","inLanguage":"es","@id":"https:\/\/www.mundoagropecuario.cl\/new\/situacion-productiva-regional-octubre-de-2020\/#primaryimage","url":"https:\/\/www.mundoagropecuario.cl\/new\/wp-content\/uploads\/2018\/06\/leche-e1609259888559.jpeg","contentUrl":"https:\/\/www.mundoagropecuario.cl\/new\/wp-content\/uploads\/2018\/06\/leche-e1609259888559.jpeg","width":593,"height":341},{"@type":"BreadcrumbList","@id":"https:\/\/www.mundoagropecuario.cl\/new\/situacion-productiva-regional-octubre-de-2020\/#breadcrumb","itemListElement":[{"@type":"ListItem","position":1,"name":"Portada","item":"https:\/\/www.mundoagropecuario.cl\/new\/"},{"@type":"ListItem","position":2,"name":"Situaci\u00f3n productiva regional octubre de 2020"}]},{"@type":"WebSite","@id":"https:\/\/www.mundoagropecuario.cl\/new\/#website","url":"https:\/\/www.mundoagropecuario.cl\/new\/","name":"Mundoagropecuario","description":"Mundo Agropecuario","publisher":{"@id":"https:\/\/www.mundoagropecuario.cl\/new\/#organization"},"potentialAction":[{"@type":"SearchAction","target":{"@type":"EntryPoint","urlTemplate":"https:\/\/www.mundoagropecuario.cl\/new\/?s={search_term_string}"},"query-input":{"@type":"PropertyValueSpecification","valueRequired":true,"valueName":"search_term_string"}}],"inLanguage":"es"},{"@type":"Organization","@id":"https:\/\/www.mundoagropecuario.cl\/new\/#organization","name":"Revista de Agricultura","url":"https:\/\/www.mundoagropecuario.cl\/new\/","logo":{"@type":"ImageObject","inLanguage":"es","@id":"https:\/\/www.mundoagropecuario.cl\/new\/#\/schema\/logo\/image\/","url":"https:\/\/www.mundoagropecuario.cl\/new\/wp-content\/uploads\/2020\/11\/PORTAL-1-1.png","contentUrl":"https:\/\/www.mundoagropecuario.cl\/new\/wp-content\/uploads\/2020\/11\/PORTAL-1-1.png","width":1026,"height":100,"caption":"Revista de Agricultura"},"image":{"@id":"https:\/\/www.mundoagropecuario.cl\/new\/#\/schema\/logo\/image\/"},"sameAs":["https:\/\/www.facebook.com\/mundo.agropecuario.3","https:\/\/x.com\/MundoAgropecuar","https:\/\/www.linkedin.com\/in\/mundo-agropecuario-934009201\/"]},{"@type":"Person","@id":"https:\/\/www.mundoagropecuario.cl\/new\/#\/schema\/person\/4e9f74a82a7dac260eb1c44b7eebeb18","name":"mundo","url":"https:\/\/www.mundoagropecuario.cl\/new\/author\/mundo\/"}]}},"_links":{"self":[{"href":"https:\/\/www.mundoagropecuario.cl\/new\/wp-json\/wp\/v2\/posts\/17465","targetHints":{"allow":["GET"]}}],"collection":[{"href":"https:\/\/www.mundoagropecuario.cl\/new\/wp-json\/wp\/v2\/posts"}],"about":[{"href":"https:\/\/www.mundoagropecuario.cl\/new\/wp-json\/wp\/v2\/types\/post"}],"author":[{"embeddable":true,"href":"https:\/\/www.mundoagropecuario.cl\/new\/wp-json\/wp\/v2\/users\/2"}],"replies":[{"embeddable":true,"href":"https:\/\/www.mundoagropecuario.cl\/new\/wp-json\/wp\/v2\/comments?post=17465"}],"version-history":[{"count":1,"href":"https:\/\/www.mundoagropecuario.cl\/new\/wp-json\/wp\/v2\/posts\/17465\/revisions"}],"predecessor-version":[{"id":17467,"href":"https:\/\/www.mundoagropecuario.cl\/new\/wp-json\/wp\/v2\/posts\/17465\/revisions\/17467"}],"wp:featuredmedia":[{"embeddable":true,"href":"https:\/\/www.mundoagropecuario.cl\/new\/wp-json\/wp\/v2\/media\/7247"}],"wp:attachment":[{"href":"https:\/\/www.mundoagropecuario.cl\/new\/wp-json\/wp\/v2\/media?parent=17465"}],"wp:term":[{"taxonomy":"category","embeddable":true,"href":"https:\/\/www.mundoagropecuario.cl\/new\/wp-json\/wp\/v2\/categories?post=17465"},{"taxonomy":"post_tag","embeddable":true,"href":"https:\/\/www.mundoagropecuario.cl\/new\/wp-json\/wp\/v2\/tags?post=17465"}],"curies":[{"name":"wp","href":"https:\/\/api.w.org\/{rel}","templated":true}]}}