{"id":17325,"date":"2020-12-15T11:47:18","date_gmt":"2020-12-15T14:47:18","guid":{"rendered":"https:\/\/www.mundoagropecuario.cl\/new\/?p=17325"},"modified":"2020-12-18T10:49:23","modified_gmt":"2020-12-18T13:49:23","slug":"rabobank-preve-un-escenario-positivo-en-los-mercados-lacteos-hacia-2021","status":"publish","type":"post","link":"https:\/\/www.mundoagropecuario.cl\/new\/rabobank-preve-un-escenario-positivo-en-los-mercados-lacteos-hacia-2021\/","title":{"rendered":"Rabobank prev\u00e9 un escenario positivo en los mercados l\u00e1cteos hacia 2021"},"content":{"rendered":"<h2><em><span style=\"color: #993300;\">Entre los principales, el avance de las vacunas contra el Covid-19, menos incertidumbre pol\u00edtica despu\u00e9s de las elecciones de EE.UU, un d\u00f3lar m\u00e1s d\u00e9bil que ayuda a los precios de las materias primas y proyecciones de crecimiento en la mayor\u00eda de las regiones postpandemia (Todo Agro).<\/span><\/em><\/h2>\n<p>A pesar de este escenario, previamente favorable, el informe remarca que habr\u00e1 situaciones que tambi\u00e9n podr\u00edan generar contracciones, generando efectos negativos en el crecimiento del sector en algunos casos.<\/p>\n<p>\u201cEl crecimiento de la oferta se est\u00e1 desacelerando en las principales regiones de exportaci\u00f3n. Los aumentos de la producci\u00f3n de leche en los 7 grandes exportadores de l\u00e1cteos del mundo sorprendieron en 2020, con un crecimiento en su nivel m\u00e1s alto desde 2017 (4.500 millones de litros). Sin embargo, proyectamos una tasa de crecimiento m\u00e1s moderada en 2021, aunque positiva en todas las regiones, totalizando 2.700 millones de litros\u201d, declar\u00f3 Andr\u00e9s Padilla, analista del mercado l\u00e1cteo.<\/p>\n<blockquote><p><span style=\"color: #993300;\">La duraci\u00f3n de la segunda ola de Covid-19 y la llegada de las vacunas son clave para estabilizar la demanda del primer trimestre de 2021 en los canales de servicios de alimentos. Las ventas minoristas deber\u00edan fortalecerse a\u00fan m\u00e1s a medida que se consumen m\u00e1s comidas en el hogar. No obstante, una recuperaci\u00f3n total de la demanda de l\u00e1cteos depende de que se alcancen las ventas de productos anteriores a Covid19.<\/span><\/p><\/blockquote>\n<p><a href=\"https:\/\/www.mundoagropecuario.cl\/new\/wp-content\/uploads\/2019\/05\/Lecheros-1030x495.jpg\"><img loading=\"lazy\" decoding=\"async\" class=\" wp-image-11960 alignright\" src=\"https:\/\/www.mundoagropecuario.cl\/new\/wp-content\/uploads\/2019\/05\/Lecheros-1030x495-586x369.jpg\" alt=\"\" width=\"442\" height=\"278\" srcset=\"https:\/\/www.mundoagropecuario.cl\/new\/wp-content\/uploads\/2019\/05\/Lecheros-1030x495-586x369.jpg 586w, https:\/\/www.mundoagropecuario.cl\/new\/wp-content\/uploads\/2019\/05\/Lecheros-1030x495-768x483.jpg 768w, https:\/\/www.mundoagropecuario.cl\/new\/wp-content\/uploads\/2019\/05\/Lecheros-1030x495.jpg 636w\" sizes=\"auto, (max-width: 442px) 100vw, 442px\" \/><\/a>El impacto de una menor intervenci\u00f3n gubernamental podr\u00eda ser significativo en el primer semestre de 2021. \u201cEs probable que las restricciones fiscales impulsen a los gobiernos a reducir las compras de productos l\u00e1cteos y los pagos en efectivo a los consumidores en 2021. Esto podr\u00eda limitar el crecimiento de la demanda e impactar los precios globales en 2021 si la recuperaci\u00f3n econ\u00f3mica no se materializa\u201d, dijo Padilla.<\/p>\n<p>El equilibrio entre la oferta y la demanda de China podr\u00eda desinflar el optimismo del mercado. Estimamos que la producci\u00f3n de leche china en 2021 crecer\u00e1 un 6 por ciento en comparaci\u00f3n con 2020, superando ligeramente el crecimiento de la demanda. La necesidad de reducci\u00f3n de ganado podr\u00eda reducir las importaciones desde los elevados niveles de 2020 y limitar las ganancias en los precios de los productos l\u00e1cteos.<\/p>\n<p>&nbsp;<\/p>\n<p>&nbsp;<\/p>\n","protected":false},"excerpt":{"rendered":"<p>Entre los principales, el avance de las vacunas contra el Covid-19, menos incertidumbre pol\u00edtica despu\u00e9s de las elecciones de EE.UU, un d\u00f3lar m\u00e1s d\u00e9bil que ayuda a los precios de&#8230;<\/p>\n","protected":false},"author":2,"featured_media":10562,"comment_status":"closed","ping_status":"closed","sticky":false,"template":"","format":"standard","meta":{"footnotes":""},"categories":[1946],"tags":[3127,4135,5105,2051,4149,4553],"class_list":["post-17325","post","type-post","status-publish","format-standard","has-post-thumbnail","hentry","category-lacteos","tag-agro","tag-lacteo","tag-lacteos-hacia-2021","tag-leche","tag-mundo-agropecuario","tag-rabobank"],"yoast_head":"<!-- This site is optimized with the Yoast SEO plugin v26.6 - https:\/\/yoast.com\/wordpress\/plugins\/seo\/ -->\n<title>Rabobank prev\u00e9 un escenario positivo en los mercados l\u00e1cteos hacia 2021 - Mundoagropecuario<\/title>\n<meta name=\"description\" content=\"Rabobank prev\u00e9 un escenario positivo en los mercados l\u00e1cteos hacia 2021, el avance de las vacunas contra el Covid-19\" \/>\n<meta name=\"robots\" content=\"index, follow, max-snippet:-1, max-image-preview:large, max-video-preview:-1\" \/>\n<link rel=\"canonical\" href=\"https:\/\/www.mundoagropecuario.cl\/new\/rabobank-preve-un-escenario-positivo-en-los-mercados-lacteos-hacia-2021\/\" \/>\n<meta property=\"og:locale\" content=\"es_ES\" \/>\n<meta property=\"og:type\" content=\"article\" \/>\n<meta property=\"og:title\" content=\"Rabobank prev\u00e9 un escenario positivo en los mercados l\u00e1cteos hacia 2021 - Mundoagropecuario\" \/>\n<meta property=\"og:description\" content=\"Rabobank prev\u00e9 un escenario positivo en los mercados l\u00e1cteos hacia 2021, el avance de las vacunas contra el Covid-19\" \/>\n<meta property=\"og:url\" content=\"https:\/\/www.mundoagropecuario.cl\/new\/rabobank-preve-un-escenario-positivo-en-los-mercados-lacteos-hacia-2021\/\" \/>\n<meta property=\"og:site_name\" content=\"Mundoagropecuario\" \/>\n<meta property=\"article:publisher\" content=\"https:\/\/www.facebook.com\/mundo.agropecuario.3\" \/>\n<meta property=\"article:published_time\" content=\"2020-12-15T14:47:18+00:00\" \/>\n<meta property=\"article:modified_time\" content=\"2020-12-18T13:49:23+00:00\" \/>\n<meta property=\"og:image\" content=\"https:\/\/www.mundoagropecuario.cl\/new\/wp-content\/uploads\/2019\/01\/tt-lechera-los-muermos.jpg\" \/>\n\t<meta property=\"og:image:width\" content=\"698\" \/>\n\t<meta property=\"og:image:height\" content=\"500\" \/>\n\t<meta property=\"og:image:type\" content=\"image\/jpeg\" \/>\n<meta name=\"author\" content=\"mundo\" \/>\n<meta name=\"twitter:card\" content=\"summary_large_image\" \/>\n<meta name=\"twitter:creator\" content=\"@MundoAgropecuar\" \/>\n<meta name=\"twitter:site\" content=\"@MundoAgropecuar\" \/>\n<meta name=\"twitter:label1\" content=\"Escrito por\" \/>\n\t<meta name=\"twitter:data1\" content=\"mundo\" \/>\n\t<meta name=\"twitter:label2\" content=\"Tiempo de lectura\" \/>\n\t<meta name=\"twitter:data2\" content=\"2 minutos\" \/>\n<script type=\"application\/ld+json\" class=\"yoast-schema-graph\">{\"@context\":\"https:\/\/schema.org\",\"@graph\":[{\"@type\":\"Article\",\"@id\":\"https:\/\/www.mundoagropecuario.cl\/new\/rabobank-preve-un-escenario-positivo-en-los-mercados-lacteos-hacia-2021\/#article\",\"isPartOf\":{\"@id\":\"https:\/\/www.mundoagropecuario.cl\/new\/rabobank-preve-un-escenario-positivo-en-los-mercados-lacteos-hacia-2021\/\"},\"author\":{\"name\":\"mundo\",\"@id\":\"https:\/\/www.mundoagropecuario.cl\/new\/#\/schema\/person\/4e9f74a82a7dac260eb1c44b7eebeb18\"},\"headline\":\"Rabobank prev\u00e9 un escenario positivo en los mercados l\u00e1cteos hacia 2021\",\"datePublished\":\"2020-12-15T14:47:18+00:00\",\"dateModified\":\"2020-12-18T13:49:23+00:00\",\"mainEntityOfPage\":{\"@id\":\"https:\/\/www.mundoagropecuario.cl\/new\/rabobank-preve-un-escenario-positivo-en-los-mercados-lacteos-hacia-2021\/\"},\"wordCount\":391,\"publisher\":{\"@id\":\"https:\/\/www.mundoagropecuario.cl\/new\/#organization\"},\"image\":{\"@id\":\"https:\/\/www.mundoagropecuario.cl\/new\/rabobank-preve-un-escenario-positivo-en-los-mercados-lacteos-hacia-2021\/#primaryimage\"},\"thumbnailUrl\":\"https:\/\/www.mundoagropecuario.cl\/new\/wp-content\/uploads\/2019\/01\/tt-lechera-los-muermos.jpg\",\"keywords\":[\"Agro\",\"Lacteo\",\"l\u00e1cteos hacia 2021\",\"Leche\",\"Mundo Agropecuario\",\"Rabobank\"],\"articleSection\":[\"L\u00e1cteos\"],\"inLanguage\":\"es\"},{\"@type\":\"WebPage\",\"@id\":\"https:\/\/www.mundoagropecuario.cl\/new\/rabobank-preve-un-escenario-positivo-en-los-mercados-lacteos-hacia-2021\/\",\"url\":\"https:\/\/www.mundoagropecuario.cl\/new\/rabobank-preve-un-escenario-positivo-en-los-mercados-lacteos-hacia-2021\/\",\"name\":\"Rabobank prev\u00e9 un escenario positivo en los mercados l\u00e1cteos hacia 2021 - Mundoagropecuario\",\"isPartOf\":{\"@id\":\"https:\/\/www.mundoagropecuario.cl\/new\/#website\"},\"primaryImageOfPage\":{\"@id\":\"https:\/\/www.mundoagropecuario.cl\/new\/rabobank-preve-un-escenario-positivo-en-los-mercados-lacteos-hacia-2021\/#primaryimage\"},\"image\":{\"@id\":\"https:\/\/www.mundoagropecuario.cl\/new\/rabobank-preve-un-escenario-positivo-en-los-mercados-lacteos-hacia-2021\/#primaryimage\"},\"thumbnailUrl\":\"https:\/\/www.mundoagropecuario.cl\/new\/wp-content\/uploads\/2019\/01\/tt-lechera-los-muermos.jpg\",\"datePublished\":\"2020-12-15T14:47:18+00:00\",\"dateModified\":\"2020-12-18T13:49:23+00:00\",\"description\":\"Rabobank prev\u00e9 un escenario positivo en los mercados l\u00e1cteos hacia 2021, el avance de las vacunas contra el Covid-19\",\"breadcrumb\":{\"@id\":\"https:\/\/www.mundoagropecuario.cl\/new\/rabobank-preve-un-escenario-positivo-en-los-mercados-lacteos-hacia-2021\/#breadcrumb\"},\"inLanguage\":\"es\",\"potentialAction\":[{\"@type\":\"ReadAction\",\"target\":[\"https:\/\/www.mundoagropecuario.cl\/new\/rabobank-preve-un-escenario-positivo-en-los-mercados-lacteos-hacia-2021\/\"]}]},{\"@type\":\"ImageObject\",\"inLanguage\":\"es\",\"@id\":\"https:\/\/www.mundoagropecuario.cl\/new\/rabobank-preve-un-escenario-positivo-en-los-mercados-lacteos-hacia-2021\/#primaryimage\",\"url\":\"https:\/\/www.mundoagropecuario.cl\/new\/wp-content\/uploads\/2019\/01\/tt-lechera-los-muermos.jpg\",\"contentUrl\":\"https:\/\/www.mundoagropecuario.cl\/new\/wp-content\/uploads\/2019\/01\/tt-lechera-los-muermos.jpg\",\"width\":558,\"height\":400},{\"@type\":\"BreadcrumbList\",\"@id\":\"https:\/\/www.mundoagropecuario.cl\/new\/rabobank-preve-un-escenario-positivo-en-los-mercados-lacteos-hacia-2021\/#breadcrumb\",\"itemListElement\":[{\"@type\":\"ListItem\",\"position\":1,\"name\":\"Portada\",\"item\":\"https:\/\/www.mundoagropecuario.cl\/new\/\"},{\"@type\":\"ListItem\",\"position\":2,\"name\":\"Rabobank prev\u00e9 un escenario positivo en los mercados l\u00e1cteos hacia 2021\"}]},{\"@type\":\"WebSite\",\"@id\":\"https:\/\/www.mundoagropecuario.cl\/new\/#website\",\"url\":\"https:\/\/www.mundoagropecuario.cl\/new\/\",\"name\":\"Mundoagropecuario\",\"description\":\"Mundo Agropecuario\",\"publisher\":{\"@id\":\"https:\/\/www.mundoagropecuario.cl\/new\/#organization\"},\"potentialAction\":[{\"@type\":\"SearchAction\",\"target\":{\"@type\":\"EntryPoint\",\"urlTemplate\":\"https:\/\/www.mundoagropecuario.cl\/new\/?s={search_term_string}\"},\"query-input\":{\"@type\":\"PropertyValueSpecification\",\"valueRequired\":true,\"valueName\":\"search_term_string\"}}],\"inLanguage\":\"es\"},{\"@type\":\"Organization\",\"@id\":\"https:\/\/www.mundoagropecuario.cl\/new\/#organization\",\"name\":\"Revista de Agricultura\",\"url\":\"https:\/\/www.mundoagropecuario.cl\/new\/\",\"logo\":{\"@type\":\"ImageObject\",\"inLanguage\":\"es\",\"@id\":\"https:\/\/www.mundoagropecuario.cl\/new\/#\/schema\/logo\/image\/\",\"url\":\"https:\/\/www.mundoagropecuario.cl\/new\/wp-content\/uploads\/2020\/11\/PORTAL-1-1.png\",\"contentUrl\":\"https:\/\/www.mundoagropecuario.cl\/new\/wp-content\/uploads\/2020\/11\/PORTAL-1-1.png\",\"width\":1026,\"height\":100,\"caption\":\"Revista de Agricultura\"},\"image\":{\"@id\":\"https:\/\/www.mundoagropecuario.cl\/new\/#\/schema\/logo\/image\/\"},\"sameAs\":[\"https:\/\/www.facebook.com\/mundo.agropecuario.3\",\"https:\/\/x.com\/MundoAgropecuar\",\"https:\/\/www.linkedin.com\/in\/mundo-agropecuario-934009201\/\"]},{\"@type\":\"Person\",\"@id\":\"https:\/\/www.mundoagropecuario.cl\/new\/#\/schema\/person\/4e9f74a82a7dac260eb1c44b7eebeb18\",\"name\":\"mundo\",\"url\":\"https:\/\/www.mundoagropecuario.cl\/new\/author\/mundo\/\"}]}<\/script>\n<!-- \/ Yoast SEO plugin. -->","yoast_head_json":{"title":"Rabobank prev\u00e9 un escenario positivo en los mercados l\u00e1cteos hacia 2021 - Mundoagropecuario","description":"Rabobank prev\u00e9 un escenario positivo en los mercados l\u00e1cteos hacia 2021, el avance de las vacunas contra el Covid-19","robots":{"index":"index","follow":"follow","max-snippet":"max-snippet:-1","max-image-preview":"max-image-preview:large","max-video-preview":"max-video-preview:-1"},"canonical":"https:\/\/www.mundoagropecuario.cl\/new\/rabobank-preve-un-escenario-positivo-en-los-mercados-lacteos-hacia-2021\/","og_locale":"es_ES","og_type":"article","og_title":"Rabobank prev\u00e9 un escenario positivo en los mercados l\u00e1cteos hacia 2021 - Mundoagropecuario","og_description":"Rabobank prev\u00e9 un escenario positivo en los mercados l\u00e1cteos hacia 2021, el avance de las vacunas contra el Covid-19","og_url":"https:\/\/www.mundoagropecuario.cl\/new\/rabobank-preve-un-escenario-positivo-en-los-mercados-lacteos-hacia-2021\/","og_site_name":"Mundoagropecuario","article_publisher":"https:\/\/www.facebook.com\/mundo.agropecuario.3","article_published_time":"2020-12-15T14:47:18+00:00","article_modified_time":"2020-12-18T13:49:23+00:00","og_image":[{"width":698,"height":500,"url":"https:\/\/www.mundoagropecuario.cl\/new\/wp-content\/uploads\/2019\/01\/tt-lechera-los-muermos.jpg","type":"image\/jpeg"}],"author":"mundo","twitter_card":"summary_large_image","twitter_creator":"@MundoAgropecuar","twitter_site":"@MundoAgropecuar","twitter_misc":{"Escrito por":"mundo","Tiempo de lectura":"2 minutos"},"schema":{"@context":"https:\/\/schema.org","@graph":[{"@type":"Article","@id":"https:\/\/www.mundoagropecuario.cl\/new\/rabobank-preve-un-escenario-positivo-en-los-mercados-lacteos-hacia-2021\/#article","isPartOf":{"@id":"https:\/\/www.mundoagropecuario.cl\/new\/rabobank-preve-un-escenario-positivo-en-los-mercados-lacteos-hacia-2021\/"},"author":{"name":"mundo","@id":"https:\/\/www.mundoagropecuario.cl\/new\/#\/schema\/person\/4e9f74a82a7dac260eb1c44b7eebeb18"},"headline":"Rabobank prev\u00e9 un escenario positivo en los mercados l\u00e1cteos hacia 2021","datePublished":"2020-12-15T14:47:18+00:00","dateModified":"2020-12-18T13:49:23+00:00","mainEntityOfPage":{"@id":"https:\/\/www.mundoagropecuario.cl\/new\/rabobank-preve-un-escenario-positivo-en-los-mercados-lacteos-hacia-2021\/"},"wordCount":391,"publisher":{"@id":"https:\/\/www.mundoagropecuario.cl\/new\/#organization"},"image":{"@id":"https:\/\/www.mundoagropecuario.cl\/new\/rabobank-preve-un-escenario-positivo-en-los-mercados-lacteos-hacia-2021\/#primaryimage"},"thumbnailUrl":"https:\/\/www.mundoagropecuario.cl\/new\/wp-content\/uploads\/2019\/01\/tt-lechera-los-muermos.jpg","keywords":["Agro","Lacteo","l\u00e1cteos hacia 2021","Leche","Mundo Agropecuario","Rabobank"],"articleSection":["L\u00e1cteos"],"inLanguage":"es"},{"@type":"WebPage","@id":"https:\/\/www.mundoagropecuario.cl\/new\/rabobank-preve-un-escenario-positivo-en-los-mercados-lacteos-hacia-2021\/","url":"https:\/\/www.mundoagropecuario.cl\/new\/rabobank-preve-un-escenario-positivo-en-los-mercados-lacteos-hacia-2021\/","name":"Rabobank prev\u00e9 un escenario positivo en los mercados l\u00e1cteos hacia 2021 - Mundoagropecuario","isPartOf":{"@id":"https:\/\/www.mundoagropecuario.cl\/new\/#website"},"primaryImageOfPage":{"@id":"https:\/\/www.mundoagropecuario.cl\/new\/rabobank-preve-un-escenario-positivo-en-los-mercados-lacteos-hacia-2021\/#primaryimage"},"image":{"@id":"https:\/\/www.mundoagropecuario.cl\/new\/rabobank-preve-un-escenario-positivo-en-los-mercados-lacteos-hacia-2021\/#primaryimage"},"thumbnailUrl":"https:\/\/www.mundoagropecuario.cl\/new\/wp-content\/uploads\/2019\/01\/tt-lechera-los-muermos.jpg","datePublished":"2020-12-15T14:47:18+00:00","dateModified":"2020-12-18T13:49:23+00:00","description":"Rabobank prev\u00e9 un escenario positivo en los mercados l\u00e1cteos hacia 2021, el avance de las vacunas contra el Covid-19","breadcrumb":{"@id":"https:\/\/www.mundoagropecuario.cl\/new\/rabobank-preve-un-escenario-positivo-en-los-mercados-lacteos-hacia-2021\/#breadcrumb"},"inLanguage":"es","potentialAction":[{"@type":"ReadAction","target":["https:\/\/www.mundoagropecuario.cl\/new\/rabobank-preve-un-escenario-positivo-en-los-mercados-lacteos-hacia-2021\/"]}]},{"@type":"ImageObject","inLanguage":"es","@id":"https:\/\/www.mundoagropecuario.cl\/new\/rabobank-preve-un-escenario-positivo-en-los-mercados-lacteos-hacia-2021\/#primaryimage","url":"https:\/\/www.mundoagropecuario.cl\/new\/wp-content\/uploads\/2019\/01\/tt-lechera-los-muermos.jpg","contentUrl":"https:\/\/www.mundoagropecuario.cl\/new\/wp-content\/uploads\/2019\/01\/tt-lechera-los-muermos.jpg","width":558,"height":400},{"@type":"BreadcrumbList","@id":"https:\/\/www.mundoagropecuario.cl\/new\/rabobank-preve-un-escenario-positivo-en-los-mercados-lacteos-hacia-2021\/#breadcrumb","itemListElement":[{"@type":"ListItem","position":1,"name":"Portada","item":"https:\/\/www.mundoagropecuario.cl\/new\/"},{"@type":"ListItem","position":2,"name":"Rabobank prev\u00e9 un escenario positivo en los mercados l\u00e1cteos hacia 2021"}]},{"@type":"WebSite","@id":"https:\/\/www.mundoagropecuario.cl\/new\/#website","url":"https:\/\/www.mundoagropecuario.cl\/new\/","name":"Mundoagropecuario","description":"Mundo Agropecuario","publisher":{"@id":"https:\/\/www.mundoagropecuario.cl\/new\/#organization"},"potentialAction":[{"@type":"SearchAction","target":{"@type":"EntryPoint","urlTemplate":"https:\/\/www.mundoagropecuario.cl\/new\/?s={search_term_string}"},"query-input":{"@type":"PropertyValueSpecification","valueRequired":true,"valueName":"search_term_string"}}],"inLanguage":"es"},{"@type":"Organization","@id":"https:\/\/www.mundoagropecuario.cl\/new\/#organization","name":"Revista de Agricultura","url":"https:\/\/www.mundoagropecuario.cl\/new\/","logo":{"@type":"ImageObject","inLanguage":"es","@id":"https:\/\/www.mundoagropecuario.cl\/new\/#\/schema\/logo\/image\/","url":"https:\/\/www.mundoagropecuario.cl\/new\/wp-content\/uploads\/2020\/11\/PORTAL-1-1.png","contentUrl":"https:\/\/www.mundoagropecuario.cl\/new\/wp-content\/uploads\/2020\/11\/PORTAL-1-1.png","width":1026,"height":100,"caption":"Revista de Agricultura"},"image":{"@id":"https:\/\/www.mundoagropecuario.cl\/new\/#\/schema\/logo\/image\/"},"sameAs":["https:\/\/www.facebook.com\/mundo.agropecuario.3","https:\/\/x.com\/MundoAgropecuar","https:\/\/www.linkedin.com\/in\/mundo-agropecuario-934009201\/"]},{"@type":"Person","@id":"https:\/\/www.mundoagropecuario.cl\/new\/#\/schema\/person\/4e9f74a82a7dac260eb1c44b7eebeb18","name":"mundo","url":"https:\/\/www.mundoagropecuario.cl\/new\/author\/mundo\/"}]}},"_links":{"self":[{"href":"https:\/\/www.mundoagropecuario.cl\/new\/wp-json\/wp\/v2\/posts\/17325","targetHints":{"allow":["GET"]}}],"collection":[{"href":"https:\/\/www.mundoagropecuario.cl\/new\/wp-json\/wp\/v2\/posts"}],"about":[{"href":"https:\/\/www.mundoagropecuario.cl\/new\/wp-json\/wp\/v2\/types\/post"}],"author":[{"embeddable":true,"href":"https:\/\/www.mundoagropecuario.cl\/new\/wp-json\/wp\/v2\/users\/2"}],"replies":[{"embeddable":true,"href":"https:\/\/www.mundoagropecuario.cl\/new\/wp-json\/wp\/v2\/comments?post=17325"}],"version-history":[{"count":1,"href":"https:\/\/www.mundoagropecuario.cl\/new\/wp-json\/wp\/v2\/posts\/17325\/revisions"}],"predecessor-version":[{"id":17327,"href":"https:\/\/www.mundoagropecuario.cl\/new\/wp-json\/wp\/v2\/posts\/17325\/revisions\/17327"}],"wp:featuredmedia":[{"embeddable":true,"href":"https:\/\/www.mundoagropecuario.cl\/new\/wp-json\/wp\/v2\/media\/10562"}],"wp:attachment":[{"href":"https:\/\/www.mundoagropecuario.cl\/new\/wp-json\/wp\/v2\/media?parent=17325"}],"wp:term":[{"taxonomy":"category","embeddable":true,"href":"https:\/\/www.mundoagropecuario.cl\/new\/wp-json\/wp\/v2\/categories?post=17325"},{"taxonomy":"post_tag","embeddable":true,"href":"https:\/\/www.mundoagropecuario.cl\/new\/wp-json\/wp\/v2\/tags?post=17325"}],"curies":[{"name":"wp","href":"https:\/\/api.w.org\/{rel}","templated":true}]}}