{"id":17295,"date":"2020-12-14T11:03:57","date_gmt":"2020-12-14T14:03:57","guid":{"rendered":"https:\/\/www.mundoagropecuario.cl\/new\/?p=17295"},"modified":"2020-12-15T11:59:54","modified_gmt":"2020-12-15T14:59:54","slug":"academico-de-la-uach-dicto-conferencia-internacional-sobre-manejo-eficiente-de-cultivos-extensivos","status":"publish","type":"post","link":"https:\/\/www.mundoagropecuario.cl\/new\/academico-de-la-uach-dicto-conferencia-internacional-sobre-manejo-eficiente-de-cultivos-extensivos\/","title":{"rendered":"Acad\u00e9mico de la UACh dict\u00f3 conferencia internacional sobre manejo eficiente de cultivos extensivos"},"content":{"rendered":"<h2><em><span style=\"color: #003300;\">El Dr. Daniel Calderini R., fue invitado por CONACYT de El Salvador a impartir una conferencia sobre el tema.<\/span><\/em><\/h2>\n<p>Casi un centenar de investigadores (as), productores y estudiantes de distintos pa\u00edses, se reunieron de manera online, para escuchar la charla magistral \u201cManejo eficiente de las variables radiaci\u00f3n, agua y nutrientes, para aumentar el rendimiento en cultivos extensivos. Los cereales\u201d, impartida este mi\u00e9rcoles 9 de diciembre por el Dr. Daniel Calderini R., acad\u00e9mico titular del Instituto de Producci\u00f3n y Sanidad Vegetal de la Facultad de Ciencias Agrarias y Alimentarias de la Universidad Austral de Chile.<\/p>\n<p><a href=\"https:\/\/www.mundoagropecuario.cl\/new\/wp-content\/uploads\/2020\/12\/trigochile.jpg\"><img loading=\"lazy\" decoding=\"async\" class=\"size-full wp-image-17298 alignright\" src=\"https:\/\/www.mundoagropecuario.cl\/new\/wp-content\/uploads\/2020\/12\/trigochile.jpg\" alt=\"\" width=\"425\" height=\"319\" \/><\/a>La actividad fue organizada por Consejo Nacional de Ciencia y Tecnolog\u00eda (CONACYT) de El Salvador, con el apoyo del Programa Iberoamericano de Ciencia y tecnolog\u00eda para el Desarrollo (CYTED) y la Facultad de Ciencias Agrarias y Alimentarias de la UACh. En la oportunidad, los organizadores agradecieron al expositor por la transferencia de conocimiento, efectuada a trav\u00e9s de esta charla, valorarondo los impactos de las investigaciones desarrollada por el Dr. Calderini en el \u00e1rea agroalimentaria.<\/p>\n<p>Durante su exposici\u00f3n, el Profesor Calderini, abord\u00f3 aspectos sobre determinantes del rendimiento en cereales; la captura de radiaci\u00f3n y su importancia para el rendimiento; el agua disponible, captura y traspiraci\u00f3n de los cultivos de cereales y la disponibilidad de nitr\u00f3geno y su uso eficiente.<\/p>\n<p>Explic\u00f3 que el rendimiento de los cultivos puede analizarse a trav\u00e9s de componentes num\u00e9ricos como son el n\u00famero de los granos y el peso de \u00e9stos. Asimismo present\u00f3 un esquema de desarrollo y crecimiento del ma\u00edz, haciendo hincapi\u00e9 en conceptos como la evapotranspiraci\u00f3n y eficiencia del uso del agua.<\/p>\n<p><a href=\"https:\/\/www.mundoagropecuario.cl\/new\/wp-content\/uploads\/2020\/12\/Daniel-Calderini-Instituto-de-Produccio\u0301n-y-Sanidad-Vegetal-scaled.jpg\"><img loading=\"lazy\" decoding=\"async\" class=\"size-medium wp-image-17297 alignleft\" src=\"https:\/\/www.mundoagropecuario.cl\/new\/wp-content\/uploads\/2020\/12\/Daniel-Calderini-Instituto-de-Produccio\u0301n-y-Sanidad-Vegetal-327x490.jpg\" alt=\"\" width=\"327\" height=\"490\" srcset=\"https:\/\/www.mundoagropecuario.cl\/new\/wp-content\/uploads\/2020\/12\/Daniel-Calderini-Instituto-de-Produccio\u0301n-y-Sanidad-Vegetal-327x490.jpg 327w, https:\/\/www.mundoagropecuario.cl\/new\/wp-content\/uploads\/2020\/12\/Daniel-Calderini-Instituto-de-Produccio\u0301n-y-Sanidad-Vegetal-684x1024.jpg 684w, https:\/\/www.mundoagropecuario.cl\/new\/wp-content\/uploads\/2020\/12\/Daniel-Calderini-Instituto-de-Produccio\u0301n-y-Sanidad-Vegetal-768x1151.jpg 768w, https:\/\/www.mundoagropecuario.cl\/new\/wp-content\/uploads\/2020\/12\/Daniel-Calderini-Instituto-de-Produccio\u0301n-y-Sanidad-Vegetal-scaled.jpg 267w\" sizes=\"auto, (max-width: 327px) 100vw, 327px\" \/><\/a>El acad\u00e9mico, que tambi\u00e9n es Director de la Red Internacional de Intensificaci\u00f3n de la Producci\u00f3n con Manejo Sostenible de los Cultivos Extensivos del Programa, CYTED, present\u00f3 estudios efectuados en colaboraci\u00f3n con investigadores de universidades europeas referente a rendimiento y variabilidades en climas mediterr\u00e1neos.\u00a0 Del mismo modo, se refiri\u00f3 a estrategias de manejo de cultivos, tomando en cuenta el desarrollo foliar y el \u00edndice de \u00e1rea foliar para el caso del ma\u00edz; modelos de fertilizaci\u00f3n nitrogenado de ma\u00edz en base a simulaci\u00f3n de cultivos, entre otros temas.<\/p>\n<p>Entre las conclusiones de su presentaci\u00f3n se\u00f1al\u00f3 que el periodo cr\u00edtico para la determinaci\u00f3n del n\u00famero de granos es la base de las decisiones del manejo de cultivo; la captura de radiaci\u00f3n solar por parte de los cultivos y lograr el \u00edndice de \u00e1rea foliar (AIF) cr\u00edtico al comienzo del periodo del cultivo son clave del y rendimiento potencial de los cultivos.<\/p>\n<p>Subray\u00f3 que el manejo del agua y del nitr\u00f3geno deben tener por objetivo maximizar el agua transpirada por el cultivo y minimizar el agua evaporada al suelo y que los modelos de simulaci\u00f3n son una herramienta \u00fatil para evaluar estrategias de fertilizaci\u00f3n, entre otras decisiones de manejo agron\u00f3mico.<\/p>\n<p>Una vez finalizada la conferencia se efectuaron preguntas y comentarios referentes al \u00e1rea de conocimiento expuesta en este evento.<\/p>\n<blockquote><p>Parte de la informaci\u00f3n presentada por el Dr. Daniel Calderini est\u00e1 desarrollada en el libro de reciente publicaci\u00f3n Crop Physiology: Case Histories for Major Crops <a href=\"http:\/\/(https:\/\/www.elsevier.com\/books\/crop-physiology-case-histories-for-major-crops\/sadras\/978-0-12-819194-1)\">(https:\/\/www.elsevier.com\/books\/crop-physiology-case-histories-for-major-crops\/sadras\/978-0-12-819194-1)<\/a><\/p><\/blockquote>\n","protected":false},"excerpt":{"rendered":"<p>El Dr. Daniel Calderini R., fue invitado por CONACYT de El Salvador a impartir una conferencia sobre el tema. Casi un centenar de investigadores (as), productores y estudiantes de distintos&#8230;<\/p>\n","protected":false},"author":2,"featured_media":17296,"comment_status":"closed","ping_status":"closed","sticky":false,"template":"","format":"standard","meta":{"footnotes":""},"categories":[1945],"tags":[5086,2696,5089,5087,5088,5091,5090],"class_list":["post-17295","post","type-post","status-publish","format-standard","has-post-thumbnail","hentry","category-agricultura","tag-academico-de-la-uach","tag-agua","tag-conacyt","tag-el-dr-daniel-calderini-r","tag-facultad-de-ciencias-agrarias-y-alimentarias-de-la-universidad-austral-de-chile","tag-manejo-eficiente-de-cultivos-extensivos","tag-profesor-calderini"],"yoast_head":"<!-- This site is optimized with the Yoast SEO plugin v26.6 - https:\/\/yoast.com\/wordpress\/plugins\/seo\/ -->\n<title>Acad\u00e9mico de la UACh dict\u00f3 conferencia internacional sobre manejo eficiente de cultivos extensivos - Mundoagropecuario<\/title>\n<meta name=\"description\" content=\"El Dr. Daniel Calderini R., fue invitado por CONACYT de El Salvador a impartir una conferencia sobre el tema\" \/>\n<meta name=\"robots\" content=\"index, follow, max-snippet:-1, max-image-preview:large, max-video-preview:-1\" \/>\n<link rel=\"canonical\" href=\"https:\/\/www.mundoagropecuario.cl\/new\/academico-de-la-uach-dicto-conferencia-internacional-sobre-manejo-eficiente-de-cultivos-extensivos\/\" \/>\n<meta property=\"og:locale\" content=\"es_ES\" \/>\n<meta property=\"og:type\" content=\"article\" \/>\n<meta property=\"og:title\" content=\"Acad\u00e9mico de la UACh dict\u00f3 conferencia internacional sobre manejo eficiente de cultivos extensivos - Mundoagropecuario\" \/>\n<meta property=\"og:description\" content=\"El Dr. Daniel Calderini R., fue invitado por CONACYT de El Salvador a impartir una conferencia sobre el tema\" \/>\n<meta property=\"og:url\" content=\"https:\/\/www.mundoagropecuario.cl\/new\/academico-de-la-uach-dicto-conferencia-internacional-sobre-manejo-eficiente-de-cultivos-extensivos\/\" \/>\n<meta property=\"og:site_name\" content=\"Mundoagropecuario\" \/>\n<meta property=\"article:publisher\" content=\"https:\/\/www.facebook.com\/mundo.agropecuario.3\" \/>\n<meta property=\"article:published_time\" content=\"2020-12-14T14:03:57+00:00\" \/>\n<meta property=\"article:modified_time\" content=\"2020-12-15T14:59:54+00:00\" \/>\n<meta property=\"og:image\" content=\"https:\/\/www.mundoagropecuario.cl\/new\/wp-content\/uploads\/2020\/12\/dc-scaled.jpg\" \/>\n\t<meta property=\"og:image:width\" content=\"1024\" \/>\n\t<meta property=\"og:image:height\" content=\"599\" \/>\n\t<meta property=\"og:image:type\" content=\"image\/jpeg\" \/>\n<meta name=\"author\" content=\"mundo\" \/>\n<meta name=\"twitter:card\" content=\"summary_large_image\" \/>\n<meta name=\"twitter:creator\" content=\"@MundoAgropecuar\" \/>\n<meta name=\"twitter:site\" content=\"@MundoAgropecuar\" \/>\n<meta name=\"twitter:label1\" content=\"Escrito por\" \/>\n\t<meta name=\"twitter:data1\" content=\"mundo\" \/>\n\t<meta name=\"twitter:label2\" content=\"Tiempo de lectura\" \/>\n\t<meta name=\"twitter:data2\" content=\"3 minutos\" \/>\n<script type=\"application\/ld+json\" class=\"yoast-schema-graph\">{\"@context\":\"https:\/\/schema.org\",\"@graph\":[{\"@type\":\"Article\",\"@id\":\"https:\/\/www.mundoagropecuario.cl\/new\/academico-de-la-uach-dicto-conferencia-internacional-sobre-manejo-eficiente-de-cultivos-extensivos\/#article\",\"isPartOf\":{\"@id\":\"https:\/\/www.mundoagropecuario.cl\/new\/academico-de-la-uach-dicto-conferencia-internacional-sobre-manejo-eficiente-de-cultivos-extensivos\/\"},\"author\":{\"name\":\"mundo\",\"@id\":\"https:\/\/www.mundoagropecuario.cl\/new\/#\/schema\/person\/4e9f74a82a7dac260eb1c44b7eebeb18\"},\"headline\":\"Acad\u00e9mico de la UACh dict\u00f3 conferencia internacional sobre manejo eficiente de cultivos extensivos\",\"datePublished\":\"2020-12-14T14:03:57+00:00\",\"dateModified\":\"2020-12-15T14:59:54+00:00\",\"mainEntityOfPage\":{\"@id\":\"https:\/\/www.mundoagropecuario.cl\/new\/academico-de-la-uach-dicto-conferencia-internacional-sobre-manejo-eficiente-de-cultivos-extensivos\/\"},\"wordCount\":565,\"publisher\":{\"@id\":\"https:\/\/www.mundoagropecuario.cl\/new\/#organization\"},\"image\":{\"@id\":\"https:\/\/www.mundoagropecuario.cl\/new\/academico-de-la-uach-dicto-conferencia-internacional-sobre-manejo-eficiente-de-cultivos-extensivos\/#primaryimage\"},\"thumbnailUrl\":\"https:\/\/www.mundoagropecuario.cl\/new\/wp-content\/uploads\/2020\/12\/dc-scaled.jpg\",\"keywords\":[\"Acad\u00e9mico de la UACh\",\"agua\",\"CONACYT\",\"El Dr. Daniel Calderini R\",\"Facultad de Ciencias Agrarias y Alimentarias de la Universidad Austral de Chile\",\"manejo eficiente de cultivos extensivos\",\"Profesor Calderini\"],\"articleSection\":[\"Agricultura\"],\"inLanguage\":\"es\"},{\"@type\":\"WebPage\",\"@id\":\"https:\/\/www.mundoagropecuario.cl\/new\/academico-de-la-uach-dicto-conferencia-internacional-sobre-manejo-eficiente-de-cultivos-extensivos\/\",\"url\":\"https:\/\/www.mundoagropecuario.cl\/new\/academico-de-la-uach-dicto-conferencia-internacional-sobre-manejo-eficiente-de-cultivos-extensivos\/\",\"name\":\"Acad\u00e9mico de la UACh dict\u00f3 conferencia internacional sobre manejo eficiente de cultivos extensivos - Mundoagropecuario\",\"isPartOf\":{\"@id\":\"https:\/\/www.mundoagropecuario.cl\/new\/#website\"},\"primaryImageOfPage\":{\"@id\":\"https:\/\/www.mundoagropecuario.cl\/new\/academico-de-la-uach-dicto-conferencia-internacional-sobre-manejo-eficiente-de-cultivos-extensivos\/#primaryimage\"},\"image\":{\"@id\":\"https:\/\/www.mundoagropecuario.cl\/new\/academico-de-la-uach-dicto-conferencia-internacional-sobre-manejo-eficiente-de-cultivos-extensivos\/#primaryimage\"},\"thumbnailUrl\":\"https:\/\/www.mundoagropecuario.cl\/new\/wp-content\/uploads\/2020\/12\/dc-scaled.jpg\",\"datePublished\":\"2020-12-14T14:03:57+00:00\",\"dateModified\":\"2020-12-15T14:59:54+00:00\",\"description\":\"El Dr. Daniel Calderini R., fue invitado por CONACYT de El Salvador a impartir una conferencia sobre el tema\",\"breadcrumb\":{\"@id\":\"https:\/\/www.mundoagropecuario.cl\/new\/academico-de-la-uach-dicto-conferencia-internacional-sobre-manejo-eficiente-de-cultivos-extensivos\/#breadcrumb\"},\"inLanguage\":\"es\",\"potentialAction\":[{\"@type\":\"ReadAction\",\"target\":[\"https:\/\/www.mundoagropecuario.cl\/new\/academico-de-la-uach-dicto-conferencia-internacional-sobre-manejo-eficiente-de-cultivos-extensivos\/\"]}]},{\"@type\":\"ImageObject\",\"inLanguage\":\"es\",\"@id\":\"https:\/\/www.mundoagropecuario.cl\/new\/academico-de-la-uach-dicto-conferencia-internacional-sobre-manejo-eficiente-de-cultivos-extensivos\/#primaryimage\",\"url\":\"https:\/\/www.mundoagropecuario.cl\/new\/wp-content\/uploads\/2020\/12\/dc-scaled.jpg\",\"contentUrl\":\"https:\/\/www.mundoagropecuario.cl\/new\/wp-content\/uploads\/2020\/12\/dc-scaled.jpg\",\"width\":684,\"height\":400},{\"@type\":\"BreadcrumbList\",\"@id\":\"https:\/\/www.mundoagropecuario.cl\/new\/academico-de-la-uach-dicto-conferencia-internacional-sobre-manejo-eficiente-de-cultivos-extensivos\/#breadcrumb\",\"itemListElement\":[{\"@type\":\"ListItem\",\"position\":1,\"name\":\"Portada\",\"item\":\"https:\/\/www.mundoagropecuario.cl\/new\/\"},{\"@type\":\"ListItem\",\"position\":2,\"name\":\"Acad\u00e9mico de la UACh dict\u00f3 conferencia internacional sobre manejo eficiente de cultivos extensivos\"}]},{\"@type\":\"WebSite\",\"@id\":\"https:\/\/www.mundoagropecuario.cl\/new\/#website\",\"url\":\"https:\/\/www.mundoagropecuario.cl\/new\/\",\"name\":\"Mundoagropecuario\",\"description\":\"Mundo Agropecuario\",\"publisher\":{\"@id\":\"https:\/\/www.mundoagropecuario.cl\/new\/#organization\"},\"potentialAction\":[{\"@type\":\"SearchAction\",\"target\":{\"@type\":\"EntryPoint\",\"urlTemplate\":\"https:\/\/www.mundoagropecuario.cl\/new\/?s={search_term_string}\"},\"query-input\":{\"@type\":\"PropertyValueSpecification\",\"valueRequired\":true,\"valueName\":\"search_term_string\"}}],\"inLanguage\":\"es\"},{\"@type\":\"Organization\",\"@id\":\"https:\/\/www.mundoagropecuario.cl\/new\/#organization\",\"name\":\"Revista de Agricultura\",\"url\":\"https:\/\/www.mundoagropecuario.cl\/new\/\",\"logo\":{\"@type\":\"ImageObject\",\"inLanguage\":\"es\",\"@id\":\"https:\/\/www.mundoagropecuario.cl\/new\/#\/schema\/logo\/image\/\",\"url\":\"https:\/\/www.mundoagropecuario.cl\/new\/wp-content\/uploads\/2020\/11\/PORTAL-1-1.png\",\"contentUrl\":\"https:\/\/www.mundoagropecuario.cl\/new\/wp-content\/uploads\/2020\/11\/PORTAL-1-1.png\",\"width\":1026,\"height\":100,\"caption\":\"Revista de Agricultura\"},\"image\":{\"@id\":\"https:\/\/www.mundoagropecuario.cl\/new\/#\/schema\/logo\/image\/\"},\"sameAs\":[\"https:\/\/www.facebook.com\/mundo.agropecuario.3\",\"https:\/\/x.com\/MundoAgropecuar\",\"https:\/\/www.linkedin.com\/in\/mundo-agropecuario-934009201\/\"]},{\"@type\":\"Person\",\"@id\":\"https:\/\/www.mundoagropecuario.cl\/new\/#\/schema\/person\/4e9f74a82a7dac260eb1c44b7eebeb18\",\"name\":\"mundo\",\"url\":\"https:\/\/www.mundoagropecuario.cl\/new\/author\/mundo\/\"}]}<\/script>\n<!-- \/ Yoast SEO plugin. -->","yoast_head_json":{"title":"Acad\u00e9mico de la UACh dict\u00f3 conferencia internacional sobre manejo eficiente de cultivos extensivos - Mundoagropecuario","description":"El Dr. Daniel Calderini R., fue invitado por CONACYT de El Salvador a impartir una conferencia sobre el tema","robots":{"index":"index","follow":"follow","max-snippet":"max-snippet:-1","max-image-preview":"max-image-preview:large","max-video-preview":"max-video-preview:-1"},"canonical":"https:\/\/www.mundoagropecuario.cl\/new\/academico-de-la-uach-dicto-conferencia-internacional-sobre-manejo-eficiente-de-cultivos-extensivos\/","og_locale":"es_ES","og_type":"article","og_title":"Acad\u00e9mico de la UACh dict\u00f3 conferencia internacional sobre manejo eficiente de cultivos extensivos - Mundoagropecuario","og_description":"El Dr. Daniel Calderini R., fue invitado por CONACYT de El Salvador a impartir una conferencia sobre el tema","og_url":"https:\/\/www.mundoagropecuario.cl\/new\/academico-de-la-uach-dicto-conferencia-internacional-sobre-manejo-eficiente-de-cultivos-extensivos\/","og_site_name":"Mundoagropecuario","article_publisher":"https:\/\/www.facebook.com\/mundo.agropecuario.3","article_published_time":"2020-12-14T14:03:57+00:00","article_modified_time":"2020-12-15T14:59:54+00:00","og_image":[{"width":1024,"height":599,"url":"https:\/\/www.mundoagropecuario.cl\/new\/wp-content\/uploads\/2020\/12\/dc-scaled.jpg","type":"image\/jpeg"}],"author":"mundo","twitter_card":"summary_large_image","twitter_creator":"@MundoAgropecuar","twitter_site":"@MundoAgropecuar","twitter_misc":{"Escrito por":"mundo","Tiempo de lectura":"3 minutos"},"schema":{"@context":"https:\/\/schema.org","@graph":[{"@type":"Article","@id":"https:\/\/www.mundoagropecuario.cl\/new\/academico-de-la-uach-dicto-conferencia-internacional-sobre-manejo-eficiente-de-cultivos-extensivos\/#article","isPartOf":{"@id":"https:\/\/www.mundoagropecuario.cl\/new\/academico-de-la-uach-dicto-conferencia-internacional-sobre-manejo-eficiente-de-cultivos-extensivos\/"},"author":{"name":"mundo","@id":"https:\/\/www.mundoagropecuario.cl\/new\/#\/schema\/person\/4e9f74a82a7dac260eb1c44b7eebeb18"},"headline":"Acad\u00e9mico de la UACh dict\u00f3 conferencia internacional sobre manejo eficiente de cultivos extensivos","datePublished":"2020-12-14T14:03:57+00:00","dateModified":"2020-12-15T14:59:54+00:00","mainEntityOfPage":{"@id":"https:\/\/www.mundoagropecuario.cl\/new\/academico-de-la-uach-dicto-conferencia-internacional-sobre-manejo-eficiente-de-cultivos-extensivos\/"},"wordCount":565,"publisher":{"@id":"https:\/\/www.mundoagropecuario.cl\/new\/#organization"},"image":{"@id":"https:\/\/www.mundoagropecuario.cl\/new\/academico-de-la-uach-dicto-conferencia-internacional-sobre-manejo-eficiente-de-cultivos-extensivos\/#primaryimage"},"thumbnailUrl":"https:\/\/www.mundoagropecuario.cl\/new\/wp-content\/uploads\/2020\/12\/dc-scaled.jpg","keywords":["Acad\u00e9mico de la UACh","agua","CONACYT","El Dr. Daniel Calderini R","Facultad de Ciencias Agrarias y Alimentarias de la Universidad Austral de Chile","manejo eficiente de cultivos extensivos","Profesor Calderini"],"articleSection":["Agricultura"],"inLanguage":"es"},{"@type":"WebPage","@id":"https:\/\/www.mundoagropecuario.cl\/new\/academico-de-la-uach-dicto-conferencia-internacional-sobre-manejo-eficiente-de-cultivos-extensivos\/","url":"https:\/\/www.mundoagropecuario.cl\/new\/academico-de-la-uach-dicto-conferencia-internacional-sobre-manejo-eficiente-de-cultivos-extensivos\/","name":"Acad\u00e9mico de la UACh dict\u00f3 conferencia internacional sobre manejo eficiente de cultivos extensivos - Mundoagropecuario","isPartOf":{"@id":"https:\/\/www.mundoagropecuario.cl\/new\/#website"},"primaryImageOfPage":{"@id":"https:\/\/www.mundoagropecuario.cl\/new\/academico-de-la-uach-dicto-conferencia-internacional-sobre-manejo-eficiente-de-cultivos-extensivos\/#primaryimage"},"image":{"@id":"https:\/\/www.mundoagropecuario.cl\/new\/academico-de-la-uach-dicto-conferencia-internacional-sobre-manejo-eficiente-de-cultivos-extensivos\/#primaryimage"},"thumbnailUrl":"https:\/\/www.mundoagropecuario.cl\/new\/wp-content\/uploads\/2020\/12\/dc-scaled.jpg","datePublished":"2020-12-14T14:03:57+00:00","dateModified":"2020-12-15T14:59:54+00:00","description":"El Dr. Daniel Calderini R., fue invitado por CONACYT de El Salvador a impartir una conferencia sobre el tema","breadcrumb":{"@id":"https:\/\/www.mundoagropecuario.cl\/new\/academico-de-la-uach-dicto-conferencia-internacional-sobre-manejo-eficiente-de-cultivos-extensivos\/#breadcrumb"},"inLanguage":"es","potentialAction":[{"@type":"ReadAction","target":["https:\/\/www.mundoagropecuario.cl\/new\/academico-de-la-uach-dicto-conferencia-internacional-sobre-manejo-eficiente-de-cultivos-extensivos\/"]}]},{"@type":"ImageObject","inLanguage":"es","@id":"https:\/\/www.mundoagropecuario.cl\/new\/academico-de-la-uach-dicto-conferencia-internacional-sobre-manejo-eficiente-de-cultivos-extensivos\/#primaryimage","url":"https:\/\/www.mundoagropecuario.cl\/new\/wp-content\/uploads\/2020\/12\/dc-scaled.jpg","contentUrl":"https:\/\/www.mundoagropecuario.cl\/new\/wp-content\/uploads\/2020\/12\/dc-scaled.jpg","width":684,"height":400},{"@type":"BreadcrumbList","@id":"https:\/\/www.mundoagropecuario.cl\/new\/academico-de-la-uach-dicto-conferencia-internacional-sobre-manejo-eficiente-de-cultivos-extensivos\/#breadcrumb","itemListElement":[{"@type":"ListItem","position":1,"name":"Portada","item":"https:\/\/www.mundoagropecuario.cl\/new\/"},{"@type":"ListItem","position":2,"name":"Acad\u00e9mico de la UACh dict\u00f3 conferencia internacional sobre manejo eficiente de cultivos extensivos"}]},{"@type":"WebSite","@id":"https:\/\/www.mundoagropecuario.cl\/new\/#website","url":"https:\/\/www.mundoagropecuario.cl\/new\/","name":"Mundoagropecuario","description":"Mundo Agropecuario","publisher":{"@id":"https:\/\/www.mundoagropecuario.cl\/new\/#organization"},"potentialAction":[{"@type":"SearchAction","target":{"@type":"EntryPoint","urlTemplate":"https:\/\/www.mundoagropecuario.cl\/new\/?s={search_term_string}"},"query-input":{"@type":"PropertyValueSpecification","valueRequired":true,"valueName":"search_term_string"}}],"inLanguage":"es"},{"@type":"Organization","@id":"https:\/\/www.mundoagropecuario.cl\/new\/#organization","name":"Revista de Agricultura","url":"https:\/\/www.mundoagropecuario.cl\/new\/","logo":{"@type":"ImageObject","inLanguage":"es","@id":"https:\/\/www.mundoagropecuario.cl\/new\/#\/schema\/logo\/image\/","url":"https:\/\/www.mundoagropecuario.cl\/new\/wp-content\/uploads\/2020\/11\/PORTAL-1-1.png","contentUrl":"https:\/\/www.mundoagropecuario.cl\/new\/wp-content\/uploads\/2020\/11\/PORTAL-1-1.png","width":1026,"height":100,"caption":"Revista de Agricultura"},"image":{"@id":"https:\/\/www.mundoagropecuario.cl\/new\/#\/schema\/logo\/image\/"},"sameAs":["https:\/\/www.facebook.com\/mundo.agropecuario.3","https:\/\/x.com\/MundoAgropecuar","https:\/\/www.linkedin.com\/in\/mundo-agropecuario-934009201\/"]},{"@type":"Person","@id":"https:\/\/www.mundoagropecuario.cl\/new\/#\/schema\/person\/4e9f74a82a7dac260eb1c44b7eebeb18","name":"mundo","url":"https:\/\/www.mundoagropecuario.cl\/new\/author\/mundo\/"}]}},"_links":{"self":[{"href":"https:\/\/www.mundoagropecuario.cl\/new\/wp-json\/wp\/v2\/posts\/17295","targetHints":{"allow":["GET"]}}],"collection":[{"href":"https:\/\/www.mundoagropecuario.cl\/new\/wp-json\/wp\/v2\/posts"}],"about":[{"href":"https:\/\/www.mundoagropecuario.cl\/new\/wp-json\/wp\/v2\/types\/post"}],"author":[{"embeddable":true,"href":"https:\/\/www.mundoagropecuario.cl\/new\/wp-json\/wp\/v2\/users\/2"}],"replies":[{"embeddable":true,"href":"https:\/\/www.mundoagropecuario.cl\/new\/wp-json\/wp\/v2\/comments?post=17295"}],"version-history":[{"count":1,"href":"https:\/\/www.mundoagropecuario.cl\/new\/wp-json\/wp\/v2\/posts\/17295\/revisions"}],"predecessor-version":[{"id":17299,"href":"https:\/\/www.mundoagropecuario.cl\/new\/wp-json\/wp\/v2\/posts\/17295\/revisions\/17299"}],"wp:featuredmedia":[{"embeddable":true,"href":"https:\/\/www.mundoagropecuario.cl\/new\/wp-json\/wp\/v2\/media\/17296"}],"wp:attachment":[{"href":"https:\/\/www.mundoagropecuario.cl\/new\/wp-json\/wp\/v2\/media?parent=17295"}],"wp:term":[{"taxonomy":"category","embeddable":true,"href":"https:\/\/www.mundoagropecuario.cl\/new\/wp-json\/wp\/v2\/categories?post=17295"},{"taxonomy":"post_tag","embeddable":true,"href":"https:\/\/www.mundoagropecuario.cl\/new\/wp-json\/wp\/v2\/tags?post=17295"}],"curies":[{"name":"wp","href":"https:\/\/api.w.org\/{rel}","templated":true}]}}