{"id":17117,"date":"2020-12-02T11:14:50","date_gmt":"2020-12-02T14:14:50","guid":{"rendered":"https:\/\/www.mundoagropecuario.cl\/new\/?p=17117"},"modified":"2020-12-03T09:11:12","modified_gmt":"2020-12-03T12:11:12","slug":"uach-adjudico-proyecto-ines-para-desarrollar-innovacion-basado-en-id","status":"publish","type":"post","link":"https:\/\/www.mundoagropecuario.cl\/new\/uach-adjudico-proyecto-ines-para-desarrollar-innovacion-basado-en-id\/","title":{"rendered":"UACh adjudic\u00f3 proyecto InES para desarrollar innovaci\u00f3n basado en I+D"},"content":{"rendered":"<h3><span style=\"color: #008000;\"><em>Los proyectos recibir\u00e1n un financiamiento de hasta $990 millones, por una duraci\u00f3n m\u00e1xima de tres a\u00f1os.<\/em><\/span><\/h3>\n<p>El Ministerio de Ciencia, Tecnolog\u00eda, Conocimiento e Innovaci\u00f3n anunci\u00f3 recientemente a los 12 proyectos ganadores del concurso de Desarrollo de Capacidades Institucionales para la Innovaci\u00f3n basada en Investigaci\u00f3n y Desarrollo en Educaci\u00f3n Superior, InES.<\/p>\n<p><a href=\"https:\/\/www.mundoagropecuario.cl\/new\/wp-content\/uploads\/2020\/12\/UACH-scaled.jpg\"><img loading=\"lazy\" decoding=\"async\" class=\" wp-image-17118 alignright\" src=\"https:\/\/www.mundoagropecuario.cl\/new\/wp-content\/uploads\/2020\/12\/UACH-586x330.jpg\" alt=\"\" width=\"430\" height=\"240\" \/><\/a>Una de esas adjudicaciones fue \u201cFortalecimiento, integraci\u00f3n y proyecci\u00f3n de capacidades institucionales para la Innovaci\u00f3n basada en I+D en la Universidad Austral de Chile\u201d, presentada por el Departamento de Desarrollo e Innovaci\u00f3n de la Vicerrector\u00eda de Investigaci\u00f3n, Desarrollo y Creaci\u00f3n Art\u00edstica (VIDCA) de la Universidad Austral de Chile. Destacar que esta iniciativa se ubic\u00f3 en tercer lugar, entre las cinco adjudicaciones de universidades privadas.<\/p>\n<p>Sobre el anuncio, la subsecretaria de Ciencia, Carolina Torrealba, destac\u00f3 que \u201ceste es el primer a\u00f1o en que concursamos InES desde el Ministerio de Ciencia, donde nos comprometimos a poner como focos la descentralizaci\u00f3n de capacidades y la pertinencia regional o territorial, permitiendo mayor flexibilidad en los planes e indicadores para que cada universidad pudiera presentar propuestas de acuerdo a sus particularidades y contextos. Por ello, estamos felices de anunciar que de los 12 proyectos adjudicados, 9 pertenecen a regiones distintas de la Metropolitana\u201d.<\/p>\n<p>El Vicerrector VIDCA, Dr. Luis Vargas Chacoff, coment\u00f3 que \u201cpara la Universidad Austral de Chile es un gran logro y una gran responsabilidad la adjudicaci\u00f3n de este fondo, el cual nos permitir\u00e1 seguir fortaleciendo las capacidades que ya tenemos instaladas en nuestra Instituci\u00f3n de investigaciones basadas en I+D, las cuales generan un gran impacto en los territorios donde se desarrollan estos proyectos. Junto se esto, se potenciar\u00e1 la sinergia con los proyectos Ingenier\u00eda 2030 y Ciencias 2030 recientemente adjudicado\u201d.<\/p>\n<p>Por su parte el Director de Desarrollo e Innovaci\u00f3n VIDCA, Dr. Germ\u00e1n Rehren indic\u00f3 que \u201crecibimos con gran satisfacci\u00f3n la adjudicaci\u00f3n para nuestra Universidad de la propuesta presentada al Ministerio de Ciencia, Tecnolog\u00eda, Conocimiento e Innovaci\u00f3n. Con esta iniciativa reforzamos nuestro compromiso por continuar aportando desde la UACh al ecosistema de I+D+i+e del pa\u00eds, con \u00e9nfasis en la macrorregi\u00f3n Sur Austral, y por generar innovaci\u00f3n basada en I+D con impacto en el medio socioproductivo y sociedad en general. Tenemos un gran desaf\u00edo por delante, trabajaremos para estrechar nuestros v\u00ednculos y colaboraci\u00f3n con la industria, sector p\u00fablico y otras instituciones generadoras de conocimiento; tambi\u00e9n por fortalecer e integrar nuestras capacidades para generar y gestionar innovaci\u00f3n, impulsando y relevando los desarrollos tecnol\u00f3gicos de los equipos de investigaci\u00f3n UACh\u201d<\/p>\n<p>InES busca aumentar significativamente las capacidades institucionales para desarrollar y gestionar innovaci\u00f3n basada en investigaci\u00f3n y desarrollo (I+D) y transferencia tecnol\u00f3gica en las universidades chilenas y as\u00ed aumentar su competitividad nacional y\/o internacional en este \u00e1mbito.\u00a0 En este sentido, los fondos apoyar\u00e1n no s\u00f3lo los gastos de operaci\u00f3n de los planes, sino tambi\u00e9n aquellos gastos de equipamiento y adaptaci\u00f3n de infraestructura que se requieren para cumplir con los objetivos y para adaptarse al contexto de la pandemia.<\/p>\n<p><strong><span style=\"color: #008000;\">Proyecto UACh<\/span><\/strong><\/p>\n<p>El proyecto presentado por la nuestra Universidad busca fortalecer, integrar y proyectar las capacidades institucionales de la UACh para generar innovaci\u00f3n basada en I+D colaborativo y multidisciplinario, con foco en aumentar la transferencia de tecnolog\u00edas con impacto social y productivo en el territorio Sur Austral del pa\u00eds.<\/p>\n<p>Para esto se realiz\u00f3 un diagn\u00f3stico estrat\u00e9gico del quehacer UACh en materia de innovaci\u00f3n, as\u00ed como de la institucionalidad que acompa\u00f1a e impulsa esta \u00e1rea de trabajo. Luego de este diagn\u00f3stico, se han propuesto diferentes acciones para desarrollar un plan de trabajo que permita ir cumpliendo el objetivo principal de la propuesta.<\/p>\n","protected":false},"excerpt":{"rendered":"<p>Los proyectos recibir\u00e1n un financiamiento de hasta $990 millones, por una duraci\u00f3n m\u00e1xima de tres a\u00f1os. El Ministerio de Ciencia, Tecnolog\u00eda, Conocimiento e Innovaci\u00f3n anunci\u00f3 recientemente a los 12 proyectos&#8230;<\/p>\n","protected":false},"author":2,"featured_media":17118,"comment_status":"closed","ping_status":"closed","sticky":false,"template":"","format":"standard","meta":{"footnotes":""},"categories":[1945],"tags":[2090,3127,5032,346,578,5031,1072],"class_list":["post-17117","post","type-post","status-publish","format-standard","has-post-thumbnail","hentry","category-agricultura","tag-agricultura","tag-agro","tag-ministerio-de-ciencia","tag-tecnologia","tag-uach","tag-uach-adjudico-proyecto-ines","tag-universidad-austral-de-chile"],"yoast_head":"<!-- This site is optimized with the Yoast SEO plugin v26.6 - https:\/\/yoast.com\/wordpress\/plugins\/seo\/ -->\n<title>UACh adjudic\u00f3 proyecto InES para desarrollar innovaci\u00f3n basado en I+D - Mundoagropecuario<\/title>\n<meta name=\"description\" content=\"UACh adjudic\u00f3 proyecto InES para desarrollar innovaci\u00f3n basado en I+D, proyecto InES para desarrollar innovaci\u00f3n basado en I+D\" \/>\n<meta name=\"robots\" content=\"index, follow, max-snippet:-1, max-image-preview:large, max-video-preview:-1\" \/>\n<link rel=\"canonical\" href=\"https:\/\/www.mundoagropecuario.cl\/new\/uach-adjudico-proyecto-ines-para-desarrollar-innovacion-basado-en-id\/\" \/>\n<meta property=\"og:locale\" content=\"es_ES\" \/>\n<meta property=\"og:type\" content=\"article\" \/>\n<meta property=\"og:title\" content=\"UACh adjudic\u00f3 proyecto InES para desarrollar innovaci\u00f3n basado en I+D - Mundoagropecuario\" \/>\n<meta property=\"og:description\" content=\"UACh adjudic\u00f3 proyecto InES para desarrollar innovaci\u00f3n basado en I+D, proyecto InES para desarrollar innovaci\u00f3n basado en I+D\" \/>\n<meta property=\"og:url\" content=\"https:\/\/www.mundoagropecuario.cl\/new\/uach-adjudico-proyecto-ines-para-desarrollar-innovacion-basado-en-id\/\" \/>\n<meta property=\"og:site_name\" content=\"Mundoagropecuario\" \/>\n<meta property=\"article:publisher\" content=\"https:\/\/www.facebook.com\/mundo.agropecuario.3\" \/>\n<meta property=\"article:published_time\" content=\"2020-12-02T14:14:50+00:00\" \/>\n<meta property=\"article:modified_time\" content=\"2020-12-03T12:11:12+00:00\" \/>\n<meta property=\"og:image\" content=\"https:\/\/www.mundoagropecuario.cl\/new\/wp-content\/uploads\/2020\/12\/UACH-scaled.jpg\" \/>\n\t<meta property=\"og:image:width\" content=\"1024\" \/>\n\t<meta property=\"og:image:height\" content=\"576\" \/>\n\t<meta property=\"og:image:type\" content=\"image\/jpeg\" \/>\n<meta name=\"author\" content=\"mundo\" \/>\n<meta name=\"twitter:card\" content=\"summary_large_image\" \/>\n<meta name=\"twitter:creator\" content=\"@MundoAgropecuar\" \/>\n<meta name=\"twitter:site\" content=\"@MundoAgropecuar\" \/>\n<meta name=\"twitter:label1\" content=\"Escrito por\" \/>\n\t<meta name=\"twitter:data1\" content=\"mundo\" \/>\n\t<meta name=\"twitter:label2\" content=\"Tiempo de lectura\" \/>\n\t<meta name=\"twitter:data2\" content=\"3 minutos\" \/>\n<script type=\"application\/ld+json\" class=\"yoast-schema-graph\">{\"@context\":\"https:\/\/schema.org\",\"@graph\":[{\"@type\":\"Article\",\"@id\":\"https:\/\/www.mundoagropecuario.cl\/new\/uach-adjudico-proyecto-ines-para-desarrollar-innovacion-basado-en-id\/#article\",\"isPartOf\":{\"@id\":\"https:\/\/www.mundoagropecuario.cl\/new\/uach-adjudico-proyecto-ines-para-desarrollar-innovacion-basado-en-id\/\"},\"author\":{\"name\":\"mundo\",\"@id\":\"https:\/\/www.mundoagropecuario.cl\/new\/#\/schema\/person\/4e9f74a82a7dac260eb1c44b7eebeb18\"},\"headline\":\"UACh adjudic\u00f3 proyecto InES para desarrollar innovaci\u00f3n basado en I+D\",\"datePublished\":\"2020-12-02T14:14:50+00:00\",\"dateModified\":\"2020-12-03T12:11:12+00:00\",\"mainEntityOfPage\":{\"@id\":\"https:\/\/www.mundoagropecuario.cl\/new\/uach-adjudico-proyecto-ines-para-desarrollar-innovacion-basado-en-id\/\"},\"wordCount\":651,\"publisher\":{\"@id\":\"https:\/\/www.mundoagropecuario.cl\/new\/#organization\"},\"image\":{\"@id\":\"https:\/\/www.mundoagropecuario.cl\/new\/uach-adjudico-proyecto-ines-para-desarrollar-innovacion-basado-en-id\/#primaryimage\"},\"thumbnailUrl\":\"https:\/\/www.mundoagropecuario.cl\/new\/wp-content\/uploads\/2020\/12\/UACH-scaled.jpg\",\"keywords\":[\"Agricultura\",\"Agro\",\"Ministerio de Ciencia\",\"Tecnolog\u00eda\",\"UACh\",\"UACh adjudic\u00f3 proyecto InES\",\"Universidad Austral de Chile\"],\"articleSection\":[\"Agricultura\"],\"inLanguage\":\"es\"},{\"@type\":\"WebPage\",\"@id\":\"https:\/\/www.mundoagropecuario.cl\/new\/uach-adjudico-proyecto-ines-para-desarrollar-innovacion-basado-en-id\/\",\"url\":\"https:\/\/www.mundoagropecuario.cl\/new\/uach-adjudico-proyecto-ines-para-desarrollar-innovacion-basado-en-id\/\",\"name\":\"UACh adjudic\u00f3 proyecto InES para desarrollar innovaci\u00f3n basado en I+D - Mundoagropecuario\",\"isPartOf\":{\"@id\":\"https:\/\/www.mundoagropecuario.cl\/new\/#website\"},\"primaryImageOfPage\":{\"@id\":\"https:\/\/www.mundoagropecuario.cl\/new\/uach-adjudico-proyecto-ines-para-desarrollar-innovacion-basado-en-id\/#primaryimage\"},\"image\":{\"@id\":\"https:\/\/www.mundoagropecuario.cl\/new\/uach-adjudico-proyecto-ines-para-desarrollar-innovacion-basado-en-id\/#primaryimage\"},\"thumbnailUrl\":\"https:\/\/www.mundoagropecuario.cl\/new\/wp-content\/uploads\/2020\/12\/UACH-scaled.jpg\",\"datePublished\":\"2020-12-02T14:14:50+00:00\",\"dateModified\":\"2020-12-03T12:11:12+00:00\",\"description\":\"UACh adjudic\u00f3 proyecto InES para desarrollar innovaci\u00f3n basado en I+D, proyecto InES para desarrollar innovaci\u00f3n basado en I+D\",\"breadcrumb\":{\"@id\":\"https:\/\/www.mundoagropecuario.cl\/new\/uach-adjudico-proyecto-ines-para-desarrollar-innovacion-basado-en-id\/#breadcrumb\"},\"inLanguage\":\"es\",\"potentialAction\":[{\"@type\":\"ReadAction\",\"target\":[\"https:\/\/www.mundoagropecuario.cl\/new\/uach-adjudico-proyecto-ines-para-desarrollar-innovacion-basado-en-id\/\"]}]},{\"@type\":\"ImageObject\",\"inLanguage\":\"es\",\"@id\":\"https:\/\/www.mundoagropecuario.cl\/new\/uach-adjudico-proyecto-ines-para-desarrollar-innovacion-basado-en-id\/#primaryimage\",\"url\":\"https:\/\/www.mundoagropecuario.cl\/new\/wp-content\/uploads\/2020\/12\/UACH-scaled.jpg\",\"contentUrl\":\"https:\/\/www.mundoagropecuario.cl\/new\/wp-content\/uploads\/2020\/12\/UACH-scaled.jpg\",\"width\":711,\"height\":400},{\"@type\":\"BreadcrumbList\",\"@id\":\"https:\/\/www.mundoagropecuario.cl\/new\/uach-adjudico-proyecto-ines-para-desarrollar-innovacion-basado-en-id\/#breadcrumb\",\"itemListElement\":[{\"@type\":\"ListItem\",\"position\":1,\"name\":\"Portada\",\"item\":\"https:\/\/www.mundoagropecuario.cl\/new\/\"},{\"@type\":\"ListItem\",\"position\":2,\"name\":\"UACh adjudic\u00f3 proyecto InES para desarrollar innovaci\u00f3n basado en I+D\"}]},{\"@type\":\"WebSite\",\"@id\":\"https:\/\/www.mundoagropecuario.cl\/new\/#website\",\"url\":\"https:\/\/www.mundoagropecuario.cl\/new\/\",\"name\":\"Mundoagropecuario\",\"description\":\"Mundo Agropecuario\",\"publisher\":{\"@id\":\"https:\/\/www.mundoagropecuario.cl\/new\/#organization\"},\"potentialAction\":[{\"@type\":\"SearchAction\",\"target\":{\"@type\":\"EntryPoint\",\"urlTemplate\":\"https:\/\/www.mundoagropecuario.cl\/new\/?s={search_term_string}\"},\"query-input\":{\"@type\":\"PropertyValueSpecification\",\"valueRequired\":true,\"valueName\":\"search_term_string\"}}],\"inLanguage\":\"es\"},{\"@type\":\"Organization\",\"@id\":\"https:\/\/www.mundoagropecuario.cl\/new\/#organization\",\"name\":\"Revista de Agricultura\",\"url\":\"https:\/\/www.mundoagropecuario.cl\/new\/\",\"logo\":{\"@type\":\"ImageObject\",\"inLanguage\":\"es\",\"@id\":\"https:\/\/www.mundoagropecuario.cl\/new\/#\/schema\/logo\/image\/\",\"url\":\"https:\/\/www.mundoagropecuario.cl\/new\/wp-content\/uploads\/2020\/11\/PORTAL-1-1.png\",\"contentUrl\":\"https:\/\/www.mundoagropecuario.cl\/new\/wp-content\/uploads\/2020\/11\/PORTAL-1-1.png\",\"width\":1026,\"height\":100,\"caption\":\"Revista de Agricultura\"},\"image\":{\"@id\":\"https:\/\/www.mundoagropecuario.cl\/new\/#\/schema\/logo\/image\/\"},\"sameAs\":[\"https:\/\/www.facebook.com\/mundo.agropecuario.3\",\"https:\/\/x.com\/MundoAgropecuar\",\"https:\/\/www.linkedin.com\/in\/mundo-agropecuario-934009201\/\"]},{\"@type\":\"Person\",\"@id\":\"https:\/\/www.mundoagropecuario.cl\/new\/#\/schema\/person\/4e9f74a82a7dac260eb1c44b7eebeb18\",\"name\":\"mundo\",\"url\":\"https:\/\/www.mundoagropecuario.cl\/new\/author\/mundo\/\"}]}<\/script>\n<!-- \/ Yoast SEO plugin. -->","yoast_head_json":{"title":"UACh adjudic\u00f3 proyecto InES para desarrollar innovaci\u00f3n basado en I+D - Mundoagropecuario","description":"UACh adjudic\u00f3 proyecto InES para desarrollar innovaci\u00f3n basado en I+D, proyecto InES para desarrollar innovaci\u00f3n basado en I+D","robots":{"index":"index","follow":"follow","max-snippet":"max-snippet:-1","max-image-preview":"max-image-preview:large","max-video-preview":"max-video-preview:-1"},"canonical":"https:\/\/www.mundoagropecuario.cl\/new\/uach-adjudico-proyecto-ines-para-desarrollar-innovacion-basado-en-id\/","og_locale":"es_ES","og_type":"article","og_title":"UACh adjudic\u00f3 proyecto InES para desarrollar innovaci\u00f3n basado en I+D - Mundoagropecuario","og_description":"UACh adjudic\u00f3 proyecto InES para desarrollar innovaci\u00f3n basado en I+D, proyecto InES para desarrollar innovaci\u00f3n basado en I+D","og_url":"https:\/\/www.mundoagropecuario.cl\/new\/uach-adjudico-proyecto-ines-para-desarrollar-innovacion-basado-en-id\/","og_site_name":"Mundoagropecuario","article_publisher":"https:\/\/www.facebook.com\/mundo.agropecuario.3","article_published_time":"2020-12-02T14:14:50+00:00","article_modified_time":"2020-12-03T12:11:12+00:00","og_image":[{"width":1024,"height":576,"url":"https:\/\/www.mundoagropecuario.cl\/new\/wp-content\/uploads\/2020\/12\/UACH-scaled.jpg","type":"image\/jpeg"}],"author":"mundo","twitter_card":"summary_large_image","twitter_creator":"@MundoAgropecuar","twitter_site":"@MundoAgropecuar","twitter_misc":{"Escrito por":"mundo","Tiempo de lectura":"3 minutos"},"schema":{"@context":"https:\/\/schema.org","@graph":[{"@type":"Article","@id":"https:\/\/www.mundoagropecuario.cl\/new\/uach-adjudico-proyecto-ines-para-desarrollar-innovacion-basado-en-id\/#article","isPartOf":{"@id":"https:\/\/www.mundoagropecuario.cl\/new\/uach-adjudico-proyecto-ines-para-desarrollar-innovacion-basado-en-id\/"},"author":{"name":"mundo","@id":"https:\/\/www.mundoagropecuario.cl\/new\/#\/schema\/person\/4e9f74a82a7dac260eb1c44b7eebeb18"},"headline":"UACh adjudic\u00f3 proyecto InES para desarrollar innovaci\u00f3n basado en I+D","datePublished":"2020-12-02T14:14:50+00:00","dateModified":"2020-12-03T12:11:12+00:00","mainEntityOfPage":{"@id":"https:\/\/www.mundoagropecuario.cl\/new\/uach-adjudico-proyecto-ines-para-desarrollar-innovacion-basado-en-id\/"},"wordCount":651,"publisher":{"@id":"https:\/\/www.mundoagropecuario.cl\/new\/#organization"},"image":{"@id":"https:\/\/www.mundoagropecuario.cl\/new\/uach-adjudico-proyecto-ines-para-desarrollar-innovacion-basado-en-id\/#primaryimage"},"thumbnailUrl":"https:\/\/www.mundoagropecuario.cl\/new\/wp-content\/uploads\/2020\/12\/UACH-scaled.jpg","keywords":["Agricultura","Agro","Ministerio de Ciencia","Tecnolog\u00eda","UACh","UACh adjudic\u00f3 proyecto InES","Universidad Austral de Chile"],"articleSection":["Agricultura"],"inLanguage":"es"},{"@type":"WebPage","@id":"https:\/\/www.mundoagropecuario.cl\/new\/uach-adjudico-proyecto-ines-para-desarrollar-innovacion-basado-en-id\/","url":"https:\/\/www.mundoagropecuario.cl\/new\/uach-adjudico-proyecto-ines-para-desarrollar-innovacion-basado-en-id\/","name":"UACh adjudic\u00f3 proyecto InES para desarrollar innovaci\u00f3n basado en I+D - Mundoagropecuario","isPartOf":{"@id":"https:\/\/www.mundoagropecuario.cl\/new\/#website"},"primaryImageOfPage":{"@id":"https:\/\/www.mundoagropecuario.cl\/new\/uach-adjudico-proyecto-ines-para-desarrollar-innovacion-basado-en-id\/#primaryimage"},"image":{"@id":"https:\/\/www.mundoagropecuario.cl\/new\/uach-adjudico-proyecto-ines-para-desarrollar-innovacion-basado-en-id\/#primaryimage"},"thumbnailUrl":"https:\/\/www.mundoagropecuario.cl\/new\/wp-content\/uploads\/2020\/12\/UACH-scaled.jpg","datePublished":"2020-12-02T14:14:50+00:00","dateModified":"2020-12-03T12:11:12+00:00","description":"UACh adjudic\u00f3 proyecto InES para desarrollar innovaci\u00f3n basado en I+D, proyecto InES para desarrollar innovaci\u00f3n basado en I+D","breadcrumb":{"@id":"https:\/\/www.mundoagropecuario.cl\/new\/uach-adjudico-proyecto-ines-para-desarrollar-innovacion-basado-en-id\/#breadcrumb"},"inLanguage":"es","potentialAction":[{"@type":"ReadAction","target":["https:\/\/www.mundoagropecuario.cl\/new\/uach-adjudico-proyecto-ines-para-desarrollar-innovacion-basado-en-id\/"]}]},{"@type":"ImageObject","inLanguage":"es","@id":"https:\/\/www.mundoagropecuario.cl\/new\/uach-adjudico-proyecto-ines-para-desarrollar-innovacion-basado-en-id\/#primaryimage","url":"https:\/\/www.mundoagropecuario.cl\/new\/wp-content\/uploads\/2020\/12\/UACH-scaled.jpg","contentUrl":"https:\/\/www.mundoagropecuario.cl\/new\/wp-content\/uploads\/2020\/12\/UACH-scaled.jpg","width":711,"height":400},{"@type":"BreadcrumbList","@id":"https:\/\/www.mundoagropecuario.cl\/new\/uach-adjudico-proyecto-ines-para-desarrollar-innovacion-basado-en-id\/#breadcrumb","itemListElement":[{"@type":"ListItem","position":1,"name":"Portada","item":"https:\/\/www.mundoagropecuario.cl\/new\/"},{"@type":"ListItem","position":2,"name":"UACh adjudic\u00f3 proyecto InES para desarrollar innovaci\u00f3n basado en I+D"}]},{"@type":"WebSite","@id":"https:\/\/www.mundoagropecuario.cl\/new\/#website","url":"https:\/\/www.mundoagropecuario.cl\/new\/","name":"Mundoagropecuario","description":"Mundo Agropecuario","publisher":{"@id":"https:\/\/www.mundoagropecuario.cl\/new\/#organization"},"potentialAction":[{"@type":"SearchAction","target":{"@type":"EntryPoint","urlTemplate":"https:\/\/www.mundoagropecuario.cl\/new\/?s={search_term_string}"},"query-input":{"@type":"PropertyValueSpecification","valueRequired":true,"valueName":"search_term_string"}}],"inLanguage":"es"},{"@type":"Organization","@id":"https:\/\/www.mundoagropecuario.cl\/new\/#organization","name":"Revista de Agricultura","url":"https:\/\/www.mundoagropecuario.cl\/new\/","logo":{"@type":"ImageObject","inLanguage":"es","@id":"https:\/\/www.mundoagropecuario.cl\/new\/#\/schema\/logo\/image\/","url":"https:\/\/www.mundoagropecuario.cl\/new\/wp-content\/uploads\/2020\/11\/PORTAL-1-1.png","contentUrl":"https:\/\/www.mundoagropecuario.cl\/new\/wp-content\/uploads\/2020\/11\/PORTAL-1-1.png","width":1026,"height":100,"caption":"Revista de Agricultura"},"image":{"@id":"https:\/\/www.mundoagropecuario.cl\/new\/#\/schema\/logo\/image\/"},"sameAs":["https:\/\/www.facebook.com\/mundo.agropecuario.3","https:\/\/x.com\/MundoAgropecuar","https:\/\/www.linkedin.com\/in\/mundo-agropecuario-934009201\/"]},{"@type":"Person","@id":"https:\/\/www.mundoagropecuario.cl\/new\/#\/schema\/person\/4e9f74a82a7dac260eb1c44b7eebeb18","name":"mundo","url":"https:\/\/www.mundoagropecuario.cl\/new\/author\/mundo\/"}]}},"_links":{"self":[{"href":"https:\/\/www.mundoagropecuario.cl\/new\/wp-json\/wp\/v2\/posts\/17117","targetHints":{"allow":["GET"]}}],"collection":[{"href":"https:\/\/www.mundoagropecuario.cl\/new\/wp-json\/wp\/v2\/posts"}],"about":[{"href":"https:\/\/www.mundoagropecuario.cl\/new\/wp-json\/wp\/v2\/types\/post"}],"author":[{"embeddable":true,"href":"https:\/\/www.mundoagropecuario.cl\/new\/wp-json\/wp\/v2\/users\/2"}],"replies":[{"embeddable":true,"href":"https:\/\/www.mundoagropecuario.cl\/new\/wp-json\/wp\/v2\/comments?post=17117"}],"version-history":[{"count":1,"href":"https:\/\/www.mundoagropecuario.cl\/new\/wp-json\/wp\/v2\/posts\/17117\/revisions"}],"predecessor-version":[{"id":17119,"href":"https:\/\/www.mundoagropecuario.cl\/new\/wp-json\/wp\/v2\/posts\/17117\/revisions\/17119"}],"wp:featuredmedia":[{"embeddable":true,"href":"https:\/\/www.mundoagropecuario.cl\/new\/wp-json\/wp\/v2\/media\/17118"}],"wp:attachment":[{"href":"https:\/\/www.mundoagropecuario.cl\/new\/wp-json\/wp\/v2\/media?parent=17117"}],"wp:term":[{"taxonomy":"category","embeddable":true,"href":"https:\/\/www.mundoagropecuario.cl\/new\/wp-json\/wp\/v2\/categories?post=17117"},{"taxonomy":"post_tag","embeddable":true,"href":"https:\/\/www.mundoagropecuario.cl\/new\/wp-json\/wp\/v2\/tags?post=17117"}],"curies":[{"name":"wp","href":"https:\/\/api.w.org\/{rel}","templated":true}]}}