{"id":16952,"date":"2020-11-18T11:25:01","date_gmt":"2020-11-18T14:25:01","guid":{"rendered":"https:\/\/www.mundoagropecuario.cl\/new\/?p=16952"},"modified":"2020-11-19T12:25:52","modified_gmt":"2020-11-19T15:25:52","slug":"infor-presenta-curso-e-learning-para-clasificacion-visual-de-madera-aserrada-de-roble-y-rauli","status":"publish","type":"post","link":"https:\/\/www.mundoagropecuario.cl\/new\/infor-presenta-curso-e-learning-para-clasificacion-visual-de-madera-aserrada-de-roble-y-rauli\/","title":{"rendered":"INFOR presenta curso e-learning para clasificaci\u00f3n visual de madera aserrada de Roble y Raul\u00ed"},"content":{"rendered":"<p><span style=\"color: #333300;\"><em><strong>La iniciativa est\u00e1 dirigida a operarios y trabajadores de las distintas Pymes madereras, barracas, centros de venta de maderas, propietarios de bosque nativo, mueblistas, entre otros.<\/strong><\/em><\/span><\/p>\n<p>Entregar las herramientas t\u00e9cnicas b\u00e1sicas que permitan generar las capacidades en los diferentes usuarios para clasificar visualmente la madera nativa de roble y raul\u00ed, es el objetivo del curso e-learning \u201cClasificaci\u00f3n visual de madera aserrada de Roble y Raul\u00ed\u201d, implementado por el Instituto Forestal (INFOR), organismo adscrito al Ministerio de Agricultura, y que tuvo su lanzamiento online con la participaci\u00f3n de diversos actores del sector forestal.<\/p>\n<p><a href=\"https:\/\/www.mundoagropecuario.cl\/new\/wp-content\/uploads\/2020\/11\/madera.jpeg\"><img loading=\"lazy\" decoding=\"async\" class=\"size-full wp-image-16954 alignright\" src=\"https:\/\/www.mundoagropecuario.cl\/new\/wp-content\/uploads\/2020\/11\/madera.jpeg\" alt=\"\" width=\"260\" height=\"194\" \/><\/a>En la oportunidad, el Director Ejecutivo del INFOR, Fernando Raga, destac\u00f3 que Chile cuenta con 14,6 millones de hect\u00e1reas de bosque nativo y con m\u00e1s de 70 mil propietarios de este recurso, \u201clo que transforma a este recurso natural en una fuente alternativa de abastecimiento para las cerca de 1.000 pymes madereras que existen en el pa\u00eds\u201d, indic\u00f3 Raga.<\/p>\n<p>Cabe mencionar que este curso e-learning se gener\u00f3 en el marco del proyecto \u201cPropuesta y manejo de bosque nativo para diferentes alternativas de comercializaci\u00f3n de la madera\u201d, financiado a trav\u00e9s del Fondo de Innovaci\u00f3n para la Competitividad Regional (FIC-R) del Gobierno Regional de Los R\u00edos y su Consejo Regional y apoyado por la Asociaci\u00f3n Gremial Aprobosque A.G.<\/p>\n<p>Bernardo Pilquinao, investigador de INFOR, se\u00f1al\u00f3 que en este curso los participantes aprender\u00e1n a conocer y distinguir las diversas categor\u00edas con que cuenta esta Gu\u00eda de Clasificaci\u00f3n Visual de Madera Aserrada de Roble y Raul\u00ed, \u201clo que permitir\u00e1 generar un lenguaje com\u00fan entre los oferentes de estos productos y los consumidores, manteniendo est\u00e1ndares de calidad <a href=\"https:\/\/www.mundoagropecuario.cl\/new\/wp-content\/uploads\/2020\/11\/madera1.jpeg\"><img loading=\"lazy\" decoding=\"async\" class=\"size-full wp-image-16955 alignright\" src=\"https:\/\/www.mundoagropecuario.cl\/new\/wp-content\/uploads\/2020\/11\/madera1.jpeg\" alt=\"\" width=\"225\" height=\"225\" srcset=\"https:\/\/www.mundoagropecuario.cl\/new\/wp-content\/uploads\/2020\/11\/madera1.jpeg 225w, https:\/\/www.mundoagropecuario.cl\/new\/wp-content\/uploads\/2020\/11\/madera1-150x150.jpeg 150w\" sizes=\"auto, (max-width: 225px) 100vw, 225px\" \/><\/a>\u00f3ptimos, permitiendo ordenar, homologar y transparentar el mercado de la madera nativa, fomentando su demanda y el manejo forestal de los bosques\u201d, detall\u00f3 Pilquinao.<\/p>\n<p>Adem\u00e1s, agreg\u00f3 que el curso est\u00e1 dirigido a operarios y trabajadores de las distintas Pymes madereras, barracas, centros de venta de maderas, propietarios de bosque nativo, mueblistas, entre otros.<\/p>\n<p>El curso -que es gratuito- estar\u00e1 disponible a partir de diciembre de 2020, y quienes est\u00e9n interesados en realizarlo, ya pueden inscribirse en www.infor.cl.<\/p>\n","protected":false},"excerpt":{"rendered":"<p>La iniciativa est\u00e1 dirigida a operarios y trabajadores de las distintas Pymes madereras, barracas, centros de venta de maderas, propietarios de bosque nativo, mueblistas, entre otros. Entregar las herramientas t\u00e9cnicas&#8230;<\/p>\n","protected":false},"author":2,"featured_media":16953,"comment_status":"closed","ping_status":"closed","sticky":false,"template":"","format":"standard","meta":{"footnotes":""},"categories":[1949],"tags":[3127,3190,2694,876,2054,4964,4963],"class_list":["post-16952","post","type-post","status-publish","format-standard","has-post-thumbnail","hentry","category-forestal","tag-agro","tag-bosque-nativo","tag-bosques","tag-conaf","tag-infor","tag-mueblistas","tag-roble-y-rauli"],"yoast_head":"<!-- This site is optimized with the Yoast SEO plugin v26.6 - https:\/\/yoast.com\/wordpress\/plugins\/seo\/ -->\n<title>INFOR presenta curso e-learning para clasificaci\u00f3n visual de madera aserrada de Roble y Raul\u00ed - Mundoagropecuario<\/title>\n<meta name=\"description\" content=\"La iniciativa est\u00e1 dirigida a operarios y trabajadores de las distintas Pymes madereras, barracas, centros de venta de maderas, propietarios de bosque nativo, mueblistas, entre otros.\" \/>\n<meta name=\"robots\" content=\"index, follow, max-snippet:-1, max-image-preview:large, max-video-preview:-1\" \/>\n<link rel=\"canonical\" href=\"https:\/\/www.mundoagropecuario.cl\/new\/infor-presenta-curso-e-learning-para-clasificacion-visual-de-madera-aserrada-de-roble-y-rauli\/\" \/>\n<meta property=\"og:locale\" content=\"es_ES\" \/>\n<meta property=\"og:type\" content=\"article\" \/>\n<meta property=\"og:title\" content=\"INFOR presenta curso e-learning para clasificaci\u00f3n visual de madera aserrada de Roble y Raul\u00ed - Mundoagropecuario\" \/>\n<meta property=\"og:description\" content=\"La iniciativa est\u00e1 dirigida a operarios y trabajadores de las distintas Pymes madereras, barracas, centros de venta de maderas, propietarios de bosque nativo, mueblistas, entre otros.\" \/>\n<meta property=\"og:url\" content=\"https:\/\/www.mundoagropecuario.cl\/new\/infor-presenta-curso-e-learning-para-clasificacion-visual-de-madera-aserrada-de-roble-y-rauli\/\" \/>\n<meta property=\"og:site_name\" content=\"Mundoagropecuario\" \/>\n<meta property=\"article:publisher\" content=\"https:\/\/www.facebook.com\/mundo.agropecuario.3\" \/>\n<meta property=\"article:published_time\" content=\"2020-11-18T14:25:01+00:00\" \/>\n<meta property=\"article:modified_time\" content=\"2020-11-19T15:25:52+00:00\" \/>\n<meta property=\"og:image\" content=\"https:\/\/www.mundoagropecuario.cl\/new\/wp-content\/uploads\/2020\/11\/elearning2_RobleRauli.jpg\" \/>\n\t<meta property=\"og:image:width\" content=\"560\" \/>\n\t<meta property=\"og:image:height\" content=\"348\" \/>\n\t<meta property=\"og:image:type\" content=\"image\/jpeg\" \/>\n<meta name=\"author\" content=\"mundo\" \/>\n<meta name=\"twitter:card\" content=\"summary_large_image\" \/>\n<meta name=\"twitter:creator\" content=\"@MundoAgropecuar\" \/>\n<meta name=\"twitter:site\" content=\"@MundoAgropecuar\" \/>\n<meta name=\"twitter:label1\" content=\"Escrito por\" \/>\n\t<meta name=\"twitter:data1\" content=\"mundo\" \/>\n\t<meta name=\"twitter:label2\" content=\"Tiempo de lectura\" \/>\n\t<meta name=\"twitter:data2\" content=\"2 minutos\" \/>\n<script type=\"application\/ld+json\" class=\"yoast-schema-graph\">{\"@context\":\"https:\/\/schema.org\",\"@graph\":[{\"@type\":\"Article\",\"@id\":\"https:\/\/www.mundoagropecuario.cl\/new\/infor-presenta-curso-e-learning-para-clasificacion-visual-de-madera-aserrada-de-roble-y-rauli\/#article\",\"isPartOf\":{\"@id\":\"https:\/\/www.mundoagropecuario.cl\/new\/infor-presenta-curso-e-learning-para-clasificacion-visual-de-madera-aserrada-de-roble-y-rauli\/\"},\"author\":{\"name\":\"mundo\",\"@id\":\"https:\/\/www.mundoagropecuario.cl\/new\/#\/schema\/person\/4e9f74a82a7dac260eb1c44b7eebeb18\"},\"headline\":\"INFOR presenta curso e-learning para clasificaci\u00f3n visual de madera aserrada de Roble y Raul\u00ed\",\"datePublished\":\"2020-11-18T14:25:01+00:00\",\"dateModified\":\"2020-11-19T15:25:52+00:00\",\"mainEntityOfPage\":{\"@id\":\"https:\/\/www.mundoagropecuario.cl\/new\/infor-presenta-curso-e-learning-para-clasificacion-visual-de-madera-aserrada-de-roble-y-rauli\/\"},\"wordCount\":375,\"publisher\":{\"@id\":\"https:\/\/www.mundoagropecuario.cl\/new\/#organization\"},\"image\":{\"@id\":\"https:\/\/www.mundoagropecuario.cl\/new\/infor-presenta-curso-e-learning-para-clasificacion-visual-de-madera-aserrada-de-roble-y-rauli\/#primaryimage\"},\"thumbnailUrl\":\"https:\/\/www.mundoagropecuario.cl\/new\/wp-content\/uploads\/2020\/11\/elearning2_RobleRauli.jpg\",\"keywords\":[\"Agro\",\"bosque nativo\",\"bosques\",\"Conaf\",\"Infor\",\"mueblistas\",\"Roble y Raul\u00ed\"],\"articleSection\":[\"Forestal\"],\"inLanguage\":\"es\"},{\"@type\":\"WebPage\",\"@id\":\"https:\/\/www.mundoagropecuario.cl\/new\/infor-presenta-curso-e-learning-para-clasificacion-visual-de-madera-aserrada-de-roble-y-rauli\/\",\"url\":\"https:\/\/www.mundoagropecuario.cl\/new\/infor-presenta-curso-e-learning-para-clasificacion-visual-de-madera-aserrada-de-roble-y-rauli\/\",\"name\":\"INFOR presenta curso e-learning para clasificaci\u00f3n visual de madera aserrada de Roble y Raul\u00ed - Mundoagropecuario\",\"isPartOf\":{\"@id\":\"https:\/\/www.mundoagropecuario.cl\/new\/#website\"},\"primaryImageOfPage\":{\"@id\":\"https:\/\/www.mundoagropecuario.cl\/new\/infor-presenta-curso-e-learning-para-clasificacion-visual-de-madera-aserrada-de-roble-y-rauli\/#primaryimage\"},\"image\":{\"@id\":\"https:\/\/www.mundoagropecuario.cl\/new\/infor-presenta-curso-e-learning-para-clasificacion-visual-de-madera-aserrada-de-roble-y-rauli\/#primaryimage\"},\"thumbnailUrl\":\"https:\/\/www.mundoagropecuario.cl\/new\/wp-content\/uploads\/2020\/11\/elearning2_RobleRauli.jpg\",\"datePublished\":\"2020-11-18T14:25:01+00:00\",\"dateModified\":\"2020-11-19T15:25:52+00:00\",\"description\":\"La iniciativa est\u00e1 dirigida a operarios y trabajadores de las distintas Pymes madereras, barracas, centros de venta de maderas, propietarios de bosque nativo, mueblistas, entre otros.\",\"breadcrumb\":{\"@id\":\"https:\/\/www.mundoagropecuario.cl\/new\/infor-presenta-curso-e-learning-para-clasificacion-visual-de-madera-aserrada-de-roble-y-rauli\/#breadcrumb\"},\"inLanguage\":\"es\",\"potentialAction\":[{\"@type\":\"ReadAction\",\"target\":[\"https:\/\/www.mundoagropecuario.cl\/new\/infor-presenta-curso-e-learning-para-clasificacion-visual-de-madera-aserrada-de-roble-y-rauli\/\"]}]},{\"@type\":\"ImageObject\",\"inLanguage\":\"es\",\"@id\":\"https:\/\/www.mundoagropecuario.cl\/new\/infor-presenta-curso-e-learning-para-clasificacion-visual-de-madera-aserrada-de-roble-y-rauli\/#primaryimage\",\"url\":\"https:\/\/www.mundoagropecuario.cl\/new\/wp-content\/uploads\/2020\/11\/elearning2_RobleRauli.jpg\",\"contentUrl\":\"https:\/\/www.mundoagropecuario.cl\/new\/wp-content\/uploads\/2020\/11\/elearning2_RobleRauli.jpg\",\"width\":560,\"height\":348},{\"@type\":\"BreadcrumbList\",\"@id\":\"https:\/\/www.mundoagropecuario.cl\/new\/infor-presenta-curso-e-learning-para-clasificacion-visual-de-madera-aserrada-de-roble-y-rauli\/#breadcrumb\",\"itemListElement\":[{\"@type\":\"ListItem\",\"position\":1,\"name\":\"Portada\",\"item\":\"https:\/\/www.mundoagropecuario.cl\/new\/\"},{\"@type\":\"ListItem\",\"position\":2,\"name\":\"INFOR presenta curso e-learning para clasificaci\u00f3n visual de madera aserrada de Roble y Raul\u00ed\"}]},{\"@type\":\"WebSite\",\"@id\":\"https:\/\/www.mundoagropecuario.cl\/new\/#website\",\"url\":\"https:\/\/www.mundoagropecuario.cl\/new\/\",\"name\":\"Mundoagropecuario\",\"description\":\"Mundo Agropecuario\",\"publisher\":{\"@id\":\"https:\/\/www.mundoagropecuario.cl\/new\/#organization\"},\"potentialAction\":[{\"@type\":\"SearchAction\",\"target\":{\"@type\":\"EntryPoint\",\"urlTemplate\":\"https:\/\/www.mundoagropecuario.cl\/new\/?s={search_term_string}\"},\"query-input\":{\"@type\":\"PropertyValueSpecification\",\"valueRequired\":true,\"valueName\":\"search_term_string\"}}],\"inLanguage\":\"es\"},{\"@type\":\"Organization\",\"@id\":\"https:\/\/www.mundoagropecuario.cl\/new\/#organization\",\"name\":\"Revista de Agricultura\",\"url\":\"https:\/\/www.mundoagropecuario.cl\/new\/\",\"logo\":{\"@type\":\"ImageObject\",\"inLanguage\":\"es\",\"@id\":\"https:\/\/www.mundoagropecuario.cl\/new\/#\/schema\/logo\/image\/\",\"url\":\"https:\/\/www.mundoagropecuario.cl\/new\/wp-content\/uploads\/2020\/11\/PORTAL-1-1.png\",\"contentUrl\":\"https:\/\/www.mundoagropecuario.cl\/new\/wp-content\/uploads\/2020\/11\/PORTAL-1-1.png\",\"width\":1026,\"height\":100,\"caption\":\"Revista de Agricultura\"},\"image\":{\"@id\":\"https:\/\/www.mundoagropecuario.cl\/new\/#\/schema\/logo\/image\/\"},\"sameAs\":[\"https:\/\/www.facebook.com\/mundo.agropecuario.3\",\"https:\/\/x.com\/MundoAgropecuar\",\"https:\/\/www.linkedin.com\/in\/mundo-agropecuario-934009201\/\"]},{\"@type\":\"Person\",\"@id\":\"https:\/\/www.mundoagropecuario.cl\/new\/#\/schema\/person\/4e9f74a82a7dac260eb1c44b7eebeb18\",\"name\":\"mundo\",\"url\":\"https:\/\/www.mundoagropecuario.cl\/new\/author\/mundo\/\"}]}<\/script>\n<!-- \/ Yoast SEO plugin. -->","yoast_head_json":{"title":"INFOR presenta curso e-learning para clasificaci\u00f3n visual de madera aserrada de Roble y Raul\u00ed - Mundoagropecuario","description":"La iniciativa est\u00e1 dirigida a operarios y trabajadores de las distintas Pymes madereras, barracas, centros de venta de maderas, propietarios de bosque nativo, mueblistas, entre otros.","robots":{"index":"index","follow":"follow","max-snippet":"max-snippet:-1","max-image-preview":"max-image-preview:large","max-video-preview":"max-video-preview:-1"},"canonical":"https:\/\/www.mundoagropecuario.cl\/new\/infor-presenta-curso-e-learning-para-clasificacion-visual-de-madera-aserrada-de-roble-y-rauli\/","og_locale":"es_ES","og_type":"article","og_title":"INFOR presenta curso e-learning para clasificaci\u00f3n visual de madera aserrada de Roble y Raul\u00ed - Mundoagropecuario","og_description":"La iniciativa est\u00e1 dirigida a operarios y trabajadores de las distintas Pymes madereras, barracas, centros de venta de maderas, propietarios de bosque nativo, mueblistas, entre otros.","og_url":"https:\/\/www.mundoagropecuario.cl\/new\/infor-presenta-curso-e-learning-para-clasificacion-visual-de-madera-aserrada-de-roble-y-rauli\/","og_site_name":"Mundoagropecuario","article_publisher":"https:\/\/www.facebook.com\/mundo.agropecuario.3","article_published_time":"2020-11-18T14:25:01+00:00","article_modified_time":"2020-11-19T15:25:52+00:00","og_image":[{"width":560,"height":348,"url":"https:\/\/www.mundoagropecuario.cl\/new\/wp-content\/uploads\/2020\/11\/elearning2_RobleRauli.jpg","type":"image\/jpeg"}],"author":"mundo","twitter_card":"summary_large_image","twitter_creator":"@MundoAgropecuar","twitter_site":"@MundoAgropecuar","twitter_misc":{"Escrito por":"mundo","Tiempo de lectura":"2 minutos"},"schema":{"@context":"https:\/\/schema.org","@graph":[{"@type":"Article","@id":"https:\/\/www.mundoagropecuario.cl\/new\/infor-presenta-curso-e-learning-para-clasificacion-visual-de-madera-aserrada-de-roble-y-rauli\/#article","isPartOf":{"@id":"https:\/\/www.mundoagropecuario.cl\/new\/infor-presenta-curso-e-learning-para-clasificacion-visual-de-madera-aserrada-de-roble-y-rauli\/"},"author":{"name":"mundo","@id":"https:\/\/www.mundoagropecuario.cl\/new\/#\/schema\/person\/4e9f74a82a7dac260eb1c44b7eebeb18"},"headline":"INFOR presenta curso e-learning para clasificaci\u00f3n visual de madera aserrada de Roble y Raul\u00ed","datePublished":"2020-11-18T14:25:01+00:00","dateModified":"2020-11-19T15:25:52+00:00","mainEntityOfPage":{"@id":"https:\/\/www.mundoagropecuario.cl\/new\/infor-presenta-curso-e-learning-para-clasificacion-visual-de-madera-aserrada-de-roble-y-rauli\/"},"wordCount":375,"publisher":{"@id":"https:\/\/www.mundoagropecuario.cl\/new\/#organization"},"image":{"@id":"https:\/\/www.mundoagropecuario.cl\/new\/infor-presenta-curso-e-learning-para-clasificacion-visual-de-madera-aserrada-de-roble-y-rauli\/#primaryimage"},"thumbnailUrl":"https:\/\/www.mundoagropecuario.cl\/new\/wp-content\/uploads\/2020\/11\/elearning2_RobleRauli.jpg","keywords":["Agro","bosque nativo","bosques","Conaf","Infor","mueblistas","Roble y Raul\u00ed"],"articleSection":["Forestal"],"inLanguage":"es"},{"@type":"WebPage","@id":"https:\/\/www.mundoagropecuario.cl\/new\/infor-presenta-curso-e-learning-para-clasificacion-visual-de-madera-aserrada-de-roble-y-rauli\/","url":"https:\/\/www.mundoagropecuario.cl\/new\/infor-presenta-curso-e-learning-para-clasificacion-visual-de-madera-aserrada-de-roble-y-rauli\/","name":"INFOR presenta curso e-learning para clasificaci\u00f3n visual de madera aserrada de Roble y Raul\u00ed - Mundoagropecuario","isPartOf":{"@id":"https:\/\/www.mundoagropecuario.cl\/new\/#website"},"primaryImageOfPage":{"@id":"https:\/\/www.mundoagropecuario.cl\/new\/infor-presenta-curso-e-learning-para-clasificacion-visual-de-madera-aserrada-de-roble-y-rauli\/#primaryimage"},"image":{"@id":"https:\/\/www.mundoagropecuario.cl\/new\/infor-presenta-curso-e-learning-para-clasificacion-visual-de-madera-aserrada-de-roble-y-rauli\/#primaryimage"},"thumbnailUrl":"https:\/\/www.mundoagropecuario.cl\/new\/wp-content\/uploads\/2020\/11\/elearning2_RobleRauli.jpg","datePublished":"2020-11-18T14:25:01+00:00","dateModified":"2020-11-19T15:25:52+00:00","description":"La iniciativa est\u00e1 dirigida a operarios y trabajadores de las distintas Pymes madereras, barracas, centros de venta de maderas, propietarios de bosque nativo, mueblistas, entre otros.","breadcrumb":{"@id":"https:\/\/www.mundoagropecuario.cl\/new\/infor-presenta-curso-e-learning-para-clasificacion-visual-de-madera-aserrada-de-roble-y-rauli\/#breadcrumb"},"inLanguage":"es","potentialAction":[{"@type":"ReadAction","target":["https:\/\/www.mundoagropecuario.cl\/new\/infor-presenta-curso-e-learning-para-clasificacion-visual-de-madera-aserrada-de-roble-y-rauli\/"]}]},{"@type":"ImageObject","inLanguage":"es","@id":"https:\/\/www.mundoagropecuario.cl\/new\/infor-presenta-curso-e-learning-para-clasificacion-visual-de-madera-aserrada-de-roble-y-rauli\/#primaryimage","url":"https:\/\/www.mundoagropecuario.cl\/new\/wp-content\/uploads\/2020\/11\/elearning2_RobleRauli.jpg","contentUrl":"https:\/\/www.mundoagropecuario.cl\/new\/wp-content\/uploads\/2020\/11\/elearning2_RobleRauli.jpg","width":560,"height":348},{"@type":"BreadcrumbList","@id":"https:\/\/www.mundoagropecuario.cl\/new\/infor-presenta-curso-e-learning-para-clasificacion-visual-de-madera-aserrada-de-roble-y-rauli\/#breadcrumb","itemListElement":[{"@type":"ListItem","position":1,"name":"Portada","item":"https:\/\/www.mundoagropecuario.cl\/new\/"},{"@type":"ListItem","position":2,"name":"INFOR presenta curso e-learning para clasificaci\u00f3n visual de madera aserrada de Roble y Raul\u00ed"}]},{"@type":"WebSite","@id":"https:\/\/www.mundoagropecuario.cl\/new\/#website","url":"https:\/\/www.mundoagropecuario.cl\/new\/","name":"Mundoagropecuario","description":"Mundo Agropecuario","publisher":{"@id":"https:\/\/www.mundoagropecuario.cl\/new\/#organization"},"potentialAction":[{"@type":"SearchAction","target":{"@type":"EntryPoint","urlTemplate":"https:\/\/www.mundoagropecuario.cl\/new\/?s={search_term_string}"},"query-input":{"@type":"PropertyValueSpecification","valueRequired":true,"valueName":"search_term_string"}}],"inLanguage":"es"},{"@type":"Organization","@id":"https:\/\/www.mundoagropecuario.cl\/new\/#organization","name":"Revista de Agricultura","url":"https:\/\/www.mundoagropecuario.cl\/new\/","logo":{"@type":"ImageObject","inLanguage":"es","@id":"https:\/\/www.mundoagropecuario.cl\/new\/#\/schema\/logo\/image\/","url":"https:\/\/www.mundoagropecuario.cl\/new\/wp-content\/uploads\/2020\/11\/PORTAL-1-1.png","contentUrl":"https:\/\/www.mundoagropecuario.cl\/new\/wp-content\/uploads\/2020\/11\/PORTAL-1-1.png","width":1026,"height":100,"caption":"Revista de Agricultura"},"image":{"@id":"https:\/\/www.mundoagropecuario.cl\/new\/#\/schema\/logo\/image\/"},"sameAs":["https:\/\/www.facebook.com\/mundo.agropecuario.3","https:\/\/x.com\/MundoAgropecuar","https:\/\/www.linkedin.com\/in\/mundo-agropecuario-934009201\/"]},{"@type":"Person","@id":"https:\/\/www.mundoagropecuario.cl\/new\/#\/schema\/person\/4e9f74a82a7dac260eb1c44b7eebeb18","name":"mundo","url":"https:\/\/www.mundoagropecuario.cl\/new\/author\/mundo\/"}]}},"_links":{"self":[{"href":"https:\/\/www.mundoagropecuario.cl\/new\/wp-json\/wp\/v2\/posts\/16952","targetHints":{"allow":["GET"]}}],"collection":[{"href":"https:\/\/www.mundoagropecuario.cl\/new\/wp-json\/wp\/v2\/posts"}],"about":[{"href":"https:\/\/www.mundoagropecuario.cl\/new\/wp-json\/wp\/v2\/types\/post"}],"author":[{"embeddable":true,"href":"https:\/\/www.mundoagropecuario.cl\/new\/wp-json\/wp\/v2\/users\/2"}],"replies":[{"embeddable":true,"href":"https:\/\/www.mundoagropecuario.cl\/new\/wp-json\/wp\/v2\/comments?post=16952"}],"version-history":[{"count":1,"href":"https:\/\/www.mundoagropecuario.cl\/new\/wp-json\/wp\/v2\/posts\/16952\/revisions"}],"predecessor-version":[{"id":16956,"href":"https:\/\/www.mundoagropecuario.cl\/new\/wp-json\/wp\/v2\/posts\/16952\/revisions\/16956"}],"wp:featuredmedia":[{"embeddable":true,"href":"https:\/\/www.mundoagropecuario.cl\/new\/wp-json\/wp\/v2\/media\/16953"}],"wp:attachment":[{"href":"https:\/\/www.mundoagropecuario.cl\/new\/wp-json\/wp\/v2\/media?parent=16952"}],"wp:term":[{"taxonomy":"category","embeddable":true,"href":"https:\/\/www.mundoagropecuario.cl\/new\/wp-json\/wp\/v2\/categories?post=16952"},{"taxonomy":"post_tag","embeddable":true,"href":"https:\/\/www.mundoagropecuario.cl\/new\/wp-json\/wp\/v2\/tags?post=16952"}],"curies":[{"name":"wp","href":"https:\/\/api.w.org\/{rel}","templated":true}]}}