{"id":16662,"date":"2020-11-09T11:14:40","date_gmt":"2020-11-09T14:14:40","guid":{"rendered":"http:\/\/www.mundoagropecuario.cl\/new\/?p=16662"},"modified":"2020-11-11T23:44:05","modified_gmt":"2020-11-12T02:44:05","slug":"director-nacional-inia-destaco-importancia-de-agricultura-de-secano-en-visita-a-centro-experimental-cauquenes","status":"publish","type":"post","link":"https:\/\/www.mundoagropecuario.cl\/new\/director-nacional-inia-destaco-importancia-de-agricultura-de-secano-en-visita-a-centro-experimental-cauquenes\/","title":{"rendered":"Director Nacional INIA destac\u00f3 importancia de agricultura de secano en visita a Centro Experimental Cauquenes"},"content":{"rendered":"\r\n<figure class=\"wp-block-gallery columns-0 is-cropped wp-block-gallery-1 is-layout-flex wp-block-gallery-is-layout-flex\"><\/figure>\r\n\r\n\r\n\r\n<p class=\"has-medium-font-size\"><span style=\"color: #008000;\"><em>Pedro Bustos valor\u00f3 el trabajo destinado a desarrollar esta agricultura vinculada a los peque\u00f1os productores, caracterizada por la ausencia de riego y con \u00e9nfasis en sistemas ganaderos y vitivinicultura.<\/em><\/span><\/p>\r\n\r\n\r\n\r\n<p>Un reconocimiento al trabajo que realizan investigadores para la agricultura de secano, hizo el Director Nacional de INIA, Pedro Bustos, tras visitar dependencias y predios que conforman el Centro Experimental Cauquenes, dependencia que el Instituto de Investigaciones Agropecuarias destina al desarrollo de la agricultura que solo recibe la lluvia como sistema de riego.<\/p>\r\n\r\n\r\n\r\n<p>\u201c\u00c9ste es un campo con gran potencial, es un campo representativo de la zona del secano mediterr\u00e1neo de Chile y que refleja el tipo de agricultura asociado a la agricultura familiar campesina, a la que tenemos que llegar con medios reales\u201d resalt\u00f3 Bustos.<\/p>\r\n\r\n\r\n\r\n<p>Respecto del trabajo que se ha priorizado en el \u00faltimo tiempo y que cada vez cobra m\u00e1s importancia por la constante disminuci\u00f3n de precipitaciones, el directivo destac\u00f3 los trabajos que se est\u00e1n haciendo en el \u00e1rea de alimentaci\u00f3n animal para la ganader\u00eda de los peque\u00f1os productores, y del impulso que se le da a la vitivinicultura con la valorizaci\u00f3n de las cepas patrimoniales.<\/p>\r\n\r\n\r\n\r\n<p>\u201cEs realmente impresionante lo que se est\u00e1 haciendo con las alfalfas que pueden producir del orden de 10 toneladas de materia seca sin agua\u201d. Pedro Bustos destac\u00f3 que \u201cno se trata s\u00f3lo de una variedad forrajera, sino que hay varias l\u00edneas candidatas a transformarse en variedades que representan una soluci\u00f3n muy interesante en especial en una agricultura con cada vez menos disponibilidad de agua\u201d.<\/p>\r\n\r\n\r\n\r\n<p>Asimismo, El director nacional de INIA tambi\u00e9n resalt\u00f3 los trabajos realizados en el rescate de vides patrimoniales a las que se les ha entregado valor agregado, \u201clo que ayuda a contar el relato tan importante de estas cepas centenarias\u201d. A\u00f1adi\u00f3 que este trabajo se complementa con servicios de laboratorio para que los vi\u00f1ateros puedan verificar de mejor forma la calidad de sus vinos, aumentando el potencial de ellos.<\/p>\r\n\r\n\r\n\r\n<p>Dada la disminuci\u00f3n de precipitaciones producto del cambio clim\u00e1tico, y de la necesidad de apoyar a los peque\u00f1os productores del secano, Bustos sostuvo destac\u00f3 que \u201csi pudi\u00e9ramos profundizar el trabajo que se est\u00e1 haciendo en la generaci\u00f3n de forraje de secano, en los trabajos de valorizaci\u00f3n de nuestras cepas patrimoniales, en tener una buena gen\u00e9tica ovina para esta zona, me sentir\u00eda muy satisfecho\u201d.<\/p>\r\n\r\n\r\n\r\n<p><span style=\"color: #008000;\"><strong>Impulso femenino en INIA Cauquenes<\/strong><\/span><\/p>\r\n\r\n\r\n\r\n<p>Tras la visita al Centro Experimental Cauquenes, donde se compenetr\u00f3 de los distintos trabajos que se llevan a cabo en la agricultura de secano, el Director Nacional de INIA valor\u00f3 la presencia femenina, tanto en labores de investigaci\u00f3n, extensi\u00f3n, de campo y administrativas. \u201cEsto es muy importante. Hace muy poco hemos lanzado nuestra pol\u00edtica de equidad de g\u00e9nero. En INIA tenemos aproximadamente un 34% de mujeres y muchas de ellas ocupando puestos muy interesantes, como el de la subdirectora nacional. Las capacidades de las mujeres no est\u00e1n en duda\u201d sostuvo Pedro Bustos, agregando que uno de los aspectos valorables de INIA es que en aspectos de remuneraciones el tema est\u00e1 bastante resuelto. \u201cEl desarrollo es por m\u00e9rito y no por g\u00e9nero, lo que es muy importante para el INIA y para Chile\u201d, concluy\u00f3.<\/p>\r\n\r\n\r\n\r\n<p>En su desplazamiento al Centro Experimental Cauquenes, el directivo nacional estuvo acompa\u00f1ado del Jefe Nacional Transferencia de Productos Tecnol\u00f3gicos INIA, Enrique Stange, del l\u00edder del grupo de especialidad de frutales, Gamalier Lemus y del Director Regional de INIA Raihu\u00e9n, Rodrigo Avil\u00e9s.<\/p>\r\n\r\n\r\n\r\n<p>Durante la jornada visitaron en detalle el m\u00f3dulo de producci\u00f3n de frutillas hidrop\u00f3nicas en macrot\u00faneles a cargo del investigador Cristi\u00e1n Balbont\u00edn; los trabajos en el laboratorio de servicios enol\u00f3gicos y sala de envasado, adem\u00e1s del jard\u00edn de variedades, a cargo de la investigadora Marisol Reyes; los trabajos de valorizaci\u00f3n y diversificaci\u00f3n de vides patrimoniales, a cargo de la investigadora y en\u00f3loga Irina D\u00edaz; los trabajos en el m\u00f3dulo gen\u00e9tico de ovinos de carne Suffolk Down, a cargo del agr\u00f3nomo Fernando Fern\u00e1ndez; y las acciones del programa de praderas a cargo de los investigadores Carlos Ovalle, Soledad Espinoza y Viviana Barahona.<\/p>\r\n","protected":false},"excerpt":{"rendered":"<p>Pedro Bustos valor\u00f3 el trabajo destinado a desarrollar esta agricultura vinculada a los peque\u00f1os productores, caracterizada por la ausencia de riego y con \u00e9nfasis en sistemas ganaderos y vitivinicultura. Un&#8230;<\/p>\n","protected":false},"author":2,"featured_media":16664,"comment_status":"closed","ping_status":"closed","sticky":false,"template":"","format":"standard","meta":{"footnotes":""},"categories":[1945],"tags":[2090,4870,4425,2052,4814],"class_list":["post-16662","post","type-post","status-publish","format-standard","has-post-thumbnail","hentry","category-agricultura","tag-agricultura","tag-centro-experimental-cauquenes","tag-director-nacional-de-inia","tag-inia","tag-pedro-bustos-inia"],"yoast_head":"<!-- This site is optimized with the Yoast SEO plugin v26.6 - https:\/\/yoast.com\/wordpress\/plugins\/seo\/ -->\n<title>Director Nacional INIA destac\u00f3 importancia de agricultura de secano en visita a Centro Experimental Cauquenes - Mundoagropecuario<\/title>\n<meta name=\"description\" content=\"Pedro Bustos valor\u00f3 el trabajo destinado a desarrollar esta agricultura vinculada a los peque\u00f1os productores, caracterizada por la ausencia de riego y con \u00e9nfasis en sistemas ganaderos y vitivinicultura.\" \/>\n<meta name=\"robots\" content=\"index, follow, max-snippet:-1, max-image-preview:large, max-video-preview:-1\" \/>\n<link rel=\"canonical\" href=\"https:\/\/www.mundoagropecuario.cl\/new\/director-nacional-inia-destaco-importancia-de-agricultura-de-secano-en-visita-a-centro-experimental-cauquenes\/\" \/>\n<meta property=\"og:locale\" content=\"es_ES\" \/>\n<meta property=\"og:type\" content=\"article\" \/>\n<meta property=\"og:title\" content=\"Director Nacional INIA destac\u00f3 importancia de agricultura de secano en visita a Centro Experimental Cauquenes - Mundoagropecuario\" \/>\n<meta property=\"og:description\" content=\"Pedro Bustos valor\u00f3 el trabajo destinado a desarrollar esta agricultura vinculada a los peque\u00f1os productores, caracterizada por la ausencia de riego y con \u00e9nfasis en sistemas ganaderos y vitivinicultura.\" \/>\n<meta property=\"og:url\" content=\"https:\/\/www.mundoagropecuario.cl\/new\/director-nacional-inia-destaco-importancia-de-agricultura-de-secano-en-visita-a-centro-experimental-cauquenes\/\" \/>\n<meta property=\"og:site_name\" content=\"Mundoagropecuario\" \/>\n<meta property=\"article:publisher\" content=\"https:\/\/www.facebook.com\/mundo.agropecuario.3\" \/>\n<meta property=\"article:published_time\" content=\"2020-11-09T14:14:40+00:00\" \/>\n<meta property=\"article:modified_time\" content=\"2020-11-12T02:44:05+00:00\" \/>\n<meta property=\"og:image\" content=\"https:\/\/www.mundoagropecuario.cl\/new\/wp-content\/uploads\/2020\/11\/Desarrollo-de-vinos-en-base-a-cepas-patrimoniales-scaled.jpeg\" \/>\n\t<meta property=\"og:image:width\" content=\"1024\" \/>\n\t<meta property=\"og:image:height\" content=\"768\" \/>\n\t<meta property=\"og:image:type\" content=\"image\/jpeg\" \/>\n<meta name=\"author\" content=\"mundo\" \/>\n<meta name=\"twitter:card\" content=\"summary_large_image\" \/>\n<meta name=\"twitter:creator\" content=\"@MundoAgropecuar\" \/>\n<meta name=\"twitter:site\" content=\"@MundoAgropecuar\" \/>\n<meta name=\"twitter:label1\" content=\"Escrito por\" \/>\n\t<meta name=\"twitter:data1\" content=\"mundo\" \/>\n\t<meta name=\"twitter:label2\" content=\"Tiempo de lectura\" \/>\n\t<meta name=\"twitter:data2\" content=\"4 minutos\" \/>\n<script type=\"application\/ld+json\" class=\"yoast-schema-graph\">{\"@context\":\"https:\/\/schema.org\",\"@graph\":[{\"@type\":\"Article\",\"@id\":\"https:\/\/www.mundoagropecuario.cl\/new\/director-nacional-inia-destaco-importancia-de-agricultura-de-secano-en-visita-a-centro-experimental-cauquenes\/#article\",\"isPartOf\":{\"@id\":\"https:\/\/www.mundoagropecuario.cl\/new\/director-nacional-inia-destaco-importancia-de-agricultura-de-secano-en-visita-a-centro-experimental-cauquenes\/\"},\"author\":{\"name\":\"mundo\",\"@id\":\"https:\/\/www.mundoagropecuario.cl\/new\/#\/schema\/person\/4e9f74a82a7dac260eb1c44b7eebeb18\"},\"headline\":\"Director Nacional INIA destac\u00f3 importancia de agricultura de secano en visita a Centro Experimental Cauquenes\",\"datePublished\":\"2020-11-09T14:14:40+00:00\",\"dateModified\":\"2020-11-12T02:44:05+00:00\",\"mainEntityOfPage\":{\"@id\":\"https:\/\/www.mundoagropecuario.cl\/new\/director-nacional-inia-destaco-importancia-de-agricultura-de-secano-en-visita-a-centro-experimental-cauquenes\/\"},\"wordCount\":727,\"publisher\":{\"@id\":\"https:\/\/www.mundoagropecuario.cl\/new\/#organization\"},\"image\":{\"@id\":\"https:\/\/www.mundoagropecuario.cl\/new\/director-nacional-inia-destaco-importancia-de-agricultura-de-secano-en-visita-a-centro-experimental-cauquenes\/#primaryimage\"},\"thumbnailUrl\":\"https:\/\/www.mundoagropecuario.cl\/new\/wp-content\/uploads\/2020\/11\/Desarrollo-de-vinos-en-base-a-cepas-patrimoniales-scaled.jpeg\",\"keywords\":[\"Agricultura\",\"Centro Experimental Cauquenes\",\"Director Nacional de INIA\",\"INIA\",\"Pedro Bustos INIA\"],\"articleSection\":[\"Agricultura\"],\"inLanguage\":\"es\"},{\"@type\":\"WebPage\",\"@id\":\"https:\/\/www.mundoagropecuario.cl\/new\/director-nacional-inia-destaco-importancia-de-agricultura-de-secano-en-visita-a-centro-experimental-cauquenes\/\",\"url\":\"https:\/\/www.mundoagropecuario.cl\/new\/director-nacional-inia-destaco-importancia-de-agricultura-de-secano-en-visita-a-centro-experimental-cauquenes\/\",\"name\":\"Director Nacional INIA destac\u00f3 importancia de agricultura de secano en visita a Centro Experimental Cauquenes - Mundoagropecuario\",\"isPartOf\":{\"@id\":\"https:\/\/www.mundoagropecuario.cl\/new\/#website\"},\"primaryImageOfPage\":{\"@id\":\"https:\/\/www.mundoagropecuario.cl\/new\/director-nacional-inia-destaco-importancia-de-agricultura-de-secano-en-visita-a-centro-experimental-cauquenes\/#primaryimage\"},\"image\":{\"@id\":\"https:\/\/www.mundoagropecuario.cl\/new\/director-nacional-inia-destaco-importancia-de-agricultura-de-secano-en-visita-a-centro-experimental-cauquenes\/#primaryimage\"},\"thumbnailUrl\":\"https:\/\/www.mundoagropecuario.cl\/new\/wp-content\/uploads\/2020\/11\/Desarrollo-de-vinos-en-base-a-cepas-patrimoniales-scaled.jpeg\",\"datePublished\":\"2020-11-09T14:14:40+00:00\",\"dateModified\":\"2020-11-12T02:44:05+00:00\",\"description\":\"Pedro Bustos valor\u00f3 el trabajo destinado a desarrollar esta agricultura vinculada a los peque\u00f1os productores, caracterizada por la ausencia de riego y con \u00e9nfasis en sistemas ganaderos y vitivinicultura.\",\"breadcrumb\":{\"@id\":\"https:\/\/www.mundoagropecuario.cl\/new\/director-nacional-inia-destaco-importancia-de-agricultura-de-secano-en-visita-a-centro-experimental-cauquenes\/#breadcrumb\"},\"inLanguage\":\"es\",\"potentialAction\":[{\"@type\":\"ReadAction\",\"target\":[\"https:\/\/www.mundoagropecuario.cl\/new\/director-nacional-inia-destaco-importancia-de-agricultura-de-secano-en-visita-a-centro-experimental-cauquenes\/\"]}]},{\"@type\":\"ImageObject\",\"inLanguage\":\"es\",\"@id\":\"https:\/\/www.mundoagropecuario.cl\/new\/director-nacional-inia-destaco-importancia-de-agricultura-de-secano-en-visita-a-centro-experimental-cauquenes\/#primaryimage\",\"url\":\"https:\/\/www.mundoagropecuario.cl\/new\/wp-content\/uploads\/2020\/11\/Desarrollo-de-vinos-en-base-a-cepas-patrimoniales-scaled.jpeg\",\"contentUrl\":\"https:\/\/www.mundoagropecuario.cl\/new\/wp-content\/uploads\/2020\/11\/Desarrollo-de-vinos-en-base-a-cepas-patrimoniales-scaled.jpeg\",\"width\":533,\"height\":400},{\"@type\":\"BreadcrumbList\",\"@id\":\"https:\/\/www.mundoagropecuario.cl\/new\/director-nacional-inia-destaco-importancia-de-agricultura-de-secano-en-visita-a-centro-experimental-cauquenes\/#breadcrumb\",\"itemListElement\":[{\"@type\":\"ListItem\",\"position\":1,\"name\":\"Portada\",\"item\":\"https:\/\/www.mundoagropecuario.cl\/new\/\"},{\"@type\":\"ListItem\",\"position\":2,\"name\":\"Director Nacional INIA destac\u00f3 importancia de agricultura de secano en visita a Centro Experimental Cauquenes\"}]},{\"@type\":\"WebSite\",\"@id\":\"https:\/\/www.mundoagropecuario.cl\/new\/#website\",\"url\":\"https:\/\/www.mundoagropecuario.cl\/new\/\",\"name\":\"Mundoagropecuario\",\"description\":\"Mundo Agropecuario\",\"publisher\":{\"@id\":\"https:\/\/www.mundoagropecuario.cl\/new\/#organization\"},\"potentialAction\":[{\"@type\":\"SearchAction\",\"target\":{\"@type\":\"EntryPoint\",\"urlTemplate\":\"https:\/\/www.mundoagropecuario.cl\/new\/?s={search_term_string}\"},\"query-input\":{\"@type\":\"PropertyValueSpecification\",\"valueRequired\":true,\"valueName\":\"search_term_string\"}}],\"inLanguage\":\"es\"},{\"@type\":\"Organization\",\"@id\":\"https:\/\/www.mundoagropecuario.cl\/new\/#organization\",\"name\":\"Revista de Agricultura\",\"url\":\"https:\/\/www.mundoagropecuario.cl\/new\/\",\"logo\":{\"@type\":\"ImageObject\",\"inLanguage\":\"es\",\"@id\":\"https:\/\/www.mundoagropecuario.cl\/new\/#\/schema\/logo\/image\/\",\"url\":\"https:\/\/www.mundoagropecuario.cl\/new\/wp-content\/uploads\/2020\/11\/PORTAL-1-1.png\",\"contentUrl\":\"https:\/\/www.mundoagropecuario.cl\/new\/wp-content\/uploads\/2020\/11\/PORTAL-1-1.png\",\"width\":1026,\"height\":100,\"caption\":\"Revista de Agricultura\"},\"image\":{\"@id\":\"https:\/\/www.mundoagropecuario.cl\/new\/#\/schema\/logo\/image\/\"},\"sameAs\":[\"https:\/\/www.facebook.com\/mundo.agropecuario.3\",\"https:\/\/x.com\/MundoAgropecuar\",\"https:\/\/www.linkedin.com\/in\/mundo-agropecuario-934009201\/\"]},{\"@type\":\"Person\",\"@id\":\"https:\/\/www.mundoagropecuario.cl\/new\/#\/schema\/person\/4e9f74a82a7dac260eb1c44b7eebeb18\",\"name\":\"mundo\",\"url\":\"https:\/\/www.mundoagropecuario.cl\/new\/author\/mundo\/\"}]}<\/script>\n<!-- \/ Yoast SEO plugin. -->","yoast_head_json":{"title":"Director Nacional INIA destac\u00f3 importancia de agricultura de secano en visita a Centro Experimental Cauquenes - Mundoagropecuario","description":"Pedro Bustos valor\u00f3 el trabajo destinado a desarrollar esta agricultura vinculada a los peque\u00f1os productores, caracterizada por la ausencia de riego y con \u00e9nfasis en sistemas ganaderos y vitivinicultura.","robots":{"index":"index","follow":"follow","max-snippet":"max-snippet:-1","max-image-preview":"max-image-preview:large","max-video-preview":"max-video-preview:-1"},"canonical":"https:\/\/www.mundoagropecuario.cl\/new\/director-nacional-inia-destaco-importancia-de-agricultura-de-secano-en-visita-a-centro-experimental-cauquenes\/","og_locale":"es_ES","og_type":"article","og_title":"Director Nacional INIA destac\u00f3 importancia de agricultura de secano en visita a Centro Experimental Cauquenes - Mundoagropecuario","og_description":"Pedro Bustos valor\u00f3 el trabajo destinado a desarrollar esta agricultura vinculada a los peque\u00f1os productores, caracterizada por la ausencia de riego y con \u00e9nfasis en sistemas ganaderos y vitivinicultura.","og_url":"https:\/\/www.mundoagropecuario.cl\/new\/director-nacional-inia-destaco-importancia-de-agricultura-de-secano-en-visita-a-centro-experimental-cauquenes\/","og_site_name":"Mundoagropecuario","article_publisher":"https:\/\/www.facebook.com\/mundo.agropecuario.3","article_published_time":"2020-11-09T14:14:40+00:00","article_modified_time":"2020-11-12T02:44:05+00:00","og_image":[{"width":1024,"height":768,"url":"https:\/\/www.mundoagropecuario.cl\/new\/wp-content\/uploads\/2020\/11\/Desarrollo-de-vinos-en-base-a-cepas-patrimoniales-scaled.jpeg","type":"image\/jpeg"}],"author":"mundo","twitter_card":"summary_large_image","twitter_creator":"@MundoAgropecuar","twitter_site":"@MundoAgropecuar","twitter_misc":{"Escrito por":"mundo","Tiempo de lectura":"4 minutos"},"schema":{"@context":"https:\/\/schema.org","@graph":[{"@type":"Article","@id":"https:\/\/www.mundoagropecuario.cl\/new\/director-nacional-inia-destaco-importancia-de-agricultura-de-secano-en-visita-a-centro-experimental-cauquenes\/#article","isPartOf":{"@id":"https:\/\/www.mundoagropecuario.cl\/new\/director-nacional-inia-destaco-importancia-de-agricultura-de-secano-en-visita-a-centro-experimental-cauquenes\/"},"author":{"name":"mundo","@id":"https:\/\/www.mundoagropecuario.cl\/new\/#\/schema\/person\/4e9f74a82a7dac260eb1c44b7eebeb18"},"headline":"Director Nacional INIA destac\u00f3 importancia de agricultura de secano en visita a Centro Experimental Cauquenes","datePublished":"2020-11-09T14:14:40+00:00","dateModified":"2020-11-12T02:44:05+00:00","mainEntityOfPage":{"@id":"https:\/\/www.mundoagropecuario.cl\/new\/director-nacional-inia-destaco-importancia-de-agricultura-de-secano-en-visita-a-centro-experimental-cauquenes\/"},"wordCount":727,"publisher":{"@id":"https:\/\/www.mundoagropecuario.cl\/new\/#organization"},"image":{"@id":"https:\/\/www.mundoagropecuario.cl\/new\/director-nacional-inia-destaco-importancia-de-agricultura-de-secano-en-visita-a-centro-experimental-cauquenes\/#primaryimage"},"thumbnailUrl":"https:\/\/www.mundoagropecuario.cl\/new\/wp-content\/uploads\/2020\/11\/Desarrollo-de-vinos-en-base-a-cepas-patrimoniales-scaled.jpeg","keywords":["Agricultura","Centro Experimental Cauquenes","Director Nacional de INIA","INIA","Pedro Bustos INIA"],"articleSection":["Agricultura"],"inLanguage":"es"},{"@type":"WebPage","@id":"https:\/\/www.mundoagropecuario.cl\/new\/director-nacional-inia-destaco-importancia-de-agricultura-de-secano-en-visita-a-centro-experimental-cauquenes\/","url":"https:\/\/www.mundoagropecuario.cl\/new\/director-nacional-inia-destaco-importancia-de-agricultura-de-secano-en-visita-a-centro-experimental-cauquenes\/","name":"Director Nacional INIA destac\u00f3 importancia de agricultura de secano en visita a Centro Experimental Cauquenes - Mundoagropecuario","isPartOf":{"@id":"https:\/\/www.mundoagropecuario.cl\/new\/#website"},"primaryImageOfPage":{"@id":"https:\/\/www.mundoagropecuario.cl\/new\/director-nacional-inia-destaco-importancia-de-agricultura-de-secano-en-visita-a-centro-experimental-cauquenes\/#primaryimage"},"image":{"@id":"https:\/\/www.mundoagropecuario.cl\/new\/director-nacional-inia-destaco-importancia-de-agricultura-de-secano-en-visita-a-centro-experimental-cauquenes\/#primaryimage"},"thumbnailUrl":"https:\/\/www.mundoagropecuario.cl\/new\/wp-content\/uploads\/2020\/11\/Desarrollo-de-vinos-en-base-a-cepas-patrimoniales-scaled.jpeg","datePublished":"2020-11-09T14:14:40+00:00","dateModified":"2020-11-12T02:44:05+00:00","description":"Pedro Bustos valor\u00f3 el trabajo destinado a desarrollar esta agricultura vinculada a los peque\u00f1os productores, caracterizada por la ausencia de riego y con \u00e9nfasis en sistemas ganaderos y vitivinicultura.","breadcrumb":{"@id":"https:\/\/www.mundoagropecuario.cl\/new\/director-nacional-inia-destaco-importancia-de-agricultura-de-secano-en-visita-a-centro-experimental-cauquenes\/#breadcrumb"},"inLanguage":"es","potentialAction":[{"@type":"ReadAction","target":["https:\/\/www.mundoagropecuario.cl\/new\/director-nacional-inia-destaco-importancia-de-agricultura-de-secano-en-visita-a-centro-experimental-cauquenes\/"]}]},{"@type":"ImageObject","inLanguage":"es","@id":"https:\/\/www.mundoagropecuario.cl\/new\/director-nacional-inia-destaco-importancia-de-agricultura-de-secano-en-visita-a-centro-experimental-cauquenes\/#primaryimage","url":"https:\/\/www.mundoagropecuario.cl\/new\/wp-content\/uploads\/2020\/11\/Desarrollo-de-vinos-en-base-a-cepas-patrimoniales-scaled.jpeg","contentUrl":"https:\/\/www.mundoagropecuario.cl\/new\/wp-content\/uploads\/2020\/11\/Desarrollo-de-vinos-en-base-a-cepas-patrimoniales-scaled.jpeg","width":533,"height":400},{"@type":"BreadcrumbList","@id":"https:\/\/www.mundoagropecuario.cl\/new\/director-nacional-inia-destaco-importancia-de-agricultura-de-secano-en-visita-a-centro-experimental-cauquenes\/#breadcrumb","itemListElement":[{"@type":"ListItem","position":1,"name":"Portada","item":"https:\/\/www.mundoagropecuario.cl\/new\/"},{"@type":"ListItem","position":2,"name":"Director Nacional INIA destac\u00f3 importancia de agricultura de secano en visita a Centro Experimental Cauquenes"}]},{"@type":"WebSite","@id":"https:\/\/www.mundoagropecuario.cl\/new\/#website","url":"https:\/\/www.mundoagropecuario.cl\/new\/","name":"Mundoagropecuario","description":"Mundo Agropecuario","publisher":{"@id":"https:\/\/www.mundoagropecuario.cl\/new\/#organization"},"potentialAction":[{"@type":"SearchAction","target":{"@type":"EntryPoint","urlTemplate":"https:\/\/www.mundoagropecuario.cl\/new\/?s={search_term_string}"},"query-input":{"@type":"PropertyValueSpecification","valueRequired":true,"valueName":"search_term_string"}}],"inLanguage":"es"},{"@type":"Organization","@id":"https:\/\/www.mundoagropecuario.cl\/new\/#organization","name":"Revista de Agricultura","url":"https:\/\/www.mundoagropecuario.cl\/new\/","logo":{"@type":"ImageObject","inLanguage":"es","@id":"https:\/\/www.mundoagropecuario.cl\/new\/#\/schema\/logo\/image\/","url":"https:\/\/www.mundoagropecuario.cl\/new\/wp-content\/uploads\/2020\/11\/PORTAL-1-1.png","contentUrl":"https:\/\/www.mundoagropecuario.cl\/new\/wp-content\/uploads\/2020\/11\/PORTAL-1-1.png","width":1026,"height":100,"caption":"Revista de Agricultura"},"image":{"@id":"https:\/\/www.mundoagropecuario.cl\/new\/#\/schema\/logo\/image\/"},"sameAs":["https:\/\/www.facebook.com\/mundo.agropecuario.3","https:\/\/x.com\/MundoAgropecuar","https:\/\/www.linkedin.com\/in\/mundo-agropecuario-934009201\/"]},{"@type":"Person","@id":"https:\/\/www.mundoagropecuario.cl\/new\/#\/schema\/person\/4e9f74a82a7dac260eb1c44b7eebeb18","name":"mundo","url":"https:\/\/www.mundoagropecuario.cl\/new\/author\/mundo\/"}]}},"_links":{"self":[{"href":"https:\/\/www.mundoagropecuario.cl\/new\/wp-json\/wp\/v2\/posts\/16662","targetHints":{"allow":["GET"]}}],"collection":[{"href":"https:\/\/www.mundoagropecuario.cl\/new\/wp-json\/wp\/v2\/posts"}],"about":[{"href":"https:\/\/www.mundoagropecuario.cl\/new\/wp-json\/wp\/v2\/types\/post"}],"author":[{"embeddable":true,"href":"https:\/\/www.mundoagropecuario.cl\/new\/wp-json\/wp\/v2\/users\/2"}],"replies":[{"embeddable":true,"href":"https:\/\/www.mundoagropecuario.cl\/new\/wp-json\/wp\/v2\/comments?post=16662"}],"version-history":[{"count":3,"href":"https:\/\/www.mundoagropecuario.cl\/new\/wp-json\/wp\/v2\/posts\/16662\/revisions"}],"predecessor-version":[{"id":16774,"href":"https:\/\/www.mundoagropecuario.cl\/new\/wp-json\/wp\/v2\/posts\/16662\/revisions\/16774"}],"wp:featuredmedia":[{"embeddable":true,"href":"https:\/\/www.mundoagropecuario.cl\/new\/wp-json\/wp\/v2\/media\/16664"}],"wp:attachment":[{"href":"https:\/\/www.mundoagropecuario.cl\/new\/wp-json\/wp\/v2\/media?parent=16662"}],"wp:term":[{"taxonomy":"category","embeddable":true,"href":"https:\/\/www.mundoagropecuario.cl\/new\/wp-json\/wp\/v2\/categories?post=16662"},{"taxonomy":"post_tag","embeddable":true,"href":"https:\/\/www.mundoagropecuario.cl\/new\/wp-json\/wp\/v2\/tags?post=16662"}],"curies":[{"name":"wp","href":"https:\/\/api.w.org\/{rel}","templated":true}]}}