{"id":16465,"date":"2020-10-26T10:10:36","date_gmt":"2020-10-26T13:10:36","guid":{"rendered":"http:\/\/www.mundoagropecuario.cl\/new\/?p=16465"},"modified":"2020-10-27T11:36:10","modified_gmt":"2020-10-27T14:36:10","slug":"sag-recuerda-a-apicultores-registrarse-y-declarar-sus-colmenas","status":"publish","type":"post","link":"https:\/\/www.mundoagropecuario.cl\/new\/sag-recuerda-a-apicultores-registrarse-y-declarar-sus-colmenas\/","title":{"rendered":"SAG Recuerda a apicultores registrarse y declarar sus colmenas"},"content":{"rendered":"\n<figure class=\"wp-block-gallery columns-0 is-cropped wp-block-gallery-1 is-layout-flex wp-block-gallery-is-layout-flex\"><ul class=\"blocks-gallery-grid\"><\/ul><\/figure>\n\n\n\n<p class=\"has-medium-font-size\"><em>Durante el mes de octubre, de cada a\u00f1o, las personas que se dedican al rubro ap\u00edcola deben registrarse y declarar sus apiarios en el Registro Oficial de Apicultores que lleva el Servicio Agr\u00edcola y Ganadero, SAG (Mundo Agropecuario).<\/em><\/p>\n\n\n\n<p>Esta obligaci\u00f3n rige para todas las personas que se dedican a la producci\u00f3n de miel y polen; a la crianza de abejas reinas, n\u00facleos o paquetes de abejas; como tambi\u00e9n para quienes producen cera y obtienen otros productos de la colmena o trabajan en la apiterapia.<\/p>\n\n\n\n<p>\u201cEn el rubro ap\u00edcola es necesario llevar un registro de los apicultores y de sus apiarios con la finalidad de saber cu\u00e1ntos son, d\u00f3nde est\u00e1n y realizar un perfil tanto del apicultor como de su actividad productiva\u201d, explic\u00f3 Eduardo Monreal, Director Regional del SAG.<\/p>\n\n\n\n<p>La Autoridad Regional agreg\u00f3 que \u201cla informaci\u00f3n que se obtiene es un insumo relevante para nuestro Servicio dado que nos permite orientar las acciones de vigilancia sanitaria, conocer las enfermedades que afectan a las colmenas, recoger informaci\u00f3n sobre las acciones o manejos sanitarios que efect\u00faan los productores en sus apiarios, y de este modo, orientarlos para que puedan producir miel con un enfoque sanitario\u201d.<\/p>\n\n\n\n<p>Producto de la contingencia sanitaria (pandemia COVID19), el Director Regional del SAG hizo un llamado a realizar este tr\u00e1mite de manera digital en el sitio sipecweb.sag.gob.cl. Para quienes no puedan emplear esta opci\u00f3n, pueden concurrir a las oficinas sectoriales del SAG y completar el Formulario de Registro de Apicultores y la Declaraci\u00f3n de Apiarios. Frente a cualquier dificultad, tambi\u00e9n pueden comunicarse a trav\u00e9s del correo electr\u00f3nico contacto.loslagos@sag.gob.cl o al n\u00famero 9325 38027<\/p>\n\n\n\n<p>Cabe indicar que tener al d\u00eda la declaraci\u00f3n de apiarios y colmenas es tambi\u00e9n requisito obligatorio para postular a instrumentos y programas del Estado que van en apoyo al rubro ap\u00edcola, adem\u00e1s, es un factor clave de trazabilidad que se exige a la cadena productiva ap\u00edcola para la comercializaci\u00f3n con fines de exportaci\u00f3n.<\/p>\n\n\n\n<p>Seg\u00fan reporte del Bolet\u00edn Ap\u00edcola 2019, que tiene como fuente la plataforma SIPEC (septiembre 2019) en la regi\u00f3n de Los Lagos se contabilizan 108.649 colmenas residentes en la zona y 466 apicultores, la mayor\u00eda concentrados en las provincias de Osorno y Llanquihue, producci\u00f3n ap\u00edcola que est\u00e1 concentrada en la peque\u00f1a y mediana agricultura.<\/p>\n","protected":false},"excerpt":{"rendered":"<p>Durante el mes de octubre, de cada a\u00f1o, las personas que se dedican al rubro ap\u00edcola deben registrarse y declarar sus apiarios en el Registro Oficial de Apicultores que lleva&#8230;<\/p>\n","protected":false},"author":2,"featured_media":16466,"comment_status":"closed","ping_status":"closed","sticky":false,"template":"","format":"standard","meta":{"footnotes":""},"categories":[1945],"tags":[4380,2090,1982,2036],"class_list":["post-16465","post","type-post","status-publish","format-standard","has-post-thumbnail","hentry","category-agricultura","tag-agr","tag-agricultura","tag-apicultores","tag-sag"],"yoast_head":"<!-- This site is optimized with the Yoast SEO plugin v26.6 - https:\/\/yoast.com\/wordpress\/plugins\/seo\/ -->\n<title>SAG Recuerda a apicultores registrarse y declarar sus colmenas - Mundoagropecuario<\/title>\n<meta name=\"robots\" content=\"index, follow, max-snippet:-1, max-image-preview:large, max-video-preview:-1\" \/>\n<link rel=\"canonical\" href=\"https:\/\/www.mundoagropecuario.cl\/new\/sag-recuerda-a-apicultores-registrarse-y-declarar-sus-colmenas\/\" \/>\n<meta property=\"og:locale\" content=\"es_ES\" \/>\n<meta property=\"og:type\" content=\"article\" \/>\n<meta property=\"og:title\" content=\"SAG Recuerda a apicultores registrarse y declarar sus colmenas - Mundoagropecuario\" \/>\n<meta property=\"og:description\" content=\"Durante el mes de octubre, de cada a\u00f1o, las personas que se dedican al rubro ap\u00edcola deben registrarse y declarar sus apiarios en el Registro Oficial de Apicultores que lleva...\" \/>\n<meta property=\"og:url\" content=\"https:\/\/www.mundoagropecuario.cl\/new\/sag-recuerda-a-apicultores-registrarse-y-declarar-sus-colmenas\/\" \/>\n<meta property=\"og:site_name\" content=\"Mundoagropecuario\" \/>\n<meta property=\"article:publisher\" content=\"https:\/\/www.facebook.com\/mundo.agropecuario.3\" \/>\n<meta property=\"article:published_time\" content=\"2020-10-26T13:10:36+00:00\" \/>\n<meta property=\"article:modified_time\" content=\"2020-10-27T14:36:10+00:00\" \/>\n<meta property=\"og:image\" content=\"https:\/\/www.mundoagropecuario.cl\/new\/wp-content\/uploads\/2020\/10\/foto-SAG_apicola-scaled.jpg\" \/>\n\t<meta property=\"og:image:width\" content=\"1024\" \/>\n\t<meta property=\"og:image:height\" content=\"683\" \/>\n\t<meta property=\"og:image:type\" content=\"image\/jpeg\" \/>\n<meta name=\"author\" content=\"mundo\" \/>\n<meta name=\"twitter:card\" content=\"summary_large_image\" \/>\n<meta name=\"twitter:creator\" content=\"@MundoAgropecuar\" \/>\n<meta name=\"twitter:site\" content=\"@MundoAgropecuar\" \/>\n<meta name=\"twitter:label1\" content=\"Escrito por\" \/>\n\t<meta name=\"twitter:data1\" content=\"mundo\" \/>\n\t<meta name=\"twitter:label2\" content=\"Tiempo de lectura\" \/>\n\t<meta name=\"twitter:data2\" content=\"2 minutos\" \/>\n<script type=\"application\/ld+json\" class=\"yoast-schema-graph\">{\"@context\":\"https:\/\/schema.org\",\"@graph\":[{\"@type\":\"Article\",\"@id\":\"https:\/\/www.mundoagropecuario.cl\/new\/sag-recuerda-a-apicultores-registrarse-y-declarar-sus-colmenas\/#article\",\"isPartOf\":{\"@id\":\"https:\/\/www.mundoagropecuario.cl\/new\/sag-recuerda-a-apicultores-registrarse-y-declarar-sus-colmenas\/\"},\"author\":{\"name\":\"mundo\",\"@id\":\"https:\/\/www.mundoagropecuario.cl\/new\/#\/schema\/person\/4e9f74a82a7dac260eb1c44b7eebeb18\"},\"headline\":\"SAG Recuerda a apicultores registrarse y declarar sus colmenas\",\"datePublished\":\"2020-10-26T13:10:36+00:00\",\"dateModified\":\"2020-10-27T14:36:10+00:00\",\"mainEntityOfPage\":{\"@id\":\"https:\/\/www.mundoagropecuario.cl\/new\/sag-recuerda-a-apicultores-registrarse-y-declarar-sus-colmenas\/\"},\"wordCount\":417,\"publisher\":{\"@id\":\"https:\/\/www.mundoagropecuario.cl\/new\/#organization\"},\"image\":{\"@id\":\"https:\/\/www.mundoagropecuario.cl\/new\/sag-recuerda-a-apicultores-registrarse-y-declarar-sus-colmenas\/#primaryimage\"},\"thumbnailUrl\":\"https:\/\/www.mundoagropecuario.cl\/new\/wp-content\/uploads\/2020\/10\/foto-SAG_apicola-scaled.jpg\",\"keywords\":[\"agr\",\"Agricultura\",\"apicultores\",\"SAG\"],\"articleSection\":[\"Agricultura\"],\"inLanguage\":\"es\"},{\"@type\":\"WebPage\",\"@id\":\"https:\/\/www.mundoagropecuario.cl\/new\/sag-recuerda-a-apicultores-registrarse-y-declarar-sus-colmenas\/\",\"url\":\"https:\/\/www.mundoagropecuario.cl\/new\/sag-recuerda-a-apicultores-registrarse-y-declarar-sus-colmenas\/\",\"name\":\"SAG Recuerda a apicultores registrarse y declarar sus colmenas - Mundoagropecuario\",\"isPartOf\":{\"@id\":\"https:\/\/www.mundoagropecuario.cl\/new\/#website\"},\"primaryImageOfPage\":{\"@id\":\"https:\/\/www.mundoagropecuario.cl\/new\/sag-recuerda-a-apicultores-registrarse-y-declarar-sus-colmenas\/#primaryimage\"},\"image\":{\"@id\":\"https:\/\/www.mundoagropecuario.cl\/new\/sag-recuerda-a-apicultores-registrarse-y-declarar-sus-colmenas\/#primaryimage\"},\"thumbnailUrl\":\"https:\/\/www.mundoagropecuario.cl\/new\/wp-content\/uploads\/2020\/10\/foto-SAG_apicola-scaled.jpg\",\"datePublished\":\"2020-10-26T13:10:36+00:00\",\"dateModified\":\"2020-10-27T14:36:10+00:00\",\"breadcrumb\":{\"@id\":\"https:\/\/www.mundoagropecuario.cl\/new\/sag-recuerda-a-apicultores-registrarse-y-declarar-sus-colmenas\/#breadcrumb\"},\"inLanguage\":\"es\",\"potentialAction\":[{\"@type\":\"ReadAction\",\"target\":[\"https:\/\/www.mundoagropecuario.cl\/new\/sag-recuerda-a-apicultores-registrarse-y-declarar-sus-colmenas\/\"]}]},{\"@type\":\"ImageObject\",\"inLanguage\":\"es\",\"@id\":\"https:\/\/www.mundoagropecuario.cl\/new\/sag-recuerda-a-apicultores-registrarse-y-declarar-sus-colmenas\/#primaryimage\",\"url\":\"https:\/\/www.mundoagropecuario.cl\/new\/wp-content\/uploads\/2020\/10\/foto-SAG_apicola-scaled.jpg\",\"contentUrl\":\"https:\/\/www.mundoagropecuario.cl\/new\/wp-content\/uploads\/2020\/10\/foto-SAG_apicola-scaled.jpg\",\"width\":600,\"height\":400},{\"@type\":\"BreadcrumbList\",\"@id\":\"https:\/\/www.mundoagropecuario.cl\/new\/sag-recuerda-a-apicultores-registrarse-y-declarar-sus-colmenas\/#breadcrumb\",\"itemListElement\":[{\"@type\":\"ListItem\",\"position\":1,\"name\":\"Portada\",\"item\":\"https:\/\/www.mundoagropecuario.cl\/new\/\"},{\"@type\":\"ListItem\",\"position\":2,\"name\":\"SAG Recuerda a apicultores registrarse y declarar sus colmenas\"}]},{\"@type\":\"WebSite\",\"@id\":\"https:\/\/www.mundoagropecuario.cl\/new\/#website\",\"url\":\"https:\/\/www.mundoagropecuario.cl\/new\/\",\"name\":\"Mundoagropecuario\",\"description\":\"Mundo Agropecuario\",\"publisher\":{\"@id\":\"https:\/\/www.mundoagropecuario.cl\/new\/#organization\"},\"potentialAction\":[{\"@type\":\"SearchAction\",\"target\":{\"@type\":\"EntryPoint\",\"urlTemplate\":\"https:\/\/www.mundoagropecuario.cl\/new\/?s={search_term_string}\"},\"query-input\":{\"@type\":\"PropertyValueSpecification\",\"valueRequired\":true,\"valueName\":\"search_term_string\"}}],\"inLanguage\":\"es\"},{\"@type\":\"Organization\",\"@id\":\"https:\/\/www.mundoagropecuario.cl\/new\/#organization\",\"name\":\"Revista de Agricultura\",\"url\":\"https:\/\/www.mundoagropecuario.cl\/new\/\",\"logo\":{\"@type\":\"ImageObject\",\"inLanguage\":\"es\",\"@id\":\"https:\/\/www.mundoagropecuario.cl\/new\/#\/schema\/logo\/image\/\",\"url\":\"https:\/\/www.mundoagropecuario.cl\/new\/wp-content\/uploads\/2020\/11\/PORTAL-1-1.png\",\"contentUrl\":\"https:\/\/www.mundoagropecuario.cl\/new\/wp-content\/uploads\/2020\/11\/PORTAL-1-1.png\",\"width\":1026,\"height\":100,\"caption\":\"Revista de Agricultura\"},\"image\":{\"@id\":\"https:\/\/www.mundoagropecuario.cl\/new\/#\/schema\/logo\/image\/\"},\"sameAs\":[\"https:\/\/www.facebook.com\/mundo.agropecuario.3\",\"https:\/\/x.com\/MundoAgropecuar\",\"https:\/\/www.linkedin.com\/in\/mundo-agropecuario-934009201\/\"]},{\"@type\":\"Person\",\"@id\":\"https:\/\/www.mundoagropecuario.cl\/new\/#\/schema\/person\/4e9f74a82a7dac260eb1c44b7eebeb18\",\"name\":\"mundo\",\"url\":\"https:\/\/www.mundoagropecuario.cl\/new\/author\/mundo\/\"}]}<\/script>\n<!-- \/ Yoast SEO plugin. -->","yoast_head_json":{"title":"SAG Recuerda a apicultores registrarse y declarar sus colmenas - Mundoagropecuario","robots":{"index":"index","follow":"follow","max-snippet":"max-snippet:-1","max-image-preview":"max-image-preview:large","max-video-preview":"max-video-preview:-1"},"canonical":"https:\/\/www.mundoagropecuario.cl\/new\/sag-recuerda-a-apicultores-registrarse-y-declarar-sus-colmenas\/","og_locale":"es_ES","og_type":"article","og_title":"SAG Recuerda a apicultores registrarse y declarar sus colmenas - Mundoagropecuario","og_description":"Durante el mes de octubre, de cada a\u00f1o, las personas que se dedican al rubro ap\u00edcola deben registrarse y declarar sus apiarios en el Registro Oficial de Apicultores que lleva...","og_url":"https:\/\/www.mundoagropecuario.cl\/new\/sag-recuerda-a-apicultores-registrarse-y-declarar-sus-colmenas\/","og_site_name":"Mundoagropecuario","article_publisher":"https:\/\/www.facebook.com\/mundo.agropecuario.3","article_published_time":"2020-10-26T13:10:36+00:00","article_modified_time":"2020-10-27T14:36:10+00:00","og_image":[{"width":1024,"height":683,"url":"https:\/\/www.mundoagropecuario.cl\/new\/wp-content\/uploads\/2020\/10\/foto-SAG_apicola-scaled.jpg","type":"image\/jpeg"}],"author":"mundo","twitter_card":"summary_large_image","twitter_creator":"@MundoAgropecuar","twitter_site":"@MundoAgropecuar","twitter_misc":{"Escrito por":"mundo","Tiempo de lectura":"2 minutos"},"schema":{"@context":"https:\/\/schema.org","@graph":[{"@type":"Article","@id":"https:\/\/www.mundoagropecuario.cl\/new\/sag-recuerda-a-apicultores-registrarse-y-declarar-sus-colmenas\/#article","isPartOf":{"@id":"https:\/\/www.mundoagropecuario.cl\/new\/sag-recuerda-a-apicultores-registrarse-y-declarar-sus-colmenas\/"},"author":{"name":"mundo","@id":"https:\/\/www.mundoagropecuario.cl\/new\/#\/schema\/person\/4e9f74a82a7dac260eb1c44b7eebeb18"},"headline":"SAG Recuerda a apicultores registrarse y declarar sus colmenas","datePublished":"2020-10-26T13:10:36+00:00","dateModified":"2020-10-27T14:36:10+00:00","mainEntityOfPage":{"@id":"https:\/\/www.mundoagropecuario.cl\/new\/sag-recuerda-a-apicultores-registrarse-y-declarar-sus-colmenas\/"},"wordCount":417,"publisher":{"@id":"https:\/\/www.mundoagropecuario.cl\/new\/#organization"},"image":{"@id":"https:\/\/www.mundoagropecuario.cl\/new\/sag-recuerda-a-apicultores-registrarse-y-declarar-sus-colmenas\/#primaryimage"},"thumbnailUrl":"https:\/\/www.mundoagropecuario.cl\/new\/wp-content\/uploads\/2020\/10\/foto-SAG_apicola-scaled.jpg","keywords":["agr","Agricultura","apicultores","SAG"],"articleSection":["Agricultura"],"inLanguage":"es"},{"@type":"WebPage","@id":"https:\/\/www.mundoagropecuario.cl\/new\/sag-recuerda-a-apicultores-registrarse-y-declarar-sus-colmenas\/","url":"https:\/\/www.mundoagropecuario.cl\/new\/sag-recuerda-a-apicultores-registrarse-y-declarar-sus-colmenas\/","name":"SAG Recuerda a apicultores registrarse y declarar sus colmenas - Mundoagropecuario","isPartOf":{"@id":"https:\/\/www.mundoagropecuario.cl\/new\/#website"},"primaryImageOfPage":{"@id":"https:\/\/www.mundoagropecuario.cl\/new\/sag-recuerda-a-apicultores-registrarse-y-declarar-sus-colmenas\/#primaryimage"},"image":{"@id":"https:\/\/www.mundoagropecuario.cl\/new\/sag-recuerda-a-apicultores-registrarse-y-declarar-sus-colmenas\/#primaryimage"},"thumbnailUrl":"https:\/\/www.mundoagropecuario.cl\/new\/wp-content\/uploads\/2020\/10\/foto-SAG_apicola-scaled.jpg","datePublished":"2020-10-26T13:10:36+00:00","dateModified":"2020-10-27T14:36:10+00:00","breadcrumb":{"@id":"https:\/\/www.mundoagropecuario.cl\/new\/sag-recuerda-a-apicultores-registrarse-y-declarar-sus-colmenas\/#breadcrumb"},"inLanguage":"es","potentialAction":[{"@type":"ReadAction","target":["https:\/\/www.mundoagropecuario.cl\/new\/sag-recuerda-a-apicultores-registrarse-y-declarar-sus-colmenas\/"]}]},{"@type":"ImageObject","inLanguage":"es","@id":"https:\/\/www.mundoagropecuario.cl\/new\/sag-recuerda-a-apicultores-registrarse-y-declarar-sus-colmenas\/#primaryimage","url":"https:\/\/www.mundoagropecuario.cl\/new\/wp-content\/uploads\/2020\/10\/foto-SAG_apicola-scaled.jpg","contentUrl":"https:\/\/www.mundoagropecuario.cl\/new\/wp-content\/uploads\/2020\/10\/foto-SAG_apicola-scaled.jpg","width":600,"height":400},{"@type":"BreadcrumbList","@id":"https:\/\/www.mundoagropecuario.cl\/new\/sag-recuerda-a-apicultores-registrarse-y-declarar-sus-colmenas\/#breadcrumb","itemListElement":[{"@type":"ListItem","position":1,"name":"Portada","item":"https:\/\/www.mundoagropecuario.cl\/new\/"},{"@type":"ListItem","position":2,"name":"SAG Recuerda a apicultores registrarse y declarar sus colmenas"}]},{"@type":"WebSite","@id":"https:\/\/www.mundoagropecuario.cl\/new\/#website","url":"https:\/\/www.mundoagropecuario.cl\/new\/","name":"Mundoagropecuario","description":"Mundo Agropecuario","publisher":{"@id":"https:\/\/www.mundoagropecuario.cl\/new\/#organization"},"potentialAction":[{"@type":"SearchAction","target":{"@type":"EntryPoint","urlTemplate":"https:\/\/www.mundoagropecuario.cl\/new\/?s={search_term_string}"},"query-input":{"@type":"PropertyValueSpecification","valueRequired":true,"valueName":"search_term_string"}}],"inLanguage":"es"},{"@type":"Organization","@id":"https:\/\/www.mundoagropecuario.cl\/new\/#organization","name":"Revista de Agricultura","url":"https:\/\/www.mundoagropecuario.cl\/new\/","logo":{"@type":"ImageObject","inLanguage":"es","@id":"https:\/\/www.mundoagropecuario.cl\/new\/#\/schema\/logo\/image\/","url":"https:\/\/www.mundoagropecuario.cl\/new\/wp-content\/uploads\/2020\/11\/PORTAL-1-1.png","contentUrl":"https:\/\/www.mundoagropecuario.cl\/new\/wp-content\/uploads\/2020\/11\/PORTAL-1-1.png","width":1026,"height":100,"caption":"Revista de Agricultura"},"image":{"@id":"https:\/\/www.mundoagropecuario.cl\/new\/#\/schema\/logo\/image\/"},"sameAs":["https:\/\/www.facebook.com\/mundo.agropecuario.3","https:\/\/x.com\/MundoAgropecuar","https:\/\/www.linkedin.com\/in\/mundo-agropecuario-934009201\/"]},{"@type":"Person","@id":"https:\/\/www.mundoagropecuario.cl\/new\/#\/schema\/person\/4e9f74a82a7dac260eb1c44b7eebeb18","name":"mundo","url":"https:\/\/www.mundoagropecuario.cl\/new\/author\/mundo\/"}]}},"_links":{"self":[{"href":"https:\/\/www.mundoagropecuario.cl\/new\/wp-json\/wp\/v2\/posts\/16465","targetHints":{"allow":["GET"]}}],"collection":[{"href":"https:\/\/www.mundoagropecuario.cl\/new\/wp-json\/wp\/v2\/posts"}],"about":[{"href":"https:\/\/www.mundoagropecuario.cl\/new\/wp-json\/wp\/v2\/types\/post"}],"author":[{"embeddable":true,"href":"https:\/\/www.mundoagropecuario.cl\/new\/wp-json\/wp\/v2\/users\/2"}],"replies":[{"embeddable":true,"href":"https:\/\/www.mundoagropecuario.cl\/new\/wp-json\/wp\/v2\/comments?post=16465"}],"version-history":[{"count":1,"href":"https:\/\/www.mundoagropecuario.cl\/new\/wp-json\/wp\/v2\/posts\/16465\/revisions"}],"predecessor-version":[{"id":16467,"href":"https:\/\/www.mundoagropecuario.cl\/new\/wp-json\/wp\/v2\/posts\/16465\/revisions\/16467"}],"wp:featuredmedia":[{"embeddable":true,"href":"https:\/\/www.mundoagropecuario.cl\/new\/wp-json\/wp\/v2\/media\/16466"}],"wp:attachment":[{"href":"https:\/\/www.mundoagropecuario.cl\/new\/wp-json\/wp\/v2\/media?parent=16465"}],"wp:term":[{"taxonomy":"category","embeddable":true,"href":"https:\/\/www.mundoagropecuario.cl\/new\/wp-json\/wp\/v2\/categories?post=16465"},{"taxonomy":"post_tag","embeddable":true,"href":"https:\/\/www.mundoagropecuario.cl\/new\/wp-json\/wp\/v2\/tags?post=16465"}],"curies":[{"name":"wp","href":"https:\/\/api.w.org\/{rel}","templated":true}]}}