{"id":16334,"date":"2020-09-30T11:26:08","date_gmt":"2020-09-30T14:26:08","guid":{"rendered":"http:\/\/www.mundoagropecuario.cl\/new\/?p=16334"},"modified":"2020-10-07T11:37:11","modified_gmt":"2020-10-07T14:37:11","slug":"nestle-chile-reduce-el-uso-de-plastico-en-sus-bombillas-para-todas-sus-leches-y-bebidas-lacteas","status":"publish","type":"post","link":"https:\/\/www.mundoagropecuario.cl\/new\/nestle-chile-reduce-el-uso-de-plastico-en-sus-bombillas-para-todas-sus-leches-y-bebidas-lacteas\/","title":{"rendered":"NESTL\u00c9 Chile reduce el uso de pl\u00e1stico en sus bombillas para todas sus leches y bebidas l\u00e1cteas"},"content":{"rendered":"\n<figure class=\"wp-block-gallery columns-0 is-cropped wp-block-gallery-1 is-layout-flex wp-block-gallery-is-layout-flex\"><ul class=\"blocks-gallery-grid\"><\/ul><\/figure>\n\n\n\n<p class=\"has-medium-font-size\"><em>Las bombillas ser\u00e1n reemplazadas por otras hechas con un 95% de papel las que contar\u00e1n con la certificaci\u00f3n FSC (Forrest Stewardship Council), asegurando que el origen del material proviene de bosques gestionados de manera sustentable (Mundo Agropecuario).<\/em><\/p>\n\n\n\n<p>En su permanente trabajo por innovar en sus envases y embalaje, NESTL\u00c9 Chile ha cambiado las bombillas de pl\u00e1stico por unas de papel, en toda la categor\u00eda de sus leches y bebidas l\u00e1cteas individuales de 200 ml, lo que incluye marcas como MILO, TRENCITO, SVELTY, y NESQUIK.<\/p>\n\n\n\n<div class=\"wp-block-image\"><figure class=\"alignright size-large\"><img loading=\"lazy\" decoding=\"async\" width=\"199\" height=\"400\" src=\"https:\/\/www.mundoagropecuario.cl\/new\/wp-content\/uploads\/2020\/09\/03.png\" alt=\"\" class=\"wp-image-16336\" srcset=\"https:\/\/www.mundoagropecuario.cl\/new\/wp-content\/uploads\/2020\/09\/03.png 199w, https:\/\/www.mundoagropecuario.cl\/new\/wp-content\/uploads\/2020\/09\/03-243x490.png 243w\" sizes=\"auto, (max-width: 199px) 100vw, 199px\" \/><\/figure><\/div>\n\n\n\n<p>Estas nuevas bombillas, son hechas principalmente a partir de pulpa de papel virgen bajo certificaci\u00f3n FSC (<em>Forest Stewardship Council<\/em> o Consejo de Administraci\u00f3n Forestal), la cual garantiza que los materiales de los productos tienen su origen en bosques gestionados de manera responsable y sustentable. Este tipo de innovaci\u00f3n cumple con estrictos est\u00e1ndares de calidad e inocuidad alimentaria, lo que hace de esta nueva bombilla que sea segura para consumir el producto.<\/p>\n\n\n\n<p>Gracias a esta nueva iniciativa, 15,7 toneladas de pl\u00e1stico se dejar\u00e1n de usar anualmente, lo cual se encuentra en l\u00ednea a la estrategia de reducci\u00f3n de materiales de envases y embalajes que tiene la compa\u00f1\u00eda.&nbsp; \u201cEn NESTL\u00c9 hemos estado trabajando desde hace a\u00f1os en la reducci\u00f3n de los materiales que usamos en nuestros productos, as\u00ed como tambi\u00e9n en dise\u00f1ar todos nuestros envases para que al a\u00f1o 2025 sean reciclables o reutilizables, de esta manera contribuimos a un futuro de respeto por el planeta, las comunidades y las personas\u201d, coment\u00f3 Mabel Millar, Gerente de Marketing de Bebidas Nestl\u00e9.<\/p>\n\n\n\n<p>En Chile, NESTL\u00c9 promueve y participa activamente en iniciativas colectivas que vayan en el cuidado del medioambiente. La compa\u00f1\u00eda es socia fundadora del Pacto Chileno por los Pl\u00e1sticos impulsado por el Ministerio de Medioambiente, Ellen Mc Arthur Foundation, y ejecutado por Fundaci\u00f3n Chile. En esa misma l\u00ednea, recientemente NESTL\u00c9 se sum\u00f3 al Acuerdo de Producci\u00f3n Limpia (APL) para el eco-etiquetado de envases el cual tambi\u00e9n es impulsado por el Ministerio del Medio Ambiente, junto con la Agencia de Sustentabilidad y Cambio Clim\u00e1tico, la SOFOFA, la Asociaci\u00f3n de Consumidores ADC Circular, el SERNAC y la Superintendencia del Medio Ambiente.&nbsp;<\/p>\n\n\n\n<p>Chile es el primer pa\u00eds de Latinoam\u00e9rica donde NESTL\u00c9 ha implementado este cambio en bombillas de tipo U.<\/p>\n","protected":false},"excerpt":{"rendered":"<p>Las bombillas ser\u00e1n reemplazadas por otras hechas con un 95% de papel las que contar\u00e1n con la certificaci\u00f3n FSC (Forrest Stewardship Council), asegurando que el origen del material proviene de&#8230;<\/p>\n","protected":false},"author":2,"featured_media":16335,"comment_status":"closed","ping_status":"closed","sticky":false,"template":"","format":"standard","meta":{"footnotes":""},"categories":[1946],"tags":[3127,4139,2051,4786,2150],"class_list":["post-16334","post","type-post","status-publish","format-standard","has-post-thumbnail","hentry","category-lacteos","tag-agro","tag-lacteo-2","tag-leche","tag-leche-milo","tag-nestle"],"yoast_head":"<!-- This site is optimized with the Yoast SEO plugin v26.6 - https:\/\/yoast.com\/wordpress\/plugins\/seo\/ -->\n<title>NESTL\u00c9 Chile reduce el uso de pl\u00e1stico en sus bombillas para todas sus leches y bebidas l\u00e1cteas - Mundoagropecuario<\/title>\n<meta name=\"robots\" content=\"index, follow, max-snippet:-1, max-image-preview:large, max-video-preview:-1\" \/>\n<link rel=\"canonical\" href=\"https:\/\/www.mundoagropecuario.cl\/new\/nestle-chile-reduce-el-uso-de-plastico-en-sus-bombillas-para-todas-sus-leches-y-bebidas-lacteas\/\" \/>\n<meta property=\"og:locale\" content=\"es_ES\" \/>\n<meta property=\"og:type\" content=\"article\" \/>\n<meta property=\"og:title\" content=\"NESTL\u00c9 Chile reduce el uso de pl\u00e1stico en sus bombillas para todas sus leches y bebidas l\u00e1cteas - Mundoagropecuario\" \/>\n<meta property=\"og:description\" content=\"Las bombillas ser\u00e1n reemplazadas por otras hechas con un 95% de papel las que contar\u00e1n con la certificaci\u00f3n FSC (Forrest Stewardship Council), asegurando que el origen del material proviene de...\" \/>\n<meta property=\"og:url\" content=\"https:\/\/www.mundoagropecuario.cl\/new\/nestle-chile-reduce-el-uso-de-plastico-en-sus-bombillas-para-todas-sus-leches-y-bebidas-lacteas\/\" \/>\n<meta property=\"og:site_name\" content=\"Mundoagropecuario\" \/>\n<meta property=\"article:publisher\" content=\"https:\/\/www.facebook.com\/mundo.agropecuario.3\" \/>\n<meta property=\"article:published_time\" content=\"2020-09-30T14:26:08+00:00\" \/>\n<meta property=\"article:modified_time\" content=\"2020-10-07T14:37:11+00:00\" \/>\n<meta property=\"og:image\" content=\"https:\/\/www.mundoagropecuario.cl\/new\/wp-content\/uploads\/2020\/09\/milo.jpg\" \/>\n\t<meta property=\"og:image:width\" content=\"770\" \/>\n\t<meta property=\"og:image:height\" content=\"513\" \/>\n\t<meta property=\"og:image:type\" content=\"image\/jpeg\" \/>\n<meta name=\"author\" content=\"mundo\" \/>\n<meta name=\"twitter:card\" content=\"summary_large_image\" \/>\n<meta name=\"twitter:creator\" content=\"@MundoAgropecuar\" \/>\n<meta name=\"twitter:site\" content=\"@MundoAgropecuar\" \/>\n<meta name=\"twitter:label1\" content=\"Escrito por\" \/>\n\t<meta name=\"twitter:data1\" content=\"mundo\" \/>\n\t<meta name=\"twitter:label2\" content=\"Tiempo de lectura\" \/>\n\t<meta name=\"twitter:data2\" content=\"2 minutos\" \/>\n<script type=\"application\/ld+json\" class=\"yoast-schema-graph\">{\"@context\":\"https:\/\/schema.org\",\"@graph\":[{\"@type\":\"Article\",\"@id\":\"https:\/\/www.mundoagropecuario.cl\/new\/nestle-chile-reduce-el-uso-de-plastico-en-sus-bombillas-para-todas-sus-leches-y-bebidas-lacteas\/#article\",\"isPartOf\":{\"@id\":\"https:\/\/www.mundoagropecuario.cl\/new\/nestle-chile-reduce-el-uso-de-plastico-en-sus-bombillas-para-todas-sus-leches-y-bebidas-lacteas\/\"},\"author\":{\"name\":\"mundo\",\"@id\":\"https:\/\/www.mundoagropecuario.cl\/new\/#\/schema\/person\/4e9f74a82a7dac260eb1c44b7eebeb18\"},\"headline\":\"NESTL\u00c9 Chile reduce el uso de pl\u00e1stico en sus bombillas para todas sus leches y bebidas l\u00e1cteas\",\"datePublished\":\"2020-09-30T14:26:08+00:00\",\"dateModified\":\"2020-10-07T14:37:11+00:00\",\"mainEntityOfPage\":{\"@id\":\"https:\/\/www.mundoagropecuario.cl\/new\/nestle-chile-reduce-el-uso-de-plastico-en-sus-bombillas-para-todas-sus-leches-y-bebidas-lacteas\/\"},\"wordCount\":415,\"publisher\":{\"@id\":\"https:\/\/www.mundoagropecuario.cl\/new\/#organization\"},\"image\":{\"@id\":\"https:\/\/www.mundoagropecuario.cl\/new\/nestle-chile-reduce-el-uso-de-plastico-en-sus-bombillas-para-todas-sus-leches-y-bebidas-lacteas\/#primaryimage\"},\"thumbnailUrl\":\"https:\/\/www.mundoagropecuario.cl\/new\/wp-content\/uploads\/2020\/09\/milo.jpg\",\"keywords\":[\"Agro\",\"L\u00e1cteo\",\"Leche\",\"Leche Milo\",\"Nestl\u00e9\"],\"articleSection\":[\"L\u00e1cteos\"],\"inLanguage\":\"es\"},{\"@type\":\"WebPage\",\"@id\":\"https:\/\/www.mundoagropecuario.cl\/new\/nestle-chile-reduce-el-uso-de-plastico-en-sus-bombillas-para-todas-sus-leches-y-bebidas-lacteas\/\",\"url\":\"https:\/\/www.mundoagropecuario.cl\/new\/nestle-chile-reduce-el-uso-de-plastico-en-sus-bombillas-para-todas-sus-leches-y-bebidas-lacteas\/\",\"name\":\"NESTL\u00c9 Chile reduce el uso de pl\u00e1stico en sus bombillas para todas sus leches y bebidas l\u00e1cteas - Mundoagropecuario\",\"isPartOf\":{\"@id\":\"https:\/\/www.mundoagropecuario.cl\/new\/#website\"},\"primaryImageOfPage\":{\"@id\":\"https:\/\/www.mundoagropecuario.cl\/new\/nestle-chile-reduce-el-uso-de-plastico-en-sus-bombillas-para-todas-sus-leches-y-bebidas-lacteas\/#primaryimage\"},\"image\":{\"@id\":\"https:\/\/www.mundoagropecuario.cl\/new\/nestle-chile-reduce-el-uso-de-plastico-en-sus-bombillas-para-todas-sus-leches-y-bebidas-lacteas\/#primaryimage\"},\"thumbnailUrl\":\"https:\/\/www.mundoagropecuario.cl\/new\/wp-content\/uploads\/2020\/09\/milo.jpg\",\"datePublished\":\"2020-09-30T14:26:08+00:00\",\"dateModified\":\"2020-10-07T14:37:11+00:00\",\"breadcrumb\":{\"@id\":\"https:\/\/www.mundoagropecuario.cl\/new\/nestle-chile-reduce-el-uso-de-plastico-en-sus-bombillas-para-todas-sus-leches-y-bebidas-lacteas\/#breadcrumb\"},\"inLanguage\":\"es\",\"potentialAction\":[{\"@type\":\"ReadAction\",\"target\":[\"https:\/\/www.mundoagropecuario.cl\/new\/nestle-chile-reduce-el-uso-de-plastico-en-sus-bombillas-para-todas-sus-leches-y-bebidas-lacteas\/\"]}]},{\"@type\":\"ImageObject\",\"inLanguage\":\"es\",\"@id\":\"https:\/\/www.mundoagropecuario.cl\/new\/nestle-chile-reduce-el-uso-de-plastico-en-sus-bombillas-para-todas-sus-leches-y-bebidas-lacteas\/#primaryimage\",\"url\":\"https:\/\/www.mundoagropecuario.cl\/new\/wp-content\/uploads\/2020\/09\/milo.jpg\",\"contentUrl\":\"https:\/\/www.mundoagropecuario.cl\/new\/wp-content\/uploads\/2020\/09\/milo.jpg\",\"width\":600,\"height\":400},{\"@type\":\"BreadcrumbList\",\"@id\":\"https:\/\/www.mundoagropecuario.cl\/new\/nestle-chile-reduce-el-uso-de-plastico-en-sus-bombillas-para-todas-sus-leches-y-bebidas-lacteas\/#breadcrumb\",\"itemListElement\":[{\"@type\":\"ListItem\",\"position\":1,\"name\":\"Portada\",\"item\":\"https:\/\/www.mundoagropecuario.cl\/new\/\"},{\"@type\":\"ListItem\",\"position\":2,\"name\":\"NESTL\u00c9 Chile reduce el uso de pl\u00e1stico en sus bombillas para todas sus leches y bebidas l\u00e1cteas\"}]},{\"@type\":\"WebSite\",\"@id\":\"https:\/\/www.mundoagropecuario.cl\/new\/#website\",\"url\":\"https:\/\/www.mundoagropecuario.cl\/new\/\",\"name\":\"Mundoagropecuario\",\"description\":\"Mundo Agropecuario\",\"publisher\":{\"@id\":\"https:\/\/www.mundoagropecuario.cl\/new\/#organization\"},\"potentialAction\":[{\"@type\":\"SearchAction\",\"target\":{\"@type\":\"EntryPoint\",\"urlTemplate\":\"https:\/\/www.mundoagropecuario.cl\/new\/?s={search_term_string}\"},\"query-input\":{\"@type\":\"PropertyValueSpecification\",\"valueRequired\":true,\"valueName\":\"search_term_string\"}}],\"inLanguage\":\"es\"},{\"@type\":\"Organization\",\"@id\":\"https:\/\/www.mundoagropecuario.cl\/new\/#organization\",\"name\":\"Revista de Agricultura\",\"url\":\"https:\/\/www.mundoagropecuario.cl\/new\/\",\"logo\":{\"@type\":\"ImageObject\",\"inLanguage\":\"es\",\"@id\":\"https:\/\/www.mundoagropecuario.cl\/new\/#\/schema\/logo\/image\/\",\"url\":\"https:\/\/www.mundoagropecuario.cl\/new\/wp-content\/uploads\/2020\/11\/PORTAL-1-1.png\",\"contentUrl\":\"https:\/\/www.mundoagropecuario.cl\/new\/wp-content\/uploads\/2020\/11\/PORTAL-1-1.png\",\"width\":1026,\"height\":100,\"caption\":\"Revista de Agricultura\"},\"image\":{\"@id\":\"https:\/\/www.mundoagropecuario.cl\/new\/#\/schema\/logo\/image\/\"},\"sameAs\":[\"https:\/\/www.facebook.com\/mundo.agropecuario.3\",\"https:\/\/x.com\/MundoAgropecuar\",\"https:\/\/www.linkedin.com\/in\/mundo-agropecuario-934009201\/\"]},{\"@type\":\"Person\",\"@id\":\"https:\/\/www.mundoagropecuario.cl\/new\/#\/schema\/person\/4e9f74a82a7dac260eb1c44b7eebeb18\",\"name\":\"mundo\",\"url\":\"https:\/\/www.mundoagropecuario.cl\/new\/author\/mundo\/\"}]}<\/script>\n<!-- \/ Yoast SEO plugin. -->","yoast_head_json":{"title":"NESTL\u00c9 Chile reduce el uso de pl\u00e1stico en sus bombillas para todas sus leches y bebidas l\u00e1cteas - Mundoagropecuario","robots":{"index":"index","follow":"follow","max-snippet":"max-snippet:-1","max-image-preview":"max-image-preview:large","max-video-preview":"max-video-preview:-1"},"canonical":"https:\/\/www.mundoagropecuario.cl\/new\/nestle-chile-reduce-el-uso-de-plastico-en-sus-bombillas-para-todas-sus-leches-y-bebidas-lacteas\/","og_locale":"es_ES","og_type":"article","og_title":"NESTL\u00c9 Chile reduce el uso de pl\u00e1stico en sus bombillas para todas sus leches y bebidas l\u00e1cteas - Mundoagropecuario","og_description":"Las bombillas ser\u00e1n reemplazadas por otras hechas con un 95% de papel las que contar\u00e1n con la certificaci\u00f3n FSC (Forrest Stewardship Council), asegurando que el origen del material proviene de...","og_url":"https:\/\/www.mundoagropecuario.cl\/new\/nestle-chile-reduce-el-uso-de-plastico-en-sus-bombillas-para-todas-sus-leches-y-bebidas-lacteas\/","og_site_name":"Mundoagropecuario","article_publisher":"https:\/\/www.facebook.com\/mundo.agropecuario.3","article_published_time":"2020-09-30T14:26:08+00:00","article_modified_time":"2020-10-07T14:37:11+00:00","og_image":[{"width":770,"height":513,"url":"https:\/\/www.mundoagropecuario.cl\/new\/wp-content\/uploads\/2020\/09\/milo.jpg","type":"image\/jpeg"}],"author":"mundo","twitter_card":"summary_large_image","twitter_creator":"@MundoAgropecuar","twitter_site":"@MundoAgropecuar","twitter_misc":{"Escrito por":"mundo","Tiempo de lectura":"2 minutos"},"schema":{"@context":"https:\/\/schema.org","@graph":[{"@type":"Article","@id":"https:\/\/www.mundoagropecuario.cl\/new\/nestle-chile-reduce-el-uso-de-plastico-en-sus-bombillas-para-todas-sus-leches-y-bebidas-lacteas\/#article","isPartOf":{"@id":"https:\/\/www.mundoagropecuario.cl\/new\/nestle-chile-reduce-el-uso-de-plastico-en-sus-bombillas-para-todas-sus-leches-y-bebidas-lacteas\/"},"author":{"name":"mundo","@id":"https:\/\/www.mundoagropecuario.cl\/new\/#\/schema\/person\/4e9f74a82a7dac260eb1c44b7eebeb18"},"headline":"NESTL\u00c9 Chile reduce el uso de pl\u00e1stico en sus bombillas para todas sus leches y bebidas l\u00e1cteas","datePublished":"2020-09-30T14:26:08+00:00","dateModified":"2020-10-07T14:37:11+00:00","mainEntityOfPage":{"@id":"https:\/\/www.mundoagropecuario.cl\/new\/nestle-chile-reduce-el-uso-de-plastico-en-sus-bombillas-para-todas-sus-leches-y-bebidas-lacteas\/"},"wordCount":415,"publisher":{"@id":"https:\/\/www.mundoagropecuario.cl\/new\/#organization"},"image":{"@id":"https:\/\/www.mundoagropecuario.cl\/new\/nestle-chile-reduce-el-uso-de-plastico-en-sus-bombillas-para-todas-sus-leches-y-bebidas-lacteas\/#primaryimage"},"thumbnailUrl":"https:\/\/www.mundoagropecuario.cl\/new\/wp-content\/uploads\/2020\/09\/milo.jpg","keywords":["Agro","L\u00e1cteo","Leche","Leche Milo","Nestl\u00e9"],"articleSection":["L\u00e1cteos"],"inLanguage":"es"},{"@type":"WebPage","@id":"https:\/\/www.mundoagropecuario.cl\/new\/nestle-chile-reduce-el-uso-de-plastico-en-sus-bombillas-para-todas-sus-leches-y-bebidas-lacteas\/","url":"https:\/\/www.mundoagropecuario.cl\/new\/nestle-chile-reduce-el-uso-de-plastico-en-sus-bombillas-para-todas-sus-leches-y-bebidas-lacteas\/","name":"NESTL\u00c9 Chile reduce el uso de pl\u00e1stico en sus bombillas para todas sus leches y bebidas l\u00e1cteas - Mundoagropecuario","isPartOf":{"@id":"https:\/\/www.mundoagropecuario.cl\/new\/#website"},"primaryImageOfPage":{"@id":"https:\/\/www.mundoagropecuario.cl\/new\/nestle-chile-reduce-el-uso-de-plastico-en-sus-bombillas-para-todas-sus-leches-y-bebidas-lacteas\/#primaryimage"},"image":{"@id":"https:\/\/www.mundoagropecuario.cl\/new\/nestle-chile-reduce-el-uso-de-plastico-en-sus-bombillas-para-todas-sus-leches-y-bebidas-lacteas\/#primaryimage"},"thumbnailUrl":"https:\/\/www.mundoagropecuario.cl\/new\/wp-content\/uploads\/2020\/09\/milo.jpg","datePublished":"2020-09-30T14:26:08+00:00","dateModified":"2020-10-07T14:37:11+00:00","breadcrumb":{"@id":"https:\/\/www.mundoagropecuario.cl\/new\/nestle-chile-reduce-el-uso-de-plastico-en-sus-bombillas-para-todas-sus-leches-y-bebidas-lacteas\/#breadcrumb"},"inLanguage":"es","potentialAction":[{"@type":"ReadAction","target":["https:\/\/www.mundoagropecuario.cl\/new\/nestle-chile-reduce-el-uso-de-plastico-en-sus-bombillas-para-todas-sus-leches-y-bebidas-lacteas\/"]}]},{"@type":"ImageObject","inLanguage":"es","@id":"https:\/\/www.mundoagropecuario.cl\/new\/nestle-chile-reduce-el-uso-de-plastico-en-sus-bombillas-para-todas-sus-leches-y-bebidas-lacteas\/#primaryimage","url":"https:\/\/www.mundoagropecuario.cl\/new\/wp-content\/uploads\/2020\/09\/milo.jpg","contentUrl":"https:\/\/www.mundoagropecuario.cl\/new\/wp-content\/uploads\/2020\/09\/milo.jpg","width":600,"height":400},{"@type":"BreadcrumbList","@id":"https:\/\/www.mundoagropecuario.cl\/new\/nestle-chile-reduce-el-uso-de-plastico-en-sus-bombillas-para-todas-sus-leches-y-bebidas-lacteas\/#breadcrumb","itemListElement":[{"@type":"ListItem","position":1,"name":"Portada","item":"https:\/\/www.mundoagropecuario.cl\/new\/"},{"@type":"ListItem","position":2,"name":"NESTL\u00c9 Chile reduce el uso de pl\u00e1stico en sus bombillas para todas sus leches y bebidas l\u00e1cteas"}]},{"@type":"WebSite","@id":"https:\/\/www.mundoagropecuario.cl\/new\/#website","url":"https:\/\/www.mundoagropecuario.cl\/new\/","name":"Mundoagropecuario","description":"Mundo Agropecuario","publisher":{"@id":"https:\/\/www.mundoagropecuario.cl\/new\/#organization"},"potentialAction":[{"@type":"SearchAction","target":{"@type":"EntryPoint","urlTemplate":"https:\/\/www.mundoagropecuario.cl\/new\/?s={search_term_string}"},"query-input":{"@type":"PropertyValueSpecification","valueRequired":true,"valueName":"search_term_string"}}],"inLanguage":"es"},{"@type":"Organization","@id":"https:\/\/www.mundoagropecuario.cl\/new\/#organization","name":"Revista de Agricultura","url":"https:\/\/www.mundoagropecuario.cl\/new\/","logo":{"@type":"ImageObject","inLanguage":"es","@id":"https:\/\/www.mundoagropecuario.cl\/new\/#\/schema\/logo\/image\/","url":"https:\/\/www.mundoagropecuario.cl\/new\/wp-content\/uploads\/2020\/11\/PORTAL-1-1.png","contentUrl":"https:\/\/www.mundoagropecuario.cl\/new\/wp-content\/uploads\/2020\/11\/PORTAL-1-1.png","width":1026,"height":100,"caption":"Revista de Agricultura"},"image":{"@id":"https:\/\/www.mundoagropecuario.cl\/new\/#\/schema\/logo\/image\/"},"sameAs":["https:\/\/www.facebook.com\/mundo.agropecuario.3","https:\/\/x.com\/MundoAgropecuar","https:\/\/www.linkedin.com\/in\/mundo-agropecuario-934009201\/"]},{"@type":"Person","@id":"https:\/\/www.mundoagropecuario.cl\/new\/#\/schema\/person\/4e9f74a82a7dac260eb1c44b7eebeb18","name":"mundo","url":"https:\/\/www.mundoagropecuario.cl\/new\/author\/mundo\/"}]}},"_links":{"self":[{"href":"https:\/\/www.mundoagropecuario.cl\/new\/wp-json\/wp\/v2\/posts\/16334","targetHints":{"allow":["GET"]}}],"collection":[{"href":"https:\/\/www.mundoagropecuario.cl\/new\/wp-json\/wp\/v2\/posts"}],"about":[{"href":"https:\/\/www.mundoagropecuario.cl\/new\/wp-json\/wp\/v2\/types\/post"}],"author":[{"embeddable":true,"href":"https:\/\/www.mundoagropecuario.cl\/new\/wp-json\/wp\/v2\/users\/2"}],"replies":[{"embeddable":true,"href":"https:\/\/www.mundoagropecuario.cl\/new\/wp-json\/wp\/v2\/comments?post=16334"}],"version-history":[{"count":1,"href":"https:\/\/www.mundoagropecuario.cl\/new\/wp-json\/wp\/v2\/posts\/16334\/revisions"}],"predecessor-version":[{"id":16338,"href":"https:\/\/www.mundoagropecuario.cl\/new\/wp-json\/wp\/v2\/posts\/16334\/revisions\/16338"}],"wp:featuredmedia":[{"embeddable":true,"href":"https:\/\/www.mundoagropecuario.cl\/new\/wp-json\/wp\/v2\/media\/16335"}],"wp:attachment":[{"href":"https:\/\/www.mundoagropecuario.cl\/new\/wp-json\/wp\/v2\/media?parent=16334"}],"wp:term":[{"taxonomy":"category","embeddable":true,"href":"https:\/\/www.mundoagropecuario.cl\/new\/wp-json\/wp\/v2\/categories?post=16334"},{"taxonomy":"post_tag","embeddable":true,"href":"https:\/\/www.mundoagropecuario.cl\/new\/wp-json\/wp\/v2\/tags?post=16334"}],"curies":[{"name":"wp","href":"https:\/\/api.w.org\/{rel}","templated":true}]}}