{"id":16241,"date":"2020-09-14T11:18:25","date_gmt":"2020-09-14T14:18:25","guid":{"rendered":"http:\/\/www.mundoagropecuario.cl\/new\/?p=16241"},"modified":"2020-09-22T12:54:23","modified_gmt":"2020-09-22T15:54:23","slug":"avanza-proyecto-que-medira-el-balance-de-carbono-ganadero","status":"publish","type":"post","link":"https:\/\/www.mundoagropecuario.cl\/new\/avanza-proyecto-que-medira-el-balance-de-carbono-ganadero\/","title":{"rendered":"Avanza proyecto que medir\u00e1 el balance de carbono ganadero"},"content":{"rendered":"\n<figure class=\"wp-block-gallery columns-0 is-cropped wp-block-gallery-1 is-layout-flex wp-block-gallery-is-layout-flex\"><ul class=\"blocks-gallery-grid\"><\/ul><\/figure>\n\n\n\n<p class=\"has-medium-font-size\"><em>\u201cEstamos convencidos y queremos demostrar que esta actividad puede ser un agente efectivo que aporte a la mitigaci\u00f3n de CO2\u201d, explica el presidente de Fedeleche, Eduardo Schwerter (Mundo Agropecuario).<\/em><\/p>\n\n\n\n<p>Un nuevo proyecto relacionado con la medici\u00f3n del balance de carbono dentro de la producci\u00f3n ganadera nacional que profundiza no solo desde el punto de vista de la emisi\u00f3n, sino tambi\u00e9n de la captura, ha emprendido el sector ganadero nacional.&nbsp; As\u00ed lo dio a conocer Eduardo Schwerter, presidente de Fedeleche, quien explic\u00f3 que \u201cestamos convencidos y queremos demostrar que esta actividad \u2013 producci\u00f3n de leche y de carne- puede ser un agente efectivo que aporte a la mitigaci\u00f3n de CO2\u201d.<\/p>\n\n\n\n<p>El personero gremial asegura que dentro de la ganader\u00eda nacional existe el convencimiento y se busca demostrar que esta actividad puede ser un agente efectivo que aporte a la mitigaci\u00f3n de CO2, e incluso aportar como un sector capturador al pa\u00eds.<\/p>\n\n\n\n<p>\u201cEl sector l\u00e1cteo nacional es un emisor bastante menor de gases de efecto invernadero respecto de otros sectores, e incluso, estamos ciertos que una evaluaci\u00f3n m\u00e1s completa de su balance de carbono nos dejar\u00e1 en una posici\u00f3n de sector capturador, toda vez que los sistemas que empleamos para la producci\u00f3n de alimentos, enti\u00e9ndase \u00e9sta de leche y carne,&nbsp; lejos de afectar el planeta,&nbsp; mitigan el CO2 a trav\u00e9s de los bosques y&nbsp; de las praderas, con los cuales logramos capturar un alto porcentaje de carbono que est\u00e1 en la atm\u00f3sfera\u201d,&nbsp; agrega el personero&nbsp; gremial.<\/p>\n\n\n\n<p>En la actualidad y luego que se constituyera por Fedeleche, Fedecarne, la Corporaci\u00f3n de la Carne, el Consorcio Lechero y el Ministerio de Agricultura, a trav\u00e9s de su centro regional de investigaci\u00f3n, Inia Remehue,&nbsp; el Comit\u00e9 T\u00e9cnico del proyecto enero pasado y con el importante aporte t\u00e9cnico de INIA, a trav\u00e9s del director del centro regional de investigaci\u00f3n, Inia Remehue, Sergio Iraira, y el Dr. Francisco Salazar, investigador de INIA Remehue, el presidente del gremio lechero insiste en que como desaf\u00edo existe una brecha de informaci\u00f3n que debe ser abordada a la brevedad, esto en cuanto a las reales emisiones del sector, y especialmente en cuanto a la captaci\u00f3n que se realiza por parte de las praderas, bosques y arboles que coexisten en los predios.<\/p>\n\n\n\n<p>&nbsp;\u201cVamos a&nbsp; demostrar que una ganader\u00eda bien manejada es absolutamente necesaria para mantener los equilibrios en los sistemas ecol\u00f3gicos. Para eso necesitamos contar con datos de nuestro pa\u00eds (\u2026) estamos convencidos que estamos haciendo mitigaci\u00f3n y conservaci\u00f3n, y en definitiva, este proyecto probar\u00e1 eso\u201d, puntualiz\u00f3 Schwerter, quien adelant\u00f3 que la iniciativa considera, en una primera etapa,&nbsp; a productores desde Araucan\u00eda hasta la regi\u00f3n de Los Lagos, destinado a validar la informaci\u00f3n a obtener en terreno.<\/p>\n\n\n\n<p>\u201cEste es el punto de partida, hay mucho&nbsp; inter\u00e9s en partir con el levantamiento de informaci\u00f3n relevante a trav\u00e9s de estas encuestas en terreno, lo que se constituye como primera etapa del proyecto de Balance de Carbono de la ganader\u00eda nacional\u201d, puntualiz\u00f3 Schwerter.<\/p>\n","protected":false},"excerpt":{"rendered":"<p>\u201cEstamos convencidos y queremos demostrar que esta actividad puede ser un agente efectivo que aporte a la mitigaci\u00f3n de CO2\u201d, explica el presidente de Fedeleche, Eduardo Schwerter (Mundo Agropecuario). Un&#8230;<\/p>\n","protected":false},"author":2,"featured_media":11029,"comment_status":"closed","ping_status":"closed","sticky":false,"template":"","format":"standard","meta":{"footnotes":""},"categories":[1944],"tags":[3127,2058,4139,4149,2698],"class_list":["post-16241","post","type-post","status-publish","format-standard","has-post-thumbnail","hentry","category-ganaderia","tag-agro","tag-fedeleche","tag-lacteo-2","tag-mundo-agropecuario","tag-vacas"],"yoast_head":"<!-- This site is optimized with the Yoast SEO plugin v26.6 - https:\/\/yoast.com\/wordpress\/plugins\/seo\/ -->\n<title>Avanza proyecto que medir\u00e1 el balance de carbono ganadero - Mundoagropecuario<\/title>\n<meta name=\"robots\" content=\"index, follow, max-snippet:-1, max-image-preview:large, max-video-preview:-1\" \/>\n<link rel=\"canonical\" href=\"https:\/\/www.mundoagropecuario.cl\/new\/avanza-proyecto-que-medira-el-balance-de-carbono-ganadero\/\" \/>\n<meta property=\"og:locale\" content=\"es_ES\" \/>\n<meta property=\"og:type\" content=\"article\" \/>\n<meta property=\"og:title\" content=\"Avanza proyecto que medir\u00e1 el balance de carbono ganadero - Mundoagropecuario\" \/>\n<meta property=\"og:description\" content=\"\u201cEstamos convencidos y queremos demostrar que esta actividad puede ser un agente efectivo que aporte a la mitigaci\u00f3n de CO2\u201d, explica el presidente de Fedeleche, Eduardo Schwerter (Mundo Agropecuario). Un...\" \/>\n<meta property=\"og:url\" content=\"https:\/\/www.mundoagropecuario.cl\/new\/avanza-proyecto-que-medira-el-balance-de-carbono-ganadero\/\" \/>\n<meta property=\"og:site_name\" content=\"Mundoagropecuario\" \/>\n<meta property=\"article:publisher\" content=\"https:\/\/www.facebook.com\/mundo.agropecuario.3\" \/>\n<meta property=\"article:published_time\" content=\"2020-09-14T14:18:25+00:00\" \/>\n<meta property=\"article:modified_time\" content=\"2020-09-22T15:54:23+00:00\" \/>\n<meta property=\"og:image\" content=\"https:\/\/www.mundoagropecuario.cl\/new\/wp-content\/uploads\/2019\/03\/vacas-lecher\u00eda.jpg\" \/>\n\t<meta property=\"og:image:width\" content=\"986\" \/>\n\t<meta property=\"og:image:height\" content=\"740\" \/>\n\t<meta property=\"og:image:type\" content=\"image\/jpeg\" \/>\n<meta name=\"author\" content=\"mundo\" \/>\n<meta name=\"twitter:card\" content=\"summary_large_image\" \/>\n<meta name=\"twitter:creator\" content=\"@MundoAgropecuar\" \/>\n<meta name=\"twitter:site\" content=\"@MundoAgropecuar\" \/>\n<meta name=\"twitter:label1\" content=\"Escrito por\" \/>\n\t<meta name=\"twitter:data1\" content=\"mundo\" \/>\n\t<meta name=\"twitter:label2\" content=\"Tiempo de lectura\" \/>\n\t<meta name=\"twitter:data2\" content=\"3 minutos\" \/>\n<script type=\"application\/ld+json\" class=\"yoast-schema-graph\">{\"@context\":\"https:\/\/schema.org\",\"@graph\":[{\"@type\":\"Article\",\"@id\":\"https:\/\/www.mundoagropecuario.cl\/new\/avanza-proyecto-que-medira-el-balance-de-carbono-ganadero\/#article\",\"isPartOf\":{\"@id\":\"https:\/\/www.mundoagropecuario.cl\/new\/avanza-proyecto-que-medira-el-balance-de-carbono-ganadero\/\"},\"author\":{\"name\":\"mundo\",\"@id\":\"https:\/\/www.mundoagropecuario.cl\/new\/#\/schema\/person\/4e9f74a82a7dac260eb1c44b7eebeb18\"},\"headline\":\"Avanza proyecto que medir\u00e1 el balance de carbono ganadero\",\"datePublished\":\"2020-09-14T14:18:25+00:00\",\"dateModified\":\"2020-09-22T15:54:23+00:00\",\"mainEntityOfPage\":{\"@id\":\"https:\/\/www.mundoagropecuario.cl\/new\/avanza-proyecto-que-medira-el-balance-de-carbono-ganadero\/\"},\"wordCount\":545,\"publisher\":{\"@id\":\"https:\/\/www.mundoagropecuario.cl\/new\/#organization\"},\"image\":{\"@id\":\"https:\/\/www.mundoagropecuario.cl\/new\/avanza-proyecto-que-medira-el-balance-de-carbono-ganadero\/#primaryimage\"},\"thumbnailUrl\":\"https:\/\/www.mundoagropecuario.cl\/new\/wp-content\/uploads\/2019\/03\/vacas-lecher\u00eda.jpg\",\"keywords\":[\"Agro\",\"Fedeleche\",\"L\u00e1cteo\",\"Mundo Agropecuario\",\"vacas\"],\"articleSection\":[\"Ganader\u00eda\"],\"inLanguage\":\"es\"},{\"@type\":\"WebPage\",\"@id\":\"https:\/\/www.mundoagropecuario.cl\/new\/avanza-proyecto-que-medira-el-balance-de-carbono-ganadero\/\",\"url\":\"https:\/\/www.mundoagropecuario.cl\/new\/avanza-proyecto-que-medira-el-balance-de-carbono-ganadero\/\",\"name\":\"Avanza proyecto que medir\u00e1 el balance de carbono ganadero - Mundoagropecuario\",\"isPartOf\":{\"@id\":\"https:\/\/www.mundoagropecuario.cl\/new\/#website\"},\"primaryImageOfPage\":{\"@id\":\"https:\/\/www.mundoagropecuario.cl\/new\/avanza-proyecto-que-medira-el-balance-de-carbono-ganadero\/#primaryimage\"},\"image\":{\"@id\":\"https:\/\/www.mundoagropecuario.cl\/new\/avanza-proyecto-que-medira-el-balance-de-carbono-ganadero\/#primaryimage\"},\"thumbnailUrl\":\"https:\/\/www.mundoagropecuario.cl\/new\/wp-content\/uploads\/2019\/03\/vacas-lecher\u00eda.jpg\",\"datePublished\":\"2020-09-14T14:18:25+00:00\",\"dateModified\":\"2020-09-22T15:54:23+00:00\",\"breadcrumb\":{\"@id\":\"https:\/\/www.mundoagropecuario.cl\/new\/avanza-proyecto-que-medira-el-balance-de-carbono-ganadero\/#breadcrumb\"},\"inLanguage\":\"es\",\"potentialAction\":[{\"@type\":\"ReadAction\",\"target\":[\"https:\/\/www.mundoagropecuario.cl\/new\/avanza-proyecto-que-medira-el-balance-de-carbono-ganadero\/\"]}]},{\"@type\":\"ImageObject\",\"inLanguage\":\"es\",\"@id\":\"https:\/\/www.mundoagropecuario.cl\/new\/avanza-proyecto-que-medira-el-balance-de-carbono-ganadero\/#primaryimage\",\"url\":\"https:\/\/www.mundoagropecuario.cl\/new\/wp-content\/uploads\/2019\/03\/vacas-lecher\u00eda.jpg\",\"contentUrl\":\"https:\/\/www.mundoagropecuario.cl\/new\/wp-content\/uploads\/2019\/03\/vacas-lecher\u00eda.jpg\",\"width\":533,\"height\":400},{\"@type\":\"BreadcrumbList\",\"@id\":\"https:\/\/www.mundoagropecuario.cl\/new\/avanza-proyecto-que-medira-el-balance-de-carbono-ganadero\/#breadcrumb\",\"itemListElement\":[{\"@type\":\"ListItem\",\"position\":1,\"name\":\"Portada\",\"item\":\"https:\/\/www.mundoagropecuario.cl\/new\/\"},{\"@type\":\"ListItem\",\"position\":2,\"name\":\"Avanza proyecto que medir\u00e1 el balance de carbono ganadero\"}]},{\"@type\":\"WebSite\",\"@id\":\"https:\/\/www.mundoagropecuario.cl\/new\/#website\",\"url\":\"https:\/\/www.mundoagropecuario.cl\/new\/\",\"name\":\"Mundoagropecuario\",\"description\":\"Mundo Agropecuario\",\"publisher\":{\"@id\":\"https:\/\/www.mundoagropecuario.cl\/new\/#organization\"},\"potentialAction\":[{\"@type\":\"SearchAction\",\"target\":{\"@type\":\"EntryPoint\",\"urlTemplate\":\"https:\/\/www.mundoagropecuario.cl\/new\/?s={search_term_string}\"},\"query-input\":{\"@type\":\"PropertyValueSpecification\",\"valueRequired\":true,\"valueName\":\"search_term_string\"}}],\"inLanguage\":\"es\"},{\"@type\":\"Organization\",\"@id\":\"https:\/\/www.mundoagropecuario.cl\/new\/#organization\",\"name\":\"Revista de Agricultura\",\"url\":\"https:\/\/www.mundoagropecuario.cl\/new\/\",\"logo\":{\"@type\":\"ImageObject\",\"inLanguage\":\"es\",\"@id\":\"https:\/\/www.mundoagropecuario.cl\/new\/#\/schema\/logo\/image\/\",\"url\":\"https:\/\/www.mundoagropecuario.cl\/new\/wp-content\/uploads\/2020\/11\/PORTAL-1-1.png\",\"contentUrl\":\"https:\/\/www.mundoagropecuario.cl\/new\/wp-content\/uploads\/2020\/11\/PORTAL-1-1.png\",\"width\":1026,\"height\":100,\"caption\":\"Revista de Agricultura\"},\"image\":{\"@id\":\"https:\/\/www.mundoagropecuario.cl\/new\/#\/schema\/logo\/image\/\"},\"sameAs\":[\"https:\/\/www.facebook.com\/mundo.agropecuario.3\",\"https:\/\/x.com\/MundoAgropecuar\",\"https:\/\/www.linkedin.com\/in\/mundo-agropecuario-934009201\/\"]},{\"@type\":\"Person\",\"@id\":\"https:\/\/www.mundoagropecuario.cl\/new\/#\/schema\/person\/4e9f74a82a7dac260eb1c44b7eebeb18\",\"name\":\"mundo\",\"url\":\"https:\/\/www.mundoagropecuario.cl\/new\/author\/mundo\/\"}]}<\/script>\n<!-- \/ Yoast SEO plugin. -->","yoast_head_json":{"title":"Avanza proyecto que medir\u00e1 el balance de carbono ganadero - Mundoagropecuario","robots":{"index":"index","follow":"follow","max-snippet":"max-snippet:-1","max-image-preview":"max-image-preview:large","max-video-preview":"max-video-preview:-1"},"canonical":"https:\/\/www.mundoagropecuario.cl\/new\/avanza-proyecto-que-medira-el-balance-de-carbono-ganadero\/","og_locale":"es_ES","og_type":"article","og_title":"Avanza proyecto que medir\u00e1 el balance de carbono ganadero - Mundoagropecuario","og_description":"\u201cEstamos convencidos y queremos demostrar que esta actividad puede ser un agente efectivo que aporte a la mitigaci\u00f3n de CO2\u201d, explica el presidente de Fedeleche, Eduardo Schwerter (Mundo Agropecuario). Un...","og_url":"https:\/\/www.mundoagropecuario.cl\/new\/avanza-proyecto-que-medira-el-balance-de-carbono-ganadero\/","og_site_name":"Mundoagropecuario","article_publisher":"https:\/\/www.facebook.com\/mundo.agropecuario.3","article_published_time":"2020-09-14T14:18:25+00:00","article_modified_time":"2020-09-22T15:54:23+00:00","og_image":[{"width":986,"height":740,"url":"https:\/\/www.mundoagropecuario.cl\/new\/wp-content\/uploads\/2019\/03\/vacas-lecher\u00eda.jpg","type":"image\/jpeg"}],"author":"mundo","twitter_card":"summary_large_image","twitter_creator":"@MundoAgropecuar","twitter_site":"@MundoAgropecuar","twitter_misc":{"Escrito por":"mundo","Tiempo de lectura":"3 minutos"},"schema":{"@context":"https:\/\/schema.org","@graph":[{"@type":"Article","@id":"https:\/\/www.mundoagropecuario.cl\/new\/avanza-proyecto-que-medira-el-balance-de-carbono-ganadero\/#article","isPartOf":{"@id":"https:\/\/www.mundoagropecuario.cl\/new\/avanza-proyecto-que-medira-el-balance-de-carbono-ganadero\/"},"author":{"name":"mundo","@id":"https:\/\/www.mundoagropecuario.cl\/new\/#\/schema\/person\/4e9f74a82a7dac260eb1c44b7eebeb18"},"headline":"Avanza proyecto que medir\u00e1 el balance de carbono ganadero","datePublished":"2020-09-14T14:18:25+00:00","dateModified":"2020-09-22T15:54:23+00:00","mainEntityOfPage":{"@id":"https:\/\/www.mundoagropecuario.cl\/new\/avanza-proyecto-que-medira-el-balance-de-carbono-ganadero\/"},"wordCount":545,"publisher":{"@id":"https:\/\/www.mundoagropecuario.cl\/new\/#organization"},"image":{"@id":"https:\/\/www.mundoagropecuario.cl\/new\/avanza-proyecto-que-medira-el-balance-de-carbono-ganadero\/#primaryimage"},"thumbnailUrl":"https:\/\/www.mundoagropecuario.cl\/new\/wp-content\/uploads\/2019\/03\/vacas-lecher\u00eda.jpg","keywords":["Agro","Fedeleche","L\u00e1cteo","Mundo Agropecuario","vacas"],"articleSection":["Ganader\u00eda"],"inLanguage":"es"},{"@type":"WebPage","@id":"https:\/\/www.mundoagropecuario.cl\/new\/avanza-proyecto-que-medira-el-balance-de-carbono-ganadero\/","url":"https:\/\/www.mundoagropecuario.cl\/new\/avanza-proyecto-que-medira-el-balance-de-carbono-ganadero\/","name":"Avanza proyecto que medir\u00e1 el balance de carbono ganadero - Mundoagropecuario","isPartOf":{"@id":"https:\/\/www.mundoagropecuario.cl\/new\/#website"},"primaryImageOfPage":{"@id":"https:\/\/www.mundoagropecuario.cl\/new\/avanza-proyecto-que-medira-el-balance-de-carbono-ganadero\/#primaryimage"},"image":{"@id":"https:\/\/www.mundoagropecuario.cl\/new\/avanza-proyecto-que-medira-el-balance-de-carbono-ganadero\/#primaryimage"},"thumbnailUrl":"https:\/\/www.mundoagropecuario.cl\/new\/wp-content\/uploads\/2019\/03\/vacas-lecher\u00eda.jpg","datePublished":"2020-09-14T14:18:25+00:00","dateModified":"2020-09-22T15:54:23+00:00","breadcrumb":{"@id":"https:\/\/www.mundoagropecuario.cl\/new\/avanza-proyecto-que-medira-el-balance-de-carbono-ganadero\/#breadcrumb"},"inLanguage":"es","potentialAction":[{"@type":"ReadAction","target":["https:\/\/www.mundoagropecuario.cl\/new\/avanza-proyecto-que-medira-el-balance-de-carbono-ganadero\/"]}]},{"@type":"ImageObject","inLanguage":"es","@id":"https:\/\/www.mundoagropecuario.cl\/new\/avanza-proyecto-que-medira-el-balance-de-carbono-ganadero\/#primaryimage","url":"https:\/\/www.mundoagropecuario.cl\/new\/wp-content\/uploads\/2019\/03\/vacas-lecher\u00eda.jpg","contentUrl":"https:\/\/www.mundoagropecuario.cl\/new\/wp-content\/uploads\/2019\/03\/vacas-lecher\u00eda.jpg","width":533,"height":400},{"@type":"BreadcrumbList","@id":"https:\/\/www.mundoagropecuario.cl\/new\/avanza-proyecto-que-medira-el-balance-de-carbono-ganadero\/#breadcrumb","itemListElement":[{"@type":"ListItem","position":1,"name":"Portada","item":"https:\/\/www.mundoagropecuario.cl\/new\/"},{"@type":"ListItem","position":2,"name":"Avanza proyecto que medir\u00e1 el balance de carbono ganadero"}]},{"@type":"WebSite","@id":"https:\/\/www.mundoagropecuario.cl\/new\/#website","url":"https:\/\/www.mundoagropecuario.cl\/new\/","name":"Mundoagropecuario","description":"Mundo Agropecuario","publisher":{"@id":"https:\/\/www.mundoagropecuario.cl\/new\/#organization"},"potentialAction":[{"@type":"SearchAction","target":{"@type":"EntryPoint","urlTemplate":"https:\/\/www.mundoagropecuario.cl\/new\/?s={search_term_string}"},"query-input":{"@type":"PropertyValueSpecification","valueRequired":true,"valueName":"search_term_string"}}],"inLanguage":"es"},{"@type":"Organization","@id":"https:\/\/www.mundoagropecuario.cl\/new\/#organization","name":"Revista de Agricultura","url":"https:\/\/www.mundoagropecuario.cl\/new\/","logo":{"@type":"ImageObject","inLanguage":"es","@id":"https:\/\/www.mundoagropecuario.cl\/new\/#\/schema\/logo\/image\/","url":"https:\/\/www.mundoagropecuario.cl\/new\/wp-content\/uploads\/2020\/11\/PORTAL-1-1.png","contentUrl":"https:\/\/www.mundoagropecuario.cl\/new\/wp-content\/uploads\/2020\/11\/PORTAL-1-1.png","width":1026,"height":100,"caption":"Revista de Agricultura"},"image":{"@id":"https:\/\/www.mundoagropecuario.cl\/new\/#\/schema\/logo\/image\/"},"sameAs":["https:\/\/www.facebook.com\/mundo.agropecuario.3","https:\/\/x.com\/MundoAgropecuar","https:\/\/www.linkedin.com\/in\/mundo-agropecuario-934009201\/"]},{"@type":"Person","@id":"https:\/\/www.mundoagropecuario.cl\/new\/#\/schema\/person\/4e9f74a82a7dac260eb1c44b7eebeb18","name":"mundo","url":"https:\/\/www.mundoagropecuario.cl\/new\/author\/mundo\/"}]}},"_links":{"self":[{"href":"https:\/\/www.mundoagropecuario.cl\/new\/wp-json\/wp\/v2\/posts\/16241","targetHints":{"allow":["GET"]}}],"collection":[{"href":"https:\/\/www.mundoagropecuario.cl\/new\/wp-json\/wp\/v2\/posts"}],"about":[{"href":"https:\/\/www.mundoagropecuario.cl\/new\/wp-json\/wp\/v2\/types\/post"}],"author":[{"embeddable":true,"href":"https:\/\/www.mundoagropecuario.cl\/new\/wp-json\/wp\/v2\/users\/2"}],"replies":[{"embeddable":true,"href":"https:\/\/www.mundoagropecuario.cl\/new\/wp-json\/wp\/v2\/comments?post=16241"}],"version-history":[{"count":1,"href":"https:\/\/www.mundoagropecuario.cl\/new\/wp-json\/wp\/v2\/posts\/16241\/revisions"}],"predecessor-version":[{"id":16242,"href":"https:\/\/www.mundoagropecuario.cl\/new\/wp-json\/wp\/v2\/posts\/16241\/revisions\/16242"}],"wp:featuredmedia":[{"embeddable":true,"href":"https:\/\/www.mundoagropecuario.cl\/new\/wp-json\/wp\/v2\/media\/11029"}],"wp:attachment":[{"href":"https:\/\/www.mundoagropecuario.cl\/new\/wp-json\/wp\/v2\/media?parent=16241"}],"wp:term":[{"taxonomy":"category","embeddable":true,"href":"https:\/\/www.mundoagropecuario.cl\/new\/wp-json\/wp\/v2\/categories?post=16241"},{"taxonomy":"post_tag","embeddable":true,"href":"https:\/\/www.mundoagropecuario.cl\/new\/wp-json\/wp\/v2\/tags?post=16241"}],"curies":[{"name":"wp","href":"https:\/\/api.w.org\/{rel}","templated":true}]}}