{"id":16081,"date":"2020-08-27T11:39:12","date_gmt":"2020-08-27T14:39:12","guid":{"rendered":"http:\/\/www.mundoagropecuario.cl\/new\/?p=16081"},"modified":"2020-08-28T12:16:22","modified_gmt":"2020-08-28T15:16:22","slug":"jornadas-latinoamericanas-del-vino-y-variedades-patrimoniales-abordaron-la-diversidad-genetica","status":"publish","type":"post","link":"https:\/\/www.mundoagropecuario.cl\/new\/jornadas-latinoamericanas-del-vino-y-variedades-patrimoniales-abordaron-la-diversidad-genetica\/","title":{"rendered":"Jornadas Latinoamericanas del Vino y Variedades Patrimoniales abordaron la diversidad gen\u00e9tica"},"content":{"rendered":"\n<figure class=\"wp-block-gallery columns-0 is-cropped wp-block-gallery-1 is-layout-flex wp-block-gallery-is-layout-flex\"><ul class=\"blocks-gallery-grid\"><\/ul><\/figure>\n\n\n\n<p class=\"has-medium-font-size\"><em>Chile estuvo representado por el investigador de INIA La Platina, Patricio Hinrichsen, quien refiri\u00f3 a las cepas criollas en vi\u00f1edos patrimoniales. Su tema se titul\u00f3 En la variedad est\u00e1 el gusto, debido a la gran diversidad gen\u00e9tica existente en el pa\u00eds (Mundo Agropecuario). <\/em><\/p>\n\n\n\n<p>M\u00e1s de 1000 personas se conectaron a la primera sesi\u00f3n de las primeras Jornadas Latinoamericanas del Vino y Variedades Patrimoniales que organizan en forma conjunta instituciones de Chile (Instituto de Investigaciones Agropecuarias \u2013 INIA), Argentina (Instituto de Nutrici\u00f3n y Tecnolog\u00eda de los Alimentos \u2013 INTA; Universidad Juan Agust\u00edn Maza \u2013&nbsp; UMaza; e instituci\u00f3n Cambio Rural), Per\u00fa (Universidad Nacional Agraria La Molina \u2013 UNALM), Bolivia (Fundaci\u00f3n FAUTAPO) y M\u00e9xico (Instituto Nacional de Investigaciones Forestales, Agr\u00edcolas y Pecuarias \u2013 INIFAP).<\/p>\n\n\n\n<p>En total ser\u00e1n cinco fechas, entre el 25 de agosto y 22 de septiembre de 2020, en las que se abordar\u00e1 la diversidad gen\u00e9tica, historia de vitivinicultura, sanidad y respuestas a factores abi\u00f3ticos, diversificaci\u00f3n enol\u00f3gica y experiencias comerciales. Al respecto, el encargado de Relaciones Internacionales de INIA, Emilio Ruz, indic\u00f3 que este evento internacional se enmarca en el convenio de cooperaci\u00f3n bilateral entre los Ministerios de Agricultura Chile y Argentina, ampliado a otros pa\u00edses interesados en el tema.<\/p>\n\n\n\n<p>Espec\u00edficamente, la primera sesi\u00f3n se titul\u00f3 Diversidad Gen\u00e9tica en Latinoam\u00e9rica: Un patrimonio por descubrir y valorizar. En este encuentro se trataron temas relacionados a la diversidad gen\u00e9tica en vid a nivel global y m\u00e1s espec\u00edficamente en Latinoam\u00e9rica. Especialistas de Espa\u00f1a, Argentina, Bolivia, Chile y Per\u00fa presentaron los \u00faltimos avances en cuanto a la diversidad varietal encontrada en cada pa\u00eds, sus or\u00edgenes y la importancia estrat\u00e9gica de su conservaci\u00f3n, caracterizaci\u00f3n y uso.<\/p>\n\n\n\n<p>En el caso de Chile, el investigador de INIA La Platina, Patricio Hinrichsen, expositor de la primera sesi\u00f3n y tambi\u00e9n uno de los organizadores de la actividad, se refiri\u00f3 a las cepas criollas en vi\u00f1edos patrimoniales de Chile. Su presentaci\u00f3n se enfoc\u00f3 en la gran diversidad que se ha encontrado en los vi\u00f1edos patrimoniales del pa\u00eds, describiendo las etapas que ha tenido el trabajo investigativo. Entre las acciones ejecutadas por el especialista y otros investigadores de INIA est\u00e1n: Explorar vi\u00f1edos antiguos en busca de cepas patrimoniales, caracterizar estas cepas gen\u00e9ticamente y conocer su filiaci\u00f3n, compara los resultados con la base de datos, determinar su distribuci\u00f3n a lo largo del pa\u00eds y, conservar y caracterizar las accesiones obtenidas de acuerdo a est\u00e1ndares internacionales para su adecuada preservaci\u00f3n y uso posterior.<\/p>\n\n\n\n<p>Al respecto, el especialista concluy\u00f3 que en vi\u00f1edos patrimoniales a lo largo de Chile se han identificado una gran cantidad de genotipos no incluidos en las listas tradicionales de variedades de Chile: 50 variedades antiguas europeas y 46 no identificas o NN. \u201cEl gran desaf\u00edo es avanzar en estudios de aspectos enol\u00f3gicos y vit\u00edcolas, as\u00ed como en el rescate de tradiciones productivas y m\u00e9todos ancestrales de vinificaci\u00f3n, asociado racionalmente a mejoras tecnol\u00f3gicas\u201d, indic\u00f3.<\/p>\n\n\n\n<p>Mientras que el investigador de INIA La Platina, Nilo Mej\u00eda, se refiri\u00f3 a la caracterizaci\u00f3n gen\u00e9tica de las principales variedades patrimoniales y criollas del Valle de Los Cintis, en Bolivia.&nbsp; Un trabajo en conjunto que realiz\u00f3 con el vecino pa\u00eds.<\/p>\n\n\n\n<p>En tanto, los otros temas presentados durante la primera sesi\u00f3n fueron: Las variedades del futuro. (Dr. Javier Ib\u00e1\u00f1ez del Instituto de Ciencias de la Vid y el Vino -ICVV- Espa\u00f1a); Diversidad gen\u00e9tica en vid presente en Argentina: Una oportunidad hacia el futuro. (MSc. Roc\u00edo Torres de INTA, Argentina); Rescate, caracterizaci\u00f3n y revalorizaci\u00f3n del patrimonio vit\u00edcola peruano. (Ing. Agr. Karl Mendoza Solari de UNALM, Per\u00fa).<\/p>\n\n\n\n<p>Las jornadas, propuestas por la Ingeniero Agr\u00f3noma y en\u00f3loga de INIA Raihuen, MSc Irina D\u00edaz, est\u00e1n dirigidas a productores, profesionales relacionados a la industria de la uva, el vino, el turismo y la gastronom\u00eda, en\u00f3logos, consultores, estudiantes, y periodistas y comunicadores de distintos pa\u00edses. En Chile, cuentan con el apoyo del equipo Comunicaciones y Extensi\u00f3n Digital de INIA La Platina.<\/p>\n\n\n\n<p>Las sesiones, de dos horas aproximadamente cada una, se desarrollar\u00e1n a lo largo de cinco encuentros (uno por semana). Para inscribirse en las pr\u00f3ximas jornadas debe hacer click aqu\u00ed<\/p>\n\n\n\n<p><strong>Diversidad gen\u00e9tica<\/strong><\/p>\n\n\n\n<p>Las primeras plantas de vid fueron introducidas en Latinoam\u00e9rica por los colonizadores espa\u00f1oles a inicios del siglo XVI y en cada uno de estos pa\u00edses se cuenta con un gran n\u00famero de variedades aut\u00f3ctonas que se denominan criollas. Estas variedades se originaron a lo largo de estos casi 500 a\u00f1os de historia vitivin\u00edcola en la regi\u00f3n, derivadas de cruces naturales entre las vides tra\u00eddas por los espa\u00f1oles, durante la conquista y colonia.<\/p>\n\n\n\n<p>Actualmente se busca revalorizar estas variedades propias y conocer su potencial para distintos usos en la industria vitivin\u00edcola.<\/p>\n","protected":false},"excerpt":{"rendered":"<p>Chile estuvo representado por el investigador de INIA La Platina, Patricio Hinrichsen, quien refiri\u00f3 a las cepas criollas en vi\u00f1edos patrimoniales. Su tema se titul\u00f3 En la variedad est\u00e1 el&#8230;<\/p>\n","protected":false},"author":2,"featured_media":16082,"comment_status":"closed","ping_status":"closed","sticky":false,"template":"","format":"standard","meta":{"footnotes":""},"categories":[1945],"tags":[3127,4721,4723,2052,4722,4149,2099,2207],"class_list":["post-16081","post","type-post","status-publish","format-standard","has-post-thumbnail","hentry","category-agricultura","tag-agro","tag-cepas","tag-diversidad-genetica","tag-inia","tag-jornadas-latinoamericanas-del-vino","tag-mundo-agropecuario","tag-tuberculosis-bovina-en-centro-experimental-inia-kampenaike","tag-vino"],"yoast_head":"<!-- This site is optimized with the Yoast SEO plugin v26.6 - https:\/\/yoast.com\/wordpress\/plugins\/seo\/ -->\n<title>Jornadas Latinoamericanas del Vino y Variedades Patrimoniales abordaron la diversidad gen\u00e9tica - Mundoagropecuario<\/title>\n<meta name=\"robots\" content=\"index, follow, max-snippet:-1, max-image-preview:large, max-video-preview:-1\" \/>\n<link rel=\"canonical\" href=\"https:\/\/www.mundoagropecuario.cl\/new\/jornadas-latinoamericanas-del-vino-y-variedades-patrimoniales-abordaron-la-diversidad-genetica\/\" \/>\n<meta property=\"og:locale\" content=\"es_ES\" \/>\n<meta property=\"og:type\" content=\"article\" \/>\n<meta property=\"og:title\" content=\"Jornadas Latinoamericanas del Vino y Variedades Patrimoniales abordaron la diversidad gen\u00e9tica - Mundoagropecuario\" \/>\n<meta property=\"og:description\" content=\"Chile estuvo representado por el investigador de INIA La Platina, Patricio Hinrichsen, quien refiri\u00f3 a las cepas criollas en vi\u00f1edos patrimoniales. Su tema se titul\u00f3 En la variedad est\u00e1 el...\" \/>\n<meta property=\"og:url\" content=\"https:\/\/www.mundoagropecuario.cl\/new\/jornadas-latinoamericanas-del-vino-y-variedades-patrimoniales-abordaron-la-diversidad-genetica\/\" \/>\n<meta property=\"og:site_name\" content=\"Mundoagropecuario\" \/>\n<meta property=\"article:publisher\" content=\"https:\/\/www.facebook.com\/mundo.agropecuario.3\" \/>\n<meta property=\"article:published_time\" content=\"2020-08-27T14:39:12+00:00\" \/>\n<meta property=\"article:modified_time\" content=\"2020-08-28T15:16:22+00:00\" \/>\n<meta property=\"og:image\" content=\"https:\/\/www.mundoagropecuario.cl\/new\/wp-content\/uploads\/2020\/08\/vino.png\" \/>\n\t<meta property=\"og:image:width\" content=\"1600\" \/>\n\t<meta property=\"og:image:height\" content=\"700\" \/>\n\t<meta property=\"og:image:type\" content=\"image\/png\" \/>\n<meta name=\"author\" content=\"mundo\" \/>\n<meta name=\"twitter:card\" content=\"summary_large_image\" \/>\n<meta name=\"twitter:creator\" content=\"@MundoAgropecuar\" \/>\n<meta name=\"twitter:site\" content=\"@MundoAgropecuar\" \/>\n<meta name=\"twitter:label1\" content=\"Escrito por\" \/>\n\t<meta name=\"twitter:data1\" content=\"mundo\" \/>\n\t<meta name=\"twitter:label2\" content=\"Tiempo de lectura\" \/>\n\t<meta name=\"twitter:data2\" content=\"4 minutos\" \/>\n<script type=\"application\/ld+json\" class=\"yoast-schema-graph\">{\"@context\":\"https:\/\/schema.org\",\"@graph\":[{\"@type\":\"Article\",\"@id\":\"https:\/\/www.mundoagropecuario.cl\/new\/jornadas-latinoamericanas-del-vino-y-variedades-patrimoniales-abordaron-la-diversidad-genetica\/#article\",\"isPartOf\":{\"@id\":\"https:\/\/www.mundoagropecuario.cl\/new\/jornadas-latinoamericanas-del-vino-y-variedades-patrimoniales-abordaron-la-diversidad-genetica\/\"},\"author\":{\"name\":\"mundo\",\"@id\":\"https:\/\/www.mundoagropecuario.cl\/new\/#\/schema\/person\/4e9f74a82a7dac260eb1c44b7eebeb18\"},\"headline\":\"Jornadas Latinoamericanas del Vino y Variedades Patrimoniales abordaron la diversidad gen\u00e9tica\",\"datePublished\":\"2020-08-27T14:39:12+00:00\",\"dateModified\":\"2020-08-28T15:16:22+00:00\",\"mainEntityOfPage\":{\"@id\":\"https:\/\/www.mundoagropecuario.cl\/new\/jornadas-latinoamericanas-del-vino-y-variedades-patrimoniales-abordaron-la-diversidad-genetica\/\"},\"wordCount\":847,\"publisher\":{\"@id\":\"https:\/\/www.mundoagropecuario.cl\/new\/#organization\"},\"image\":{\"@id\":\"https:\/\/www.mundoagropecuario.cl\/new\/jornadas-latinoamericanas-del-vino-y-variedades-patrimoniales-abordaron-la-diversidad-genetica\/#primaryimage\"},\"thumbnailUrl\":\"https:\/\/www.mundoagropecuario.cl\/new\/wp-content\/uploads\/2020\/08\/vino.png\",\"keywords\":[\"Agro\",\"Cepas\",\"diversidad gen\u00e9tica\",\"INIA\",\"Jornadas Latinoamericanas del Vino\",\"Mundo Agropecuario\",\"tuberculosis bovina en Centro Experimental INIA Kampenaike\",\"Vino\"],\"articleSection\":[\"Agricultura\"],\"inLanguage\":\"es\"},{\"@type\":\"WebPage\",\"@id\":\"https:\/\/www.mundoagropecuario.cl\/new\/jornadas-latinoamericanas-del-vino-y-variedades-patrimoniales-abordaron-la-diversidad-genetica\/\",\"url\":\"https:\/\/www.mundoagropecuario.cl\/new\/jornadas-latinoamericanas-del-vino-y-variedades-patrimoniales-abordaron-la-diversidad-genetica\/\",\"name\":\"Jornadas Latinoamericanas del Vino y Variedades Patrimoniales abordaron la diversidad gen\u00e9tica - Mundoagropecuario\",\"isPartOf\":{\"@id\":\"https:\/\/www.mundoagropecuario.cl\/new\/#website\"},\"primaryImageOfPage\":{\"@id\":\"https:\/\/www.mundoagropecuario.cl\/new\/jornadas-latinoamericanas-del-vino-y-variedades-patrimoniales-abordaron-la-diversidad-genetica\/#primaryimage\"},\"image\":{\"@id\":\"https:\/\/www.mundoagropecuario.cl\/new\/jornadas-latinoamericanas-del-vino-y-variedades-patrimoniales-abordaron-la-diversidad-genetica\/#primaryimage\"},\"thumbnailUrl\":\"https:\/\/www.mundoagropecuario.cl\/new\/wp-content\/uploads\/2020\/08\/vino.png\",\"datePublished\":\"2020-08-27T14:39:12+00:00\",\"dateModified\":\"2020-08-28T15:16:22+00:00\",\"breadcrumb\":{\"@id\":\"https:\/\/www.mundoagropecuario.cl\/new\/jornadas-latinoamericanas-del-vino-y-variedades-patrimoniales-abordaron-la-diversidad-genetica\/#breadcrumb\"},\"inLanguage\":\"es\",\"potentialAction\":[{\"@type\":\"ReadAction\",\"target\":[\"https:\/\/www.mundoagropecuario.cl\/new\/jornadas-latinoamericanas-del-vino-y-variedades-patrimoniales-abordaron-la-diversidad-genetica\/\"]}]},{\"@type\":\"ImageObject\",\"inLanguage\":\"es\",\"@id\":\"https:\/\/www.mundoagropecuario.cl\/new\/jornadas-latinoamericanas-del-vino-y-variedades-patrimoniales-abordaron-la-diversidad-genetica\/#primaryimage\",\"url\":\"https:\/\/www.mundoagropecuario.cl\/new\/wp-content\/uploads\/2020\/08\/vino.png\",\"contentUrl\":\"https:\/\/www.mundoagropecuario.cl\/new\/wp-content\/uploads\/2020\/08\/vino.png\",\"width\":1600,\"height\":700},{\"@type\":\"BreadcrumbList\",\"@id\":\"https:\/\/www.mundoagropecuario.cl\/new\/jornadas-latinoamericanas-del-vino-y-variedades-patrimoniales-abordaron-la-diversidad-genetica\/#breadcrumb\",\"itemListElement\":[{\"@type\":\"ListItem\",\"position\":1,\"name\":\"Portada\",\"item\":\"https:\/\/www.mundoagropecuario.cl\/new\/\"},{\"@type\":\"ListItem\",\"position\":2,\"name\":\"Jornadas Latinoamericanas del Vino y Variedades Patrimoniales abordaron la diversidad gen\u00e9tica\"}]},{\"@type\":\"WebSite\",\"@id\":\"https:\/\/www.mundoagropecuario.cl\/new\/#website\",\"url\":\"https:\/\/www.mundoagropecuario.cl\/new\/\",\"name\":\"Mundoagropecuario\",\"description\":\"Mundo Agropecuario\",\"publisher\":{\"@id\":\"https:\/\/www.mundoagropecuario.cl\/new\/#organization\"},\"potentialAction\":[{\"@type\":\"SearchAction\",\"target\":{\"@type\":\"EntryPoint\",\"urlTemplate\":\"https:\/\/www.mundoagropecuario.cl\/new\/?s={search_term_string}\"},\"query-input\":{\"@type\":\"PropertyValueSpecification\",\"valueRequired\":true,\"valueName\":\"search_term_string\"}}],\"inLanguage\":\"es\"},{\"@type\":\"Organization\",\"@id\":\"https:\/\/www.mundoagropecuario.cl\/new\/#organization\",\"name\":\"Revista de Agricultura\",\"url\":\"https:\/\/www.mundoagropecuario.cl\/new\/\",\"logo\":{\"@type\":\"ImageObject\",\"inLanguage\":\"es\",\"@id\":\"https:\/\/www.mundoagropecuario.cl\/new\/#\/schema\/logo\/image\/\",\"url\":\"https:\/\/www.mundoagropecuario.cl\/new\/wp-content\/uploads\/2020\/11\/PORTAL-1-1.png\",\"contentUrl\":\"https:\/\/www.mundoagropecuario.cl\/new\/wp-content\/uploads\/2020\/11\/PORTAL-1-1.png\",\"width\":1026,\"height\":100,\"caption\":\"Revista de Agricultura\"},\"image\":{\"@id\":\"https:\/\/www.mundoagropecuario.cl\/new\/#\/schema\/logo\/image\/\"},\"sameAs\":[\"https:\/\/www.facebook.com\/mundo.agropecuario.3\",\"https:\/\/x.com\/MundoAgropecuar\",\"https:\/\/www.linkedin.com\/in\/mundo-agropecuario-934009201\/\"]},{\"@type\":\"Person\",\"@id\":\"https:\/\/www.mundoagropecuario.cl\/new\/#\/schema\/person\/4e9f74a82a7dac260eb1c44b7eebeb18\",\"name\":\"mundo\",\"url\":\"https:\/\/www.mundoagropecuario.cl\/new\/author\/mundo\/\"}]}<\/script>\n<!-- \/ Yoast SEO plugin. -->","yoast_head_json":{"title":"Jornadas Latinoamericanas del Vino y Variedades Patrimoniales abordaron la diversidad gen\u00e9tica - Mundoagropecuario","robots":{"index":"index","follow":"follow","max-snippet":"max-snippet:-1","max-image-preview":"max-image-preview:large","max-video-preview":"max-video-preview:-1"},"canonical":"https:\/\/www.mundoagropecuario.cl\/new\/jornadas-latinoamericanas-del-vino-y-variedades-patrimoniales-abordaron-la-diversidad-genetica\/","og_locale":"es_ES","og_type":"article","og_title":"Jornadas Latinoamericanas del Vino y Variedades Patrimoniales abordaron la diversidad gen\u00e9tica - Mundoagropecuario","og_description":"Chile estuvo representado por el investigador de INIA La Platina, Patricio Hinrichsen, quien refiri\u00f3 a las cepas criollas en vi\u00f1edos patrimoniales. Su tema se titul\u00f3 En la variedad est\u00e1 el...","og_url":"https:\/\/www.mundoagropecuario.cl\/new\/jornadas-latinoamericanas-del-vino-y-variedades-patrimoniales-abordaron-la-diversidad-genetica\/","og_site_name":"Mundoagropecuario","article_publisher":"https:\/\/www.facebook.com\/mundo.agropecuario.3","article_published_time":"2020-08-27T14:39:12+00:00","article_modified_time":"2020-08-28T15:16:22+00:00","og_image":[{"width":1600,"height":700,"url":"https:\/\/www.mundoagropecuario.cl\/new\/wp-content\/uploads\/2020\/08\/vino.png","type":"image\/png"}],"author":"mundo","twitter_card":"summary_large_image","twitter_creator":"@MundoAgropecuar","twitter_site":"@MundoAgropecuar","twitter_misc":{"Escrito por":"mundo","Tiempo de lectura":"4 minutos"},"schema":{"@context":"https:\/\/schema.org","@graph":[{"@type":"Article","@id":"https:\/\/www.mundoagropecuario.cl\/new\/jornadas-latinoamericanas-del-vino-y-variedades-patrimoniales-abordaron-la-diversidad-genetica\/#article","isPartOf":{"@id":"https:\/\/www.mundoagropecuario.cl\/new\/jornadas-latinoamericanas-del-vino-y-variedades-patrimoniales-abordaron-la-diversidad-genetica\/"},"author":{"name":"mundo","@id":"https:\/\/www.mundoagropecuario.cl\/new\/#\/schema\/person\/4e9f74a82a7dac260eb1c44b7eebeb18"},"headline":"Jornadas Latinoamericanas del Vino y Variedades Patrimoniales abordaron la diversidad gen\u00e9tica","datePublished":"2020-08-27T14:39:12+00:00","dateModified":"2020-08-28T15:16:22+00:00","mainEntityOfPage":{"@id":"https:\/\/www.mundoagropecuario.cl\/new\/jornadas-latinoamericanas-del-vino-y-variedades-patrimoniales-abordaron-la-diversidad-genetica\/"},"wordCount":847,"publisher":{"@id":"https:\/\/www.mundoagropecuario.cl\/new\/#organization"},"image":{"@id":"https:\/\/www.mundoagropecuario.cl\/new\/jornadas-latinoamericanas-del-vino-y-variedades-patrimoniales-abordaron-la-diversidad-genetica\/#primaryimage"},"thumbnailUrl":"https:\/\/www.mundoagropecuario.cl\/new\/wp-content\/uploads\/2020\/08\/vino.png","keywords":["Agro","Cepas","diversidad gen\u00e9tica","INIA","Jornadas Latinoamericanas del Vino","Mundo Agropecuario","tuberculosis bovina en Centro Experimental INIA Kampenaike","Vino"],"articleSection":["Agricultura"],"inLanguage":"es"},{"@type":"WebPage","@id":"https:\/\/www.mundoagropecuario.cl\/new\/jornadas-latinoamericanas-del-vino-y-variedades-patrimoniales-abordaron-la-diversidad-genetica\/","url":"https:\/\/www.mundoagropecuario.cl\/new\/jornadas-latinoamericanas-del-vino-y-variedades-patrimoniales-abordaron-la-diversidad-genetica\/","name":"Jornadas Latinoamericanas del Vino y Variedades Patrimoniales abordaron la diversidad gen\u00e9tica - Mundoagropecuario","isPartOf":{"@id":"https:\/\/www.mundoagropecuario.cl\/new\/#website"},"primaryImageOfPage":{"@id":"https:\/\/www.mundoagropecuario.cl\/new\/jornadas-latinoamericanas-del-vino-y-variedades-patrimoniales-abordaron-la-diversidad-genetica\/#primaryimage"},"image":{"@id":"https:\/\/www.mundoagropecuario.cl\/new\/jornadas-latinoamericanas-del-vino-y-variedades-patrimoniales-abordaron-la-diversidad-genetica\/#primaryimage"},"thumbnailUrl":"https:\/\/www.mundoagropecuario.cl\/new\/wp-content\/uploads\/2020\/08\/vino.png","datePublished":"2020-08-27T14:39:12+00:00","dateModified":"2020-08-28T15:16:22+00:00","breadcrumb":{"@id":"https:\/\/www.mundoagropecuario.cl\/new\/jornadas-latinoamericanas-del-vino-y-variedades-patrimoniales-abordaron-la-diversidad-genetica\/#breadcrumb"},"inLanguage":"es","potentialAction":[{"@type":"ReadAction","target":["https:\/\/www.mundoagropecuario.cl\/new\/jornadas-latinoamericanas-del-vino-y-variedades-patrimoniales-abordaron-la-diversidad-genetica\/"]}]},{"@type":"ImageObject","inLanguage":"es","@id":"https:\/\/www.mundoagropecuario.cl\/new\/jornadas-latinoamericanas-del-vino-y-variedades-patrimoniales-abordaron-la-diversidad-genetica\/#primaryimage","url":"https:\/\/www.mundoagropecuario.cl\/new\/wp-content\/uploads\/2020\/08\/vino.png","contentUrl":"https:\/\/www.mundoagropecuario.cl\/new\/wp-content\/uploads\/2020\/08\/vino.png","width":1600,"height":700},{"@type":"BreadcrumbList","@id":"https:\/\/www.mundoagropecuario.cl\/new\/jornadas-latinoamericanas-del-vino-y-variedades-patrimoniales-abordaron-la-diversidad-genetica\/#breadcrumb","itemListElement":[{"@type":"ListItem","position":1,"name":"Portada","item":"https:\/\/www.mundoagropecuario.cl\/new\/"},{"@type":"ListItem","position":2,"name":"Jornadas Latinoamericanas del Vino y Variedades Patrimoniales abordaron la diversidad gen\u00e9tica"}]},{"@type":"WebSite","@id":"https:\/\/www.mundoagropecuario.cl\/new\/#website","url":"https:\/\/www.mundoagropecuario.cl\/new\/","name":"Mundoagropecuario","description":"Mundo Agropecuario","publisher":{"@id":"https:\/\/www.mundoagropecuario.cl\/new\/#organization"},"potentialAction":[{"@type":"SearchAction","target":{"@type":"EntryPoint","urlTemplate":"https:\/\/www.mundoagropecuario.cl\/new\/?s={search_term_string}"},"query-input":{"@type":"PropertyValueSpecification","valueRequired":true,"valueName":"search_term_string"}}],"inLanguage":"es"},{"@type":"Organization","@id":"https:\/\/www.mundoagropecuario.cl\/new\/#organization","name":"Revista de Agricultura","url":"https:\/\/www.mundoagropecuario.cl\/new\/","logo":{"@type":"ImageObject","inLanguage":"es","@id":"https:\/\/www.mundoagropecuario.cl\/new\/#\/schema\/logo\/image\/","url":"https:\/\/www.mundoagropecuario.cl\/new\/wp-content\/uploads\/2020\/11\/PORTAL-1-1.png","contentUrl":"https:\/\/www.mundoagropecuario.cl\/new\/wp-content\/uploads\/2020\/11\/PORTAL-1-1.png","width":1026,"height":100,"caption":"Revista de Agricultura"},"image":{"@id":"https:\/\/www.mundoagropecuario.cl\/new\/#\/schema\/logo\/image\/"},"sameAs":["https:\/\/www.facebook.com\/mundo.agropecuario.3","https:\/\/x.com\/MundoAgropecuar","https:\/\/www.linkedin.com\/in\/mundo-agropecuario-934009201\/"]},{"@type":"Person","@id":"https:\/\/www.mundoagropecuario.cl\/new\/#\/schema\/person\/4e9f74a82a7dac260eb1c44b7eebeb18","name":"mundo","url":"https:\/\/www.mundoagropecuario.cl\/new\/author\/mundo\/"}]}},"_links":{"self":[{"href":"https:\/\/www.mundoagropecuario.cl\/new\/wp-json\/wp\/v2\/posts\/16081","targetHints":{"allow":["GET"]}}],"collection":[{"href":"https:\/\/www.mundoagropecuario.cl\/new\/wp-json\/wp\/v2\/posts"}],"about":[{"href":"https:\/\/www.mundoagropecuario.cl\/new\/wp-json\/wp\/v2\/types\/post"}],"author":[{"embeddable":true,"href":"https:\/\/www.mundoagropecuario.cl\/new\/wp-json\/wp\/v2\/users\/2"}],"replies":[{"embeddable":true,"href":"https:\/\/www.mundoagropecuario.cl\/new\/wp-json\/wp\/v2\/comments?post=16081"}],"version-history":[{"count":2,"href":"https:\/\/www.mundoagropecuario.cl\/new\/wp-json\/wp\/v2\/posts\/16081\/revisions"}],"predecessor-version":[{"id":16098,"href":"https:\/\/www.mundoagropecuario.cl\/new\/wp-json\/wp\/v2\/posts\/16081\/revisions\/16098"}],"wp:featuredmedia":[{"embeddable":true,"href":"https:\/\/www.mundoagropecuario.cl\/new\/wp-json\/wp\/v2\/media\/16082"}],"wp:attachment":[{"href":"https:\/\/www.mundoagropecuario.cl\/new\/wp-json\/wp\/v2\/media?parent=16081"}],"wp:term":[{"taxonomy":"category","embeddable":true,"href":"https:\/\/www.mundoagropecuario.cl\/new\/wp-json\/wp\/v2\/categories?post=16081"},{"taxonomy":"post_tag","embeddable":true,"href":"https:\/\/www.mundoagropecuario.cl\/new\/wp-json\/wp\/v2\/tags?post=16081"}],"curies":[{"name":"wp","href":"https:\/\/api.w.org\/{rel}","templated":true}]}}