{"id":16007,"date":"2020-08-17T12:23:54","date_gmt":"2020-08-17T15:23:54","guid":{"rendered":"http:\/\/www.mundoagropecuario.cl\/new\/?p=16007"},"modified":"2020-08-19T12:21:17","modified_gmt":"2020-08-19T15:21:17","slug":"agronomia-udec-alerta-sobre-patologias-que-afectan-a-las-abejas-meliferas-en-chile","status":"publish","type":"post","link":"https:\/\/www.mundoagropecuario.cl\/new\/agronomia-udec-alerta-sobre-patologias-que-afectan-a-las-abejas-meliferas-en-chile\/","title":{"rendered":"Agronom\u00eda UdeC alerta sobre patolog\u00edas que afectan a las abejas mel\u00edferas en Chile"},"content":{"rendered":"\n<figure class=\"wp-block-gallery columns-0 is-cropped wp-block-gallery-1 is-layout-flex wp-block-gallery-is-layout-flex\"><ul class=\"blocks-gallery-grid\"><\/ul><\/figure>\n\n\n\n<p class=\"has-medium-font-size\"><em>Trabajo investigativo de la Facultad de Agronom\u00eda de la Universidad de Concepci\u00f3n se extiende por m\u00e1s de una d\u00e9cada, bajo la conducci\u00f3n de la Dra. Marisol Vargas Concha (Mundo Agropecuario).<\/em><\/p>\n\n\n\n<p>En el marco del D\u00eda de la Miel, que se celebra cada 6 de agosto, es importante poner \u00e9nfasis en que este producto que se obtiene de la actividad ap\u00edcola cuenta con un mercado mundial en continuo crecimiento, impulsado por la preferencia de los consumidores por alimentarse de manera saludable y la conciencia sobre los beneficios funcionales de este alimento natural.<\/p>\n\n\n\n<p>Es una fecha importante para todo Chile, puesto que la apicultura es una actividad que va en aumento, tanto por la producci\u00f3n de miel, como por los otros subproductos que esta genera, e incluso por la prestaci\u00f3n de servicios para polinizaci\u00f3n de frutales y semilleros de hortalizas.<\/p>\n\n\n\n<p>Actualmente, existen cerca de 900 mil colmenas en el pa\u00eds y se espera que estas se incrementen dada la demanda del sector agr\u00edcola por servicios de polinizaci\u00f3n de los cultivos.<\/p>\n\n\n\n<p>La producci\u00f3n de miel en Chile es exportada en m\u00e1s de un 80% a los mercados de la Uni\u00f3n Europea y Estados Unidos, constituy\u00e9ndose en el principal producto pecuario primario exportado por nuestro pa\u00eds. El a\u00f1o 2018, se exportaron 9.024 toneladas de miel alcanzando un valor de USD 29 millones.<\/p>\n\n\n\n<p>Es bajo este contexto que cobra especial relevancia el trabajo que por m\u00e1s de una d\u00e9cada se viene desarrollando en la Facultad de Agronom\u00eda de la Universidad de Concepci\u00f3n, en una l\u00ednea de investigaci\u00f3n que ha sido liderada por la acad\u00e9mica del Departamento de Producci\u00f3n Vegetal, Dra. Marisol Vargas Concha.<\/p>\n\n\n\n<p>\u201cHemos estado estudiando las patolog\u00edas que afectan a las abejas mel\u00edferas en Chile y buscando estrategias de control. En los \u00faltimos a\u00f1os hemos desarrollado dos proyectos Fondecyt, enfocados a estudiar las enfermedades virales en abejas, en particular la ocasionada por el Virus de las Alas Deformadas (DWV), uno de los pat\u00f3genos m\u00e1s importantes de la abeja mel\u00edfera a nivel mundial\u201d, precis\u00f3 la experta.<\/p>\n\n\n\n<p>Vargas adem\u00e1s agreg\u00f3 que \u201creci\u00e9n hemos concluido un proyecto financiado por la Fundaci\u00f3n para la Innovaci\u00f3n Agraria (FIA), en el cual participaron adem\u00e1s, el Dr. Nolberto Arismendi Sol\u00eds y la Dra. Macarena Gerding Gonz\u00e1lez, en el cual obtuvimos muy buenos resultados desarrollando un bioestimulante en base a bacterias l\u00e1cticas, aisladas desde el intestino de las abejas, y que al ser administradas en abejas mediante la alimentaci\u00f3n permite reducir la carga de los pat\u00f3genos Nosemaceranae y DWV en las abejas infectadas y adem\u00e1s estimula su sistema inmune\u201d.<\/p>\n\n\n\n<p>De acuerdo a lo manifestado por la Dra. Vargas, en los \u00faltimos a\u00f1os, los apicultores a nivel mundial han observado un aumento en el porcentaje de p\u00e9rdidas invernales de colonias de abejas. \u201cPor ejemplo, en EE.UU. el 37,7% de las colonias murieron el invierno de 2018, mientras que en Europa las mortalidades invernales rondan el 20%. En lo que respecta a Chile, el a\u00f1o 2017 se estim\u00f3 una tasa de mortalidad del 56%\u201d, precis\u00f3.<\/p>\n\n\n\n<p>Es as\u00ed como la experta destaca que una de las principales causas de la muerte de polinizadores es la presencia de par\u00e1sitos y pat\u00f3genos, entre los que sobresalen el \u00e1caro Varroa destructor, el hongo Nosemaceranae y el virus de las alas deformadas (DWV).<\/p>\n\n\n\n<p>La problem\u00e1tica es significativa si se considera que la abeja mel\u00edfera (Apis mellifera) es el principal polinizador de los cultivos, adem\u00e1s de ser la protagonista en la actividad productiva agr\u00edcola en donde se obtienen cotizados productos.<\/p>\n\n\n\n<p>\u201cLas abejas son tan importantes que, para crear conciencia sobre la importancia de los polinizadores, las amenazas a las que se enfrentan y su contribuci\u00f3n al desarrollo sostenible, las Naciones Unidas declararon el 20 de mayo como D\u00eda Mundial de las Abejas\u201d, concluy\u00f3 la Dra. Vargas.<\/p>\n","protected":false},"excerpt":{"rendered":"<p>Trabajo investigativo de la Facultad de Agronom\u00eda de la Universidad de Concepci\u00f3n se extiende por m\u00e1s de una d\u00e9cada, bajo la conducci\u00f3n de la Dra. Marisol Vargas Concha (Mundo Agropecuario)&#8230;.<\/p>\n","protected":false},"author":2,"featured_media":13392,"comment_status":"closed","ping_status":"closed","sticky":false,"template":"","format":"standard","meta":{"footnotes":""},"categories":[404],"tags":[4707,4373,3127,2969,4708,4428,4149],"class_list":["post-16007","post","type-post","status-publish","format-standard","has-post-thumbnail","hentry","category-titular-2","tag-abejas-meliferas","tag-agrcultura","tag-agro","tag-agronomia-udec","tag-facultad-de-agronomia-de-la-universidad-de-concepcion","tag-miel-abejas","tag-mundo-agropecuario"],"yoast_head":"<!-- This site is optimized with the Yoast SEO plugin v26.6 - https:\/\/yoast.com\/wordpress\/plugins\/seo\/ -->\n<title>Agronom\u00eda UdeC alerta sobre patolog\u00edas que afectan a las abejas mel\u00edferas en Chile - Mundoagropecuario<\/title>\n<meta name=\"robots\" content=\"index, follow, max-snippet:-1, max-image-preview:large, max-video-preview:-1\" \/>\n<link rel=\"canonical\" href=\"https:\/\/www.mundoagropecuario.cl\/new\/agronomia-udec-alerta-sobre-patologias-que-afectan-a-las-abejas-meliferas-en-chile\/\" \/>\n<meta property=\"og:locale\" content=\"es_ES\" \/>\n<meta property=\"og:type\" content=\"article\" \/>\n<meta property=\"og:title\" content=\"Agronom\u00eda UdeC alerta sobre patolog\u00edas que afectan a las abejas mel\u00edferas en Chile - Mundoagropecuario\" \/>\n<meta property=\"og:description\" content=\"Trabajo investigativo de la Facultad de Agronom\u00eda de la Universidad de Concepci\u00f3n se extiende por m\u00e1s de una d\u00e9cada, bajo la conducci\u00f3n de la Dra. Marisol Vargas Concha (Mundo Agropecuario)....\" \/>\n<meta property=\"og:url\" content=\"https:\/\/www.mundoagropecuario.cl\/new\/agronomia-udec-alerta-sobre-patologias-que-afectan-a-las-abejas-meliferas-en-chile\/\" \/>\n<meta property=\"og:site_name\" content=\"Mundoagropecuario\" \/>\n<meta property=\"article:publisher\" content=\"https:\/\/www.facebook.com\/mundo.agropecuario.3\" \/>\n<meta property=\"article:published_time\" content=\"2020-08-17T15:23:54+00:00\" \/>\n<meta property=\"article:modified_time\" content=\"2020-08-19T15:21:17+00:00\" \/>\n<meta property=\"og:image\" content=\"https:\/\/www.mundoagropecuario.cl\/new\/wp-content\/uploads\/2019\/08\/abejas-810x540.jpg\" \/>\n\t<meta property=\"og:image:width\" content=\"810\" \/>\n\t<meta property=\"og:image:height\" content=\"540\" \/>\n\t<meta property=\"og:image:type\" content=\"image\/jpeg\" \/>\n<meta name=\"author\" content=\"mundo\" \/>\n<meta name=\"twitter:card\" content=\"summary_large_image\" \/>\n<meta name=\"twitter:creator\" content=\"@MundoAgropecuar\" \/>\n<meta name=\"twitter:site\" content=\"@MundoAgropecuar\" \/>\n<meta name=\"twitter:label1\" content=\"Escrito por\" \/>\n\t<meta name=\"twitter:data1\" content=\"mundo\" \/>\n\t<meta name=\"twitter:label2\" content=\"Tiempo de lectura\" \/>\n\t<meta name=\"twitter:data2\" content=\"3 minutos\" \/>\n<script type=\"application\/ld+json\" class=\"yoast-schema-graph\">{\"@context\":\"https:\/\/schema.org\",\"@graph\":[{\"@type\":\"Article\",\"@id\":\"https:\/\/www.mundoagropecuario.cl\/new\/agronomia-udec-alerta-sobre-patologias-que-afectan-a-las-abejas-meliferas-en-chile\/#article\",\"isPartOf\":{\"@id\":\"https:\/\/www.mundoagropecuario.cl\/new\/agronomia-udec-alerta-sobre-patologias-que-afectan-a-las-abejas-meliferas-en-chile\/\"},\"author\":{\"name\":\"mundo\",\"@id\":\"https:\/\/www.mundoagropecuario.cl\/new\/#\/schema\/person\/4e9f74a82a7dac260eb1c44b7eebeb18\"},\"headline\":\"Agronom\u00eda UdeC alerta sobre patolog\u00edas que afectan a las abejas mel\u00edferas en Chile\",\"datePublished\":\"2020-08-17T15:23:54+00:00\",\"dateModified\":\"2020-08-19T15:21:17+00:00\",\"mainEntityOfPage\":{\"@id\":\"https:\/\/www.mundoagropecuario.cl\/new\/agronomia-udec-alerta-sobre-patologias-que-afectan-a-las-abejas-meliferas-en-chile\/\"},\"wordCount\":676,\"publisher\":{\"@id\":\"https:\/\/www.mundoagropecuario.cl\/new\/#organization\"},\"image\":{\"@id\":\"https:\/\/www.mundoagropecuario.cl\/new\/agronomia-udec-alerta-sobre-patologias-que-afectan-a-las-abejas-meliferas-en-chile\/#primaryimage\"},\"thumbnailUrl\":\"https:\/\/www.mundoagropecuario.cl\/new\/wp-content\/uploads\/2019\/08\/abejas-810x540.jpg\",\"keywords\":[\"abejas mel\u00edferas\",\"Agrcultura\",\"Agro\",\"Agronom\u00eda UdeC\",\"Facultad de Agronom\u00eda de la Universidad de Concepci\u00f3n\",\"Miel abejas\",\"Mundo Agropecuario\"],\"articleSection\":[\"Titular 2\"],\"inLanguage\":\"es\"},{\"@type\":\"WebPage\",\"@id\":\"https:\/\/www.mundoagropecuario.cl\/new\/agronomia-udec-alerta-sobre-patologias-que-afectan-a-las-abejas-meliferas-en-chile\/\",\"url\":\"https:\/\/www.mundoagropecuario.cl\/new\/agronomia-udec-alerta-sobre-patologias-que-afectan-a-las-abejas-meliferas-en-chile\/\",\"name\":\"Agronom\u00eda UdeC alerta sobre patolog\u00edas que afectan a las abejas mel\u00edferas en Chile - Mundoagropecuario\",\"isPartOf\":{\"@id\":\"https:\/\/www.mundoagropecuario.cl\/new\/#website\"},\"primaryImageOfPage\":{\"@id\":\"https:\/\/www.mundoagropecuario.cl\/new\/agronomia-udec-alerta-sobre-patologias-que-afectan-a-las-abejas-meliferas-en-chile\/#primaryimage\"},\"image\":{\"@id\":\"https:\/\/www.mundoagropecuario.cl\/new\/agronomia-udec-alerta-sobre-patologias-que-afectan-a-las-abejas-meliferas-en-chile\/#primaryimage\"},\"thumbnailUrl\":\"https:\/\/www.mundoagropecuario.cl\/new\/wp-content\/uploads\/2019\/08\/abejas-810x540.jpg\",\"datePublished\":\"2020-08-17T15:23:54+00:00\",\"dateModified\":\"2020-08-19T15:21:17+00:00\",\"breadcrumb\":{\"@id\":\"https:\/\/www.mundoagropecuario.cl\/new\/agronomia-udec-alerta-sobre-patologias-que-afectan-a-las-abejas-meliferas-en-chile\/#breadcrumb\"},\"inLanguage\":\"es\",\"potentialAction\":[{\"@type\":\"ReadAction\",\"target\":[\"https:\/\/www.mundoagropecuario.cl\/new\/agronomia-udec-alerta-sobre-patologias-que-afectan-a-las-abejas-meliferas-en-chile\/\"]}]},{\"@type\":\"ImageObject\",\"inLanguage\":\"es\",\"@id\":\"https:\/\/www.mundoagropecuario.cl\/new\/agronomia-udec-alerta-sobre-patologias-que-afectan-a-las-abejas-meliferas-en-chile\/#primaryimage\",\"url\":\"https:\/\/www.mundoagropecuario.cl\/new\/wp-content\/uploads\/2019\/08\/abejas-810x540.jpg\",\"contentUrl\":\"https:\/\/www.mundoagropecuario.cl\/new\/wp-content\/uploads\/2019\/08\/abejas-810x540.jpg\",\"width\":600,\"height\":400},{\"@type\":\"BreadcrumbList\",\"@id\":\"https:\/\/www.mundoagropecuario.cl\/new\/agronomia-udec-alerta-sobre-patologias-que-afectan-a-las-abejas-meliferas-en-chile\/#breadcrumb\",\"itemListElement\":[{\"@type\":\"ListItem\",\"position\":1,\"name\":\"Portada\",\"item\":\"https:\/\/www.mundoagropecuario.cl\/new\/\"},{\"@type\":\"ListItem\",\"position\":2,\"name\":\"Agronom\u00eda UdeC alerta sobre patolog\u00edas que afectan a las abejas mel\u00edferas en Chile\"}]},{\"@type\":\"WebSite\",\"@id\":\"https:\/\/www.mundoagropecuario.cl\/new\/#website\",\"url\":\"https:\/\/www.mundoagropecuario.cl\/new\/\",\"name\":\"Mundoagropecuario\",\"description\":\"Mundo Agropecuario\",\"publisher\":{\"@id\":\"https:\/\/www.mundoagropecuario.cl\/new\/#organization\"},\"potentialAction\":[{\"@type\":\"SearchAction\",\"target\":{\"@type\":\"EntryPoint\",\"urlTemplate\":\"https:\/\/www.mundoagropecuario.cl\/new\/?s={search_term_string}\"},\"query-input\":{\"@type\":\"PropertyValueSpecification\",\"valueRequired\":true,\"valueName\":\"search_term_string\"}}],\"inLanguage\":\"es\"},{\"@type\":\"Organization\",\"@id\":\"https:\/\/www.mundoagropecuario.cl\/new\/#organization\",\"name\":\"Revista de Agricultura\",\"url\":\"https:\/\/www.mundoagropecuario.cl\/new\/\",\"logo\":{\"@type\":\"ImageObject\",\"inLanguage\":\"es\",\"@id\":\"https:\/\/www.mundoagropecuario.cl\/new\/#\/schema\/logo\/image\/\",\"url\":\"https:\/\/www.mundoagropecuario.cl\/new\/wp-content\/uploads\/2020\/11\/PORTAL-1-1.png\",\"contentUrl\":\"https:\/\/www.mundoagropecuario.cl\/new\/wp-content\/uploads\/2020\/11\/PORTAL-1-1.png\",\"width\":1026,\"height\":100,\"caption\":\"Revista de Agricultura\"},\"image\":{\"@id\":\"https:\/\/www.mundoagropecuario.cl\/new\/#\/schema\/logo\/image\/\"},\"sameAs\":[\"https:\/\/www.facebook.com\/mundo.agropecuario.3\",\"https:\/\/x.com\/MundoAgropecuar\",\"https:\/\/www.linkedin.com\/in\/mundo-agropecuario-934009201\/\"]},{\"@type\":\"Person\",\"@id\":\"https:\/\/www.mundoagropecuario.cl\/new\/#\/schema\/person\/4e9f74a82a7dac260eb1c44b7eebeb18\",\"name\":\"mundo\",\"url\":\"https:\/\/www.mundoagropecuario.cl\/new\/author\/mundo\/\"}]}<\/script>\n<!-- \/ Yoast SEO plugin. -->","yoast_head_json":{"title":"Agronom\u00eda UdeC alerta sobre patolog\u00edas que afectan a las abejas mel\u00edferas en Chile - Mundoagropecuario","robots":{"index":"index","follow":"follow","max-snippet":"max-snippet:-1","max-image-preview":"max-image-preview:large","max-video-preview":"max-video-preview:-1"},"canonical":"https:\/\/www.mundoagropecuario.cl\/new\/agronomia-udec-alerta-sobre-patologias-que-afectan-a-las-abejas-meliferas-en-chile\/","og_locale":"es_ES","og_type":"article","og_title":"Agronom\u00eda UdeC alerta sobre patolog\u00edas que afectan a las abejas mel\u00edferas en Chile - Mundoagropecuario","og_description":"Trabajo investigativo de la Facultad de Agronom\u00eda de la Universidad de Concepci\u00f3n se extiende por m\u00e1s de una d\u00e9cada, bajo la conducci\u00f3n de la Dra. Marisol Vargas Concha (Mundo Agropecuario)....","og_url":"https:\/\/www.mundoagropecuario.cl\/new\/agronomia-udec-alerta-sobre-patologias-que-afectan-a-las-abejas-meliferas-en-chile\/","og_site_name":"Mundoagropecuario","article_publisher":"https:\/\/www.facebook.com\/mundo.agropecuario.3","article_published_time":"2020-08-17T15:23:54+00:00","article_modified_time":"2020-08-19T15:21:17+00:00","og_image":[{"width":810,"height":540,"url":"https:\/\/www.mundoagropecuario.cl\/new\/wp-content\/uploads\/2019\/08\/abejas-810x540.jpg","type":"image\/jpeg"}],"author":"mundo","twitter_card":"summary_large_image","twitter_creator":"@MundoAgropecuar","twitter_site":"@MundoAgropecuar","twitter_misc":{"Escrito por":"mundo","Tiempo de lectura":"3 minutos"},"schema":{"@context":"https:\/\/schema.org","@graph":[{"@type":"Article","@id":"https:\/\/www.mundoagropecuario.cl\/new\/agronomia-udec-alerta-sobre-patologias-que-afectan-a-las-abejas-meliferas-en-chile\/#article","isPartOf":{"@id":"https:\/\/www.mundoagropecuario.cl\/new\/agronomia-udec-alerta-sobre-patologias-que-afectan-a-las-abejas-meliferas-en-chile\/"},"author":{"name":"mundo","@id":"https:\/\/www.mundoagropecuario.cl\/new\/#\/schema\/person\/4e9f74a82a7dac260eb1c44b7eebeb18"},"headline":"Agronom\u00eda UdeC alerta sobre patolog\u00edas que afectan a las abejas mel\u00edferas en Chile","datePublished":"2020-08-17T15:23:54+00:00","dateModified":"2020-08-19T15:21:17+00:00","mainEntityOfPage":{"@id":"https:\/\/www.mundoagropecuario.cl\/new\/agronomia-udec-alerta-sobre-patologias-que-afectan-a-las-abejas-meliferas-en-chile\/"},"wordCount":676,"publisher":{"@id":"https:\/\/www.mundoagropecuario.cl\/new\/#organization"},"image":{"@id":"https:\/\/www.mundoagropecuario.cl\/new\/agronomia-udec-alerta-sobre-patologias-que-afectan-a-las-abejas-meliferas-en-chile\/#primaryimage"},"thumbnailUrl":"https:\/\/www.mundoagropecuario.cl\/new\/wp-content\/uploads\/2019\/08\/abejas-810x540.jpg","keywords":["abejas mel\u00edferas","Agrcultura","Agro","Agronom\u00eda UdeC","Facultad de Agronom\u00eda de la Universidad de Concepci\u00f3n","Miel abejas","Mundo Agropecuario"],"articleSection":["Titular 2"],"inLanguage":"es"},{"@type":"WebPage","@id":"https:\/\/www.mundoagropecuario.cl\/new\/agronomia-udec-alerta-sobre-patologias-que-afectan-a-las-abejas-meliferas-en-chile\/","url":"https:\/\/www.mundoagropecuario.cl\/new\/agronomia-udec-alerta-sobre-patologias-que-afectan-a-las-abejas-meliferas-en-chile\/","name":"Agronom\u00eda UdeC alerta sobre patolog\u00edas que afectan a las abejas mel\u00edferas en Chile - Mundoagropecuario","isPartOf":{"@id":"https:\/\/www.mundoagropecuario.cl\/new\/#website"},"primaryImageOfPage":{"@id":"https:\/\/www.mundoagropecuario.cl\/new\/agronomia-udec-alerta-sobre-patologias-que-afectan-a-las-abejas-meliferas-en-chile\/#primaryimage"},"image":{"@id":"https:\/\/www.mundoagropecuario.cl\/new\/agronomia-udec-alerta-sobre-patologias-que-afectan-a-las-abejas-meliferas-en-chile\/#primaryimage"},"thumbnailUrl":"https:\/\/www.mundoagropecuario.cl\/new\/wp-content\/uploads\/2019\/08\/abejas-810x540.jpg","datePublished":"2020-08-17T15:23:54+00:00","dateModified":"2020-08-19T15:21:17+00:00","breadcrumb":{"@id":"https:\/\/www.mundoagropecuario.cl\/new\/agronomia-udec-alerta-sobre-patologias-que-afectan-a-las-abejas-meliferas-en-chile\/#breadcrumb"},"inLanguage":"es","potentialAction":[{"@type":"ReadAction","target":["https:\/\/www.mundoagropecuario.cl\/new\/agronomia-udec-alerta-sobre-patologias-que-afectan-a-las-abejas-meliferas-en-chile\/"]}]},{"@type":"ImageObject","inLanguage":"es","@id":"https:\/\/www.mundoagropecuario.cl\/new\/agronomia-udec-alerta-sobre-patologias-que-afectan-a-las-abejas-meliferas-en-chile\/#primaryimage","url":"https:\/\/www.mundoagropecuario.cl\/new\/wp-content\/uploads\/2019\/08\/abejas-810x540.jpg","contentUrl":"https:\/\/www.mundoagropecuario.cl\/new\/wp-content\/uploads\/2019\/08\/abejas-810x540.jpg","width":600,"height":400},{"@type":"BreadcrumbList","@id":"https:\/\/www.mundoagropecuario.cl\/new\/agronomia-udec-alerta-sobre-patologias-que-afectan-a-las-abejas-meliferas-en-chile\/#breadcrumb","itemListElement":[{"@type":"ListItem","position":1,"name":"Portada","item":"https:\/\/www.mundoagropecuario.cl\/new\/"},{"@type":"ListItem","position":2,"name":"Agronom\u00eda UdeC alerta sobre patolog\u00edas que afectan a las abejas mel\u00edferas en Chile"}]},{"@type":"WebSite","@id":"https:\/\/www.mundoagropecuario.cl\/new\/#website","url":"https:\/\/www.mundoagropecuario.cl\/new\/","name":"Mundoagropecuario","description":"Mundo Agropecuario","publisher":{"@id":"https:\/\/www.mundoagropecuario.cl\/new\/#organization"},"potentialAction":[{"@type":"SearchAction","target":{"@type":"EntryPoint","urlTemplate":"https:\/\/www.mundoagropecuario.cl\/new\/?s={search_term_string}"},"query-input":{"@type":"PropertyValueSpecification","valueRequired":true,"valueName":"search_term_string"}}],"inLanguage":"es"},{"@type":"Organization","@id":"https:\/\/www.mundoagropecuario.cl\/new\/#organization","name":"Revista de Agricultura","url":"https:\/\/www.mundoagropecuario.cl\/new\/","logo":{"@type":"ImageObject","inLanguage":"es","@id":"https:\/\/www.mundoagropecuario.cl\/new\/#\/schema\/logo\/image\/","url":"https:\/\/www.mundoagropecuario.cl\/new\/wp-content\/uploads\/2020\/11\/PORTAL-1-1.png","contentUrl":"https:\/\/www.mundoagropecuario.cl\/new\/wp-content\/uploads\/2020\/11\/PORTAL-1-1.png","width":1026,"height":100,"caption":"Revista de Agricultura"},"image":{"@id":"https:\/\/www.mundoagropecuario.cl\/new\/#\/schema\/logo\/image\/"},"sameAs":["https:\/\/www.facebook.com\/mundo.agropecuario.3","https:\/\/x.com\/MundoAgropecuar","https:\/\/www.linkedin.com\/in\/mundo-agropecuario-934009201\/"]},{"@type":"Person","@id":"https:\/\/www.mundoagropecuario.cl\/new\/#\/schema\/person\/4e9f74a82a7dac260eb1c44b7eebeb18","name":"mundo","url":"https:\/\/www.mundoagropecuario.cl\/new\/author\/mundo\/"}]}},"_links":{"self":[{"href":"https:\/\/www.mundoagropecuario.cl\/new\/wp-json\/wp\/v2\/posts\/16007","targetHints":{"allow":["GET"]}}],"collection":[{"href":"https:\/\/www.mundoagropecuario.cl\/new\/wp-json\/wp\/v2\/posts"}],"about":[{"href":"https:\/\/www.mundoagropecuario.cl\/new\/wp-json\/wp\/v2\/types\/post"}],"author":[{"embeddable":true,"href":"https:\/\/www.mundoagropecuario.cl\/new\/wp-json\/wp\/v2\/users\/2"}],"replies":[{"embeddable":true,"href":"https:\/\/www.mundoagropecuario.cl\/new\/wp-json\/wp\/v2\/comments?post=16007"}],"version-history":[{"count":1,"href":"https:\/\/www.mundoagropecuario.cl\/new\/wp-json\/wp\/v2\/posts\/16007\/revisions"}],"predecessor-version":[{"id":16008,"href":"https:\/\/www.mundoagropecuario.cl\/new\/wp-json\/wp\/v2\/posts\/16007\/revisions\/16008"}],"wp:featuredmedia":[{"embeddable":true,"href":"https:\/\/www.mundoagropecuario.cl\/new\/wp-json\/wp\/v2\/media\/13392"}],"wp:attachment":[{"href":"https:\/\/www.mundoagropecuario.cl\/new\/wp-json\/wp\/v2\/media?parent=16007"}],"wp:term":[{"taxonomy":"category","embeddable":true,"href":"https:\/\/www.mundoagropecuario.cl\/new\/wp-json\/wp\/v2\/categories?post=16007"},{"taxonomy":"post_tag","embeddable":true,"href":"https:\/\/www.mundoagropecuario.cl\/new\/wp-json\/wp\/v2\/tags?post=16007"}],"curies":[{"name":"wp","href":"https:\/\/api.w.org\/{rel}","templated":true}]}}