{"id":15929,"date":"2020-06-17T14:41:41","date_gmt":"2020-06-17T17:41:41","guid":{"rendered":"http:\/\/www.mundoagropecuario.cl\/new\/?p=15929"},"modified":"2020-07-23T12:07:34","modified_gmt":"2020-07-23T15:07:34","slug":"cuatro-mil-600-hectareas-seran-bonificadas-el-2020-en-los-rios","status":"publish","type":"post","link":"https:\/\/www.mundoagropecuario.cl\/new\/cuatro-mil-600-hectareas-seran-bonificadas-el-2020-en-los-rios\/","title":{"rendered":"Cuatro mil 600 hect\u00e1reas ser\u00e1n bonificadas el 2020 en Los R\u00edos"},"content":{"rendered":"\n<figure class=\"wp-block-gallery columns-0 is-cropped wp-block-gallery-1 is-layout-flex wp-block-gallery-is-layout-flex\"><ul class=\"blocks-gallery-grid\"><\/ul><\/figure>\n\n\n\n<p><\/p>\n\n\n\n<p class=\"has-medium-font-size\"><em>M\u00e1s de 690 millones de pesos es la inversi\u00f3n del SAG para el cofinanciamiento de pr\u00e1cticas agr\u00edcolas que ayudan a recuperar el potencial productivo de los suelos agropecuarios de la regi\u00f3n (Mundo Agropecuario).<\/em><\/p>\n\n\n\n<p>\u201cEste ha sido un a\u00f1o dif\u00edcil, pero nuestros agricultores y agricultoras han trabajado sin descanso, para llevar los alimentos del campo a la mesa de todos los chilenos. Por ello, como Ministerio de Agricultura, no pod\u00edamos dejar de otorgar la gran ayuda que significa el Programa de Recuperaci\u00f3n de Suelos. Con el SAG nos empe\u00f1amos en adelantar los concursos para este beneficio, para desarrollar antes las pr\u00e1cticas y recibir as\u00ed el financiamiento, lo que hoy es gran acierto\u201d, declar\u00f3 la Seremi de Agricultura, Moira Henzi.<\/p>\n\n\n\n<p>690 millones 410 mil pesos es la inversi\u00f3n, en la regi\u00f3n de Los R\u00edos, del Programa de Recuperaci\u00f3n de Suelos Degradados que ejecuta el Servicio Agr\u00edcola y Ganadero (SAG), durante este 2020. Dichos recursos permitir\u00e1n cofinanciar 166 planes de manejo, recuperando la productividad de cuatro mil 648 hect\u00e1reas.<\/p>\n\n\n\n<p>El primer concurso de Operaci\u00f3n Temprana abri\u00f3 en septiembre de 2019, cerr\u00f3 a comienzo de enero y los resultados se entregaron en febrero pasado. Mientras que el segundo concurso se desarroll\u00f3 entre marzo y mayo de este a\u00f1o, gesti\u00f3n que fue destacada por el Director Regional del SAG, Jorge Oltra.<\/p>\n\n\n\n<p>\u201cEste a\u00f1o quisimos llegar antes con el beneficio a nuestros agricultores, ajust\u00e1ndonos a los tiempos agr\u00edcolas, y desde marzo que ya est\u00e1n recibiendo el subsidio. Adicionalmente, en el segundo concurso habilitamos la postulaci\u00f3n de manera electr\u00f3nica, buscando evitar el desplazamiento de las personas y entregar facilidades a nuestros agricultores y usuarios, para \u00e9ste y otra gran cantidad de tr\u00e1mites que realizamos en el SAG\u201d, subray\u00f3 la autoridad.<\/p>\n\n\n\n<p>18 fueron las pr\u00e1cticas puestas a disposici\u00f3n de los agricultores de la Regi\u00f3n, entre ellas, el establecimiento o regeneraci\u00f3n de coberturas vegetales, aplicaciones de fosforo, cal, guano rojo, compost, roca fosf\u00f3rica, potasio y azufre, adem\u00e1s, de la incorporaci\u00f3n de rastrojos. Tambi\u00e9n se consider\u00f3 el uso de arado cincel y de subsoladores, como la construcci\u00f3n de cercos tradicionales o tipo malla, en el caso de manejo de praderas.<\/p>\n\n\n\n<p>Quienes fueron seleccionados, en cualquiera de los dos concursos, deben efectuar las labores comprometidas en el plan de manejo hasta el 30 de septiembre pr\u00f3ximo, enviando por correo electr\u00f3nico, toda la documentaci\u00f3n lo acredite. Adem\u00e1s, podr\u00e1n optar al pago a trav\u00e9s de transferencia electr\u00f3nica.<\/p>\n\n\n\n<p>Los beneficiarios aprobados en el concurso n\u00famero 2 de la temporada 2020, y no desean recibir el subsidio, pueden presentar la renuncia voluntaria a \u00e9ste hasta el 5 de julio del a\u00f1o en curso.<\/p>\n\n\n\n<p>Informaci\u00f3n adicional y consultas a contacto.losrios@sag.gob.cl<\/p>\n\n\n\n<p>Detalle por comuna<\/p>\n\n\n\n<p>COMUNA&nbsp;&nbsp;&nbsp;&nbsp;&nbsp;&nbsp;&nbsp; AGRICULTORES&nbsp;&nbsp;&nbsp;&nbsp;&nbsp;&nbsp;&nbsp;&nbsp;&nbsp; SUPERFICIE Hc.&nbsp;&nbsp;&nbsp;&nbsp;&nbsp;&nbsp;&nbsp;&nbsp;&nbsp; MONTO<\/p>\n\n\n\n<p>LANCO                          2&nbsp;&nbsp;&nbsp;&nbsp;&nbsp;&nbsp;&nbsp;                  &nbsp;&nbsp; 55,07&nbsp;&nbsp;                    $9.919.949<\/p>\n\n\n\n<p>LOS LAGOS&nbsp;&nbsp;&nbsp;&nbsp;            12&nbsp;&nbsp;&nbsp;&nbsp;&nbsp;                  &nbsp; 292,714&nbsp;&nbsp;&nbsp;&nbsp;&nbsp;&nbsp;&nbsp;&nbsp;&nbsp;&nbsp;           $45.621.379<\/p>\n\n\n\n<p>MAFIL                          7&nbsp;&nbsp;&nbsp;&nbsp;&nbsp;&nbsp;&nbsp;&nbsp;&nbsp;                  219&nbsp;&nbsp;&nbsp;&nbsp;&nbsp;                      $33.388.656<\/p>\n\n\n\n<p>MARIQUINA&nbsp;&nbsp;            11&nbsp;&nbsp;&nbsp;&nbsp;&nbsp;&nbsp;&nbsp;                   408,332&nbsp;&nbsp;&nbsp;&nbsp;&nbsp;&nbsp;&nbsp;&nbsp;&nbsp;&nbsp;           $53.992.720        <\/p>\n\n\n\n<p>PAILLACO&nbsp;&nbsp;&nbsp;&nbsp;&nbsp;&nbsp;&nbsp;           25&nbsp;&nbsp;&nbsp;&nbsp;&nbsp;&nbsp;&nbsp;                   532,729&nbsp;&nbsp;&nbsp;&nbsp;&nbsp;&nbsp;&nbsp;&nbsp;          &nbsp;&nbsp; $85.061.541<\/p>\n\n\n\n<p>PANGUIPULLI          18&nbsp;&nbsp;&nbsp;&nbsp;&nbsp;&nbsp;&nbsp;                    583,157&nbsp;&nbsp;&nbsp;&nbsp;&nbsp;&nbsp;&nbsp;&nbsp;&nbsp;&nbsp;          $82.177.633<\/p>\n\n\n\n<p>VALDIVIA&nbsp;&nbsp;&nbsp;&nbsp;&nbsp;&nbsp;&nbsp;            2&nbsp;&nbsp;&nbsp;&nbsp;&nbsp;&nbsp;&nbsp;&nbsp;&nbsp;                      71,413                    $7.928.688<\/p>\n\n\n\n<p>FUTRONO&nbsp;&nbsp;&nbsp;&nbsp;&nbsp;&nbsp;            7&nbsp;&nbsp;&nbsp;&nbsp;&nbsp;&nbsp;&nbsp;&nbsp;&nbsp;                     229,357&nbsp;&nbsp;&nbsp;&nbsp;&nbsp;&nbsp;&nbsp;&nbsp;&nbsp;&nbsp;          $31.611.029<\/p>\n\n\n\n<p>LA UNION&nbsp;&nbsp;&nbsp;&nbsp;&nbsp;&nbsp;          33&nbsp;&nbsp;&nbsp;&nbsp;&nbsp;&nbsp;&nbsp;                        820,226&nbsp;&nbsp;&nbsp;&nbsp;&nbsp;&nbsp;&nbsp;&nbsp;&nbsp;&nbsp;         $137.026.045<\/p>\n\n\n\n<p>LAGO RANCO&nbsp;           1&nbsp;&nbsp;&nbsp;&nbsp;&nbsp;&nbsp;&nbsp;&nbsp;&nbsp;                        29,39&nbsp;&nbsp;                    $2.500.352<\/p>\n\n\n\n<p>RIO BUENO&nbsp;&nbsp;&nbsp;&nbsp;          49&nbsp;&nbsp;&nbsp;&nbsp;&nbsp;&nbsp;&nbsp;                       1416,28&nbsp;&nbsp;&nbsp;&nbsp;&nbsp;&nbsp;&nbsp;&nbsp;&nbsp;&nbsp;          $201.182.233<\/p>\n\n\n\n<p>TOTAL                     166&nbsp;&nbsp;&nbsp;&nbsp;&nbsp;                           4.658&nbsp;&nbsp;                    $690.410.225<\/p>\n","protected":false},"excerpt":{"rendered":"<p>M\u00e1s de 690 millones de pesos es la inversi\u00f3n del SAG para el cofinanciamiento de pr\u00e1cticas agr\u00edcolas que ayudan a recuperar el potencial productivo de los suelos agropecuarios de la&#8230;<\/p>\n","protected":false},"author":2,"featured_media":15930,"comment_status":"closed","ping_status":"closed","sticky":false,"template":"","format":"standard","meta":{"footnotes":""},"categories":[1945],"tags":[4124,3127],"class_list":["post-15929","post","type-post","status-publish","format-standard","has-post-thumbnail","hentry","category-agricultura","tag-agricola","tag-agro"],"yoast_head":"<!-- This site is optimized with the Yoast SEO plugin v26.6 - https:\/\/yoast.com\/wordpress\/plugins\/seo\/ -->\n<title>Cuatro mil 600 hect\u00e1reas ser\u00e1n bonificadas el 2020 en Los R\u00edos - Mundoagropecuario<\/title>\n<meta name=\"robots\" content=\"index, follow, max-snippet:-1, max-image-preview:large, max-video-preview:-1\" \/>\n<link rel=\"canonical\" href=\"https:\/\/www.mundoagropecuario.cl\/new\/cuatro-mil-600-hectareas-seran-bonificadas-el-2020-en-los-rios\/\" \/>\n<meta property=\"og:locale\" content=\"es_ES\" \/>\n<meta property=\"og:type\" content=\"article\" \/>\n<meta property=\"og:title\" content=\"Cuatro mil 600 hect\u00e1reas ser\u00e1n bonificadas el 2020 en Los R\u00edos - Mundoagropecuario\" \/>\n<meta property=\"og:description\" content=\"M\u00e1s de 690 millones de pesos es la inversi\u00f3n del SAG para el cofinanciamiento de pr\u00e1cticas agr\u00edcolas que ayudan a recuperar el potencial productivo de los suelos agropecuarios de la...\" \/>\n<meta property=\"og:url\" content=\"https:\/\/www.mundoagropecuario.cl\/new\/cuatro-mil-600-hectareas-seran-bonificadas-el-2020-en-los-rios\/\" \/>\n<meta property=\"og:site_name\" content=\"Mundoagropecuario\" \/>\n<meta property=\"article:publisher\" content=\"https:\/\/www.facebook.com\/mundo.agropecuario.3\" \/>\n<meta property=\"article:published_time\" content=\"2020-06-17T17:41:41+00:00\" \/>\n<meta property=\"article:modified_time\" content=\"2020-07-23T15:07:34+00:00\" \/>\n<meta property=\"og:image\" content=\"https:\/\/www.mundoagropecuario.cl\/new\/wp-content\/uploads\/2020\/06\/IMG_20200615_122654-scaled.jpg\" \/>\n\t<meta property=\"og:image:width\" content=\"1024\" \/>\n\t<meta property=\"og:image:height\" content=\"768\" \/>\n\t<meta property=\"og:image:type\" content=\"image\/jpeg\" \/>\n<meta name=\"author\" content=\"mundo\" \/>\n<meta name=\"twitter:card\" content=\"summary_large_image\" \/>\n<meta name=\"twitter:creator\" content=\"@MundoAgropecuar\" \/>\n<meta name=\"twitter:site\" content=\"@MundoAgropecuar\" \/>\n<meta name=\"twitter:label1\" content=\"Escrito por\" \/>\n\t<meta name=\"twitter:data1\" content=\"mundo\" \/>\n\t<meta name=\"twitter:label2\" content=\"Tiempo de lectura\" \/>\n\t<meta name=\"twitter:data2\" content=\"4 minutos\" \/>\n<script type=\"application\/ld+json\" class=\"yoast-schema-graph\">{\"@context\":\"https:\/\/schema.org\",\"@graph\":[{\"@type\":\"Article\",\"@id\":\"https:\/\/www.mundoagropecuario.cl\/new\/cuatro-mil-600-hectareas-seran-bonificadas-el-2020-en-los-rios\/#article\",\"isPartOf\":{\"@id\":\"https:\/\/www.mundoagropecuario.cl\/new\/cuatro-mil-600-hectareas-seran-bonificadas-el-2020-en-los-rios\/\"},\"author\":{\"name\":\"mundo\",\"@id\":\"https:\/\/www.mundoagropecuario.cl\/new\/#\/schema\/person\/4e9f74a82a7dac260eb1c44b7eebeb18\"},\"headline\":\"Cuatro mil 600 hect\u00e1reas ser\u00e1n bonificadas el 2020 en Los R\u00edos\",\"datePublished\":\"2020-06-17T17:41:41+00:00\",\"dateModified\":\"2020-07-23T15:07:34+00:00\",\"mainEntityOfPage\":{\"@id\":\"https:\/\/www.mundoagropecuario.cl\/new\/cuatro-mil-600-hectareas-seran-bonificadas-el-2020-en-los-rios\/\"},\"wordCount\":743,\"publisher\":{\"@id\":\"https:\/\/www.mundoagropecuario.cl\/new\/#organization\"},\"image\":{\"@id\":\"https:\/\/www.mundoagropecuario.cl\/new\/cuatro-mil-600-hectareas-seran-bonificadas-el-2020-en-los-rios\/#primaryimage\"},\"thumbnailUrl\":\"https:\/\/www.mundoagropecuario.cl\/new\/wp-content\/uploads\/2020\/06\/IMG_20200615_122654-scaled.jpg\",\"keywords\":[\"agricola\",\"Agro\"],\"articleSection\":[\"Agricultura\"],\"inLanguage\":\"es\"},{\"@type\":\"WebPage\",\"@id\":\"https:\/\/www.mundoagropecuario.cl\/new\/cuatro-mil-600-hectareas-seran-bonificadas-el-2020-en-los-rios\/\",\"url\":\"https:\/\/www.mundoagropecuario.cl\/new\/cuatro-mil-600-hectareas-seran-bonificadas-el-2020-en-los-rios\/\",\"name\":\"Cuatro mil 600 hect\u00e1reas ser\u00e1n bonificadas el 2020 en Los R\u00edos - Mundoagropecuario\",\"isPartOf\":{\"@id\":\"https:\/\/www.mundoagropecuario.cl\/new\/#website\"},\"primaryImageOfPage\":{\"@id\":\"https:\/\/www.mundoagropecuario.cl\/new\/cuatro-mil-600-hectareas-seran-bonificadas-el-2020-en-los-rios\/#primaryimage\"},\"image\":{\"@id\":\"https:\/\/www.mundoagropecuario.cl\/new\/cuatro-mil-600-hectareas-seran-bonificadas-el-2020-en-los-rios\/#primaryimage\"},\"thumbnailUrl\":\"https:\/\/www.mundoagropecuario.cl\/new\/wp-content\/uploads\/2020\/06\/IMG_20200615_122654-scaled.jpg\",\"datePublished\":\"2020-06-17T17:41:41+00:00\",\"dateModified\":\"2020-07-23T15:07:34+00:00\",\"breadcrumb\":{\"@id\":\"https:\/\/www.mundoagropecuario.cl\/new\/cuatro-mil-600-hectareas-seran-bonificadas-el-2020-en-los-rios\/#breadcrumb\"},\"inLanguage\":\"es\",\"potentialAction\":[{\"@type\":\"ReadAction\",\"target\":[\"https:\/\/www.mundoagropecuario.cl\/new\/cuatro-mil-600-hectareas-seran-bonificadas-el-2020-en-los-rios\/\"]}]},{\"@type\":\"ImageObject\",\"inLanguage\":\"es\",\"@id\":\"https:\/\/www.mundoagropecuario.cl\/new\/cuatro-mil-600-hectareas-seran-bonificadas-el-2020-en-los-rios\/#primaryimage\",\"url\":\"https:\/\/www.mundoagropecuario.cl\/new\/wp-content\/uploads\/2020\/06\/IMG_20200615_122654-scaled.jpg\",\"contentUrl\":\"https:\/\/www.mundoagropecuario.cl\/new\/wp-content\/uploads\/2020\/06\/IMG_20200615_122654-scaled.jpg\",\"width\":533,\"height\":400},{\"@type\":\"BreadcrumbList\",\"@id\":\"https:\/\/www.mundoagropecuario.cl\/new\/cuatro-mil-600-hectareas-seran-bonificadas-el-2020-en-los-rios\/#breadcrumb\",\"itemListElement\":[{\"@type\":\"ListItem\",\"position\":1,\"name\":\"Portada\",\"item\":\"https:\/\/www.mundoagropecuario.cl\/new\/\"},{\"@type\":\"ListItem\",\"position\":2,\"name\":\"Cuatro mil 600 hect\u00e1reas ser\u00e1n bonificadas el 2020 en Los R\u00edos\"}]},{\"@type\":\"WebSite\",\"@id\":\"https:\/\/www.mundoagropecuario.cl\/new\/#website\",\"url\":\"https:\/\/www.mundoagropecuario.cl\/new\/\",\"name\":\"Mundoagropecuario\",\"description\":\"Mundo Agropecuario\",\"publisher\":{\"@id\":\"https:\/\/www.mundoagropecuario.cl\/new\/#organization\"},\"potentialAction\":[{\"@type\":\"SearchAction\",\"target\":{\"@type\":\"EntryPoint\",\"urlTemplate\":\"https:\/\/www.mundoagropecuario.cl\/new\/?s={search_term_string}\"},\"query-input\":{\"@type\":\"PropertyValueSpecification\",\"valueRequired\":true,\"valueName\":\"search_term_string\"}}],\"inLanguage\":\"es\"},{\"@type\":\"Organization\",\"@id\":\"https:\/\/www.mundoagropecuario.cl\/new\/#organization\",\"name\":\"Revista de Agricultura\",\"url\":\"https:\/\/www.mundoagropecuario.cl\/new\/\",\"logo\":{\"@type\":\"ImageObject\",\"inLanguage\":\"es\",\"@id\":\"https:\/\/www.mundoagropecuario.cl\/new\/#\/schema\/logo\/image\/\",\"url\":\"https:\/\/www.mundoagropecuario.cl\/new\/wp-content\/uploads\/2020\/11\/PORTAL-1-1.png\",\"contentUrl\":\"https:\/\/www.mundoagropecuario.cl\/new\/wp-content\/uploads\/2020\/11\/PORTAL-1-1.png\",\"width\":1026,\"height\":100,\"caption\":\"Revista de Agricultura\"},\"image\":{\"@id\":\"https:\/\/www.mundoagropecuario.cl\/new\/#\/schema\/logo\/image\/\"},\"sameAs\":[\"https:\/\/www.facebook.com\/mundo.agropecuario.3\",\"https:\/\/x.com\/MundoAgropecuar\",\"https:\/\/www.linkedin.com\/in\/mundo-agropecuario-934009201\/\"]},{\"@type\":\"Person\",\"@id\":\"https:\/\/www.mundoagropecuario.cl\/new\/#\/schema\/person\/4e9f74a82a7dac260eb1c44b7eebeb18\",\"name\":\"mundo\",\"url\":\"https:\/\/www.mundoagropecuario.cl\/new\/author\/mundo\/\"}]}<\/script>\n<!-- \/ Yoast SEO plugin. -->","yoast_head_json":{"title":"Cuatro mil 600 hect\u00e1reas ser\u00e1n bonificadas el 2020 en Los R\u00edos - Mundoagropecuario","robots":{"index":"index","follow":"follow","max-snippet":"max-snippet:-1","max-image-preview":"max-image-preview:large","max-video-preview":"max-video-preview:-1"},"canonical":"https:\/\/www.mundoagropecuario.cl\/new\/cuatro-mil-600-hectareas-seran-bonificadas-el-2020-en-los-rios\/","og_locale":"es_ES","og_type":"article","og_title":"Cuatro mil 600 hect\u00e1reas ser\u00e1n bonificadas el 2020 en Los R\u00edos - Mundoagropecuario","og_description":"M\u00e1s de 690 millones de pesos es la inversi\u00f3n del SAG para el cofinanciamiento de pr\u00e1cticas agr\u00edcolas que ayudan a recuperar el potencial productivo de los suelos agropecuarios de la...","og_url":"https:\/\/www.mundoagropecuario.cl\/new\/cuatro-mil-600-hectareas-seran-bonificadas-el-2020-en-los-rios\/","og_site_name":"Mundoagropecuario","article_publisher":"https:\/\/www.facebook.com\/mundo.agropecuario.3","article_published_time":"2020-06-17T17:41:41+00:00","article_modified_time":"2020-07-23T15:07:34+00:00","og_image":[{"width":1024,"height":768,"url":"https:\/\/www.mundoagropecuario.cl\/new\/wp-content\/uploads\/2020\/06\/IMG_20200615_122654-scaled.jpg","type":"image\/jpeg"}],"author":"mundo","twitter_card":"summary_large_image","twitter_creator":"@MundoAgropecuar","twitter_site":"@MundoAgropecuar","twitter_misc":{"Escrito por":"mundo","Tiempo de lectura":"4 minutos"},"schema":{"@context":"https:\/\/schema.org","@graph":[{"@type":"Article","@id":"https:\/\/www.mundoagropecuario.cl\/new\/cuatro-mil-600-hectareas-seran-bonificadas-el-2020-en-los-rios\/#article","isPartOf":{"@id":"https:\/\/www.mundoagropecuario.cl\/new\/cuatro-mil-600-hectareas-seran-bonificadas-el-2020-en-los-rios\/"},"author":{"name":"mundo","@id":"https:\/\/www.mundoagropecuario.cl\/new\/#\/schema\/person\/4e9f74a82a7dac260eb1c44b7eebeb18"},"headline":"Cuatro mil 600 hect\u00e1reas ser\u00e1n bonificadas el 2020 en Los R\u00edos","datePublished":"2020-06-17T17:41:41+00:00","dateModified":"2020-07-23T15:07:34+00:00","mainEntityOfPage":{"@id":"https:\/\/www.mundoagropecuario.cl\/new\/cuatro-mil-600-hectareas-seran-bonificadas-el-2020-en-los-rios\/"},"wordCount":743,"publisher":{"@id":"https:\/\/www.mundoagropecuario.cl\/new\/#organization"},"image":{"@id":"https:\/\/www.mundoagropecuario.cl\/new\/cuatro-mil-600-hectareas-seran-bonificadas-el-2020-en-los-rios\/#primaryimage"},"thumbnailUrl":"https:\/\/www.mundoagropecuario.cl\/new\/wp-content\/uploads\/2020\/06\/IMG_20200615_122654-scaled.jpg","keywords":["agricola","Agro"],"articleSection":["Agricultura"],"inLanguage":"es"},{"@type":"WebPage","@id":"https:\/\/www.mundoagropecuario.cl\/new\/cuatro-mil-600-hectareas-seran-bonificadas-el-2020-en-los-rios\/","url":"https:\/\/www.mundoagropecuario.cl\/new\/cuatro-mil-600-hectareas-seran-bonificadas-el-2020-en-los-rios\/","name":"Cuatro mil 600 hect\u00e1reas ser\u00e1n bonificadas el 2020 en Los R\u00edos - Mundoagropecuario","isPartOf":{"@id":"https:\/\/www.mundoagropecuario.cl\/new\/#website"},"primaryImageOfPage":{"@id":"https:\/\/www.mundoagropecuario.cl\/new\/cuatro-mil-600-hectareas-seran-bonificadas-el-2020-en-los-rios\/#primaryimage"},"image":{"@id":"https:\/\/www.mundoagropecuario.cl\/new\/cuatro-mil-600-hectareas-seran-bonificadas-el-2020-en-los-rios\/#primaryimage"},"thumbnailUrl":"https:\/\/www.mundoagropecuario.cl\/new\/wp-content\/uploads\/2020\/06\/IMG_20200615_122654-scaled.jpg","datePublished":"2020-06-17T17:41:41+00:00","dateModified":"2020-07-23T15:07:34+00:00","breadcrumb":{"@id":"https:\/\/www.mundoagropecuario.cl\/new\/cuatro-mil-600-hectareas-seran-bonificadas-el-2020-en-los-rios\/#breadcrumb"},"inLanguage":"es","potentialAction":[{"@type":"ReadAction","target":["https:\/\/www.mundoagropecuario.cl\/new\/cuatro-mil-600-hectareas-seran-bonificadas-el-2020-en-los-rios\/"]}]},{"@type":"ImageObject","inLanguage":"es","@id":"https:\/\/www.mundoagropecuario.cl\/new\/cuatro-mil-600-hectareas-seran-bonificadas-el-2020-en-los-rios\/#primaryimage","url":"https:\/\/www.mundoagropecuario.cl\/new\/wp-content\/uploads\/2020\/06\/IMG_20200615_122654-scaled.jpg","contentUrl":"https:\/\/www.mundoagropecuario.cl\/new\/wp-content\/uploads\/2020\/06\/IMG_20200615_122654-scaled.jpg","width":533,"height":400},{"@type":"BreadcrumbList","@id":"https:\/\/www.mundoagropecuario.cl\/new\/cuatro-mil-600-hectareas-seran-bonificadas-el-2020-en-los-rios\/#breadcrumb","itemListElement":[{"@type":"ListItem","position":1,"name":"Portada","item":"https:\/\/www.mundoagropecuario.cl\/new\/"},{"@type":"ListItem","position":2,"name":"Cuatro mil 600 hect\u00e1reas ser\u00e1n bonificadas el 2020 en Los R\u00edos"}]},{"@type":"WebSite","@id":"https:\/\/www.mundoagropecuario.cl\/new\/#website","url":"https:\/\/www.mundoagropecuario.cl\/new\/","name":"Mundoagropecuario","description":"Mundo Agropecuario","publisher":{"@id":"https:\/\/www.mundoagropecuario.cl\/new\/#organization"},"potentialAction":[{"@type":"SearchAction","target":{"@type":"EntryPoint","urlTemplate":"https:\/\/www.mundoagropecuario.cl\/new\/?s={search_term_string}"},"query-input":{"@type":"PropertyValueSpecification","valueRequired":true,"valueName":"search_term_string"}}],"inLanguage":"es"},{"@type":"Organization","@id":"https:\/\/www.mundoagropecuario.cl\/new\/#organization","name":"Revista de Agricultura","url":"https:\/\/www.mundoagropecuario.cl\/new\/","logo":{"@type":"ImageObject","inLanguage":"es","@id":"https:\/\/www.mundoagropecuario.cl\/new\/#\/schema\/logo\/image\/","url":"https:\/\/www.mundoagropecuario.cl\/new\/wp-content\/uploads\/2020\/11\/PORTAL-1-1.png","contentUrl":"https:\/\/www.mundoagropecuario.cl\/new\/wp-content\/uploads\/2020\/11\/PORTAL-1-1.png","width":1026,"height":100,"caption":"Revista de Agricultura"},"image":{"@id":"https:\/\/www.mundoagropecuario.cl\/new\/#\/schema\/logo\/image\/"},"sameAs":["https:\/\/www.facebook.com\/mundo.agropecuario.3","https:\/\/x.com\/MundoAgropecuar","https:\/\/www.linkedin.com\/in\/mundo-agropecuario-934009201\/"]},{"@type":"Person","@id":"https:\/\/www.mundoagropecuario.cl\/new\/#\/schema\/person\/4e9f74a82a7dac260eb1c44b7eebeb18","name":"mundo","url":"https:\/\/www.mundoagropecuario.cl\/new\/author\/mundo\/"}]}},"_links":{"self":[{"href":"https:\/\/www.mundoagropecuario.cl\/new\/wp-json\/wp\/v2\/posts\/15929","targetHints":{"allow":["GET"]}}],"collection":[{"href":"https:\/\/www.mundoagropecuario.cl\/new\/wp-json\/wp\/v2\/posts"}],"about":[{"href":"https:\/\/www.mundoagropecuario.cl\/new\/wp-json\/wp\/v2\/types\/post"}],"author":[{"embeddable":true,"href":"https:\/\/www.mundoagropecuario.cl\/new\/wp-json\/wp\/v2\/users\/2"}],"replies":[{"embeddable":true,"href":"https:\/\/www.mundoagropecuario.cl\/new\/wp-json\/wp\/v2\/comments?post=15929"}],"version-history":[{"count":2,"href":"https:\/\/www.mundoagropecuario.cl\/new\/wp-json\/wp\/v2\/posts\/15929\/revisions"}],"predecessor-version":[{"id":15965,"href":"https:\/\/www.mundoagropecuario.cl\/new\/wp-json\/wp\/v2\/posts\/15929\/revisions\/15965"}],"wp:featuredmedia":[{"embeddable":true,"href":"https:\/\/www.mundoagropecuario.cl\/new\/wp-json\/wp\/v2\/media\/15930"}],"wp:attachment":[{"href":"https:\/\/www.mundoagropecuario.cl\/new\/wp-json\/wp\/v2\/media?parent=15929"}],"wp:term":[{"taxonomy":"category","embeddable":true,"href":"https:\/\/www.mundoagropecuario.cl\/new\/wp-json\/wp\/v2\/categories?post=15929"},{"taxonomy":"post_tag","embeddable":true,"href":"https:\/\/www.mundoagropecuario.cl\/new\/wp-json\/wp\/v2\/tags?post=15929"}],"curies":[{"name":"wp","href":"https:\/\/api.w.org\/{rel}","templated":true}]}}