{"id":15907,"date":"2020-05-04T12:24:55","date_gmt":"2020-05-04T15:24:55","guid":{"rendered":"http:\/\/www.mundoagropecuario.cl\/new\/?p=15907"},"modified":"2020-07-14T14:53:38","modified_gmt":"2020-07-14T17:53:38","slug":"region-de-los-lagos-inicia-temporada-de-exportacion-de-semillas-de-papas","status":"publish","type":"post","link":"https:\/\/www.mundoagropecuario.cl\/new\/region-de-los-lagos-inicia-temporada-de-exportacion-de-semillas-de-papas\/","title":{"rendered":"Regi\u00f3n de Los Lagos inicia temporada de exportaci\u00f3n de semillas de papas"},"content":{"rendered":"\n<figure class=\"wp-block-gallery columns-0 is-cropped wp-block-gallery-1 is-layout-flex wp-block-gallery-is-layout-flex\"><ul class=\"blocks-gallery-grid\"><\/ul><\/figure>\n\n\n\n<p class=\"has-medium-font-size\"><em>Brasil es un mercado atractivo para este tipo de productos y ha mantenido una demanda permanente desde 1980 (Mundo Agropecuario).<\/em><\/p>\n\n\n\n<p>Hasta la planta de Semillas Llanquihue\nLtda, ubicada en la comuna de Puerto Octay, se trasladaron funcionarios del SAG\nSemillas, Regi\u00f3n de Los Lagos, para realizar la inspecci\u00f3n y certificaci\u00f3n del\nprimer env\u00edo de Semilla Certificada de Papas al mercado extranjero, en este\ncaso a Brasil.<\/p>\n\n\n\n<p>El env\u00edo se tradujo en 58 mil kilos de\nTub\u00e9rculos Semilla de papa de la variedad FL 1867, bien apetecida en el mercado\nlatinoamericano para la elaboraci\u00f3n de \u201cChips\u201d o papa frita en hojuela.<\/p>\n\n\n\n<p>\u201cLa labor del SAG consiste en verificar\nlas condiciones fitosanitarias y los requisitos para la certificaci\u00f3n exigidos\npor el mercado de destino. Este es el primer env\u00edo de un total de 1.000\ntoneladas de semilla certificada comprometida s\u00f3lo por esta empresa\u201d explica\nEduardo Monreal, Director Regional del SAG.<\/p>\n\n\n\n<p>El producto viaja v\u00eda terrestre\ntotalizando 2320 mallas de 25 kilos cada una. \u201cBrasil es un mercado atractivo\npara este tipo de productos y que ha mantenido una demanda permanente desde\n1980\u201d, agreg\u00f3 Monreal.<\/p>\n\n\n\n<p>La autoridad regional resalt\u00f3 que las\nexportaciones de semillas de papas se han consolidado en el tiempo gracias a la\nexcelente condici\u00f3n fitosanitaria de la zona. \u201cPor eso es necesario seguir\nresguardando el estatus sanitario de la Macrozona Sur que se encuentra libre de\nplagas cuarentenarias de la papa, como la marchitez bacteriana, nematodos\nformadores de quistes, y carb\u00f3n de la papa\u201d, explic\u00f3 Monreal.<\/p>\n\n\n\n<p>Inspecci\u00f3n Sanitaria<\/p>\n\n\n\n<p>El SAG inicia el proceso de inspecci\u00f3n y\ncertificaci\u00f3n de exportaciones con muestreos y an\u00e1lisis de laboratorio en campo\n(siembra y cultivo), realizando inspecciones peri\u00f3dicas a los semilleros de\npapa registrados para exportaci\u00f3n. Una vez cosechados los tub\u00e9rculos, y\ndispuestos en la planta seleccionadora (fase de acondicionamiento y envasado)\nel Servicio realiza la inspecci\u00f3n final y certifica la sanidad y calidad\nvarietal del producto seg\u00fan ha sido exigido por el mercado de destino.<\/p>\n\n\n\n<p>\u201cSemillas Llanquihue Ltda es una empresa\ncon m\u00e1s de 30 a\u00f1os de trayectoria, que ha desarrollado un proceso productivo\ndel m\u00e1s alto nivel tecnol\u00f3gico, incorporando un laboratorio de cultivo de\ntejidos in vitro, invernaderos, c\u00e1maras de fr\u00edo,&nbsp; maquinaria de plantaci\u00f3n, cosecha y\nseleccionadoras de \u00faltima generaci\u00f3n. Y a nivel nacional, produce un tercio de\nla semilla certificada\u201d, precis\u00f3 Monreal.<\/p>\n\n\n\n<p>Cabe indicar que Semillas Llanquihue\ncuenta con 65 semilleros y 240 hect\u00e1reas bajo el proceso de certificaci\u00f3n. El\n15% de lo que producen se destina a exportaci\u00f3n a los Mercados de Brasil y\nGuatemala; el 60% va a la industria de las papas fritas; y el 25% a productores\nnacionales.<\/p>\n","protected":false},"excerpt":{"rendered":"<p>Brasil es un mercado atractivo para este tipo de productos y ha mantenido una demanda permanente desde 1980 (Mundo Agropecuario). Hasta la planta de Semillas Llanquihue Ltda, ubicada en la&#8230;<\/p>\n","protected":false},"author":2,"featured_media":15908,"comment_status":"closed","ping_status":"closed","sticky":false,"template":"","format":"standard","meta":{"footnotes":""},"categories":[1945],"tags":[4683,2128,2036],"class_list":["post-15907","post","type-post","status-publish","format-standard","has-post-thumbnail","hentry","category-agricultura","tag-exportacion-de-semillas-de-papas","tag-papas","tag-sag"],"yoast_head":"<!-- This site is optimized with the Yoast SEO plugin v26.6 - https:\/\/yoast.com\/wordpress\/plugins\/seo\/ -->\n<title>Regi\u00f3n de Los Lagos inicia temporada de exportaci\u00f3n de semillas de papas - Mundoagropecuario<\/title>\n<meta name=\"robots\" content=\"index, follow, max-snippet:-1, max-image-preview:large, max-video-preview:-1\" \/>\n<link rel=\"canonical\" href=\"https:\/\/www.mundoagropecuario.cl\/new\/region-de-los-lagos-inicia-temporada-de-exportacion-de-semillas-de-papas\/\" \/>\n<meta property=\"og:locale\" content=\"es_ES\" \/>\n<meta property=\"og:type\" content=\"article\" \/>\n<meta property=\"og:title\" content=\"Regi\u00f3n de Los Lagos inicia temporada de exportaci\u00f3n de semillas de papas - Mundoagropecuario\" \/>\n<meta property=\"og:description\" content=\"Brasil es un mercado atractivo para este tipo de productos y ha mantenido una demanda permanente desde 1980 (Mundo Agropecuario). Hasta la planta de Semillas Llanquihue Ltda, ubicada en la...\" \/>\n<meta property=\"og:url\" content=\"https:\/\/www.mundoagropecuario.cl\/new\/region-de-los-lagos-inicia-temporada-de-exportacion-de-semillas-de-papas\/\" \/>\n<meta property=\"og:site_name\" content=\"Mundoagropecuario\" \/>\n<meta property=\"article:publisher\" content=\"https:\/\/www.facebook.com\/mundo.agropecuario.3\" \/>\n<meta property=\"article:published_time\" content=\"2020-05-04T15:24:55+00:00\" \/>\n<meta property=\"article:modified_time\" content=\"2020-07-14T17:53:38+00:00\" \/>\n<meta property=\"og:image\" content=\"https:\/\/www.mundoagropecuario.cl\/new\/wp-content\/uploads\/2020\/05\/semillas.jpg\" \/>\n\t<meta property=\"og:image:width\" content=\"717\" \/>\n\t<meta property=\"og:image:height\" content=\"538\" \/>\n\t<meta property=\"og:image:type\" content=\"image\/jpeg\" \/>\n<meta name=\"author\" content=\"mundo\" \/>\n<meta name=\"twitter:card\" content=\"summary_large_image\" \/>\n<meta name=\"twitter:creator\" content=\"@MundoAgropecuar\" \/>\n<meta name=\"twitter:site\" content=\"@MundoAgropecuar\" \/>\n<meta name=\"twitter:label1\" content=\"Escrito por\" \/>\n\t<meta name=\"twitter:data1\" content=\"mundo\" \/>\n\t<meta name=\"twitter:label2\" content=\"Tiempo de lectura\" \/>\n\t<meta name=\"twitter:data2\" content=\"2 minutos\" \/>\n<script type=\"application\/ld+json\" class=\"yoast-schema-graph\">{\"@context\":\"https:\/\/schema.org\",\"@graph\":[{\"@type\":\"Article\",\"@id\":\"https:\/\/www.mundoagropecuario.cl\/new\/region-de-los-lagos-inicia-temporada-de-exportacion-de-semillas-de-papas\/#article\",\"isPartOf\":{\"@id\":\"https:\/\/www.mundoagropecuario.cl\/new\/region-de-los-lagos-inicia-temporada-de-exportacion-de-semillas-de-papas\/\"},\"author\":{\"name\":\"mundo\",\"@id\":\"https:\/\/www.mundoagropecuario.cl\/new\/#\/schema\/person\/4e9f74a82a7dac260eb1c44b7eebeb18\"},\"headline\":\"Regi\u00f3n de Los Lagos inicia temporada de exportaci\u00f3n de semillas de papas\",\"datePublished\":\"2020-05-04T15:24:55+00:00\",\"dateModified\":\"2020-07-14T17:53:38+00:00\",\"mainEntityOfPage\":{\"@id\":\"https:\/\/www.mundoagropecuario.cl\/new\/region-de-los-lagos-inicia-temporada-de-exportacion-de-semillas-de-papas\/\"},\"wordCount\":465,\"publisher\":{\"@id\":\"https:\/\/www.mundoagropecuario.cl\/new\/#organization\"},\"image\":{\"@id\":\"https:\/\/www.mundoagropecuario.cl\/new\/region-de-los-lagos-inicia-temporada-de-exportacion-de-semillas-de-papas\/#primaryimage\"},\"thumbnailUrl\":\"https:\/\/www.mundoagropecuario.cl\/new\/wp-content\/uploads\/2020\/05\/semillas.jpg\",\"keywords\":[\"Exportaci\u00f3n de semillas de papas\",\"Papas\",\"SAG\"],\"articleSection\":[\"Agricultura\"],\"inLanguage\":\"es\"},{\"@type\":\"WebPage\",\"@id\":\"https:\/\/www.mundoagropecuario.cl\/new\/region-de-los-lagos-inicia-temporada-de-exportacion-de-semillas-de-papas\/\",\"url\":\"https:\/\/www.mundoagropecuario.cl\/new\/region-de-los-lagos-inicia-temporada-de-exportacion-de-semillas-de-papas\/\",\"name\":\"Regi\u00f3n de Los Lagos inicia temporada de exportaci\u00f3n de semillas de papas - Mundoagropecuario\",\"isPartOf\":{\"@id\":\"https:\/\/www.mundoagropecuario.cl\/new\/#website\"},\"primaryImageOfPage\":{\"@id\":\"https:\/\/www.mundoagropecuario.cl\/new\/region-de-los-lagos-inicia-temporada-de-exportacion-de-semillas-de-papas\/#primaryimage\"},\"image\":{\"@id\":\"https:\/\/www.mundoagropecuario.cl\/new\/region-de-los-lagos-inicia-temporada-de-exportacion-de-semillas-de-papas\/#primaryimage\"},\"thumbnailUrl\":\"https:\/\/www.mundoagropecuario.cl\/new\/wp-content\/uploads\/2020\/05\/semillas.jpg\",\"datePublished\":\"2020-05-04T15:24:55+00:00\",\"dateModified\":\"2020-07-14T17:53:38+00:00\",\"breadcrumb\":{\"@id\":\"https:\/\/www.mundoagropecuario.cl\/new\/region-de-los-lagos-inicia-temporada-de-exportacion-de-semillas-de-papas\/#breadcrumb\"},\"inLanguage\":\"es\",\"potentialAction\":[{\"@type\":\"ReadAction\",\"target\":[\"https:\/\/www.mundoagropecuario.cl\/new\/region-de-los-lagos-inicia-temporada-de-exportacion-de-semillas-de-papas\/\"]}]},{\"@type\":\"ImageObject\",\"inLanguage\":\"es\",\"@id\":\"https:\/\/www.mundoagropecuario.cl\/new\/region-de-los-lagos-inicia-temporada-de-exportacion-de-semillas-de-papas\/#primaryimage\",\"url\":\"https:\/\/www.mundoagropecuario.cl\/new\/wp-content\/uploads\/2020\/05\/semillas.jpg\",\"contentUrl\":\"https:\/\/www.mundoagropecuario.cl\/new\/wp-content\/uploads\/2020\/05\/semillas.jpg\",\"width\":533,\"height\":400},{\"@type\":\"BreadcrumbList\",\"@id\":\"https:\/\/www.mundoagropecuario.cl\/new\/region-de-los-lagos-inicia-temporada-de-exportacion-de-semillas-de-papas\/#breadcrumb\",\"itemListElement\":[{\"@type\":\"ListItem\",\"position\":1,\"name\":\"Portada\",\"item\":\"https:\/\/www.mundoagropecuario.cl\/new\/\"},{\"@type\":\"ListItem\",\"position\":2,\"name\":\"Regi\u00f3n de Los Lagos inicia temporada de exportaci\u00f3n de semillas de papas\"}]},{\"@type\":\"WebSite\",\"@id\":\"https:\/\/www.mundoagropecuario.cl\/new\/#website\",\"url\":\"https:\/\/www.mundoagropecuario.cl\/new\/\",\"name\":\"Mundoagropecuario\",\"description\":\"Mundo Agropecuario\",\"publisher\":{\"@id\":\"https:\/\/www.mundoagropecuario.cl\/new\/#organization\"},\"potentialAction\":[{\"@type\":\"SearchAction\",\"target\":{\"@type\":\"EntryPoint\",\"urlTemplate\":\"https:\/\/www.mundoagropecuario.cl\/new\/?s={search_term_string}\"},\"query-input\":{\"@type\":\"PropertyValueSpecification\",\"valueRequired\":true,\"valueName\":\"search_term_string\"}}],\"inLanguage\":\"es\"},{\"@type\":\"Organization\",\"@id\":\"https:\/\/www.mundoagropecuario.cl\/new\/#organization\",\"name\":\"Revista de Agricultura\",\"url\":\"https:\/\/www.mundoagropecuario.cl\/new\/\",\"logo\":{\"@type\":\"ImageObject\",\"inLanguage\":\"es\",\"@id\":\"https:\/\/www.mundoagropecuario.cl\/new\/#\/schema\/logo\/image\/\",\"url\":\"https:\/\/www.mundoagropecuario.cl\/new\/wp-content\/uploads\/2020\/11\/PORTAL-1-1.png\",\"contentUrl\":\"https:\/\/www.mundoagropecuario.cl\/new\/wp-content\/uploads\/2020\/11\/PORTAL-1-1.png\",\"width\":1026,\"height\":100,\"caption\":\"Revista de Agricultura\"},\"image\":{\"@id\":\"https:\/\/www.mundoagropecuario.cl\/new\/#\/schema\/logo\/image\/\"},\"sameAs\":[\"https:\/\/www.facebook.com\/mundo.agropecuario.3\",\"https:\/\/x.com\/MundoAgropecuar\",\"https:\/\/www.linkedin.com\/in\/mundo-agropecuario-934009201\/\"]},{\"@type\":\"Person\",\"@id\":\"https:\/\/www.mundoagropecuario.cl\/new\/#\/schema\/person\/4e9f74a82a7dac260eb1c44b7eebeb18\",\"name\":\"mundo\",\"url\":\"https:\/\/www.mundoagropecuario.cl\/new\/author\/mundo\/\"}]}<\/script>\n<!-- \/ Yoast SEO plugin. -->","yoast_head_json":{"title":"Regi\u00f3n de Los Lagos inicia temporada de exportaci\u00f3n de semillas de papas - Mundoagropecuario","robots":{"index":"index","follow":"follow","max-snippet":"max-snippet:-1","max-image-preview":"max-image-preview:large","max-video-preview":"max-video-preview:-1"},"canonical":"https:\/\/www.mundoagropecuario.cl\/new\/region-de-los-lagos-inicia-temporada-de-exportacion-de-semillas-de-papas\/","og_locale":"es_ES","og_type":"article","og_title":"Regi\u00f3n de Los Lagos inicia temporada de exportaci\u00f3n de semillas de papas - Mundoagropecuario","og_description":"Brasil es un mercado atractivo para este tipo de productos y ha mantenido una demanda permanente desde 1980 (Mundo Agropecuario). Hasta la planta de Semillas Llanquihue Ltda, ubicada en la...","og_url":"https:\/\/www.mundoagropecuario.cl\/new\/region-de-los-lagos-inicia-temporada-de-exportacion-de-semillas-de-papas\/","og_site_name":"Mundoagropecuario","article_publisher":"https:\/\/www.facebook.com\/mundo.agropecuario.3","article_published_time":"2020-05-04T15:24:55+00:00","article_modified_time":"2020-07-14T17:53:38+00:00","og_image":[{"width":717,"height":538,"url":"https:\/\/www.mundoagropecuario.cl\/new\/wp-content\/uploads\/2020\/05\/semillas.jpg","type":"image\/jpeg"}],"author":"mundo","twitter_card":"summary_large_image","twitter_creator":"@MundoAgropecuar","twitter_site":"@MundoAgropecuar","twitter_misc":{"Escrito por":"mundo","Tiempo de lectura":"2 minutos"},"schema":{"@context":"https:\/\/schema.org","@graph":[{"@type":"Article","@id":"https:\/\/www.mundoagropecuario.cl\/new\/region-de-los-lagos-inicia-temporada-de-exportacion-de-semillas-de-papas\/#article","isPartOf":{"@id":"https:\/\/www.mundoagropecuario.cl\/new\/region-de-los-lagos-inicia-temporada-de-exportacion-de-semillas-de-papas\/"},"author":{"name":"mundo","@id":"https:\/\/www.mundoagropecuario.cl\/new\/#\/schema\/person\/4e9f74a82a7dac260eb1c44b7eebeb18"},"headline":"Regi\u00f3n de Los Lagos inicia temporada de exportaci\u00f3n de semillas de papas","datePublished":"2020-05-04T15:24:55+00:00","dateModified":"2020-07-14T17:53:38+00:00","mainEntityOfPage":{"@id":"https:\/\/www.mundoagropecuario.cl\/new\/region-de-los-lagos-inicia-temporada-de-exportacion-de-semillas-de-papas\/"},"wordCount":465,"publisher":{"@id":"https:\/\/www.mundoagropecuario.cl\/new\/#organization"},"image":{"@id":"https:\/\/www.mundoagropecuario.cl\/new\/region-de-los-lagos-inicia-temporada-de-exportacion-de-semillas-de-papas\/#primaryimage"},"thumbnailUrl":"https:\/\/www.mundoagropecuario.cl\/new\/wp-content\/uploads\/2020\/05\/semillas.jpg","keywords":["Exportaci\u00f3n de semillas de papas","Papas","SAG"],"articleSection":["Agricultura"],"inLanguage":"es"},{"@type":"WebPage","@id":"https:\/\/www.mundoagropecuario.cl\/new\/region-de-los-lagos-inicia-temporada-de-exportacion-de-semillas-de-papas\/","url":"https:\/\/www.mundoagropecuario.cl\/new\/region-de-los-lagos-inicia-temporada-de-exportacion-de-semillas-de-papas\/","name":"Regi\u00f3n de Los Lagos inicia temporada de exportaci\u00f3n de semillas de papas - Mundoagropecuario","isPartOf":{"@id":"https:\/\/www.mundoagropecuario.cl\/new\/#website"},"primaryImageOfPage":{"@id":"https:\/\/www.mundoagropecuario.cl\/new\/region-de-los-lagos-inicia-temporada-de-exportacion-de-semillas-de-papas\/#primaryimage"},"image":{"@id":"https:\/\/www.mundoagropecuario.cl\/new\/region-de-los-lagos-inicia-temporada-de-exportacion-de-semillas-de-papas\/#primaryimage"},"thumbnailUrl":"https:\/\/www.mundoagropecuario.cl\/new\/wp-content\/uploads\/2020\/05\/semillas.jpg","datePublished":"2020-05-04T15:24:55+00:00","dateModified":"2020-07-14T17:53:38+00:00","breadcrumb":{"@id":"https:\/\/www.mundoagropecuario.cl\/new\/region-de-los-lagos-inicia-temporada-de-exportacion-de-semillas-de-papas\/#breadcrumb"},"inLanguage":"es","potentialAction":[{"@type":"ReadAction","target":["https:\/\/www.mundoagropecuario.cl\/new\/region-de-los-lagos-inicia-temporada-de-exportacion-de-semillas-de-papas\/"]}]},{"@type":"ImageObject","inLanguage":"es","@id":"https:\/\/www.mundoagropecuario.cl\/new\/region-de-los-lagos-inicia-temporada-de-exportacion-de-semillas-de-papas\/#primaryimage","url":"https:\/\/www.mundoagropecuario.cl\/new\/wp-content\/uploads\/2020\/05\/semillas.jpg","contentUrl":"https:\/\/www.mundoagropecuario.cl\/new\/wp-content\/uploads\/2020\/05\/semillas.jpg","width":533,"height":400},{"@type":"BreadcrumbList","@id":"https:\/\/www.mundoagropecuario.cl\/new\/region-de-los-lagos-inicia-temporada-de-exportacion-de-semillas-de-papas\/#breadcrumb","itemListElement":[{"@type":"ListItem","position":1,"name":"Portada","item":"https:\/\/www.mundoagropecuario.cl\/new\/"},{"@type":"ListItem","position":2,"name":"Regi\u00f3n de Los Lagos inicia temporada de exportaci\u00f3n de semillas de papas"}]},{"@type":"WebSite","@id":"https:\/\/www.mundoagropecuario.cl\/new\/#website","url":"https:\/\/www.mundoagropecuario.cl\/new\/","name":"Mundoagropecuario","description":"Mundo Agropecuario","publisher":{"@id":"https:\/\/www.mundoagropecuario.cl\/new\/#organization"},"potentialAction":[{"@type":"SearchAction","target":{"@type":"EntryPoint","urlTemplate":"https:\/\/www.mundoagropecuario.cl\/new\/?s={search_term_string}"},"query-input":{"@type":"PropertyValueSpecification","valueRequired":true,"valueName":"search_term_string"}}],"inLanguage":"es"},{"@type":"Organization","@id":"https:\/\/www.mundoagropecuario.cl\/new\/#organization","name":"Revista de Agricultura","url":"https:\/\/www.mundoagropecuario.cl\/new\/","logo":{"@type":"ImageObject","inLanguage":"es","@id":"https:\/\/www.mundoagropecuario.cl\/new\/#\/schema\/logo\/image\/","url":"https:\/\/www.mundoagropecuario.cl\/new\/wp-content\/uploads\/2020\/11\/PORTAL-1-1.png","contentUrl":"https:\/\/www.mundoagropecuario.cl\/new\/wp-content\/uploads\/2020\/11\/PORTAL-1-1.png","width":1026,"height":100,"caption":"Revista de Agricultura"},"image":{"@id":"https:\/\/www.mundoagropecuario.cl\/new\/#\/schema\/logo\/image\/"},"sameAs":["https:\/\/www.facebook.com\/mundo.agropecuario.3","https:\/\/x.com\/MundoAgropecuar","https:\/\/www.linkedin.com\/in\/mundo-agropecuario-934009201\/"]},{"@type":"Person","@id":"https:\/\/www.mundoagropecuario.cl\/new\/#\/schema\/person\/4e9f74a82a7dac260eb1c44b7eebeb18","name":"mundo","url":"https:\/\/www.mundoagropecuario.cl\/new\/author\/mundo\/"}]}},"_links":{"self":[{"href":"https:\/\/www.mundoagropecuario.cl\/new\/wp-json\/wp\/v2\/posts\/15907","targetHints":{"allow":["GET"]}}],"collection":[{"href":"https:\/\/www.mundoagropecuario.cl\/new\/wp-json\/wp\/v2\/posts"}],"about":[{"href":"https:\/\/www.mundoagropecuario.cl\/new\/wp-json\/wp\/v2\/types\/post"}],"author":[{"embeddable":true,"href":"https:\/\/www.mundoagropecuario.cl\/new\/wp-json\/wp\/v2\/users\/2"}],"replies":[{"embeddable":true,"href":"https:\/\/www.mundoagropecuario.cl\/new\/wp-json\/wp\/v2\/comments?post=15907"}],"version-history":[{"count":2,"href":"https:\/\/www.mundoagropecuario.cl\/new\/wp-json\/wp\/v2\/posts\/15907\/revisions"}],"predecessor-version":[{"id":15938,"href":"https:\/\/www.mundoagropecuario.cl\/new\/wp-json\/wp\/v2\/posts\/15907\/revisions\/15938"}],"wp:featuredmedia":[{"embeddable":true,"href":"https:\/\/www.mundoagropecuario.cl\/new\/wp-json\/wp\/v2\/media\/15908"}],"wp:attachment":[{"href":"https:\/\/www.mundoagropecuario.cl\/new\/wp-json\/wp\/v2\/media?parent=15907"}],"wp:term":[{"taxonomy":"category","embeddable":true,"href":"https:\/\/www.mundoagropecuario.cl\/new\/wp-json\/wp\/v2\/categories?post=15907"},{"taxonomy":"post_tag","embeddable":true,"href":"https:\/\/www.mundoagropecuario.cl\/new\/wp-json\/wp\/v2\/tags?post=15907"}],"curies":[{"name":"wp","href":"https:\/\/api.w.org\/{rel}","templated":true}]}}