{"id":15869,"date":"2020-03-19T11:47:11","date_gmt":"2020-03-19T14:47:11","guid":{"rendered":"http:\/\/www.mundoagropecuario.cl\/new\/?p=15869"},"modified":"2020-05-07T11:30:39","modified_gmt":"2020-05-07T14:30:39","slug":"ministro-walker-amplia-zona-de-escasez-hidrica-a-24-comunas-de-la-rm","status":"publish","type":"post","link":"https:\/\/www.mundoagropecuario.cl\/new\/ministro-walker-amplia-zona-de-escasez-hidrica-a-24-comunas-de-la-rm\/","title":{"rendered":"Ministro Walker ampl\u00eda zona de escasez h\u00eddrica a 24 comunas de la RM"},"content":{"rendered":"\n<p>El ministro de Agricultura, Antonio Walker, anunci\u00f3 la ampliaci\u00f3n de la declaraci\u00f3n de zona de emergencia agr\u00edcola por escasez h\u00eddrica para 24 comunas de la Regi\u00f3n Metropolitana. Con esto, se agregan a las 17 comunas rurales 7 comunas no rurales de la regi\u00f3n al decreto solicitado por la Intendencia Metropolitana y rubricado por el Ministerio de Agricultura.<\/p>\n\n\n\n<p>En este nuevo decreto se extiende la emergencia agr\u00edcola por escasez h\u00eddrica a las comunas de San Bernardo, La Pintana, Quilicura, Maip\u00fa, Lo Barnechea, Pudahuel y Calera de Tango, comunas que se unen a las 17 comunas rurales que hab\u00edan sido decretadas el a\u00f1o pasado.<\/p>\n\n\n\n<p>\u201cDespu\u00e9s de que se volvi\u00f3 a estudiar la situaci\u00f3n h\u00eddrica de la Regi\u00f3n Metropolitana, a trav\u00e9s del INDAP y el INIA, hemos decidido aumentar las comunas con emergencia agr\u00edcola por escasez h\u00eddrica en este territorio, a las que agregamos algunas comunas que no estaban en el decreto anterior. No nos podemos olvidar de que estamos atravesando por una situaci\u00f3n muy cr\u00edtica en materia de sequ\u00eda, as\u00ed que firmamos el decreto de emergencia agr\u00edcola por escasez h\u00eddrica que pidi\u00f3 el intendente para as\u00ed activar los recursos de emergencia\u201d, dijo Walker.<\/p>\n\n\n\n<p>Seg\u00fan el decreto firmado por el ministro Antonio Walker, es necesario volver a definir la situaci\u00f3n de emergencia agr\u00edcola para concurrir en apoyo a las familias, productores agr\u00edcolas y campesinos afectados, con el objeto de mitigar la situaci\u00f3n que enfrentan dichas comunas de la Regi\u00f3n Metropolitana.<\/p>\n\n\n\n<p>La zona central de Chile est\u00e1 viviendo una de las sequ\u00edas m\u00e1s importantes de los \u00faltimos 60 a\u00f1os, con un d\u00e9ficit de precipitaciones de 70% y el gobierno ya ha declarado emergencia agr\u00edcola entre las regiones de Atacama y \u00d1uble, principalmente con el fin de entregar forraje para los animales, remedios e insumos, y asegurar el agua para consumo humano.<\/p>\n","protected":false},"excerpt":{"rendered":"<p>El ministro de Agricultura, Antonio Walker, anunci\u00f3 la ampliaci\u00f3n de la declaraci\u00f3n de zona de emergencia agr\u00edcola por escasez h\u00eddrica para 24 comunas de la Regi\u00f3n Metropolitana. Con esto, se&#8230;<\/p>\n","protected":false},"author":2,"featured_media":15870,"comment_status":"closed","ping_status":"closed","sticky":false,"template":"","format":"standard","meta":{"footnotes":""},"categories":[1945],"tags":[3760,1992,2052,2448,4149],"class_list":["post-15869","post","type-post","status-publish","format-standard","has-post-thumbnail","hentry","category-agricultura","tag-escasez-hidrica","tag-indap","tag-inia","tag-ministro-walker","tag-mundo-agropecuario"],"yoast_head":"<!-- This site is optimized with the Yoast SEO plugin v26.6 - https:\/\/yoast.com\/wordpress\/plugins\/seo\/ -->\n<title>Ministro Walker ampl\u00eda zona de escasez h\u00eddrica a 24 comunas de la RM - Mundoagropecuario<\/title>\n<meta name=\"robots\" content=\"index, follow, max-snippet:-1, max-image-preview:large, max-video-preview:-1\" \/>\n<link rel=\"canonical\" href=\"https:\/\/www.mundoagropecuario.cl\/new\/ministro-walker-amplia-zona-de-escasez-hidrica-a-24-comunas-de-la-rm\/\" \/>\n<meta property=\"og:locale\" content=\"es_ES\" \/>\n<meta property=\"og:type\" content=\"article\" \/>\n<meta property=\"og:title\" content=\"Ministro Walker ampl\u00eda zona de escasez h\u00eddrica a 24 comunas de la RM - Mundoagropecuario\" \/>\n<meta property=\"og:description\" content=\"El ministro de Agricultura, Antonio Walker, anunci\u00f3 la ampliaci\u00f3n de la declaraci\u00f3n de zona de emergencia agr\u00edcola por escasez h\u00eddrica para 24 comunas de la Regi\u00f3n Metropolitana. Con esto, se...\" \/>\n<meta property=\"og:url\" content=\"https:\/\/www.mundoagropecuario.cl\/new\/ministro-walker-amplia-zona-de-escasez-hidrica-a-24-comunas-de-la-rm\/\" \/>\n<meta property=\"og:site_name\" content=\"Mundoagropecuario\" \/>\n<meta property=\"article:publisher\" content=\"https:\/\/www.facebook.com\/mundo.agropecuario.3\" \/>\n<meta property=\"article:published_time\" content=\"2020-03-19T14:47:11+00:00\" \/>\n<meta property=\"article:modified_time\" content=\"2020-05-07T14:30:39+00:00\" \/>\n<meta property=\"og:image\" content=\"https:\/\/www.mundoagropecuario.cl\/new\/wp-content\/uploads\/2020\/03\/48804087966_cf71c350f8_k.jpg\" \/>\n\t<meta property=\"og:image:width\" content=\"1000\" \/>\n\t<meta property=\"og:image:height\" content=\"667\" \/>\n\t<meta property=\"og:image:type\" content=\"image\/jpeg\" \/>\n<meta name=\"author\" content=\"mundo\" \/>\n<meta name=\"twitter:card\" content=\"summary_large_image\" \/>\n<meta name=\"twitter:creator\" content=\"@MundoAgropecuar\" \/>\n<meta name=\"twitter:site\" content=\"@MundoAgropecuar\" \/>\n<meta name=\"twitter:label1\" content=\"Escrito por\" \/>\n\t<meta name=\"twitter:data1\" content=\"mundo\" \/>\n\t<meta name=\"twitter:label2\" content=\"Tiempo de lectura\" \/>\n\t<meta name=\"twitter:data2\" content=\"2 minutos\" \/>\n<script type=\"application\/ld+json\" class=\"yoast-schema-graph\">{\"@context\":\"https:\/\/schema.org\",\"@graph\":[{\"@type\":\"Article\",\"@id\":\"https:\/\/www.mundoagropecuario.cl\/new\/ministro-walker-amplia-zona-de-escasez-hidrica-a-24-comunas-de-la-rm\/#article\",\"isPartOf\":{\"@id\":\"https:\/\/www.mundoagropecuario.cl\/new\/ministro-walker-amplia-zona-de-escasez-hidrica-a-24-comunas-de-la-rm\/\"},\"author\":{\"name\":\"mundo\",\"@id\":\"https:\/\/www.mundoagropecuario.cl\/new\/#\/schema\/person\/4e9f74a82a7dac260eb1c44b7eebeb18\"},\"headline\":\"Ministro Walker ampl\u00eda zona de escasez h\u00eddrica a 24 comunas de la RM\",\"datePublished\":\"2020-03-19T14:47:11+00:00\",\"dateModified\":\"2020-05-07T14:30:39+00:00\",\"mainEntityOfPage\":{\"@id\":\"https:\/\/www.mundoagropecuario.cl\/new\/ministro-walker-amplia-zona-de-escasez-hidrica-a-24-comunas-de-la-rm\/\"},\"wordCount\":338,\"publisher\":{\"@id\":\"https:\/\/www.mundoagropecuario.cl\/new\/#organization\"},\"image\":{\"@id\":\"https:\/\/www.mundoagropecuario.cl\/new\/ministro-walker-amplia-zona-de-escasez-hidrica-a-24-comunas-de-la-rm\/#primaryimage\"},\"thumbnailUrl\":\"https:\/\/www.mundoagropecuario.cl\/new\/wp-content\/uploads\/2020\/03\/48804087966_cf71c350f8_k.jpg\",\"keywords\":[\"escasez h\u00eddrica\",\"Indap\",\"INIA\",\"Ministro Walker\",\"Mundo Agropecuario\"],\"articleSection\":[\"Agricultura\"],\"inLanguage\":\"es\"},{\"@type\":\"WebPage\",\"@id\":\"https:\/\/www.mundoagropecuario.cl\/new\/ministro-walker-amplia-zona-de-escasez-hidrica-a-24-comunas-de-la-rm\/\",\"url\":\"https:\/\/www.mundoagropecuario.cl\/new\/ministro-walker-amplia-zona-de-escasez-hidrica-a-24-comunas-de-la-rm\/\",\"name\":\"Ministro Walker ampl\u00eda zona de escasez h\u00eddrica a 24 comunas de la RM - Mundoagropecuario\",\"isPartOf\":{\"@id\":\"https:\/\/www.mundoagropecuario.cl\/new\/#website\"},\"primaryImageOfPage\":{\"@id\":\"https:\/\/www.mundoagropecuario.cl\/new\/ministro-walker-amplia-zona-de-escasez-hidrica-a-24-comunas-de-la-rm\/#primaryimage\"},\"image\":{\"@id\":\"https:\/\/www.mundoagropecuario.cl\/new\/ministro-walker-amplia-zona-de-escasez-hidrica-a-24-comunas-de-la-rm\/#primaryimage\"},\"thumbnailUrl\":\"https:\/\/www.mundoagropecuario.cl\/new\/wp-content\/uploads\/2020\/03\/48804087966_cf71c350f8_k.jpg\",\"datePublished\":\"2020-03-19T14:47:11+00:00\",\"dateModified\":\"2020-05-07T14:30:39+00:00\",\"breadcrumb\":{\"@id\":\"https:\/\/www.mundoagropecuario.cl\/new\/ministro-walker-amplia-zona-de-escasez-hidrica-a-24-comunas-de-la-rm\/#breadcrumb\"},\"inLanguage\":\"es\",\"potentialAction\":[{\"@type\":\"ReadAction\",\"target\":[\"https:\/\/www.mundoagropecuario.cl\/new\/ministro-walker-amplia-zona-de-escasez-hidrica-a-24-comunas-de-la-rm\/\"]}]},{\"@type\":\"ImageObject\",\"inLanguage\":\"es\",\"@id\":\"https:\/\/www.mundoagropecuario.cl\/new\/ministro-walker-amplia-zona-de-escasez-hidrica-a-24-comunas-de-la-rm\/#primaryimage\",\"url\":\"https:\/\/www.mundoagropecuario.cl\/new\/wp-content\/uploads\/2020\/03\/48804087966_cf71c350f8_k.jpg\",\"contentUrl\":\"https:\/\/www.mundoagropecuario.cl\/new\/wp-content\/uploads\/2020\/03\/48804087966_cf71c350f8_k.jpg\",\"width\":600,\"height\":400},{\"@type\":\"BreadcrumbList\",\"@id\":\"https:\/\/www.mundoagropecuario.cl\/new\/ministro-walker-amplia-zona-de-escasez-hidrica-a-24-comunas-de-la-rm\/#breadcrumb\",\"itemListElement\":[{\"@type\":\"ListItem\",\"position\":1,\"name\":\"Portada\",\"item\":\"https:\/\/www.mundoagropecuario.cl\/new\/\"},{\"@type\":\"ListItem\",\"position\":2,\"name\":\"Ministro Walker ampl\u00eda zona de escasez h\u00eddrica a 24 comunas de la RM\"}]},{\"@type\":\"WebSite\",\"@id\":\"https:\/\/www.mundoagropecuario.cl\/new\/#website\",\"url\":\"https:\/\/www.mundoagropecuario.cl\/new\/\",\"name\":\"Mundoagropecuario\",\"description\":\"Mundo Agropecuario\",\"publisher\":{\"@id\":\"https:\/\/www.mundoagropecuario.cl\/new\/#organization\"},\"potentialAction\":[{\"@type\":\"SearchAction\",\"target\":{\"@type\":\"EntryPoint\",\"urlTemplate\":\"https:\/\/www.mundoagropecuario.cl\/new\/?s={search_term_string}\"},\"query-input\":{\"@type\":\"PropertyValueSpecification\",\"valueRequired\":true,\"valueName\":\"search_term_string\"}}],\"inLanguage\":\"es\"},{\"@type\":\"Organization\",\"@id\":\"https:\/\/www.mundoagropecuario.cl\/new\/#organization\",\"name\":\"Revista de Agricultura\",\"url\":\"https:\/\/www.mundoagropecuario.cl\/new\/\",\"logo\":{\"@type\":\"ImageObject\",\"inLanguage\":\"es\",\"@id\":\"https:\/\/www.mundoagropecuario.cl\/new\/#\/schema\/logo\/image\/\",\"url\":\"https:\/\/www.mundoagropecuario.cl\/new\/wp-content\/uploads\/2020\/11\/PORTAL-1-1.png\",\"contentUrl\":\"https:\/\/www.mundoagropecuario.cl\/new\/wp-content\/uploads\/2020\/11\/PORTAL-1-1.png\",\"width\":1026,\"height\":100,\"caption\":\"Revista de Agricultura\"},\"image\":{\"@id\":\"https:\/\/www.mundoagropecuario.cl\/new\/#\/schema\/logo\/image\/\"},\"sameAs\":[\"https:\/\/www.facebook.com\/mundo.agropecuario.3\",\"https:\/\/x.com\/MundoAgropecuar\",\"https:\/\/www.linkedin.com\/in\/mundo-agropecuario-934009201\/\"]},{\"@type\":\"Person\",\"@id\":\"https:\/\/www.mundoagropecuario.cl\/new\/#\/schema\/person\/4e9f74a82a7dac260eb1c44b7eebeb18\",\"name\":\"mundo\",\"url\":\"https:\/\/www.mundoagropecuario.cl\/new\/author\/mundo\/\"}]}<\/script>\n<!-- \/ Yoast SEO plugin. -->","yoast_head_json":{"title":"Ministro Walker ampl\u00eda zona de escasez h\u00eddrica a 24 comunas de la RM - Mundoagropecuario","robots":{"index":"index","follow":"follow","max-snippet":"max-snippet:-1","max-image-preview":"max-image-preview:large","max-video-preview":"max-video-preview:-1"},"canonical":"https:\/\/www.mundoagropecuario.cl\/new\/ministro-walker-amplia-zona-de-escasez-hidrica-a-24-comunas-de-la-rm\/","og_locale":"es_ES","og_type":"article","og_title":"Ministro Walker ampl\u00eda zona de escasez h\u00eddrica a 24 comunas de la RM - Mundoagropecuario","og_description":"El ministro de Agricultura, Antonio Walker, anunci\u00f3 la ampliaci\u00f3n de la declaraci\u00f3n de zona de emergencia agr\u00edcola por escasez h\u00eddrica para 24 comunas de la Regi\u00f3n Metropolitana. Con esto, se...","og_url":"https:\/\/www.mundoagropecuario.cl\/new\/ministro-walker-amplia-zona-de-escasez-hidrica-a-24-comunas-de-la-rm\/","og_site_name":"Mundoagropecuario","article_publisher":"https:\/\/www.facebook.com\/mundo.agropecuario.3","article_published_time":"2020-03-19T14:47:11+00:00","article_modified_time":"2020-05-07T14:30:39+00:00","og_image":[{"width":1000,"height":667,"url":"https:\/\/www.mundoagropecuario.cl\/new\/wp-content\/uploads\/2020\/03\/48804087966_cf71c350f8_k.jpg","type":"image\/jpeg"}],"author":"mundo","twitter_card":"summary_large_image","twitter_creator":"@MundoAgropecuar","twitter_site":"@MundoAgropecuar","twitter_misc":{"Escrito por":"mundo","Tiempo de lectura":"2 minutos"},"schema":{"@context":"https:\/\/schema.org","@graph":[{"@type":"Article","@id":"https:\/\/www.mundoagropecuario.cl\/new\/ministro-walker-amplia-zona-de-escasez-hidrica-a-24-comunas-de-la-rm\/#article","isPartOf":{"@id":"https:\/\/www.mundoagropecuario.cl\/new\/ministro-walker-amplia-zona-de-escasez-hidrica-a-24-comunas-de-la-rm\/"},"author":{"name":"mundo","@id":"https:\/\/www.mundoagropecuario.cl\/new\/#\/schema\/person\/4e9f74a82a7dac260eb1c44b7eebeb18"},"headline":"Ministro Walker ampl\u00eda zona de escasez h\u00eddrica a 24 comunas de la RM","datePublished":"2020-03-19T14:47:11+00:00","dateModified":"2020-05-07T14:30:39+00:00","mainEntityOfPage":{"@id":"https:\/\/www.mundoagropecuario.cl\/new\/ministro-walker-amplia-zona-de-escasez-hidrica-a-24-comunas-de-la-rm\/"},"wordCount":338,"publisher":{"@id":"https:\/\/www.mundoagropecuario.cl\/new\/#organization"},"image":{"@id":"https:\/\/www.mundoagropecuario.cl\/new\/ministro-walker-amplia-zona-de-escasez-hidrica-a-24-comunas-de-la-rm\/#primaryimage"},"thumbnailUrl":"https:\/\/www.mundoagropecuario.cl\/new\/wp-content\/uploads\/2020\/03\/48804087966_cf71c350f8_k.jpg","keywords":["escasez h\u00eddrica","Indap","INIA","Ministro Walker","Mundo Agropecuario"],"articleSection":["Agricultura"],"inLanguage":"es"},{"@type":"WebPage","@id":"https:\/\/www.mundoagropecuario.cl\/new\/ministro-walker-amplia-zona-de-escasez-hidrica-a-24-comunas-de-la-rm\/","url":"https:\/\/www.mundoagropecuario.cl\/new\/ministro-walker-amplia-zona-de-escasez-hidrica-a-24-comunas-de-la-rm\/","name":"Ministro Walker ampl\u00eda zona de escasez h\u00eddrica a 24 comunas de la RM - Mundoagropecuario","isPartOf":{"@id":"https:\/\/www.mundoagropecuario.cl\/new\/#website"},"primaryImageOfPage":{"@id":"https:\/\/www.mundoagropecuario.cl\/new\/ministro-walker-amplia-zona-de-escasez-hidrica-a-24-comunas-de-la-rm\/#primaryimage"},"image":{"@id":"https:\/\/www.mundoagropecuario.cl\/new\/ministro-walker-amplia-zona-de-escasez-hidrica-a-24-comunas-de-la-rm\/#primaryimage"},"thumbnailUrl":"https:\/\/www.mundoagropecuario.cl\/new\/wp-content\/uploads\/2020\/03\/48804087966_cf71c350f8_k.jpg","datePublished":"2020-03-19T14:47:11+00:00","dateModified":"2020-05-07T14:30:39+00:00","breadcrumb":{"@id":"https:\/\/www.mundoagropecuario.cl\/new\/ministro-walker-amplia-zona-de-escasez-hidrica-a-24-comunas-de-la-rm\/#breadcrumb"},"inLanguage":"es","potentialAction":[{"@type":"ReadAction","target":["https:\/\/www.mundoagropecuario.cl\/new\/ministro-walker-amplia-zona-de-escasez-hidrica-a-24-comunas-de-la-rm\/"]}]},{"@type":"ImageObject","inLanguage":"es","@id":"https:\/\/www.mundoagropecuario.cl\/new\/ministro-walker-amplia-zona-de-escasez-hidrica-a-24-comunas-de-la-rm\/#primaryimage","url":"https:\/\/www.mundoagropecuario.cl\/new\/wp-content\/uploads\/2020\/03\/48804087966_cf71c350f8_k.jpg","contentUrl":"https:\/\/www.mundoagropecuario.cl\/new\/wp-content\/uploads\/2020\/03\/48804087966_cf71c350f8_k.jpg","width":600,"height":400},{"@type":"BreadcrumbList","@id":"https:\/\/www.mundoagropecuario.cl\/new\/ministro-walker-amplia-zona-de-escasez-hidrica-a-24-comunas-de-la-rm\/#breadcrumb","itemListElement":[{"@type":"ListItem","position":1,"name":"Portada","item":"https:\/\/www.mundoagropecuario.cl\/new\/"},{"@type":"ListItem","position":2,"name":"Ministro Walker ampl\u00eda zona de escasez h\u00eddrica a 24 comunas de la RM"}]},{"@type":"WebSite","@id":"https:\/\/www.mundoagropecuario.cl\/new\/#website","url":"https:\/\/www.mundoagropecuario.cl\/new\/","name":"Mundoagropecuario","description":"Mundo Agropecuario","publisher":{"@id":"https:\/\/www.mundoagropecuario.cl\/new\/#organization"},"potentialAction":[{"@type":"SearchAction","target":{"@type":"EntryPoint","urlTemplate":"https:\/\/www.mundoagropecuario.cl\/new\/?s={search_term_string}"},"query-input":{"@type":"PropertyValueSpecification","valueRequired":true,"valueName":"search_term_string"}}],"inLanguage":"es"},{"@type":"Organization","@id":"https:\/\/www.mundoagropecuario.cl\/new\/#organization","name":"Revista de Agricultura","url":"https:\/\/www.mundoagropecuario.cl\/new\/","logo":{"@type":"ImageObject","inLanguage":"es","@id":"https:\/\/www.mundoagropecuario.cl\/new\/#\/schema\/logo\/image\/","url":"https:\/\/www.mundoagropecuario.cl\/new\/wp-content\/uploads\/2020\/11\/PORTAL-1-1.png","contentUrl":"https:\/\/www.mundoagropecuario.cl\/new\/wp-content\/uploads\/2020\/11\/PORTAL-1-1.png","width":1026,"height":100,"caption":"Revista de Agricultura"},"image":{"@id":"https:\/\/www.mundoagropecuario.cl\/new\/#\/schema\/logo\/image\/"},"sameAs":["https:\/\/www.facebook.com\/mundo.agropecuario.3","https:\/\/x.com\/MundoAgropecuar","https:\/\/www.linkedin.com\/in\/mundo-agropecuario-934009201\/"]},{"@type":"Person","@id":"https:\/\/www.mundoagropecuario.cl\/new\/#\/schema\/person\/4e9f74a82a7dac260eb1c44b7eebeb18","name":"mundo","url":"https:\/\/www.mundoagropecuario.cl\/new\/author\/mundo\/"}]}},"_links":{"self":[{"href":"https:\/\/www.mundoagropecuario.cl\/new\/wp-json\/wp\/v2\/posts\/15869","targetHints":{"allow":["GET"]}}],"collection":[{"href":"https:\/\/www.mundoagropecuario.cl\/new\/wp-json\/wp\/v2\/posts"}],"about":[{"href":"https:\/\/www.mundoagropecuario.cl\/new\/wp-json\/wp\/v2\/types\/post"}],"author":[{"embeddable":true,"href":"https:\/\/www.mundoagropecuario.cl\/new\/wp-json\/wp\/v2\/users\/2"}],"replies":[{"embeddable":true,"href":"https:\/\/www.mundoagropecuario.cl\/new\/wp-json\/wp\/v2\/comments?post=15869"}],"version-history":[{"count":1,"href":"https:\/\/www.mundoagropecuario.cl\/new\/wp-json\/wp\/v2\/posts\/15869\/revisions"}],"predecessor-version":[{"id":15871,"href":"https:\/\/www.mundoagropecuario.cl\/new\/wp-json\/wp\/v2\/posts\/15869\/revisions\/15871"}],"wp:featuredmedia":[{"embeddable":true,"href":"https:\/\/www.mundoagropecuario.cl\/new\/wp-json\/wp\/v2\/media\/15870"}],"wp:attachment":[{"href":"https:\/\/www.mundoagropecuario.cl\/new\/wp-json\/wp\/v2\/media?parent=15869"}],"wp:term":[{"taxonomy":"category","embeddable":true,"href":"https:\/\/www.mundoagropecuario.cl\/new\/wp-json\/wp\/v2\/categories?post=15869"},{"taxonomy":"post_tag","embeddable":true,"href":"https:\/\/www.mundoagropecuario.cl\/new\/wp-json\/wp\/v2\/tags?post=15869"}],"curies":[{"name":"wp","href":"https:\/\/api.w.org\/{rel}","templated":true}]}}