{"id":15857,"date":"2020-03-18T14:28:58","date_gmt":"2020-03-18T17:28:58","guid":{"rendered":"http:\/\/www.mundoagropecuario.cl\/new\/?p=15857"},"modified":"2020-03-23T10:26:03","modified_gmt":"2020-03-23T13:26:03","slug":"cierran-parques-nacionales-y-por-coronavirus","status":"publish","type":"post","link":"https:\/\/www.mundoagropecuario.cl\/new\/cierran-parques-nacionales-y-por-coronavirus\/","title":{"rendered":"Anuncian cierre de Parques Nacionales por coronavirus"},"content":{"rendered":"\n<p>Como una medida de prevenci\u00f3n frente al coronavirus, el\nMinisterio de Agricultura, a trav\u00e9s de la Corporaci\u00f3n Nacional Forestal (Conaf)\nanunci\u00f3 el cierre de las \u00e1reas silvestres protegidas de la Regi\u00f3n de Los Lagos,\nincluyendo las m\u00e1s visitadas como el parque Puyehue, Vicente P\u00e9rez Rosales,\nChilo\u00e9 y Pumal\u00edn.<\/p>\n\n\n\n<p>\u201cEl objetivo es evitar contagio y aglomeraciones, estamos\nrestringiendo todas las actividades a las estrictamente necesarias, ya que es\nnecesario que todos contribuyamos a la salud p\u00fablica. Tambi\u00e9n hemos pedido a\nnuestros usuarios de INDAP, SAG y Conaf priorizar los canales telef\u00f3nicos o\ndigitales para hacer tr\u00e1mites, nuestra intenci\u00f3n es atender s\u00f3lo aquellas\nmaterias urgentes en oficinas\u201d, explic\u00f3 la autoridad.<\/p>\n\n\n\n<p>Asimismo, el seremi de Agricultura, Juan Vicente Barrientos,\njunto a sus pares de Transporte, Econom\u00eda y Trabajo sostuvo una reuni\u00f3n\nmediante videoconferencia con nueve gremios y representantes de los sectores\nproductivos para coordinar medidas de prevenci\u00f3n que ayuden a aminorar los riesgos\nen las plantas de proceso del sector agr\u00edcola y lugares de trabajo, adem\u00e1s, de\ngarantizar que la cadena de producci\u00f3n contin\u00fae abasteciendo sin dificultades a\nla regi\u00f3n.<\/p>\n\n\n\n<p>\u201cQueremos que los trabajadores del sector agr\u00edcola y las\nempresas del sector tomen el mayor de los resguardos, porque es la gente que\nlleva el alimento a nuestras mesas y, lo primero, es asegurar la salud de las\npersonas. Aunque sea reiterativo seguiremos insistiendo en que hay que extremar\nlas medidas de higiene, como el lavado frecuente de manos y en la necesidad de\ndirigirse a los servicios de urgencia en caso de presentar s\u00edntomas asociados\nal COVID-19\u201d, explic\u00f3 el seremi de Agricultura.<\/p>\n","protected":false},"excerpt":{"rendered":"<p>Como una medida de prevenci\u00f3n frente al coronavirus, el Ministerio de Agricultura, a trav\u00e9s de la Corporaci\u00f3n Nacional Forestal (Conaf) anunci\u00f3 el cierre de las \u00e1reas silvestres protegidas de la&#8230;<\/p>\n","protected":false},"author":2,"featured_media":15858,"comment_status":"closed","ping_status":"closed","sticky":false,"template":"","format":"standard","meta":{"footnotes":""},"categories":[1987],"tags":[876,4661,4675],"class_list":["post-15857","post","type-post","status-publish","format-standard","has-post-thumbnail","hentry","category-instituciones","tag-conaf","tag-coronavirus","tag-parque-nacional"],"yoast_head":"<!-- This site is optimized with the Yoast SEO plugin v26.6 - https:\/\/yoast.com\/wordpress\/plugins\/seo\/ -->\n<title>Anuncian cierre de Parques Nacionales por coronavirus - Mundoagropecuario<\/title>\n<meta name=\"robots\" content=\"index, follow, max-snippet:-1, max-image-preview:large, max-video-preview:-1\" \/>\n<link rel=\"canonical\" href=\"https:\/\/www.mundoagropecuario.cl\/new\/cierran-parques-nacionales-y-por-coronavirus\/\" \/>\n<meta property=\"og:locale\" content=\"es_ES\" \/>\n<meta property=\"og:type\" content=\"article\" \/>\n<meta property=\"og:title\" content=\"Anuncian cierre de Parques Nacionales por coronavirus - Mundoagropecuario\" \/>\n<meta property=\"og:description\" content=\"Como una medida de prevenci\u00f3n frente al coronavirus, el Ministerio de Agricultura, a trav\u00e9s de la Corporaci\u00f3n Nacional Forestal (Conaf) anunci\u00f3 el cierre de las \u00e1reas silvestres protegidas de la...\" \/>\n<meta property=\"og:url\" content=\"https:\/\/www.mundoagropecuario.cl\/new\/cierran-parques-nacionales-y-por-coronavirus\/\" \/>\n<meta property=\"og:site_name\" content=\"Mundoagropecuario\" \/>\n<meta property=\"article:publisher\" content=\"https:\/\/www.facebook.com\/mundo.agropecuario.3\" \/>\n<meta property=\"article:published_time\" content=\"2020-03-18T17:28:58+00:00\" \/>\n<meta property=\"article:modified_time\" content=\"2020-03-23T13:26:03+00:00\" \/>\n<meta property=\"og:image\" content=\"https:\/\/www.mundoagropecuario.cl\/new\/wp-content\/uploads\/2020\/03\/Parque-Nacional-VICENTE-P\u00c9REZ-ROSALES-FotoConaf.jpg\" \/>\n\t<meta property=\"og:image:width\" content=\"600\" \/>\n\t<meta property=\"og:image:height\" content=\"480\" \/>\n\t<meta property=\"og:image:type\" content=\"image\/jpeg\" \/>\n<meta name=\"author\" content=\"mundo\" \/>\n<meta name=\"twitter:card\" content=\"summary_large_image\" \/>\n<meta name=\"twitter:creator\" content=\"@MundoAgropecuar\" \/>\n<meta name=\"twitter:site\" content=\"@MundoAgropecuar\" \/>\n<meta name=\"twitter:label1\" content=\"Escrito por\" \/>\n\t<meta name=\"twitter:data1\" content=\"mundo\" \/>\n\t<meta name=\"twitter:label2\" content=\"Tiempo de lectura\" \/>\n\t<meta name=\"twitter:data2\" content=\"1 minuto\" \/>\n<script type=\"application\/ld+json\" class=\"yoast-schema-graph\">{\"@context\":\"https:\/\/schema.org\",\"@graph\":[{\"@type\":\"Article\",\"@id\":\"https:\/\/www.mundoagropecuario.cl\/new\/cierran-parques-nacionales-y-por-coronavirus\/#article\",\"isPartOf\":{\"@id\":\"https:\/\/www.mundoagropecuario.cl\/new\/cierran-parques-nacionales-y-por-coronavirus\/\"},\"author\":{\"name\":\"mundo\",\"@id\":\"https:\/\/www.mundoagropecuario.cl\/new\/#\/schema\/person\/4e9f74a82a7dac260eb1c44b7eebeb18\"},\"headline\":\"Anuncian cierre de Parques Nacionales por coronavirus\",\"datePublished\":\"2020-03-18T17:28:58+00:00\",\"dateModified\":\"2020-03-23T13:26:03+00:00\",\"mainEntityOfPage\":{\"@id\":\"https:\/\/www.mundoagropecuario.cl\/new\/cierran-parques-nacionales-y-por-coronavirus\/\"},\"wordCount\":290,\"publisher\":{\"@id\":\"https:\/\/www.mundoagropecuario.cl\/new\/#organization\"},\"image\":{\"@id\":\"https:\/\/www.mundoagropecuario.cl\/new\/cierran-parques-nacionales-y-por-coronavirus\/#primaryimage\"},\"thumbnailUrl\":\"https:\/\/www.mundoagropecuario.cl\/new\/wp-content\/uploads\/2020\/03\/Parque-Nacional-VICENTE-P\u00c9REZ-ROSALES-FotoConaf.jpg\",\"keywords\":[\"Conaf\",\"coronavirus\",\"parque nacional\"],\"articleSection\":[\"Instituciones\"],\"inLanguage\":\"es\"},{\"@type\":\"WebPage\",\"@id\":\"https:\/\/www.mundoagropecuario.cl\/new\/cierran-parques-nacionales-y-por-coronavirus\/\",\"url\":\"https:\/\/www.mundoagropecuario.cl\/new\/cierran-parques-nacionales-y-por-coronavirus\/\",\"name\":\"Anuncian cierre de Parques Nacionales por coronavirus - Mundoagropecuario\",\"isPartOf\":{\"@id\":\"https:\/\/www.mundoagropecuario.cl\/new\/#website\"},\"primaryImageOfPage\":{\"@id\":\"https:\/\/www.mundoagropecuario.cl\/new\/cierran-parques-nacionales-y-por-coronavirus\/#primaryimage\"},\"image\":{\"@id\":\"https:\/\/www.mundoagropecuario.cl\/new\/cierran-parques-nacionales-y-por-coronavirus\/#primaryimage\"},\"thumbnailUrl\":\"https:\/\/www.mundoagropecuario.cl\/new\/wp-content\/uploads\/2020\/03\/Parque-Nacional-VICENTE-P\u00c9REZ-ROSALES-FotoConaf.jpg\",\"datePublished\":\"2020-03-18T17:28:58+00:00\",\"dateModified\":\"2020-03-23T13:26:03+00:00\",\"breadcrumb\":{\"@id\":\"https:\/\/www.mundoagropecuario.cl\/new\/cierran-parques-nacionales-y-por-coronavirus\/#breadcrumb\"},\"inLanguage\":\"es\",\"potentialAction\":[{\"@type\":\"ReadAction\",\"target\":[\"https:\/\/www.mundoagropecuario.cl\/new\/cierran-parques-nacionales-y-por-coronavirus\/\"]}]},{\"@type\":\"ImageObject\",\"inLanguage\":\"es\",\"@id\":\"https:\/\/www.mundoagropecuario.cl\/new\/cierran-parques-nacionales-y-por-coronavirus\/#primaryimage\",\"url\":\"https:\/\/www.mundoagropecuario.cl\/new\/wp-content\/uploads\/2020\/03\/Parque-Nacional-VICENTE-P\u00c9REZ-ROSALES-FotoConaf.jpg\",\"contentUrl\":\"https:\/\/www.mundoagropecuario.cl\/new\/wp-content\/uploads\/2020\/03\/Parque-Nacional-VICENTE-P\u00c9REZ-ROSALES-FotoConaf.jpg\",\"width\":500,\"height\":400},{\"@type\":\"BreadcrumbList\",\"@id\":\"https:\/\/www.mundoagropecuario.cl\/new\/cierran-parques-nacionales-y-por-coronavirus\/#breadcrumb\",\"itemListElement\":[{\"@type\":\"ListItem\",\"position\":1,\"name\":\"Portada\",\"item\":\"https:\/\/www.mundoagropecuario.cl\/new\/\"},{\"@type\":\"ListItem\",\"position\":2,\"name\":\"Anuncian cierre de Parques Nacionales por coronavirus\"}]},{\"@type\":\"WebSite\",\"@id\":\"https:\/\/www.mundoagropecuario.cl\/new\/#website\",\"url\":\"https:\/\/www.mundoagropecuario.cl\/new\/\",\"name\":\"Mundoagropecuario\",\"description\":\"Mundo Agropecuario\",\"publisher\":{\"@id\":\"https:\/\/www.mundoagropecuario.cl\/new\/#organization\"},\"potentialAction\":[{\"@type\":\"SearchAction\",\"target\":{\"@type\":\"EntryPoint\",\"urlTemplate\":\"https:\/\/www.mundoagropecuario.cl\/new\/?s={search_term_string}\"},\"query-input\":{\"@type\":\"PropertyValueSpecification\",\"valueRequired\":true,\"valueName\":\"search_term_string\"}}],\"inLanguage\":\"es\"},{\"@type\":\"Organization\",\"@id\":\"https:\/\/www.mundoagropecuario.cl\/new\/#organization\",\"name\":\"Revista de Agricultura\",\"url\":\"https:\/\/www.mundoagropecuario.cl\/new\/\",\"logo\":{\"@type\":\"ImageObject\",\"inLanguage\":\"es\",\"@id\":\"https:\/\/www.mundoagropecuario.cl\/new\/#\/schema\/logo\/image\/\",\"url\":\"https:\/\/www.mundoagropecuario.cl\/new\/wp-content\/uploads\/2020\/11\/PORTAL-1-1.png\",\"contentUrl\":\"https:\/\/www.mundoagropecuario.cl\/new\/wp-content\/uploads\/2020\/11\/PORTAL-1-1.png\",\"width\":1026,\"height\":100,\"caption\":\"Revista de Agricultura\"},\"image\":{\"@id\":\"https:\/\/www.mundoagropecuario.cl\/new\/#\/schema\/logo\/image\/\"},\"sameAs\":[\"https:\/\/www.facebook.com\/mundo.agropecuario.3\",\"https:\/\/x.com\/MundoAgropecuar\",\"https:\/\/www.linkedin.com\/in\/mundo-agropecuario-934009201\/\"]},{\"@type\":\"Person\",\"@id\":\"https:\/\/www.mundoagropecuario.cl\/new\/#\/schema\/person\/4e9f74a82a7dac260eb1c44b7eebeb18\",\"name\":\"mundo\",\"url\":\"https:\/\/www.mundoagropecuario.cl\/new\/author\/mundo\/\"}]}<\/script>\n<!-- \/ Yoast SEO plugin. -->","yoast_head_json":{"title":"Anuncian cierre de Parques Nacionales por coronavirus - Mundoagropecuario","robots":{"index":"index","follow":"follow","max-snippet":"max-snippet:-1","max-image-preview":"max-image-preview:large","max-video-preview":"max-video-preview:-1"},"canonical":"https:\/\/www.mundoagropecuario.cl\/new\/cierran-parques-nacionales-y-por-coronavirus\/","og_locale":"es_ES","og_type":"article","og_title":"Anuncian cierre de Parques Nacionales por coronavirus - Mundoagropecuario","og_description":"Como una medida de prevenci\u00f3n frente al coronavirus, el Ministerio de Agricultura, a trav\u00e9s de la Corporaci\u00f3n Nacional Forestal (Conaf) anunci\u00f3 el cierre de las \u00e1reas silvestres protegidas de la...","og_url":"https:\/\/www.mundoagropecuario.cl\/new\/cierran-parques-nacionales-y-por-coronavirus\/","og_site_name":"Mundoagropecuario","article_publisher":"https:\/\/www.facebook.com\/mundo.agropecuario.3","article_published_time":"2020-03-18T17:28:58+00:00","article_modified_time":"2020-03-23T13:26:03+00:00","og_image":[{"width":600,"height":480,"url":"https:\/\/www.mundoagropecuario.cl\/new\/wp-content\/uploads\/2020\/03\/Parque-Nacional-VICENTE-P\u00c9REZ-ROSALES-FotoConaf.jpg","type":"image\/jpeg"}],"author":"mundo","twitter_card":"summary_large_image","twitter_creator":"@MundoAgropecuar","twitter_site":"@MundoAgropecuar","twitter_misc":{"Escrito por":"mundo","Tiempo de lectura":"1 minuto"},"schema":{"@context":"https:\/\/schema.org","@graph":[{"@type":"Article","@id":"https:\/\/www.mundoagropecuario.cl\/new\/cierran-parques-nacionales-y-por-coronavirus\/#article","isPartOf":{"@id":"https:\/\/www.mundoagropecuario.cl\/new\/cierran-parques-nacionales-y-por-coronavirus\/"},"author":{"name":"mundo","@id":"https:\/\/www.mundoagropecuario.cl\/new\/#\/schema\/person\/4e9f74a82a7dac260eb1c44b7eebeb18"},"headline":"Anuncian cierre de Parques Nacionales por coronavirus","datePublished":"2020-03-18T17:28:58+00:00","dateModified":"2020-03-23T13:26:03+00:00","mainEntityOfPage":{"@id":"https:\/\/www.mundoagropecuario.cl\/new\/cierran-parques-nacionales-y-por-coronavirus\/"},"wordCount":290,"publisher":{"@id":"https:\/\/www.mundoagropecuario.cl\/new\/#organization"},"image":{"@id":"https:\/\/www.mundoagropecuario.cl\/new\/cierran-parques-nacionales-y-por-coronavirus\/#primaryimage"},"thumbnailUrl":"https:\/\/www.mundoagropecuario.cl\/new\/wp-content\/uploads\/2020\/03\/Parque-Nacional-VICENTE-P\u00c9REZ-ROSALES-FotoConaf.jpg","keywords":["Conaf","coronavirus","parque nacional"],"articleSection":["Instituciones"],"inLanguage":"es"},{"@type":"WebPage","@id":"https:\/\/www.mundoagropecuario.cl\/new\/cierran-parques-nacionales-y-por-coronavirus\/","url":"https:\/\/www.mundoagropecuario.cl\/new\/cierran-parques-nacionales-y-por-coronavirus\/","name":"Anuncian cierre de Parques Nacionales por coronavirus - Mundoagropecuario","isPartOf":{"@id":"https:\/\/www.mundoagropecuario.cl\/new\/#website"},"primaryImageOfPage":{"@id":"https:\/\/www.mundoagropecuario.cl\/new\/cierran-parques-nacionales-y-por-coronavirus\/#primaryimage"},"image":{"@id":"https:\/\/www.mundoagropecuario.cl\/new\/cierran-parques-nacionales-y-por-coronavirus\/#primaryimage"},"thumbnailUrl":"https:\/\/www.mundoagropecuario.cl\/new\/wp-content\/uploads\/2020\/03\/Parque-Nacional-VICENTE-P\u00c9REZ-ROSALES-FotoConaf.jpg","datePublished":"2020-03-18T17:28:58+00:00","dateModified":"2020-03-23T13:26:03+00:00","breadcrumb":{"@id":"https:\/\/www.mundoagropecuario.cl\/new\/cierran-parques-nacionales-y-por-coronavirus\/#breadcrumb"},"inLanguage":"es","potentialAction":[{"@type":"ReadAction","target":["https:\/\/www.mundoagropecuario.cl\/new\/cierran-parques-nacionales-y-por-coronavirus\/"]}]},{"@type":"ImageObject","inLanguage":"es","@id":"https:\/\/www.mundoagropecuario.cl\/new\/cierran-parques-nacionales-y-por-coronavirus\/#primaryimage","url":"https:\/\/www.mundoagropecuario.cl\/new\/wp-content\/uploads\/2020\/03\/Parque-Nacional-VICENTE-P\u00c9REZ-ROSALES-FotoConaf.jpg","contentUrl":"https:\/\/www.mundoagropecuario.cl\/new\/wp-content\/uploads\/2020\/03\/Parque-Nacional-VICENTE-P\u00c9REZ-ROSALES-FotoConaf.jpg","width":500,"height":400},{"@type":"BreadcrumbList","@id":"https:\/\/www.mundoagropecuario.cl\/new\/cierran-parques-nacionales-y-por-coronavirus\/#breadcrumb","itemListElement":[{"@type":"ListItem","position":1,"name":"Portada","item":"https:\/\/www.mundoagropecuario.cl\/new\/"},{"@type":"ListItem","position":2,"name":"Anuncian cierre de Parques Nacionales por coronavirus"}]},{"@type":"WebSite","@id":"https:\/\/www.mundoagropecuario.cl\/new\/#website","url":"https:\/\/www.mundoagropecuario.cl\/new\/","name":"Mundoagropecuario","description":"Mundo Agropecuario","publisher":{"@id":"https:\/\/www.mundoagropecuario.cl\/new\/#organization"},"potentialAction":[{"@type":"SearchAction","target":{"@type":"EntryPoint","urlTemplate":"https:\/\/www.mundoagropecuario.cl\/new\/?s={search_term_string}"},"query-input":{"@type":"PropertyValueSpecification","valueRequired":true,"valueName":"search_term_string"}}],"inLanguage":"es"},{"@type":"Organization","@id":"https:\/\/www.mundoagropecuario.cl\/new\/#organization","name":"Revista de Agricultura","url":"https:\/\/www.mundoagropecuario.cl\/new\/","logo":{"@type":"ImageObject","inLanguage":"es","@id":"https:\/\/www.mundoagropecuario.cl\/new\/#\/schema\/logo\/image\/","url":"https:\/\/www.mundoagropecuario.cl\/new\/wp-content\/uploads\/2020\/11\/PORTAL-1-1.png","contentUrl":"https:\/\/www.mundoagropecuario.cl\/new\/wp-content\/uploads\/2020\/11\/PORTAL-1-1.png","width":1026,"height":100,"caption":"Revista de Agricultura"},"image":{"@id":"https:\/\/www.mundoagropecuario.cl\/new\/#\/schema\/logo\/image\/"},"sameAs":["https:\/\/www.facebook.com\/mundo.agropecuario.3","https:\/\/x.com\/MundoAgropecuar","https:\/\/www.linkedin.com\/in\/mundo-agropecuario-934009201\/"]},{"@type":"Person","@id":"https:\/\/www.mundoagropecuario.cl\/new\/#\/schema\/person\/4e9f74a82a7dac260eb1c44b7eebeb18","name":"mundo","url":"https:\/\/www.mundoagropecuario.cl\/new\/author\/mundo\/"}]}},"_links":{"self":[{"href":"https:\/\/www.mundoagropecuario.cl\/new\/wp-json\/wp\/v2\/posts\/15857","targetHints":{"allow":["GET"]}}],"collection":[{"href":"https:\/\/www.mundoagropecuario.cl\/new\/wp-json\/wp\/v2\/posts"}],"about":[{"href":"https:\/\/www.mundoagropecuario.cl\/new\/wp-json\/wp\/v2\/types\/post"}],"author":[{"embeddable":true,"href":"https:\/\/www.mundoagropecuario.cl\/new\/wp-json\/wp\/v2\/users\/2"}],"replies":[{"embeddable":true,"href":"https:\/\/www.mundoagropecuario.cl\/new\/wp-json\/wp\/v2\/comments?post=15857"}],"version-history":[{"count":3,"href":"https:\/\/www.mundoagropecuario.cl\/new\/wp-json\/wp\/v2\/posts\/15857\/revisions"}],"predecessor-version":[{"id":15864,"href":"https:\/\/www.mundoagropecuario.cl\/new\/wp-json\/wp\/v2\/posts\/15857\/revisions\/15864"}],"wp:featuredmedia":[{"embeddable":true,"href":"https:\/\/www.mundoagropecuario.cl\/new\/wp-json\/wp\/v2\/media\/15858"}],"wp:attachment":[{"href":"https:\/\/www.mundoagropecuario.cl\/new\/wp-json\/wp\/v2\/media?parent=15857"}],"wp:term":[{"taxonomy":"category","embeddable":true,"href":"https:\/\/www.mundoagropecuario.cl\/new\/wp-json\/wp\/v2\/categories?post=15857"},{"taxonomy":"post_tag","embeddable":true,"href":"https:\/\/www.mundoagropecuario.cl\/new\/wp-json\/wp\/v2\/tags?post=15857"}],"curies":[{"name":"wp","href":"https:\/\/api.w.org\/{rel}","templated":true}]}}