{"id":15838,"date":"2020-03-17T09:48:16","date_gmt":"2020-03-17T12:48:16","guid":{"rendered":"http:\/\/www.mundoagropecuario.cl\/new\/?p=15838"},"modified":"2020-03-18T15:12:57","modified_gmt":"2020-03-18T18:12:57","slug":"hortalizas-de-la-pampa-a-su-mesa","status":"publish","type":"post","link":"https:\/\/www.mundoagropecuario.cl\/new\/hortalizas-de-la-pampa-a-su-mesa\/","title":{"rendered":"Hortalizas de la pampa a su mesa"},"content":{"rendered":"\n<ul class=\"wp-block-gallery columns-0 is-cropped wp-block-gallery-1 is-layout-flex wp-block-gallery-is-layout-flex\"><\/ul>\n\n\n\n<p>Arica, 16 de marzo de 2020.- \u00bfImagina comer una fresca\nensalada de lechuga hidrop\u00f3nica producida en medio del desierto? Esto ser\u00e1 una\npronta realidad gracias a los 7 invernaderos que fueron inaugurados en Pampa\nDos Cruces mediante un convenio de colaboraci\u00f3n entre INIA URURI y CONADI Arica\ny Parinacota. <\/p>\n\n\n\n<p>La iniciativa ir\u00e1 en directo beneficio de la Asociaci\u00f3n Ind\u00edgena\nde Agricultores Wali Qhantati, que recibi\u00f3 invernaderos de 200 m\u00b2 en este\nsector completamente des\u00e9rtico ubicado entre los valles de Azapa y Lluta, en\nlos que se producir\u00e1 en sistemas hidrop\u00f3nicos Nutrient Film Technique (NFT). <\/p>\n\n\n\n<p>Esta modalidad permite un ahorro del recurso h\u00eddrico de\nhasta un 60% y, al producir verticalmente, tener un mayor n\u00famero de plantas por\nmetro cuadrado, mejorando as\u00ed los rendimientos y la calidad de los productos\ncosechados. <\/p>\n\n\n\n<p>\u00a1Jallalla!<\/p>\n\n\n\n<p>Mediante una Pawa (ceremonia ancestral donde hombre y mujer\nse vuelven uno para agradecer, pedir la bendici\u00f3n de los dioses y solicitar su\nprotecci\u00f3n) se dio por inaugurados estos sistemas, cuya construcci\u00f3n se\nencuentra enmarcada en la ejecuci\u00f3n del programa denominado \u201cPromoci\u00f3n Integral\nde Riego y Desarrollo Integral para Personas Ind\u00edgenas, Comunidades y\/o parte\nde Comunidades Ind\u00edgenas de la Regi\u00f3n de Arica y Parinacota\u201d. <\/p>\n\n\n\n<p>El objetivo de este programa es desarrollar una agricultura\nsostenible y en armon\u00eda con el medio ambiente, basada en el empleo eficiente\ndel recurso h\u00eddrico existente, a trav\u00e9s del riego en la regi\u00f3n. <\/p>\n\n\n\n<p>El Seremi de Agricultura de la Regi\u00f3n de Arica y Parinacota;\nJorge Heiden, destac\u00f3 la labor que realiza esta asociaci\u00f3n \u201cno es f\u00e1cil lo que\nestos agricultores hacen; ellos traen agua a esta pampa a diario en camiones\naljibes y, como Gobierno, nuestro deber era apoyarlos en forma integral, como\nocurre en este caso en el que los ministerios de Agricultura y de Desarrollo\nSocial y Familia trabajan mediante CONADI, que financia e INIA URURI, que\nejecuta\u201d. <\/p>\n\n\n\n<p>Por su parte, el director regional de CONADI; Emiliano\nGarc\u00eda, indic\u00f3 cu\u00e1n importante es para su instituci\u00f3n impulsar el desarrollo\nsocial, econ\u00f3mico y cultural de los habitantes ind\u00edgenas de la regi\u00f3n, adem\u00e1s\nde \u201cavanzar en senda del desarrollo con identidad\u201d. <\/p>\n\n\n\n<p>Finalmente, una emocionada Dori Maita, presidenta de la\nasociaci\u00f3n ind\u00edgena beneficiada, expres\u00f3 que los beneficiarios est\u00e1n muy\nemocionados porque esto significa que el gobierno conf\u00eda en su proyecto que,\naunque presenta condiciones adversas, les permite crecer como\norganizaci\u00f3n.&nbsp; <\/p>\n","protected":false},"excerpt":{"rendered":"<p>Arica, 16 de marzo de 2020.- \u00bfImagina comer una fresca ensalada de lechuga hidrop\u00f3nica producida en medio del desierto? Esto ser\u00e1 una pronta realidad gracias a los 7 invernaderos que&#8230;<\/p>\n","protected":false},"author":2,"featured_media":15840,"comment_status":"closed","ping_status":"closed","sticky":false,"template":"","format":"standard","meta":{"footnotes":""},"categories":[1945],"tags":[4667,2649,4666,2039,4149],"class_list":["post-15838","post","type-post","status-publish","format-standard","has-post-thumbnail","hentry","category-agricultura","tag-agricultores-wali-qhantati","tag-arica","tag-conadi-arica-y-parinacota","tag-inia-ururi","tag-mundo-agropecuario"],"yoast_head":"<!-- This site is optimized with the Yoast SEO plugin v26.6 - https:\/\/yoast.com\/wordpress\/plugins\/seo\/ -->\n<title>Hortalizas de la pampa a su mesa - Mundoagropecuario<\/title>\n<meta name=\"robots\" content=\"index, follow, max-snippet:-1, max-image-preview:large, max-video-preview:-1\" \/>\n<link rel=\"canonical\" href=\"https:\/\/www.mundoagropecuario.cl\/new\/hortalizas-de-la-pampa-a-su-mesa\/\" \/>\n<meta property=\"og:locale\" content=\"es_ES\" \/>\n<meta property=\"og:type\" content=\"article\" \/>\n<meta property=\"og:title\" content=\"Hortalizas de la pampa a su mesa - Mundoagropecuario\" \/>\n<meta property=\"og:description\" content=\"Arica, 16 de marzo de 2020.- \u00bfImagina comer una fresca ensalada de lechuga hidrop\u00f3nica producida en medio del desierto? Esto ser\u00e1 una pronta realidad gracias a los 7 invernaderos que...\" \/>\n<meta property=\"og:url\" content=\"https:\/\/www.mundoagropecuario.cl\/new\/hortalizas-de-la-pampa-a-su-mesa\/\" \/>\n<meta property=\"og:site_name\" content=\"Mundoagropecuario\" \/>\n<meta property=\"article:publisher\" content=\"https:\/\/www.facebook.com\/mundo.agropecuario.3\" \/>\n<meta property=\"article:published_time\" content=\"2020-03-17T12:48:16+00:00\" \/>\n<meta property=\"article:modified_time\" content=\"2020-03-18T18:12:57+00:00\" \/>\n<meta property=\"og:image\" content=\"https:\/\/www.mundoagropecuario.cl\/new\/wp-content\/uploads\/2020\/03\/12.03.2020-Pampa-Dos-Cruces-1.jpg\" \/>\n\t<meta property=\"og:image:width\" content=\"1040\" \/>\n\t<meta property=\"og:image:height\" content=\"780\" \/>\n\t<meta property=\"og:image:type\" content=\"image\/jpeg\" \/>\n<meta name=\"author\" content=\"mundo\" \/>\n<meta name=\"twitter:card\" content=\"summary_large_image\" \/>\n<meta name=\"twitter:creator\" content=\"@MundoAgropecuar\" \/>\n<meta name=\"twitter:site\" content=\"@MundoAgropecuar\" \/>\n<meta name=\"twitter:label1\" content=\"Escrito por\" \/>\n\t<meta name=\"twitter:data1\" content=\"mundo\" \/>\n\t<meta name=\"twitter:label2\" content=\"Tiempo de lectura\" \/>\n\t<meta name=\"twitter:data2\" content=\"2 minutos\" \/>\n<script type=\"application\/ld+json\" class=\"yoast-schema-graph\">{\"@context\":\"https:\/\/schema.org\",\"@graph\":[{\"@type\":\"Article\",\"@id\":\"https:\/\/www.mundoagropecuario.cl\/new\/hortalizas-de-la-pampa-a-su-mesa\/#article\",\"isPartOf\":{\"@id\":\"https:\/\/www.mundoagropecuario.cl\/new\/hortalizas-de-la-pampa-a-su-mesa\/\"},\"author\":{\"name\":\"mundo\",\"@id\":\"https:\/\/www.mundoagropecuario.cl\/new\/#\/schema\/person\/4e9f74a82a7dac260eb1c44b7eebeb18\"},\"headline\":\"Hortalizas de la pampa a su mesa\",\"datePublished\":\"2020-03-17T12:48:16+00:00\",\"dateModified\":\"2020-03-18T18:12:57+00:00\",\"mainEntityOfPage\":{\"@id\":\"https:\/\/www.mundoagropecuario.cl\/new\/hortalizas-de-la-pampa-a-su-mesa\/\"},\"wordCount\":423,\"publisher\":{\"@id\":\"https:\/\/www.mundoagropecuario.cl\/new\/#organization\"},\"image\":{\"@id\":\"https:\/\/www.mundoagropecuario.cl\/new\/hortalizas-de-la-pampa-a-su-mesa\/#primaryimage\"},\"thumbnailUrl\":\"https:\/\/www.mundoagropecuario.cl\/new\/wp-content\/uploads\/2020\/03\/12.03.2020-Pampa-Dos-Cruces-1.jpg\",\"keywords\":[\"agricultores wali qhantati\",\"Arica\",\"conadi arica y parinacota\",\"INIA Ururi\",\"Mundo Agropecuario\"],\"articleSection\":[\"Agricultura\"],\"inLanguage\":\"es\"},{\"@type\":\"WebPage\",\"@id\":\"https:\/\/www.mundoagropecuario.cl\/new\/hortalizas-de-la-pampa-a-su-mesa\/\",\"url\":\"https:\/\/www.mundoagropecuario.cl\/new\/hortalizas-de-la-pampa-a-su-mesa\/\",\"name\":\"Hortalizas de la pampa a su mesa - Mundoagropecuario\",\"isPartOf\":{\"@id\":\"https:\/\/www.mundoagropecuario.cl\/new\/#website\"},\"primaryImageOfPage\":{\"@id\":\"https:\/\/www.mundoagropecuario.cl\/new\/hortalizas-de-la-pampa-a-su-mesa\/#primaryimage\"},\"image\":{\"@id\":\"https:\/\/www.mundoagropecuario.cl\/new\/hortalizas-de-la-pampa-a-su-mesa\/#primaryimage\"},\"thumbnailUrl\":\"https:\/\/www.mundoagropecuario.cl\/new\/wp-content\/uploads\/2020\/03\/12.03.2020-Pampa-Dos-Cruces-1.jpg\",\"datePublished\":\"2020-03-17T12:48:16+00:00\",\"dateModified\":\"2020-03-18T18:12:57+00:00\",\"breadcrumb\":{\"@id\":\"https:\/\/www.mundoagropecuario.cl\/new\/hortalizas-de-la-pampa-a-su-mesa\/#breadcrumb\"},\"inLanguage\":\"es\",\"potentialAction\":[{\"@type\":\"ReadAction\",\"target\":[\"https:\/\/www.mundoagropecuario.cl\/new\/hortalizas-de-la-pampa-a-su-mesa\/\"]}]},{\"@type\":\"ImageObject\",\"inLanguage\":\"es\",\"@id\":\"https:\/\/www.mundoagropecuario.cl\/new\/hortalizas-de-la-pampa-a-su-mesa\/#primaryimage\",\"url\":\"https:\/\/www.mundoagropecuario.cl\/new\/wp-content\/uploads\/2020\/03\/12.03.2020-Pampa-Dos-Cruces-1.jpg\",\"contentUrl\":\"https:\/\/www.mundoagropecuario.cl\/new\/wp-content\/uploads\/2020\/03\/12.03.2020-Pampa-Dos-Cruces-1.jpg\",\"width\":533,\"height\":400},{\"@type\":\"BreadcrumbList\",\"@id\":\"https:\/\/www.mundoagropecuario.cl\/new\/hortalizas-de-la-pampa-a-su-mesa\/#breadcrumb\",\"itemListElement\":[{\"@type\":\"ListItem\",\"position\":1,\"name\":\"Portada\",\"item\":\"https:\/\/www.mundoagropecuario.cl\/new\/\"},{\"@type\":\"ListItem\",\"position\":2,\"name\":\"Hortalizas de la pampa a su mesa\"}]},{\"@type\":\"WebSite\",\"@id\":\"https:\/\/www.mundoagropecuario.cl\/new\/#website\",\"url\":\"https:\/\/www.mundoagropecuario.cl\/new\/\",\"name\":\"Mundoagropecuario\",\"description\":\"Mundo Agropecuario\",\"publisher\":{\"@id\":\"https:\/\/www.mundoagropecuario.cl\/new\/#organization\"},\"potentialAction\":[{\"@type\":\"SearchAction\",\"target\":{\"@type\":\"EntryPoint\",\"urlTemplate\":\"https:\/\/www.mundoagropecuario.cl\/new\/?s={search_term_string}\"},\"query-input\":{\"@type\":\"PropertyValueSpecification\",\"valueRequired\":true,\"valueName\":\"search_term_string\"}}],\"inLanguage\":\"es\"},{\"@type\":\"Organization\",\"@id\":\"https:\/\/www.mundoagropecuario.cl\/new\/#organization\",\"name\":\"Revista de Agricultura\",\"url\":\"https:\/\/www.mundoagropecuario.cl\/new\/\",\"logo\":{\"@type\":\"ImageObject\",\"inLanguage\":\"es\",\"@id\":\"https:\/\/www.mundoagropecuario.cl\/new\/#\/schema\/logo\/image\/\",\"url\":\"https:\/\/www.mundoagropecuario.cl\/new\/wp-content\/uploads\/2020\/11\/PORTAL-1-1.png\",\"contentUrl\":\"https:\/\/www.mundoagropecuario.cl\/new\/wp-content\/uploads\/2020\/11\/PORTAL-1-1.png\",\"width\":1026,\"height\":100,\"caption\":\"Revista de Agricultura\"},\"image\":{\"@id\":\"https:\/\/www.mundoagropecuario.cl\/new\/#\/schema\/logo\/image\/\"},\"sameAs\":[\"https:\/\/www.facebook.com\/mundo.agropecuario.3\",\"https:\/\/x.com\/MundoAgropecuar\",\"https:\/\/www.linkedin.com\/in\/mundo-agropecuario-934009201\/\"]},{\"@type\":\"Person\",\"@id\":\"https:\/\/www.mundoagropecuario.cl\/new\/#\/schema\/person\/4e9f74a82a7dac260eb1c44b7eebeb18\",\"name\":\"mundo\",\"url\":\"https:\/\/www.mundoagropecuario.cl\/new\/author\/mundo\/\"}]}<\/script>\n<!-- \/ Yoast SEO plugin. -->","yoast_head_json":{"title":"Hortalizas de la pampa a su mesa - Mundoagropecuario","robots":{"index":"index","follow":"follow","max-snippet":"max-snippet:-1","max-image-preview":"max-image-preview:large","max-video-preview":"max-video-preview:-1"},"canonical":"https:\/\/www.mundoagropecuario.cl\/new\/hortalizas-de-la-pampa-a-su-mesa\/","og_locale":"es_ES","og_type":"article","og_title":"Hortalizas de la pampa a su mesa - Mundoagropecuario","og_description":"Arica, 16 de marzo de 2020.- \u00bfImagina comer una fresca ensalada de lechuga hidrop\u00f3nica producida en medio del desierto? Esto ser\u00e1 una pronta realidad gracias a los 7 invernaderos que...","og_url":"https:\/\/www.mundoagropecuario.cl\/new\/hortalizas-de-la-pampa-a-su-mesa\/","og_site_name":"Mundoagropecuario","article_publisher":"https:\/\/www.facebook.com\/mundo.agropecuario.3","article_published_time":"2020-03-17T12:48:16+00:00","article_modified_time":"2020-03-18T18:12:57+00:00","og_image":[{"width":1040,"height":780,"url":"https:\/\/www.mundoagropecuario.cl\/new\/wp-content\/uploads\/2020\/03\/12.03.2020-Pampa-Dos-Cruces-1.jpg","type":"image\/jpeg"}],"author":"mundo","twitter_card":"summary_large_image","twitter_creator":"@MundoAgropecuar","twitter_site":"@MundoAgropecuar","twitter_misc":{"Escrito por":"mundo","Tiempo de lectura":"2 minutos"},"schema":{"@context":"https:\/\/schema.org","@graph":[{"@type":"Article","@id":"https:\/\/www.mundoagropecuario.cl\/new\/hortalizas-de-la-pampa-a-su-mesa\/#article","isPartOf":{"@id":"https:\/\/www.mundoagropecuario.cl\/new\/hortalizas-de-la-pampa-a-su-mesa\/"},"author":{"name":"mundo","@id":"https:\/\/www.mundoagropecuario.cl\/new\/#\/schema\/person\/4e9f74a82a7dac260eb1c44b7eebeb18"},"headline":"Hortalizas de la pampa a su mesa","datePublished":"2020-03-17T12:48:16+00:00","dateModified":"2020-03-18T18:12:57+00:00","mainEntityOfPage":{"@id":"https:\/\/www.mundoagropecuario.cl\/new\/hortalizas-de-la-pampa-a-su-mesa\/"},"wordCount":423,"publisher":{"@id":"https:\/\/www.mundoagropecuario.cl\/new\/#organization"},"image":{"@id":"https:\/\/www.mundoagropecuario.cl\/new\/hortalizas-de-la-pampa-a-su-mesa\/#primaryimage"},"thumbnailUrl":"https:\/\/www.mundoagropecuario.cl\/new\/wp-content\/uploads\/2020\/03\/12.03.2020-Pampa-Dos-Cruces-1.jpg","keywords":["agricultores wali qhantati","Arica","conadi arica y parinacota","INIA Ururi","Mundo Agropecuario"],"articleSection":["Agricultura"],"inLanguage":"es"},{"@type":"WebPage","@id":"https:\/\/www.mundoagropecuario.cl\/new\/hortalizas-de-la-pampa-a-su-mesa\/","url":"https:\/\/www.mundoagropecuario.cl\/new\/hortalizas-de-la-pampa-a-su-mesa\/","name":"Hortalizas de la pampa a su mesa - Mundoagropecuario","isPartOf":{"@id":"https:\/\/www.mundoagropecuario.cl\/new\/#website"},"primaryImageOfPage":{"@id":"https:\/\/www.mundoagropecuario.cl\/new\/hortalizas-de-la-pampa-a-su-mesa\/#primaryimage"},"image":{"@id":"https:\/\/www.mundoagropecuario.cl\/new\/hortalizas-de-la-pampa-a-su-mesa\/#primaryimage"},"thumbnailUrl":"https:\/\/www.mundoagropecuario.cl\/new\/wp-content\/uploads\/2020\/03\/12.03.2020-Pampa-Dos-Cruces-1.jpg","datePublished":"2020-03-17T12:48:16+00:00","dateModified":"2020-03-18T18:12:57+00:00","breadcrumb":{"@id":"https:\/\/www.mundoagropecuario.cl\/new\/hortalizas-de-la-pampa-a-su-mesa\/#breadcrumb"},"inLanguage":"es","potentialAction":[{"@type":"ReadAction","target":["https:\/\/www.mundoagropecuario.cl\/new\/hortalizas-de-la-pampa-a-su-mesa\/"]}]},{"@type":"ImageObject","inLanguage":"es","@id":"https:\/\/www.mundoagropecuario.cl\/new\/hortalizas-de-la-pampa-a-su-mesa\/#primaryimage","url":"https:\/\/www.mundoagropecuario.cl\/new\/wp-content\/uploads\/2020\/03\/12.03.2020-Pampa-Dos-Cruces-1.jpg","contentUrl":"https:\/\/www.mundoagropecuario.cl\/new\/wp-content\/uploads\/2020\/03\/12.03.2020-Pampa-Dos-Cruces-1.jpg","width":533,"height":400},{"@type":"BreadcrumbList","@id":"https:\/\/www.mundoagropecuario.cl\/new\/hortalizas-de-la-pampa-a-su-mesa\/#breadcrumb","itemListElement":[{"@type":"ListItem","position":1,"name":"Portada","item":"https:\/\/www.mundoagropecuario.cl\/new\/"},{"@type":"ListItem","position":2,"name":"Hortalizas de la pampa a su mesa"}]},{"@type":"WebSite","@id":"https:\/\/www.mundoagropecuario.cl\/new\/#website","url":"https:\/\/www.mundoagropecuario.cl\/new\/","name":"Mundoagropecuario","description":"Mundo Agropecuario","publisher":{"@id":"https:\/\/www.mundoagropecuario.cl\/new\/#organization"},"potentialAction":[{"@type":"SearchAction","target":{"@type":"EntryPoint","urlTemplate":"https:\/\/www.mundoagropecuario.cl\/new\/?s={search_term_string}"},"query-input":{"@type":"PropertyValueSpecification","valueRequired":true,"valueName":"search_term_string"}}],"inLanguage":"es"},{"@type":"Organization","@id":"https:\/\/www.mundoagropecuario.cl\/new\/#organization","name":"Revista de Agricultura","url":"https:\/\/www.mundoagropecuario.cl\/new\/","logo":{"@type":"ImageObject","inLanguage":"es","@id":"https:\/\/www.mundoagropecuario.cl\/new\/#\/schema\/logo\/image\/","url":"https:\/\/www.mundoagropecuario.cl\/new\/wp-content\/uploads\/2020\/11\/PORTAL-1-1.png","contentUrl":"https:\/\/www.mundoagropecuario.cl\/new\/wp-content\/uploads\/2020\/11\/PORTAL-1-1.png","width":1026,"height":100,"caption":"Revista de Agricultura"},"image":{"@id":"https:\/\/www.mundoagropecuario.cl\/new\/#\/schema\/logo\/image\/"},"sameAs":["https:\/\/www.facebook.com\/mundo.agropecuario.3","https:\/\/x.com\/MundoAgropecuar","https:\/\/www.linkedin.com\/in\/mundo-agropecuario-934009201\/"]},{"@type":"Person","@id":"https:\/\/www.mundoagropecuario.cl\/new\/#\/schema\/person\/4e9f74a82a7dac260eb1c44b7eebeb18","name":"mundo","url":"https:\/\/www.mundoagropecuario.cl\/new\/author\/mundo\/"}]}},"_links":{"self":[{"href":"https:\/\/www.mundoagropecuario.cl\/new\/wp-json\/wp\/v2\/posts\/15838","targetHints":{"allow":["GET"]}}],"collection":[{"href":"https:\/\/www.mundoagropecuario.cl\/new\/wp-json\/wp\/v2\/posts"}],"about":[{"href":"https:\/\/www.mundoagropecuario.cl\/new\/wp-json\/wp\/v2\/types\/post"}],"author":[{"embeddable":true,"href":"https:\/\/www.mundoagropecuario.cl\/new\/wp-json\/wp\/v2\/users\/2"}],"replies":[{"embeddable":true,"href":"https:\/\/www.mundoagropecuario.cl\/new\/wp-json\/wp\/v2\/comments?post=15838"}],"version-history":[{"count":1,"href":"https:\/\/www.mundoagropecuario.cl\/new\/wp-json\/wp\/v2\/posts\/15838\/revisions"}],"predecessor-version":[{"id":15841,"href":"https:\/\/www.mundoagropecuario.cl\/new\/wp-json\/wp\/v2\/posts\/15838\/revisions\/15841"}],"wp:featuredmedia":[{"embeddable":true,"href":"https:\/\/www.mundoagropecuario.cl\/new\/wp-json\/wp\/v2\/media\/15840"}],"wp:attachment":[{"href":"https:\/\/www.mundoagropecuario.cl\/new\/wp-json\/wp\/v2\/media?parent=15838"}],"wp:term":[{"taxonomy":"category","embeddable":true,"href":"https:\/\/www.mundoagropecuario.cl\/new\/wp-json\/wp\/v2\/categories?post=15838"},{"taxonomy":"post_tag","embeddable":true,"href":"https:\/\/www.mundoagropecuario.cl\/new\/wp-json\/wp\/v2\/tags?post=15838"}],"curies":[{"name":"wp","href":"https:\/\/api.w.org\/{rel}","templated":true}]}}