{"id":15804,"date":"2020-03-13T10:52:50","date_gmt":"2020-03-13T13:52:50","guid":{"rendered":"http:\/\/www.mundoagropecuario.cl\/new\/?p=15804"},"modified":"2020-03-19T12:50:28","modified_gmt":"2020-03-19T15:50:28","slug":"tendencias-del-vino-para-este-2020","status":"publish","type":"post","link":"https:\/\/www.mundoagropecuario.cl\/new\/tendencias-del-vino-para-este-2020\/","title":{"rendered":"Tendencias del vino para este 2020"},"content":{"rendered":"\n<ul class=\"wp-block-gallery columns-0 is-cropped wp-block-gallery-1 is-layout-flex wp-block-gallery-is-layout-flex\"><\/ul>\n\n\n\n<p>Vinos rosados, veganos y en lata son s\u00f3lo algunas de las\ntendencias que est\u00e1n marcando fuertemente la industria vitivin\u00edcola a nivel\nmundial y Chile destaca en esta materia.<\/p>\n\n\n\n<p>Cada cierto tiempo el mundo del vino nos sorprende con sus\nnuevas tendencias e innovaciones. El 2020 no es la excepci\u00f3n y diversos\nproductos y h\u00e1bitos de consumo que se comenzaban a ver hace algunos meses\nparecen consolidarse. A continuaci\u00f3n, dejamos algunas de estas tendencias:<\/p>\n\n\n\n<p><strong>El boom del Ros\u00e9<\/strong><\/p>\n\n\n\n<p>Los vol\u00famenes de vino Ros\u00e9 han aumentado sostenidamente en\nel mundo desde 2011. Seg\u00fan el informe de Vinexpo 2018, las ventas de este vino\ncrecieron de 223 millones de cajas de nueve litros en 2011 a 237 millones en\n2016 y para el a\u00f1o se estima que la cifra ir\u00e1 en aumento, totalizando 252\nmillones de cajas.<\/p>\n\n\n\n<p>\u201cLa principal caracter\u00edstica de este vino es que se puede\ntomar en cualquier momento. Esta versatilidad, adem\u00e1s de su color y el estilo\nque evoca, ha logrado aumentar considerablemente su consumo en todo el mundo\u201d,\ncomenta el Gerente de Marketing Corporativo de Vi\u00f1a Santa Rita, Jaime de la\nBarra, quien adem\u00e1s enfatiza que otras de las razones del alza se deber\u00edan a\nque actualmente en el mercado existen exponentes a excelente precio y calidad,\nlo que sumado a su atractivo visual y su evoluci\u00f3n hacia un perfil m\u00e1s elegante\ny sofisticado ha atra\u00eddo consumidores de todas las edades y g\u00e9neros. Bloggers y\ncelebridades de todo el mundo tambi\u00e9n se han sumado a esta tendencia, tanto as\u00ed\nque Drew Barrymore, Angelina Jolie y Brad Pitt, ya est\u00e1n produciendo sus propios\nvinos rosados.<\/p>\n\n\n\n<p><strong>Premiumizaci\u00f3n del\nvino<\/strong><\/p>\n\n\n\n<p>A pesar de que la frecuencia en el consumo de vino est\u00e1\ndisminuyendo, el gasto por botella ha ido aumentado y esto seguir\u00e1 as\u00ed durante\neste a\u00f1o. Hay un cambio continuo hacia la premiumizaci\u00f3n del vino, con bebedores\nm\u00e1s j\u00f3venes que impulsan esta tendencia: \u201cHoy los consumidores, adem\u00e1s de estar\nm\u00e1s informados sobre la elaboraci\u00f3n de vinos, se atreven a probar nuevos\nproductos m\u00e1s premium y cepas menos tradicionales. A esto se suma el hecho de\nque el mercado ha crecido bastante y nos ofrece una amplia variedad de vinos\nque hace 20 a\u00f1os no ten\u00edamos\u201d, detalla De la Barra.<\/p>\n\n\n\n<p><strong>Vino en lata<\/strong><\/p>\n\n\n\n<p>Este formato ha sido un \u00e9xito en pa\u00edses europeos y en\nEstados Unidos, donde las ventas de vino en lata aumentaron 43% durante el 2018.\nSi bien el vino enlatado sigue teniendo una peque\u00f1a parte de la industria, con\ncerca del 0,2% de las ventas totales de vino, est\u00e1 registrando una de las\nmayores expansiones de la industria, especialmente en los pa\u00edses del Nuevo\nMundo. Una de las apuestas de Santa Rita, es posicionarse como l\u00edder del\nsegmento de latas de vinos Premium en Chile.<\/p>\n\n\n\n<p>Estos envases, adem\u00e1s de ser f\u00e1ciles de llevar, tienen la\ncaracter\u00edstica que son amigables con el medio ambiente, considerando que, a\nnivel mundial, el aluminio es el contenedor de bebida m\u00e1s reciclado. \u201cFuimos\npioneros en Chile lanzando el a\u00f1o pasado el primer vino y espumante en lata,\ncon la marca Rita. Uno de los atributos que destaca es que un 70% de cada uno\nde los contenedores est\u00e1 hecho con aluminio que fue previamente reciclado\u201d,\ndestaca Jaime De la Barra.<\/p>\n\n\n\n<p><strong>Vinos veganos<\/strong><\/p>\n\n\n\n<p>Sin duda el veganismo est\u00e1 irrumpiendo en el mundo, seg\u00fan la\n\u00faltima Encuesta Nacional del Medio Ambiente, un mill\u00f3n y medio de chilenos no\nconsume carne en su dieta diaria, mientras que un 75% de la poblaci\u00f3n estar\u00eda\ndispuesta a disminuir su ingesta para evitar las consecuencias ambientales de\nla producci\u00f3n de carne.<\/p>\n\n\n\n<p>Esta es una tendencia que cada vez suma m\u00e1s adeptos, como lo\nson Vi\u00f1a Santa Rita y Carmen. A partir de la cosecha 2018, todos sus vinos son\naptos para las personas que no consumen productos de origen animal. \u201cEsta\ntendencia sin duda seguir\u00e1 aumentando y por lo mismo, nos estamos convirtiendo\nen una alternativa real para aquello consumidores que adem\u00e1s de ser veganos,\nexigen productos de alta calidad\u201d, se\u00f1ala De La Barra.<\/p>\n\n\n\n<p><strong>Consumo moderado<\/strong><\/p>\n\n\n\n<p>Cada d\u00eda existen m\u00e1s etiquetas y m\u00e1s variedades de vino y\nbebidas alcoh\u00f3licas, sin embargo, una considerable cantidad de personas se han\nvuelto cada vez m\u00e1s moderadas en su consumo.<\/p>\n\n\n\n<p>El caso de la cerveza sin alcohol, por ejemplo, creci\u00f3 127%\nen cinco a\u00f1os, seg\u00fan el \u00faltimo informe de Euromonitor International.<\/p>\n\n\n\n<p>Esta tendencia, responde al prop\u00f3sito de llevar un estilo de\nvida saludable, con una marcada preocupaci\u00f3n y consciencia por el medio\nambiente y lo que se consume. Esto ha llevado a que varias marcas lancen\nproductos sin alcohol o con una menor graduaci\u00f3n alcoh\u00f3lica, por ejemplo, los\nvinos parcialmente desalcoholizados, como el caso de Rita Blanc, algunos ready\nto drink o cervezas.<\/p>\n","protected":false},"excerpt":{"rendered":"<p>Vinos rosados, veganos y en lata son s\u00f3lo algunas de las tendencias que est\u00e1n marcando fuertemente la industria vitivin\u00edcola a nivel mundial y Chile destaca en esta materia. Cada cierto&#8230;<\/p>\n","protected":false},"author":2,"featured_media":15805,"comment_status":"closed","ping_status":"closed","sticky":false,"template":"","format":"standard","meta":{"footnotes":""},"categories":[2823],"tags":[4658,1223,4149,4656,4657,2207,4655,2164],"class_list":["post-15804","post","type-post","status-publish","format-standard","has-post-thumbnail","hentry","category-vitivinicultura","tag-carmen","tag-chile","tag-mundo-agropecuario","tag-santa-rita","tag-vina-santa-rita","tag-vino","tag-vino-vegano","tag-vitivinicola"],"yoast_head":"<!-- This site is optimized with the Yoast SEO plugin v26.6 - https:\/\/yoast.com\/wordpress\/plugins\/seo\/ -->\n<title>Tendencias del vino para este 2020 - Mundoagropecuario<\/title>\n<meta name=\"robots\" content=\"index, follow, max-snippet:-1, max-image-preview:large, max-video-preview:-1\" \/>\n<link rel=\"canonical\" href=\"https:\/\/www.mundoagropecuario.cl\/new\/tendencias-del-vino-para-este-2020\/\" \/>\n<meta property=\"og:locale\" content=\"es_ES\" \/>\n<meta property=\"og:type\" content=\"article\" \/>\n<meta property=\"og:title\" content=\"Tendencias del vino para este 2020 - Mundoagropecuario\" \/>\n<meta property=\"og:description\" content=\"Vinos rosados, veganos y en lata son s\u00f3lo algunas de las tendencias que est\u00e1n marcando fuertemente la industria vitivin\u00edcola a nivel mundial y Chile destaca en esta materia. Cada cierto...\" \/>\n<meta property=\"og:url\" content=\"https:\/\/www.mundoagropecuario.cl\/new\/tendencias-del-vino-para-este-2020\/\" \/>\n<meta property=\"og:site_name\" content=\"Mundoagropecuario\" \/>\n<meta property=\"article:publisher\" content=\"https:\/\/www.facebook.com\/mundo.agropecuario.3\" \/>\n<meta property=\"article:published_time\" content=\"2020-03-13T13:52:50+00:00\" \/>\n<meta property=\"article:modified_time\" content=\"2020-03-19T15:50:28+00:00\" \/>\n<meta property=\"og:image\" content=\"https:\/\/www.mundoagropecuario.cl\/new\/wp-content\/uploads\/2020\/03\/Vino-copa.jpg\" \/>\n\t<meta property=\"og:image:width\" content=\"960\" \/>\n\t<meta property=\"og:image:height\" content=\"640\" \/>\n\t<meta property=\"og:image:type\" content=\"image\/jpeg\" \/>\n<meta name=\"author\" content=\"mundo\" \/>\n<meta name=\"twitter:card\" content=\"summary_large_image\" \/>\n<meta name=\"twitter:creator\" content=\"@MundoAgropecuar\" \/>\n<meta name=\"twitter:site\" content=\"@MundoAgropecuar\" \/>\n<meta name=\"twitter:label1\" content=\"Escrito por\" \/>\n\t<meta name=\"twitter:data1\" content=\"mundo\" \/>\n\t<meta name=\"twitter:label2\" content=\"Tiempo de lectura\" \/>\n\t<meta name=\"twitter:data2\" content=\"4 minutos\" \/>\n<script type=\"application\/ld+json\" class=\"yoast-schema-graph\">{\"@context\":\"https:\/\/schema.org\",\"@graph\":[{\"@type\":\"Article\",\"@id\":\"https:\/\/www.mundoagropecuario.cl\/new\/tendencias-del-vino-para-este-2020\/#article\",\"isPartOf\":{\"@id\":\"https:\/\/www.mundoagropecuario.cl\/new\/tendencias-del-vino-para-este-2020\/\"},\"author\":{\"name\":\"mundo\",\"@id\":\"https:\/\/www.mundoagropecuario.cl\/new\/#\/schema\/person\/4e9f74a82a7dac260eb1c44b7eebeb18\"},\"headline\":\"Tendencias del vino para este 2020\",\"datePublished\":\"2020-03-13T13:52:50+00:00\",\"dateModified\":\"2020-03-19T15:50:28+00:00\",\"mainEntityOfPage\":{\"@id\":\"https:\/\/www.mundoagropecuario.cl\/new\/tendencias-del-vino-para-este-2020\/\"},\"wordCount\":828,\"publisher\":{\"@id\":\"https:\/\/www.mundoagropecuario.cl\/new\/#organization\"},\"image\":{\"@id\":\"https:\/\/www.mundoagropecuario.cl\/new\/tendencias-del-vino-para-este-2020\/#primaryimage\"},\"thumbnailUrl\":\"https:\/\/www.mundoagropecuario.cl\/new\/wp-content\/uploads\/2020\/03\/Vino-copa.jpg\",\"keywords\":[\"Carmen\",\"Chile\",\"Mundo Agropecuario\",\"santa rita\",\"Vi\u00f1a Santa Rita\",\"Vino\",\"vino vegano\",\"Vitivin\u00edcola\"],\"articleSection\":[\"Vitivinicultura\"],\"inLanguage\":\"es\"},{\"@type\":\"WebPage\",\"@id\":\"https:\/\/www.mundoagropecuario.cl\/new\/tendencias-del-vino-para-este-2020\/\",\"url\":\"https:\/\/www.mundoagropecuario.cl\/new\/tendencias-del-vino-para-este-2020\/\",\"name\":\"Tendencias del vino para este 2020 - Mundoagropecuario\",\"isPartOf\":{\"@id\":\"https:\/\/www.mundoagropecuario.cl\/new\/#website\"},\"primaryImageOfPage\":{\"@id\":\"https:\/\/www.mundoagropecuario.cl\/new\/tendencias-del-vino-para-este-2020\/#primaryimage\"},\"image\":{\"@id\":\"https:\/\/www.mundoagropecuario.cl\/new\/tendencias-del-vino-para-este-2020\/#primaryimage\"},\"thumbnailUrl\":\"https:\/\/www.mundoagropecuario.cl\/new\/wp-content\/uploads\/2020\/03\/Vino-copa.jpg\",\"datePublished\":\"2020-03-13T13:52:50+00:00\",\"dateModified\":\"2020-03-19T15:50:28+00:00\",\"breadcrumb\":{\"@id\":\"https:\/\/www.mundoagropecuario.cl\/new\/tendencias-del-vino-para-este-2020\/#breadcrumb\"},\"inLanguage\":\"es\",\"potentialAction\":[{\"@type\":\"ReadAction\",\"target\":[\"https:\/\/www.mundoagropecuario.cl\/new\/tendencias-del-vino-para-este-2020\/\"]}]},{\"@type\":\"ImageObject\",\"inLanguage\":\"es\",\"@id\":\"https:\/\/www.mundoagropecuario.cl\/new\/tendencias-del-vino-para-este-2020\/#primaryimage\",\"url\":\"https:\/\/www.mundoagropecuario.cl\/new\/wp-content\/uploads\/2020\/03\/Vino-copa.jpg\",\"contentUrl\":\"https:\/\/www.mundoagropecuario.cl\/new\/wp-content\/uploads\/2020\/03\/Vino-copa.jpg\",\"width\":600,\"height\":400},{\"@type\":\"BreadcrumbList\",\"@id\":\"https:\/\/www.mundoagropecuario.cl\/new\/tendencias-del-vino-para-este-2020\/#breadcrumb\",\"itemListElement\":[{\"@type\":\"ListItem\",\"position\":1,\"name\":\"Portada\",\"item\":\"https:\/\/www.mundoagropecuario.cl\/new\/\"},{\"@type\":\"ListItem\",\"position\":2,\"name\":\"Tendencias del vino para este 2020\"}]},{\"@type\":\"WebSite\",\"@id\":\"https:\/\/www.mundoagropecuario.cl\/new\/#website\",\"url\":\"https:\/\/www.mundoagropecuario.cl\/new\/\",\"name\":\"Mundoagropecuario\",\"description\":\"Mundo Agropecuario\",\"publisher\":{\"@id\":\"https:\/\/www.mundoagropecuario.cl\/new\/#organization\"},\"potentialAction\":[{\"@type\":\"SearchAction\",\"target\":{\"@type\":\"EntryPoint\",\"urlTemplate\":\"https:\/\/www.mundoagropecuario.cl\/new\/?s={search_term_string}\"},\"query-input\":{\"@type\":\"PropertyValueSpecification\",\"valueRequired\":true,\"valueName\":\"search_term_string\"}}],\"inLanguage\":\"es\"},{\"@type\":\"Organization\",\"@id\":\"https:\/\/www.mundoagropecuario.cl\/new\/#organization\",\"name\":\"Revista de Agricultura\",\"url\":\"https:\/\/www.mundoagropecuario.cl\/new\/\",\"logo\":{\"@type\":\"ImageObject\",\"inLanguage\":\"es\",\"@id\":\"https:\/\/www.mundoagropecuario.cl\/new\/#\/schema\/logo\/image\/\",\"url\":\"https:\/\/www.mundoagropecuario.cl\/new\/wp-content\/uploads\/2020\/11\/PORTAL-1-1.png\",\"contentUrl\":\"https:\/\/www.mundoagropecuario.cl\/new\/wp-content\/uploads\/2020\/11\/PORTAL-1-1.png\",\"width\":1026,\"height\":100,\"caption\":\"Revista de Agricultura\"},\"image\":{\"@id\":\"https:\/\/www.mundoagropecuario.cl\/new\/#\/schema\/logo\/image\/\"},\"sameAs\":[\"https:\/\/www.facebook.com\/mundo.agropecuario.3\",\"https:\/\/x.com\/MundoAgropecuar\",\"https:\/\/www.linkedin.com\/in\/mundo-agropecuario-934009201\/\"]},{\"@type\":\"Person\",\"@id\":\"https:\/\/www.mundoagropecuario.cl\/new\/#\/schema\/person\/4e9f74a82a7dac260eb1c44b7eebeb18\",\"name\":\"mundo\",\"url\":\"https:\/\/www.mundoagropecuario.cl\/new\/author\/mundo\/\"}]}<\/script>\n<!-- \/ Yoast SEO plugin. -->","yoast_head_json":{"title":"Tendencias del vino para este 2020 - Mundoagropecuario","robots":{"index":"index","follow":"follow","max-snippet":"max-snippet:-1","max-image-preview":"max-image-preview:large","max-video-preview":"max-video-preview:-1"},"canonical":"https:\/\/www.mundoagropecuario.cl\/new\/tendencias-del-vino-para-este-2020\/","og_locale":"es_ES","og_type":"article","og_title":"Tendencias del vino para este 2020 - Mundoagropecuario","og_description":"Vinos rosados, veganos y en lata son s\u00f3lo algunas de las tendencias que est\u00e1n marcando fuertemente la industria vitivin\u00edcola a nivel mundial y Chile destaca en esta materia. Cada cierto...","og_url":"https:\/\/www.mundoagropecuario.cl\/new\/tendencias-del-vino-para-este-2020\/","og_site_name":"Mundoagropecuario","article_publisher":"https:\/\/www.facebook.com\/mundo.agropecuario.3","article_published_time":"2020-03-13T13:52:50+00:00","article_modified_time":"2020-03-19T15:50:28+00:00","og_image":[{"width":960,"height":640,"url":"https:\/\/www.mundoagropecuario.cl\/new\/wp-content\/uploads\/2020\/03\/Vino-copa.jpg","type":"image\/jpeg"}],"author":"mundo","twitter_card":"summary_large_image","twitter_creator":"@MundoAgropecuar","twitter_site":"@MundoAgropecuar","twitter_misc":{"Escrito por":"mundo","Tiempo de lectura":"4 minutos"},"schema":{"@context":"https:\/\/schema.org","@graph":[{"@type":"Article","@id":"https:\/\/www.mundoagropecuario.cl\/new\/tendencias-del-vino-para-este-2020\/#article","isPartOf":{"@id":"https:\/\/www.mundoagropecuario.cl\/new\/tendencias-del-vino-para-este-2020\/"},"author":{"name":"mundo","@id":"https:\/\/www.mundoagropecuario.cl\/new\/#\/schema\/person\/4e9f74a82a7dac260eb1c44b7eebeb18"},"headline":"Tendencias del vino para este 2020","datePublished":"2020-03-13T13:52:50+00:00","dateModified":"2020-03-19T15:50:28+00:00","mainEntityOfPage":{"@id":"https:\/\/www.mundoagropecuario.cl\/new\/tendencias-del-vino-para-este-2020\/"},"wordCount":828,"publisher":{"@id":"https:\/\/www.mundoagropecuario.cl\/new\/#organization"},"image":{"@id":"https:\/\/www.mundoagropecuario.cl\/new\/tendencias-del-vino-para-este-2020\/#primaryimage"},"thumbnailUrl":"https:\/\/www.mundoagropecuario.cl\/new\/wp-content\/uploads\/2020\/03\/Vino-copa.jpg","keywords":["Carmen","Chile","Mundo Agropecuario","santa rita","Vi\u00f1a Santa Rita","Vino","vino vegano","Vitivin\u00edcola"],"articleSection":["Vitivinicultura"],"inLanguage":"es"},{"@type":"WebPage","@id":"https:\/\/www.mundoagropecuario.cl\/new\/tendencias-del-vino-para-este-2020\/","url":"https:\/\/www.mundoagropecuario.cl\/new\/tendencias-del-vino-para-este-2020\/","name":"Tendencias del vino para este 2020 - Mundoagropecuario","isPartOf":{"@id":"https:\/\/www.mundoagropecuario.cl\/new\/#website"},"primaryImageOfPage":{"@id":"https:\/\/www.mundoagropecuario.cl\/new\/tendencias-del-vino-para-este-2020\/#primaryimage"},"image":{"@id":"https:\/\/www.mundoagropecuario.cl\/new\/tendencias-del-vino-para-este-2020\/#primaryimage"},"thumbnailUrl":"https:\/\/www.mundoagropecuario.cl\/new\/wp-content\/uploads\/2020\/03\/Vino-copa.jpg","datePublished":"2020-03-13T13:52:50+00:00","dateModified":"2020-03-19T15:50:28+00:00","breadcrumb":{"@id":"https:\/\/www.mundoagropecuario.cl\/new\/tendencias-del-vino-para-este-2020\/#breadcrumb"},"inLanguage":"es","potentialAction":[{"@type":"ReadAction","target":["https:\/\/www.mundoagropecuario.cl\/new\/tendencias-del-vino-para-este-2020\/"]}]},{"@type":"ImageObject","inLanguage":"es","@id":"https:\/\/www.mundoagropecuario.cl\/new\/tendencias-del-vino-para-este-2020\/#primaryimage","url":"https:\/\/www.mundoagropecuario.cl\/new\/wp-content\/uploads\/2020\/03\/Vino-copa.jpg","contentUrl":"https:\/\/www.mundoagropecuario.cl\/new\/wp-content\/uploads\/2020\/03\/Vino-copa.jpg","width":600,"height":400},{"@type":"BreadcrumbList","@id":"https:\/\/www.mundoagropecuario.cl\/new\/tendencias-del-vino-para-este-2020\/#breadcrumb","itemListElement":[{"@type":"ListItem","position":1,"name":"Portada","item":"https:\/\/www.mundoagropecuario.cl\/new\/"},{"@type":"ListItem","position":2,"name":"Tendencias del vino para este 2020"}]},{"@type":"WebSite","@id":"https:\/\/www.mundoagropecuario.cl\/new\/#website","url":"https:\/\/www.mundoagropecuario.cl\/new\/","name":"Mundoagropecuario","description":"Mundo Agropecuario","publisher":{"@id":"https:\/\/www.mundoagropecuario.cl\/new\/#organization"},"potentialAction":[{"@type":"SearchAction","target":{"@type":"EntryPoint","urlTemplate":"https:\/\/www.mundoagropecuario.cl\/new\/?s={search_term_string}"},"query-input":{"@type":"PropertyValueSpecification","valueRequired":true,"valueName":"search_term_string"}}],"inLanguage":"es"},{"@type":"Organization","@id":"https:\/\/www.mundoagropecuario.cl\/new\/#organization","name":"Revista de Agricultura","url":"https:\/\/www.mundoagropecuario.cl\/new\/","logo":{"@type":"ImageObject","inLanguage":"es","@id":"https:\/\/www.mundoagropecuario.cl\/new\/#\/schema\/logo\/image\/","url":"https:\/\/www.mundoagropecuario.cl\/new\/wp-content\/uploads\/2020\/11\/PORTAL-1-1.png","contentUrl":"https:\/\/www.mundoagropecuario.cl\/new\/wp-content\/uploads\/2020\/11\/PORTAL-1-1.png","width":1026,"height":100,"caption":"Revista de Agricultura"},"image":{"@id":"https:\/\/www.mundoagropecuario.cl\/new\/#\/schema\/logo\/image\/"},"sameAs":["https:\/\/www.facebook.com\/mundo.agropecuario.3","https:\/\/x.com\/MundoAgropecuar","https:\/\/www.linkedin.com\/in\/mundo-agropecuario-934009201\/"]},{"@type":"Person","@id":"https:\/\/www.mundoagropecuario.cl\/new\/#\/schema\/person\/4e9f74a82a7dac260eb1c44b7eebeb18","name":"mundo","url":"https:\/\/www.mundoagropecuario.cl\/new\/author\/mundo\/"}]}},"_links":{"self":[{"href":"https:\/\/www.mundoagropecuario.cl\/new\/wp-json\/wp\/v2\/posts\/15804","targetHints":{"allow":["GET"]}}],"collection":[{"href":"https:\/\/www.mundoagropecuario.cl\/new\/wp-json\/wp\/v2\/posts"}],"about":[{"href":"https:\/\/www.mundoagropecuario.cl\/new\/wp-json\/wp\/v2\/types\/post"}],"author":[{"embeddable":true,"href":"https:\/\/www.mundoagropecuario.cl\/new\/wp-json\/wp\/v2\/users\/2"}],"replies":[{"embeddable":true,"href":"https:\/\/www.mundoagropecuario.cl\/new\/wp-json\/wp\/v2\/comments?post=15804"}],"version-history":[{"count":1,"href":"https:\/\/www.mundoagropecuario.cl\/new\/wp-json\/wp\/v2\/posts\/15804\/revisions"}],"predecessor-version":[{"id":15806,"href":"https:\/\/www.mundoagropecuario.cl\/new\/wp-json\/wp\/v2\/posts\/15804\/revisions\/15806"}],"wp:featuredmedia":[{"embeddable":true,"href":"https:\/\/www.mundoagropecuario.cl\/new\/wp-json\/wp\/v2\/media\/15805"}],"wp:attachment":[{"href":"https:\/\/www.mundoagropecuario.cl\/new\/wp-json\/wp\/v2\/media?parent=15804"}],"wp:term":[{"taxonomy":"category","embeddable":true,"href":"https:\/\/www.mundoagropecuario.cl\/new\/wp-json\/wp\/v2\/categories?post=15804"},{"taxonomy":"post_tag","embeddable":true,"href":"https:\/\/www.mundoagropecuario.cl\/new\/wp-json\/wp\/v2\/tags?post=15804"}],"curies":[{"name":"wp","href":"https:\/\/api.w.org\/{rel}","templated":true}]}}