{"id":15779,"date":"2020-03-11T17:47:48","date_gmt":"2020-03-11T20:47:48","guid":{"rendered":"http:\/\/www.mundoagropecuario.cl\/new\/?p=15779"},"modified":"2020-03-12T18:13:57","modified_gmt":"2020-03-12T21:13:57","slug":"choclos-patagonicos-en-expomundorural-de-punta-arenas","status":"publish","type":"post","link":"https:\/\/www.mundoagropecuario.cl\/new\/choclos-patagonicos-en-expomundorural-de-punta-arenas\/","title":{"rendered":"\u201cChoclos patag\u00f3nicos\u201d en ExpoMundoRural de Punta Arenas"},"content":{"rendered":"\n<p>En medio de un maizal con plantas de casi 2 metros de altura, autoridades y campesinos de Punta Arenas cosecharon los primeros choclos dulces de la temporada en esa zona austral y as\u00ed inauguraron la ExpoMundoRural Magallanes 2020 que realizar\u00e1 el INDAP los d\u00edas 14 y 15 de marzo.<\/p>\n\n\n\n<p>\u201cEste cultivo es \u00fanico en la zona y representa el entusiasmo de los agricultores por diversificar sus siembras con productos sanos, de calidad y que distingan a la Patagonia\u201d, dijo el director regional de INDAP, Petar Bradasic, tras degustar unos choclos reci\u00e9n cocidos, de amarillo intenso y gran sabor, junto al intendente Jos\u00e9 Fern\u00e1ndez y los dem\u00e1s participantes en el acto.<\/p>\n\n\n\n<p>Hace tres a\u00f1os, cuando Estrella P\u00e9rez y su marido Juan C\u00e1rdenas decidieron producir ma\u00edz por primera vez, les dijeron que era imposible, porque el cultivo requer\u00eda al menos cuatros meses de sol, temperaturas superiores a los 10 grados Celsius, suelos con un pH neutro y abundante riego, condiciones dif\u00edciles de conseguir en la regi\u00f3n.<\/p>\n\n\n\n<p>Pero la pareja, empecinada en romper las reglas del clima y la geograf\u00eda extrema, dio rienda suelta a su proyecto y, con apoyo de INDAP, sembr\u00f3 el primer maizal bajo invernadero en Punta Arenas. Cosecharon 300 choclos. La temporada pasada no les fue bien con los plantines y perdieron casi la totalidad de la producci\u00f3n. Este a\u00f1o destinaron un invernadero de 180 metros cuadrados y esperan llevar m\u00e1s de 2 mil choclos a la ExpoMundoRural 2020.<\/p>\n\n\n\n<p>\u201cNos fue bien con la producci\u00f3n y ya estamos preparados para venderlos a la comunidad, junto con papas, habas y zapallos\u201d, dijo Estrella P\u00e9rez.<\/p>\n\n\n\n<p>Este a\u00f1o, la ExpoMundoRural abrir\u00e1 sus puertas el s\u00e1bado 14 y el domingo 15 en el recinto Cordenap ubicado en Avenida Bulnes 01465, con m\u00e1s de un centenar de expositores de toda la regi\u00f3n, distribuidos en 43 m\u00f3dulos. Entre las actividades destacan la venta de hortalizas reci\u00e9n cosechadas y artesan\u00edas del pueblo yag\u00e1n, degustaciones de cordero al palo, talleres de cocina, juegos tradicionales, m\u00fasica en vivo y concursos.<\/p>\n\n\n\n<p>El intendente de la Regi\u00f3n de Magallanes y de la Ant\u00e1rtica Chilena, Jos\u00e9 Fern\u00e1ndez, destac\u00f3 las bondades de esta importante vitrina comercial para los productores agr\u00edcolas, as\u00ed como el creciente inter\u00e9s de los j\u00f3venes magall\u00e1nicos por integrarse al quehacer campesino, lo que se traduce en una mayor oferta de productos para el consumidor local. Tambi\u00e9n valor\u00f3 el acuerdo suscrito entre INDAP y el GORE, que ha entregado recursos in\u00e9ditos en infraestructura, capacitaci\u00f3n, maquinaria y giras t\u00e9cnicas para la Agricultura Familiar de la zona.<\/p>\n\n\n\n<p>El seremi de Agricultura, Alfonso Roux, resalt\u00f3 la labor de las mujeres campesinas, que representan m\u00e1s del 60% de la peque\u00f1a agricultura en la regi\u00f3n, y la calidad de sus productos.<\/p>\n","protected":false},"excerpt":{"rendered":"<p>En medio de un maizal con plantas de casi 2 metros de altura, autoridades y campesinos de Punta Arenas cosecharon los primeros choclos dulces de la temporada en esa zona&#8230;<\/p>\n","protected":false},"author":2,"featured_media":15780,"comment_status":"closed","ping_status":"closed","sticky":false,"template":"","format":"gallery","meta":{"footnotes":""},"categories":[2831],"tags":[2918,2647,1992,4647,1009],"class_list":["post-15779","post","type-post","status-publish","format-gallery","has-post-thumbnail","hentry","category-eventos","tag-expomundorural","tag-gore","tag-indap","tag-jose-fernandez","tag-punta-arenas","post_format-post-format-gallery"],"yoast_head":"<!-- This site is optimized with the Yoast SEO plugin v26.6 - https:\/\/yoast.com\/wordpress\/plugins\/seo\/ -->\n<title>\u201cChoclos patag\u00f3nicos\u201d en ExpoMundoRural de Punta Arenas - Mundoagropecuario<\/title>\n<meta name=\"robots\" content=\"index, follow, max-snippet:-1, max-image-preview:large, max-video-preview:-1\" \/>\n<link rel=\"canonical\" href=\"https:\/\/www.mundoagropecuario.cl\/new\/choclos-patagonicos-en-expomundorural-de-punta-arenas\/\" \/>\n<meta property=\"og:locale\" content=\"es_ES\" \/>\n<meta property=\"og:type\" content=\"article\" \/>\n<meta property=\"og:title\" content=\"\u201cChoclos patag\u00f3nicos\u201d en ExpoMundoRural de Punta Arenas - Mundoagropecuario\" \/>\n<meta property=\"og:description\" content=\"En medio de un maizal con plantas de casi 2 metros de altura, autoridades y campesinos de Punta Arenas cosecharon los primeros choclos dulces de la temporada en esa zona...\" \/>\n<meta property=\"og:url\" content=\"https:\/\/www.mundoagropecuario.cl\/new\/choclos-patagonicos-en-expomundorural-de-punta-arenas\/\" \/>\n<meta property=\"og:site_name\" content=\"Mundoagropecuario\" \/>\n<meta property=\"article:publisher\" content=\"https:\/\/www.facebook.com\/mundo.agropecuario.3\" \/>\n<meta property=\"article:published_time\" content=\"2020-03-11T20:47:48+00:00\" \/>\n<meta property=\"article:modified_time\" content=\"2020-03-12T21:13:57+00:00\" \/>\n<meta property=\"og:image\" content=\"https:\/\/www.mundoagropecuario.cl\/new\/wp-content\/uploads\/2020\/03\/EMR-choclos-1.jpg\" \/>\n\t<meta property=\"og:image:width\" content=\"1024\" \/>\n\t<meta property=\"og:image:height\" content=\"683\" \/>\n\t<meta property=\"og:image:type\" content=\"image\/jpeg\" \/>\n<meta name=\"author\" content=\"mundo\" \/>\n<meta name=\"twitter:card\" content=\"summary_large_image\" \/>\n<meta name=\"twitter:creator\" content=\"@MundoAgropecuar\" \/>\n<meta name=\"twitter:site\" content=\"@MundoAgropecuar\" \/>\n<meta name=\"twitter:label1\" content=\"Escrito por\" \/>\n\t<meta name=\"twitter:data1\" content=\"mundo\" \/>\n\t<meta name=\"twitter:label2\" content=\"Tiempo de lectura\" \/>\n\t<meta name=\"twitter:data2\" content=\"2 minutos\" \/>\n<script type=\"application\/ld+json\" class=\"yoast-schema-graph\">{\"@context\":\"https:\/\/schema.org\",\"@graph\":[{\"@type\":\"Article\",\"@id\":\"https:\/\/www.mundoagropecuario.cl\/new\/choclos-patagonicos-en-expomundorural-de-punta-arenas\/#article\",\"isPartOf\":{\"@id\":\"https:\/\/www.mundoagropecuario.cl\/new\/choclos-patagonicos-en-expomundorural-de-punta-arenas\/\"},\"author\":{\"name\":\"mundo\",\"@id\":\"https:\/\/www.mundoagropecuario.cl\/new\/#\/schema\/person\/4e9f74a82a7dac260eb1c44b7eebeb18\"},\"headline\":\"\u201cChoclos patag\u00f3nicos\u201d en ExpoMundoRural de Punta Arenas\",\"datePublished\":\"2020-03-11T20:47:48+00:00\",\"dateModified\":\"2020-03-12T21:13:57+00:00\",\"mainEntityOfPage\":{\"@id\":\"https:\/\/www.mundoagropecuario.cl\/new\/choclos-patagonicos-en-expomundorural-de-punta-arenas\/\"},\"wordCount\":480,\"publisher\":{\"@id\":\"https:\/\/www.mundoagropecuario.cl\/new\/#organization\"},\"image\":{\"@id\":\"https:\/\/www.mundoagropecuario.cl\/new\/choclos-patagonicos-en-expomundorural-de-punta-arenas\/#primaryimage\"},\"thumbnailUrl\":\"https:\/\/www.mundoagropecuario.cl\/new\/wp-content\/uploads\/2020\/03\/EMR-choclos-1.jpg\",\"keywords\":[\"ExpoMundoRural\",\"GORE\",\"Indap\",\"Jos\u00e9 Fern\u00e1ndez\",\"Punta Arenas\"],\"articleSection\":[\"Eventos\"],\"inLanguage\":\"es\"},{\"@type\":\"WebPage\",\"@id\":\"https:\/\/www.mundoagropecuario.cl\/new\/choclos-patagonicos-en-expomundorural-de-punta-arenas\/\",\"url\":\"https:\/\/www.mundoagropecuario.cl\/new\/choclos-patagonicos-en-expomundorural-de-punta-arenas\/\",\"name\":\"\u201cChoclos patag\u00f3nicos\u201d en ExpoMundoRural de Punta Arenas - Mundoagropecuario\",\"isPartOf\":{\"@id\":\"https:\/\/www.mundoagropecuario.cl\/new\/#website\"},\"primaryImageOfPage\":{\"@id\":\"https:\/\/www.mundoagropecuario.cl\/new\/choclos-patagonicos-en-expomundorural-de-punta-arenas\/#primaryimage\"},\"image\":{\"@id\":\"https:\/\/www.mundoagropecuario.cl\/new\/choclos-patagonicos-en-expomundorural-de-punta-arenas\/#primaryimage\"},\"thumbnailUrl\":\"https:\/\/www.mundoagropecuario.cl\/new\/wp-content\/uploads\/2020\/03\/EMR-choclos-1.jpg\",\"datePublished\":\"2020-03-11T20:47:48+00:00\",\"dateModified\":\"2020-03-12T21:13:57+00:00\",\"breadcrumb\":{\"@id\":\"https:\/\/www.mundoagropecuario.cl\/new\/choclos-patagonicos-en-expomundorural-de-punta-arenas\/#breadcrumb\"},\"inLanguage\":\"es\",\"potentialAction\":[{\"@type\":\"ReadAction\",\"target\":[\"https:\/\/www.mundoagropecuario.cl\/new\/choclos-patagonicos-en-expomundorural-de-punta-arenas\/\"]}]},{\"@type\":\"ImageObject\",\"inLanguage\":\"es\",\"@id\":\"https:\/\/www.mundoagropecuario.cl\/new\/choclos-patagonicos-en-expomundorural-de-punta-arenas\/#primaryimage\",\"url\":\"https:\/\/www.mundoagropecuario.cl\/new\/wp-content\/uploads\/2020\/03\/EMR-choclos-1.jpg\",\"contentUrl\":\"https:\/\/www.mundoagropecuario.cl\/new\/wp-content\/uploads\/2020\/03\/EMR-choclos-1.jpg\",\"width\":600,\"height\":400},{\"@type\":\"BreadcrumbList\",\"@id\":\"https:\/\/www.mundoagropecuario.cl\/new\/choclos-patagonicos-en-expomundorural-de-punta-arenas\/#breadcrumb\",\"itemListElement\":[{\"@type\":\"ListItem\",\"position\":1,\"name\":\"Portada\",\"item\":\"https:\/\/www.mundoagropecuario.cl\/new\/\"},{\"@type\":\"ListItem\",\"position\":2,\"name\":\"\u201cChoclos patag\u00f3nicos\u201d en ExpoMundoRural de Punta Arenas\"}]},{\"@type\":\"WebSite\",\"@id\":\"https:\/\/www.mundoagropecuario.cl\/new\/#website\",\"url\":\"https:\/\/www.mundoagropecuario.cl\/new\/\",\"name\":\"Mundoagropecuario\",\"description\":\"Mundo Agropecuario\",\"publisher\":{\"@id\":\"https:\/\/www.mundoagropecuario.cl\/new\/#organization\"},\"potentialAction\":[{\"@type\":\"SearchAction\",\"target\":{\"@type\":\"EntryPoint\",\"urlTemplate\":\"https:\/\/www.mundoagropecuario.cl\/new\/?s={search_term_string}\"},\"query-input\":{\"@type\":\"PropertyValueSpecification\",\"valueRequired\":true,\"valueName\":\"search_term_string\"}}],\"inLanguage\":\"es\"},{\"@type\":\"Organization\",\"@id\":\"https:\/\/www.mundoagropecuario.cl\/new\/#organization\",\"name\":\"Revista de Agricultura\",\"url\":\"https:\/\/www.mundoagropecuario.cl\/new\/\",\"logo\":{\"@type\":\"ImageObject\",\"inLanguage\":\"es\",\"@id\":\"https:\/\/www.mundoagropecuario.cl\/new\/#\/schema\/logo\/image\/\",\"url\":\"https:\/\/www.mundoagropecuario.cl\/new\/wp-content\/uploads\/2020\/11\/PORTAL-1-1.png\",\"contentUrl\":\"https:\/\/www.mundoagropecuario.cl\/new\/wp-content\/uploads\/2020\/11\/PORTAL-1-1.png\",\"width\":1026,\"height\":100,\"caption\":\"Revista de Agricultura\"},\"image\":{\"@id\":\"https:\/\/www.mundoagropecuario.cl\/new\/#\/schema\/logo\/image\/\"},\"sameAs\":[\"https:\/\/www.facebook.com\/mundo.agropecuario.3\",\"https:\/\/x.com\/MundoAgropecuar\",\"https:\/\/www.linkedin.com\/in\/mundo-agropecuario-934009201\/\"]},{\"@type\":\"Person\",\"@id\":\"https:\/\/www.mundoagropecuario.cl\/new\/#\/schema\/person\/4e9f74a82a7dac260eb1c44b7eebeb18\",\"name\":\"mundo\",\"url\":\"https:\/\/www.mundoagropecuario.cl\/new\/author\/mundo\/\"}]}<\/script>\n<!-- \/ Yoast SEO plugin. -->","yoast_head_json":{"title":"\u201cChoclos patag\u00f3nicos\u201d en ExpoMundoRural de Punta Arenas - Mundoagropecuario","robots":{"index":"index","follow":"follow","max-snippet":"max-snippet:-1","max-image-preview":"max-image-preview:large","max-video-preview":"max-video-preview:-1"},"canonical":"https:\/\/www.mundoagropecuario.cl\/new\/choclos-patagonicos-en-expomundorural-de-punta-arenas\/","og_locale":"es_ES","og_type":"article","og_title":"\u201cChoclos patag\u00f3nicos\u201d en ExpoMundoRural de Punta Arenas - Mundoagropecuario","og_description":"En medio de un maizal con plantas de casi 2 metros de altura, autoridades y campesinos de Punta Arenas cosecharon los primeros choclos dulces de la temporada en esa zona...","og_url":"https:\/\/www.mundoagropecuario.cl\/new\/choclos-patagonicos-en-expomundorural-de-punta-arenas\/","og_site_name":"Mundoagropecuario","article_publisher":"https:\/\/www.facebook.com\/mundo.agropecuario.3","article_published_time":"2020-03-11T20:47:48+00:00","article_modified_time":"2020-03-12T21:13:57+00:00","og_image":[{"width":1024,"height":683,"url":"https:\/\/www.mundoagropecuario.cl\/new\/wp-content\/uploads\/2020\/03\/EMR-choclos-1.jpg","type":"image\/jpeg"}],"author":"mundo","twitter_card":"summary_large_image","twitter_creator":"@MundoAgropecuar","twitter_site":"@MundoAgropecuar","twitter_misc":{"Escrito por":"mundo","Tiempo de lectura":"2 minutos"},"schema":{"@context":"https:\/\/schema.org","@graph":[{"@type":"Article","@id":"https:\/\/www.mundoagropecuario.cl\/new\/choclos-patagonicos-en-expomundorural-de-punta-arenas\/#article","isPartOf":{"@id":"https:\/\/www.mundoagropecuario.cl\/new\/choclos-patagonicos-en-expomundorural-de-punta-arenas\/"},"author":{"name":"mundo","@id":"https:\/\/www.mundoagropecuario.cl\/new\/#\/schema\/person\/4e9f74a82a7dac260eb1c44b7eebeb18"},"headline":"\u201cChoclos patag\u00f3nicos\u201d en ExpoMundoRural de Punta Arenas","datePublished":"2020-03-11T20:47:48+00:00","dateModified":"2020-03-12T21:13:57+00:00","mainEntityOfPage":{"@id":"https:\/\/www.mundoagropecuario.cl\/new\/choclos-patagonicos-en-expomundorural-de-punta-arenas\/"},"wordCount":480,"publisher":{"@id":"https:\/\/www.mundoagropecuario.cl\/new\/#organization"},"image":{"@id":"https:\/\/www.mundoagropecuario.cl\/new\/choclos-patagonicos-en-expomundorural-de-punta-arenas\/#primaryimage"},"thumbnailUrl":"https:\/\/www.mundoagropecuario.cl\/new\/wp-content\/uploads\/2020\/03\/EMR-choclos-1.jpg","keywords":["ExpoMundoRural","GORE","Indap","Jos\u00e9 Fern\u00e1ndez","Punta Arenas"],"articleSection":["Eventos"],"inLanguage":"es"},{"@type":"WebPage","@id":"https:\/\/www.mundoagropecuario.cl\/new\/choclos-patagonicos-en-expomundorural-de-punta-arenas\/","url":"https:\/\/www.mundoagropecuario.cl\/new\/choclos-patagonicos-en-expomundorural-de-punta-arenas\/","name":"\u201cChoclos patag\u00f3nicos\u201d en ExpoMundoRural de Punta Arenas - Mundoagropecuario","isPartOf":{"@id":"https:\/\/www.mundoagropecuario.cl\/new\/#website"},"primaryImageOfPage":{"@id":"https:\/\/www.mundoagropecuario.cl\/new\/choclos-patagonicos-en-expomundorural-de-punta-arenas\/#primaryimage"},"image":{"@id":"https:\/\/www.mundoagropecuario.cl\/new\/choclos-patagonicos-en-expomundorural-de-punta-arenas\/#primaryimage"},"thumbnailUrl":"https:\/\/www.mundoagropecuario.cl\/new\/wp-content\/uploads\/2020\/03\/EMR-choclos-1.jpg","datePublished":"2020-03-11T20:47:48+00:00","dateModified":"2020-03-12T21:13:57+00:00","breadcrumb":{"@id":"https:\/\/www.mundoagropecuario.cl\/new\/choclos-patagonicos-en-expomundorural-de-punta-arenas\/#breadcrumb"},"inLanguage":"es","potentialAction":[{"@type":"ReadAction","target":["https:\/\/www.mundoagropecuario.cl\/new\/choclos-patagonicos-en-expomundorural-de-punta-arenas\/"]}]},{"@type":"ImageObject","inLanguage":"es","@id":"https:\/\/www.mundoagropecuario.cl\/new\/choclos-patagonicos-en-expomundorural-de-punta-arenas\/#primaryimage","url":"https:\/\/www.mundoagropecuario.cl\/new\/wp-content\/uploads\/2020\/03\/EMR-choclos-1.jpg","contentUrl":"https:\/\/www.mundoagropecuario.cl\/new\/wp-content\/uploads\/2020\/03\/EMR-choclos-1.jpg","width":600,"height":400},{"@type":"BreadcrumbList","@id":"https:\/\/www.mundoagropecuario.cl\/new\/choclos-patagonicos-en-expomundorural-de-punta-arenas\/#breadcrumb","itemListElement":[{"@type":"ListItem","position":1,"name":"Portada","item":"https:\/\/www.mundoagropecuario.cl\/new\/"},{"@type":"ListItem","position":2,"name":"\u201cChoclos patag\u00f3nicos\u201d en ExpoMundoRural de Punta Arenas"}]},{"@type":"WebSite","@id":"https:\/\/www.mundoagropecuario.cl\/new\/#website","url":"https:\/\/www.mundoagropecuario.cl\/new\/","name":"Mundoagropecuario","description":"Mundo Agropecuario","publisher":{"@id":"https:\/\/www.mundoagropecuario.cl\/new\/#organization"},"potentialAction":[{"@type":"SearchAction","target":{"@type":"EntryPoint","urlTemplate":"https:\/\/www.mundoagropecuario.cl\/new\/?s={search_term_string}"},"query-input":{"@type":"PropertyValueSpecification","valueRequired":true,"valueName":"search_term_string"}}],"inLanguage":"es"},{"@type":"Organization","@id":"https:\/\/www.mundoagropecuario.cl\/new\/#organization","name":"Revista de Agricultura","url":"https:\/\/www.mundoagropecuario.cl\/new\/","logo":{"@type":"ImageObject","inLanguage":"es","@id":"https:\/\/www.mundoagropecuario.cl\/new\/#\/schema\/logo\/image\/","url":"https:\/\/www.mundoagropecuario.cl\/new\/wp-content\/uploads\/2020\/11\/PORTAL-1-1.png","contentUrl":"https:\/\/www.mundoagropecuario.cl\/new\/wp-content\/uploads\/2020\/11\/PORTAL-1-1.png","width":1026,"height":100,"caption":"Revista de Agricultura"},"image":{"@id":"https:\/\/www.mundoagropecuario.cl\/new\/#\/schema\/logo\/image\/"},"sameAs":["https:\/\/www.facebook.com\/mundo.agropecuario.3","https:\/\/x.com\/MundoAgropecuar","https:\/\/www.linkedin.com\/in\/mundo-agropecuario-934009201\/"]},{"@type":"Person","@id":"https:\/\/www.mundoagropecuario.cl\/new\/#\/schema\/person\/4e9f74a82a7dac260eb1c44b7eebeb18","name":"mundo","url":"https:\/\/www.mundoagropecuario.cl\/new\/author\/mundo\/"}]}},"_links":{"self":[{"href":"https:\/\/www.mundoagropecuario.cl\/new\/wp-json\/wp\/v2\/posts\/15779","targetHints":{"allow":["GET"]}}],"collection":[{"href":"https:\/\/www.mundoagropecuario.cl\/new\/wp-json\/wp\/v2\/posts"}],"about":[{"href":"https:\/\/www.mundoagropecuario.cl\/new\/wp-json\/wp\/v2\/types\/post"}],"author":[{"embeddable":true,"href":"https:\/\/www.mundoagropecuario.cl\/new\/wp-json\/wp\/v2\/users\/2"}],"replies":[{"embeddable":true,"href":"https:\/\/www.mundoagropecuario.cl\/new\/wp-json\/wp\/v2\/comments?post=15779"}],"version-history":[{"count":1,"href":"https:\/\/www.mundoagropecuario.cl\/new\/wp-json\/wp\/v2\/posts\/15779\/revisions"}],"predecessor-version":[{"id":15782,"href":"https:\/\/www.mundoagropecuario.cl\/new\/wp-json\/wp\/v2\/posts\/15779\/revisions\/15782"}],"wp:featuredmedia":[{"embeddable":true,"href":"https:\/\/www.mundoagropecuario.cl\/new\/wp-json\/wp\/v2\/media\/15780"}],"wp:attachment":[{"href":"https:\/\/www.mundoagropecuario.cl\/new\/wp-json\/wp\/v2\/media?parent=15779"}],"wp:term":[{"taxonomy":"category","embeddable":true,"href":"https:\/\/www.mundoagropecuario.cl\/new\/wp-json\/wp\/v2\/categories?post=15779"},{"taxonomy":"post_tag","embeddable":true,"href":"https:\/\/www.mundoagropecuario.cl\/new\/wp-json\/wp\/v2\/tags?post=15779"}],"curies":[{"name":"wp","href":"https:\/\/api.w.org\/{rel}","templated":true}]}}