{"id":15741,"date":"2020-03-10T12:15:06","date_gmt":"2020-03-10T15:15:06","guid":{"rendered":"http:\/\/www.mundoagropecuario.cl\/new\/?p=15741"},"modified":"2020-03-11T17:29:01","modified_gmt":"2020-03-11T20:29:01","slug":"especial-dia-internacional-de-la-mujer-y-rol-en-la-agricultura","status":"publish","type":"post","link":"https:\/\/www.mundoagropecuario.cl\/new\/especial-dia-internacional-de-la-mujer-y-rol-en-la-agricultura\/","title":{"rendered":"Especial: &#8220;D\u00eda internacional de la mujer y rol en la agricultura&#8221;"},"content":{"rendered":"\n<ul class=\"wp-block-gallery columns-0 is-cropped wp-block-gallery-1 is-layout-flex wp-block-gallery-is-layout-flex\"><\/ul>\n\n\n\n<p><em>La organizaci\u00f3n de las Naciones Unidas para la Alimentaci\u00f3n y la Agricultura (FAO), en conjunto de el Fondo Internacional de Desarrollo Agr\u00edcola (FIDA) y el Programa Mundial de Aimentos (PMA) celebraron, la semana pasada, el d\u00eda internacional de la mujer y pidieron medidas concretas para lograr la igualdad de g\u00e9nero y empoderamiento del sexo femenino en todos los sectores, especialmente en el agr\u00edcola que es donde les ata\u00f1e.&nbsp;<\/em><\/p>\n\n\n\n<p>Los organismos que celebraron, sostuvieron que para garantizar sistemas alimentarios sostenibles se debe empoderar a las mujeres de todo el mundo y reconocer y respetar sus derechos.<\/p>\n\n\n\n<p>La celebraci\u00f3n de este a\u00f1o -con el tema &#8220;Soy de la Generaci\u00f3n Igualdad: Por los derechos de las mujeres&#8221;- supone una oportunidad para examinar los progresos mundiales en materia de igualdad de g\u00e9nero y empoderamiento de la mujer en los 25 a\u00f1os transcurridos desde la Cuarta Conferencia Mundial sobre la Mujer[1], identificar las diferencias de g\u00e9nero que a\u00fan perduran y definir el camino a seguir.&nbsp;<\/p>\n\n\n\n<p>&#8220;La FAO seguir\u00e1 desempe\u00f1ando su papel, en asociaci\u00f3n con otros, en el fortalecimiento de la igualdad de g\u00e9nero, la realizaci\u00f3n de los derechos de la mujer y la aceleraci\u00f3n de su empoderamiento socioecon\u00f3mico. S\u00f3lo entonces alcanzaremos nuestro objetivo com\u00fan: erradicar el hambre, garantizar la seguridad alimentaria, eliminar todas las formas de malnutrici\u00f3n y hacer de este mundo un lugar mejor para todos nosotros&#8221;, asegur\u00f3 el Director General de la FAO, QU Dongyu.<\/p>\n\n\n\n<p>&#8220;Cada a\u00f1o, el D\u00eda Internacional de la Mujer es tanto un motivo de celebraci\u00f3n como un llamamiento a la acci\u00f3n&#8221;, se\u00f1al\u00f3 a su vez Gilbert F. Houngbo, Presidente del FIDA. &#8220;Colectivamente -a\u00f1adi\u00f3-, podemos trabajar juntos para crear un mundo con igualdad de g\u00e9nero. No s\u00f3lo porque es lo correcto, sino tambi\u00e9n porque tiene sentido. Fomentar la igualdad de g\u00e9nero es fundamental para lograr un crecimiento econ\u00f3mico s\u00f3lido. Puede ayudar a reducir la pobreza extrema y a disminuir el hambre cr\u00f3nica. Puede conducir a una paz m\u00e1s duradera. Y beneficiar a familias enteras y empoderar a todos aquellos que sufren discriminaci\u00f3n&#8221;.<\/p>\n\n\n\n<p>&#8220;Sabemos que el Hambre Cero no se lograr\u00e1 s\u00f3lo dando alimentos a la gente. Por eso nuestros programas trabajan para empoderar a las mujeres y que puedan ser autosuficientes econ\u00f3micamente y tomar sus propias decisiones. Al dar a mujeres y hombres la misma voz y la misma capacidad de decisi\u00f3n en cuestiones que afectan a sus familias y comunidades, podemos erradicar el hambre y la malnutrici\u00f3n&#8221;, indic\u00f3 el Subdirector Ejecutivo del PMA, Manoj Juneja.<\/p>\n\n\n\n<p>Las mujeres, especialmente en las zonas rurales, tienen un papel decisivo en la lucha contra el hambre y la malnutrici\u00f3n y para la creaci\u00f3n de sistemas alimentarios m\u00e1s productivos y sostenibles.<\/p>\n\n\n\n<p>Cultivan alimentos, reducen las p\u00e9rdidas alimentarias, hacen que las dietas sean m\u00e1s diversas y que los productos agr\u00edcolas se comercialicen mejor a lo largo de las cadenas de valor agroalimentarias. Sin embargo, en muchas partes del mundo, las mujeres siguen siendo objeto de una elevada discriminaci\u00f3n social y econ\u00f3mica.<\/p>\n\n\n\n<p>A menudo carecen de acceso a los recursos productivos, los insumos agr\u00edcolas, informaci\u00f3n, finanzas, servicios, mercados, protecci\u00f3n social y a los conocimientos tecnol\u00f3gicos y empresariales. Adem\u00e1s, muchas mujeres rurales son las principales responsables del cuidado de sus hogares, lo que significa que se enfrentan a una pesada carga de trabajo que socava su capacidad productiva y su bienestar general.&nbsp;<\/p>\n\n\n\n<p>Cuando se empodera a las mujeres rurales, los resultados son evidentes. La FAO, el FIDA y el PMA saben por experiencia que cuando se permite a las mujeres rurales tener un mejor acceso a los recursos, los servicios, las oportunidades econ\u00f3micas y la toma de decisiones, los resultados son patentes: las comunidades disponen de m\u00e1s alimentos, su estado de nutrici\u00f3n mejora, los ingresos rurales aumentan y los sistemas alimentarios se hacen m\u00e1s eficientes y sostenibles.<\/p>\n\n\n\n<p>Por ejemplo, casi 50 000 personas (dos tercios de ellas mujeres) y, por extensi\u00f3n, m\u00e1s de 300 000 miembros de sus familias en siete pa\u00edses (Etiop\u00eda, Guatemala, Kirguist\u00e1n, Liberia, Nepal, N\u00edger y Rwanda) mejoraron su producci\u00f3n agr\u00edcola y el estado nutricional familiar, as\u00ed como sus ingresos, gracias a un programa conjunto de la FAO, el FIDA, el PMA y ONU-Mujeres que comportaba el desarrollo de la capacidad, el apoyo t\u00e9cnico y la promoci\u00f3n de enfoques atentos a las cuestiones de g\u00e9nero en las instituciones rurales y en las pol\u00edticas agr\u00edcolas.<\/p>\n\n\n\n<p>A pesar de los progresos, el cambio ha sido lento. Los tres organismos de las Naciones Unidas con sede en Roma advierten tambi\u00e9n que todav\u00eda hay lagunas en nuestro conocimiento de las diferencias entre hombres y mujeres en cuanto a sus funciones y oportunidades en la agricultura, y c\u00f3mo las disparidades de g\u00e9nero se manifiestan en diferentes contextos ecol\u00f3gicos, culturales y pol\u00edticos.&nbsp;<\/p>\n\n\n\n<p>Sin embargo, lo que es bien sabido es que las mujeres rurales son excesivamente vulnerables a la inseguridad alimentaria, as\u00ed como a las crisis econ\u00f3micas y ambientales. Adem\u00e1s, en muchas partes del mundo persisten normas y estereotipos sociales perjudiciales sobre lo que la mujer puede o debe hacer, pero es dif\u00edcil abordarlos mediante intervenciones convencionales. Los tab\u00faes alimentarios que son perjudiciales para la salud y la nutrici\u00f3n de la mujer siguen prevaleciendo en muchos pa\u00edses. En algunas zonas de \u00c1frica o Asia, por ejemplo, las mujeres embarazadas y lactantes no pueden consumir ciertos alimentos nutritivos, como el pescado.&nbsp;<\/p>\n\n\n\n<p>En general, a pesar de algunos progresos, el cambio ha sido lento para la mayor\u00eda de las mujeres y ni\u00f1as del mundo. Ning\u00fan pa\u00eds puede afirmar que ha logrado la igualdad de g\u00e9nero.&nbsp;<\/p>\n\n\n\n<p>Los eventos del D\u00eda internacional de este a\u00f1o son oportunidades para movilizar la acci\u00f3n mundial para lograr la igualdad de g\u00e9nero y los derechos humanos de todas las mujeres y ni\u00f1as.<\/p>\n\n\n\n<p>El acto organizado por la FAO re\u00fane hoy a representantes de los Estados miembros de los organismos de las Naciones Unidas, expertos en cuestiones de g\u00e9nero, representantes de la sociedad civil y otros actores para debatir c\u00f3mo podemos cerrar las brechas de g\u00e9nero existentes en la agricultura y los medios de vida rurales. El evento muestra tambi\u00e9n buenas pr\u00e1cticas en el dise\u00f1o de pol\u00edticas y programas nacionales para promover la igualdad de g\u00e9nero y el empoderamiento de la mujer rural.<\/p>\n\n\n\n<p><strong>Igualdad de g\u00e9nero en la alimentaci\u00f3n y la agricultura: hechos y cifras<\/strong><\/p>\n\n\n\n<p>\u2022 El sector agr\u00edcola tiene un bajo rendimiento en muchos pa\u00edses en desarrollo, y una de las razones es que las mujeres no tienen el mismo acceso que los hombres a los insumos, recursos, servicios y oportunidades que necesitan para ser m\u00e1s productivas.&nbsp;<\/p>\n\n\n\n<p>\u2022 Las mujeres representan casi el 50 por ciento de la mano de obra en la agricultura en los pa\u00edses de bajos ingresos.&nbsp;<\/p>\n\n\n\n<p>\u2022 Las mujeres son menos del 15% de todos los propietarios de tierras, all\u00ed donde se dispone de datos.&nbsp;<\/p>\n\n\n\n<p>\u2022 En comparaci\u00f3n con los agricultores varones, las mujeres suelen administrar parcelas m\u00e1s peque\u00f1as y tienen menos acceso a la informaci\u00f3n agr\u00edcola, los servicios financieros y otros recursos clave.<\/p>\n\n\n\n<p>\u2022 M\u00e1s de 820 millones de personas no tienen alimentos suficientes para comer, y en todos los continentes las mujeres tienen m\u00e1s probabilidades que los hombres de verse afectadas por una inseguridad alimentaria moderada o grave.<\/p>\n\n\n\n<p>\u2022 Las mujeres de las zonas rurales se enfrentan a mayores riesgos y dificultades debido a los efectos del cambio clim\u00e1tico.<\/p>\n\n\n\n<p><em>Nota publicada originalmente en <\/em><a href=\"http:\/\/www.fao.org\/news\/story\/es\/item\/1265121\/icode\/\"><em>FAO<\/em><\/a><em>.<\/em><\/p>\n","protected":false},"excerpt":{"rendered":"<p>La organizaci\u00f3n de las Naciones Unidas para la Alimentaci\u00f3n y la Agricultura (FAO), en conjunto de el Fondo Internacional de Desarrollo Agr\u00edcola (FIDA) y el Programa Mundial de Aimentos (PMA)&#8230;<\/p>\n","protected":false},"author":2,"featured_media":15742,"comment_status":"closed","ping_status":"closed","sticky":false,"template":"","format":"standard","meta":{"footnotes":""},"categories":[1987],"tags":[4635,547],"class_list":["post-15741","post","type-post","status-publish","format-standard","has-post-thumbnail","hentry","category-instituciones","tag-dia-internacional-de-la-mujer","tag-fao"],"yoast_head":"<!-- This site is optimized with the Yoast SEO plugin v26.6 - https:\/\/yoast.com\/wordpress\/plugins\/seo\/ -->\n<title>Especial: &quot;D\u00eda internacional de la mujer y rol en la agricultura&quot; - Mundoagropecuario<\/title>\n<meta name=\"robots\" content=\"index, follow, max-snippet:-1, max-image-preview:large, max-video-preview:-1\" \/>\n<link rel=\"canonical\" href=\"https:\/\/www.mundoagropecuario.cl\/new\/especial-dia-internacional-de-la-mujer-y-rol-en-la-agricultura\/\" \/>\n<meta property=\"og:locale\" content=\"es_ES\" \/>\n<meta property=\"og:type\" content=\"article\" \/>\n<meta property=\"og:title\" content=\"Especial: &quot;D\u00eda internacional de la mujer y rol en la agricultura&quot; - Mundoagropecuario\" \/>\n<meta property=\"og:description\" content=\"La organizaci\u00f3n de las Naciones Unidas para la Alimentaci\u00f3n y la Agricultura (FAO), en conjunto de el Fondo Internacional de Desarrollo Agr\u00edcola (FIDA) y el Programa Mundial de Aimentos (PMA)...\" \/>\n<meta property=\"og:url\" content=\"https:\/\/www.mundoagropecuario.cl\/new\/especial-dia-internacional-de-la-mujer-y-rol-en-la-agricultura\/\" \/>\n<meta property=\"og:site_name\" content=\"Mundoagropecuario\" \/>\n<meta property=\"article:publisher\" content=\"https:\/\/www.facebook.com\/mundo.agropecuario.3\" \/>\n<meta property=\"article:published_time\" content=\"2020-03-10T15:15:06+00:00\" \/>\n<meta property=\"article:modified_time\" content=\"2020-03-11T20:29:01+00:00\" \/>\n<meta property=\"og:image\" content=\"https:\/\/www.mundoagropecuario.cl\/new\/wp-content\/uploads\/2020\/03\/MUJERES-FAMI1.jpg\" \/>\n\t<meta property=\"og:image:width\" content=\"1024\" \/>\n\t<meta property=\"og:image:height\" content=\"683\" \/>\n\t<meta property=\"og:image:type\" content=\"image\/jpeg\" \/>\n<meta name=\"author\" content=\"mundo\" \/>\n<meta name=\"twitter:card\" content=\"summary_large_image\" \/>\n<meta name=\"twitter:creator\" content=\"@MundoAgropecuar\" \/>\n<meta name=\"twitter:site\" content=\"@MundoAgropecuar\" \/>\n<meta name=\"twitter:label1\" content=\"Escrito por\" \/>\n\t<meta name=\"twitter:data1\" content=\"mundo\" \/>\n\t<meta name=\"twitter:label2\" content=\"Tiempo de lectura\" \/>\n\t<meta name=\"twitter:data2\" content=\"7 minutos\" \/>\n<script type=\"application\/ld+json\" class=\"yoast-schema-graph\">{\"@context\":\"https:\/\/schema.org\",\"@graph\":[{\"@type\":\"Article\",\"@id\":\"https:\/\/www.mundoagropecuario.cl\/new\/especial-dia-internacional-de-la-mujer-y-rol-en-la-agricultura\/#article\",\"isPartOf\":{\"@id\":\"https:\/\/www.mundoagropecuario.cl\/new\/especial-dia-internacional-de-la-mujer-y-rol-en-la-agricultura\/\"},\"author\":{\"name\":\"mundo\",\"@id\":\"https:\/\/www.mundoagropecuario.cl\/new\/#\/schema\/person\/4e9f74a82a7dac260eb1c44b7eebeb18\"},\"headline\":\"Especial: &#8220;D\u00eda internacional de la mujer y rol en la agricultura&#8221;\",\"datePublished\":\"2020-03-10T15:15:06+00:00\",\"dateModified\":\"2020-03-11T20:29:01+00:00\",\"mainEntityOfPage\":{\"@id\":\"https:\/\/www.mundoagropecuario.cl\/new\/especial-dia-internacional-de-la-mujer-y-rol-en-la-agricultura\/\"},\"wordCount\":1328,\"publisher\":{\"@id\":\"https:\/\/www.mundoagropecuario.cl\/new\/#organization\"},\"image\":{\"@id\":\"https:\/\/www.mundoagropecuario.cl\/new\/especial-dia-internacional-de-la-mujer-y-rol-en-la-agricultura\/#primaryimage\"},\"thumbnailUrl\":\"https:\/\/www.mundoagropecuario.cl\/new\/wp-content\/uploads\/2020\/03\/MUJERES-FAMI1.jpg\",\"keywords\":[\"d\u00eda internacional de la mujer\",\"FAO\"],\"articleSection\":[\"Instituciones\"],\"inLanguage\":\"es\"},{\"@type\":\"WebPage\",\"@id\":\"https:\/\/www.mundoagropecuario.cl\/new\/especial-dia-internacional-de-la-mujer-y-rol-en-la-agricultura\/\",\"url\":\"https:\/\/www.mundoagropecuario.cl\/new\/especial-dia-internacional-de-la-mujer-y-rol-en-la-agricultura\/\",\"name\":\"Especial: \\\"D\u00eda internacional de la mujer y rol en la agricultura\\\" - Mundoagropecuario\",\"isPartOf\":{\"@id\":\"https:\/\/www.mundoagropecuario.cl\/new\/#website\"},\"primaryImageOfPage\":{\"@id\":\"https:\/\/www.mundoagropecuario.cl\/new\/especial-dia-internacional-de-la-mujer-y-rol-en-la-agricultura\/#primaryimage\"},\"image\":{\"@id\":\"https:\/\/www.mundoagropecuario.cl\/new\/especial-dia-internacional-de-la-mujer-y-rol-en-la-agricultura\/#primaryimage\"},\"thumbnailUrl\":\"https:\/\/www.mundoagropecuario.cl\/new\/wp-content\/uploads\/2020\/03\/MUJERES-FAMI1.jpg\",\"datePublished\":\"2020-03-10T15:15:06+00:00\",\"dateModified\":\"2020-03-11T20:29:01+00:00\",\"breadcrumb\":{\"@id\":\"https:\/\/www.mundoagropecuario.cl\/new\/especial-dia-internacional-de-la-mujer-y-rol-en-la-agricultura\/#breadcrumb\"},\"inLanguage\":\"es\",\"potentialAction\":[{\"@type\":\"ReadAction\",\"target\":[\"https:\/\/www.mundoagropecuario.cl\/new\/especial-dia-internacional-de-la-mujer-y-rol-en-la-agricultura\/\"]}]},{\"@type\":\"ImageObject\",\"inLanguage\":\"es\",\"@id\":\"https:\/\/www.mundoagropecuario.cl\/new\/especial-dia-internacional-de-la-mujer-y-rol-en-la-agricultura\/#primaryimage\",\"url\":\"https:\/\/www.mundoagropecuario.cl\/new\/wp-content\/uploads\/2020\/03\/MUJERES-FAMI1.jpg\",\"contentUrl\":\"https:\/\/www.mundoagropecuario.cl\/new\/wp-content\/uploads\/2020\/03\/MUJERES-FAMI1.jpg\",\"width\":600,\"height\":400},{\"@type\":\"BreadcrumbList\",\"@id\":\"https:\/\/www.mundoagropecuario.cl\/new\/especial-dia-internacional-de-la-mujer-y-rol-en-la-agricultura\/#breadcrumb\",\"itemListElement\":[{\"@type\":\"ListItem\",\"position\":1,\"name\":\"Portada\",\"item\":\"https:\/\/www.mundoagropecuario.cl\/new\/\"},{\"@type\":\"ListItem\",\"position\":2,\"name\":\"Especial: &#8220;D\u00eda internacional de la mujer y rol en la agricultura&#8221;\"}]},{\"@type\":\"WebSite\",\"@id\":\"https:\/\/www.mundoagropecuario.cl\/new\/#website\",\"url\":\"https:\/\/www.mundoagropecuario.cl\/new\/\",\"name\":\"Mundoagropecuario\",\"description\":\"Mundo Agropecuario\",\"publisher\":{\"@id\":\"https:\/\/www.mundoagropecuario.cl\/new\/#organization\"},\"potentialAction\":[{\"@type\":\"SearchAction\",\"target\":{\"@type\":\"EntryPoint\",\"urlTemplate\":\"https:\/\/www.mundoagropecuario.cl\/new\/?s={search_term_string}\"},\"query-input\":{\"@type\":\"PropertyValueSpecification\",\"valueRequired\":true,\"valueName\":\"search_term_string\"}}],\"inLanguage\":\"es\"},{\"@type\":\"Organization\",\"@id\":\"https:\/\/www.mundoagropecuario.cl\/new\/#organization\",\"name\":\"Revista de Agricultura\",\"url\":\"https:\/\/www.mundoagropecuario.cl\/new\/\",\"logo\":{\"@type\":\"ImageObject\",\"inLanguage\":\"es\",\"@id\":\"https:\/\/www.mundoagropecuario.cl\/new\/#\/schema\/logo\/image\/\",\"url\":\"https:\/\/www.mundoagropecuario.cl\/new\/wp-content\/uploads\/2020\/11\/PORTAL-1-1.png\",\"contentUrl\":\"https:\/\/www.mundoagropecuario.cl\/new\/wp-content\/uploads\/2020\/11\/PORTAL-1-1.png\",\"width\":1026,\"height\":100,\"caption\":\"Revista de Agricultura\"},\"image\":{\"@id\":\"https:\/\/www.mundoagropecuario.cl\/new\/#\/schema\/logo\/image\/\"},\"sameAs\":[\"https:\/\/www.facebook.com\/mundo.agropecuario.3\",\"https:\/\/x.com\/MundoAgropecuar\",\"https:\/\/www.linkedin.com\/in\/mundo-agropecuario-934009201\/\"]},{\"@type\":\"Person\",\"@id\":\"https:\/\/www.mundoagropecuario.cl\/new\/#\/schema\/person\/4e9f74a82a7dac260eb1c44b7eebeb18\",\"name\":\"mundo\",\"url\":\"https:\/\/www.mundoagropecuario.cl\/new\/author\/mundo\/\"}]}<\/script>\n<!-- \/ Yoast SEO plugin. -->","yoast_head_json":{"title":"Especial: \"D\u00eda internacional de la mujer y rol en la agricultura\" - Mundoagropecuario","robots":{"index":"index","follow":"follow","max-snippet":"max-snippet:-1","max-image-preview":"max-image-preview:large","max-video-preview":"max-video-preview:-1"},"canonical":"https:\/\/www.mundoagropecuario.cl\/new\/especial-dia-internacional-de-la-mujer-y-rol-en-la-agricultura\/","og_locale":"es_ES","og_type":"article","og_title":"Especial: \"D\u00eda internacional de la mujer y rol en la agricultura\" - Mundoagropecuario","og_description":"La organizaci\u00f3n de las Naciones Unidas para la Alimentaci\u00f3n y la Agricultura (FAO), en conjunto de el Fondo Internacional de Desarrollo Agr\u00edcola (FIDA) y el Programa Mundial de Aimentos (PMA)...","og_url":"https:\/\/www.mundoagropecuario.cl\/new\/especial-dia-internacional-de-la-mujer-y-rol-en-la-agricultura\/","og_site_name":"Mundoagropecuario","article_publisher":"https:\/\/www.facebook.com\/mundo.agropecuario.3","article_published_time":"2020-03-10T15:15:06+00:00","article_modified_time":"2020-03-11T20:29:01+00:00","og_image":[{"width":1024,"height":683,"url":"https:\/\/www.mundoagropecuario.cl\/new\/wp-content\/uploads\/2020\/03\/MUJERES-FAMI1.jpg","type":"image\/jpeg"}],"author":"mundo","twitter_card":"summary_large_image","twitter_creator":"@MundoAgropecuar","twitter_site":"@MundoAgropecuar","twitter_misc":{"Escrito por":"mundo","Tiempo de lectura":"7 minutos"},"schema":{"@context":"https:\/\/schema.org","@graph":[{"@type":"Article","@id":"https:\/\/www.mundoagropecuario.cl\/new\/especial-dia-internacional-de-la-mujer-y-rol-en-la-agricultura\/#article","isPartOf":{"@id":"https:\/\/www.mundoagropecuario.cl\/new\/especial-dia-internacional-de-la-mujer-y-rol-en-la-agricultura\/"},"author":{"name":"mundo","@id":"https:\/\/www.mundoagropecuario.cl\/new\/#\/schema\/person\/4e9f74a82a7dac260eb1c44b7eebeb18"},"headline":"Especial: &#8220;D\u00eda internacional de la mujer y rol en la agricultura&#8221;","datePublished":"2020-03-10T15:15:06+00:00","dateModified":"2020-03-11T20:29:01+00:00","mainEntityOfPage":{"@id":"https:\/\/www.mundoagropecuario.cl\/new\/especial-dia-internacional-de-la-mujer-y-rol-en-la-agricultura\/"},"wordCount":1328,"publisher":{"@id":"https:\/\/www.mundoagropecuario.cl\/new\/#organization"},"image":{"@id":"https:\/\/www.mundoagropecuario.cl\/new\/especial-dia-internacional-de-la-mujer-y-rol-en-la-agricultura\/#primaryimage"},"thumbnailUrl":"https:\/\/www.mundoagropecuario.cl\/new\/wp-content\/uploads\/2020\/03\/MUJERES-FAMI1.jpg","keywords":["d\u00eda internacional de la mujer","FAO"],"articleSection":["Instituciones"],"inLanguage":"es"},{"@type":"WebPage","@id":"https:\/\/www.mundoagropecuario.cl\/new\/especial-dia-internacional-de-la-mujer-y-rol-en-la-agricultura\/","url":"https:\/\/www.mundoagropecuario.cl\/new\/especial-dia-internacional-de-la-mujer-y-rol-en-la-agricultura\/","name":"Especial: \"D\u00eda internacional de la mujer y rol en la agricultura\" - Mundoagropecuario","isPartOf":{"@id":"https:\/\/www.mundoagropecuario.cl\/new\/#website"},"primaryImageOfPage":{"@id":"https:\/\/www.mundoagropecuario.cl\/new\/especial-dia-internacional-de-la-mujer-y-rol-en-la-agricultura\/#primaryimage"},"image":{"@id":"https:\/\/www.mundoagropecuario.cl\/new\/especial-dia-internacional-de-la-mujer-y-rol-en-la-agricultura\/#primaryimage"},"thumbnailUrl":"https:\/\/www.mundoagropecuario.cl\/new\/wp-content\/uploads\/2020\/03\/MUJERES-FAMI1.jpg","datePublished":"2020-03-10T15:15:06+00:00","dateModified":"2020-03-11T20:29:01+00:00","breadcrumb":{"@id":"https:\/\/www.mundoagropecuario.cl\/new\/especial-dia-internacional-de-la-mujer-y-rol-en-la-agricultura\/#breadcrumb"},"inLanguage":"es","potentialAction":[{"@type":"ReadAction","target":["https:\/\/www.mundoagropecuario.cl\/new\/especial-dia-internacional-de-la-mujer-y-rol-en-la-agricultura\/"]}]},{"@type":"ImageObject","inLanguage":"es","@id":"https:\/\/www.mundoagropecuario.cl\/new\/especial-dia-internacional-de-la-mujer-y-rol-en-la-agricultura\/#primaryimage","url":"https:\/\/www.mundoagropecuario.cl\/new\/wp-content\/uploads\/2020\/03\/MUJERES-FAMI1.jpg","contentUrl":"https:\/\/www.mundoagropecuario.cl\/new\/wp-content\/uploads\/2020\/03\/MUJERES-FAMI1.jpg","width":600,"height":400},{"@type":"BreadcrumbList","@id":"https:\/\/www.mundoagropecuario.cl\/new\/especial-dia-internacional-de-la-mujer-y-rol-en-la-agricultura\/#breadcrumb","itemListElement":[{"@type":"ListItem","position":1,"name":"Portada","item":"https:\/\/www.mundoagropecuario.cl\/new\/"},{"@type":"ListItem","position":2,"name":"Especial: &#8220;D\u00eda internacional de la mujer y rol en la agricultura&#8221;"}]},{"@type":"WebSite","@id":"https:\/\/www.mundoagropecuario.cl\/new\/#website","url":"https:\/\/www.mundoagropecuario.cl\/new\/","name":"Mundoagropecuario","description":"Mundo Agropecuario","publisher":{"@id":"https:\/\/www.mundoagropecuario.cl\/new\/#organization"},"potentialAction":[{"@type":"SearchAction","target":{"@type":"EntryPoint","urlTemplate":"https:\/\/www.mundoagropecuario.cl\/new\/?s={search_term_string}"},"query-input":{"@type":"PropertyValueSpecification","valueRequired":true,"valueName":"search_term_string"}}],"inLanguage":"es"},{"@type":"Organization","@id":"https:\/\/www.mundoagropecuario.cl\/new\/#organization","name":"Revista de Agricultura","url":"https:\/\/www.mundoagropecuario.cl\/new\/","logo":{"@type":"ImageObject","inLanguage":"es","@id":"https:\/\/www.mundoagropecuario.cl\/new\/#\/schema\/logo\/image\/","url":"https:\/\/www.mundoagropecuario.cl\/new\/wp-content\/uploads\/2020\/11\/PORTAL-1-1.png","contentUrl":"https:\/\/www.mundoagropecuario.cl\/new\/wp-content\/uploads\/2020\/11\/PORTAL-1-1.png","width":1026,"height":100,"caption":"Revista de Agricultura"},"image":{"@id":"https:\/\/www.mundoagropecuario.cl\/new\/#\/schema\/logo\/image\/"},"sameAs":["https:\/\/www.facebook.com\/mundo.agropecuario.3","https:\/\/x.com\/MundoAgropecuar","https:\/\/www.linkedin.com\/in\/mundo-agropecuario-934009201\/"]},{"@type":"Person","@id":"https:\/\/www.mundoagropecuario.cl\/new\/#\/schema\/person\/4e9f74a82a7dac260eb1c44b7eebeb18","name":"mundo","url":"https:\/\/www.mundoagropecuario.cl\/new\/author\/mundo\/"}]}},"_links":{"self":[{"href":"https:\/\/www.mundoagropecuario.cl\/new\/wp-json\/wp\/v2\/posts\/15741","targetHints":{"allow":["GET"]}}],"collection":[{"href":"https:\/\/www.mundoagropecuario.cl\/new\/wp-json\/wp\/v2\/posts"}],"about":[{"href":"https:\/\/www.mundoagropecuario.cl\/new\/wp-json\/wp\/v2\/types\/post"}],"author":[{"embeddable":true,"href":"https:\/\/www.mundoagropecuario.cl\/new\/wp-json\/wp\/v2\/users\/2"}],"replies":[{"embeddable":true,"href":"https:\/\/www.mundoagropecuario.cl\/new\/wp-json\/wp\/v2\/comments?post=15741"}],"version-history":[{"count":2,"href":"https:\/\/www.mundoagropecuario.cl\/new\/wp-json\/wp\/v2\/posts\/15741\/revisions"}],"predecessor-version":[{"id":15744,"href":"https:\/\/www.mundoagropecuario.cl\/new\/wp-json\/wp\/v2\/posts\/15741\/revisions\/15744"}],"wp:featuredmedia":[{"embeddable":true,"href":"https:\/\/www.mundoagropecuario.cl\/new\/wp-json\/wp\/v2\/media\/15742"}],"wp:attachment":[{"href":"https:\/\/www.mundoagropecuario.cl\/new\/wp-json\/wp\/v2\/media?parent=15741"}],"wp:term":[{"taxonomy":"category","embeddable":true,"href":"https:\/\/www.mundoagropecuario.cl\/new\/wp-json\/wp\/v2\/categories?post=15741"},{"taxonomy":"post_tag","embeddable":true,"href":"https:\/\/www.mundoagropecuario.cl\/new\/wp-json\/wp\/v2\/tags?post=15741"}],"curies":[{"name":"wp","href":"https:\/\/api.w.org\/{rel}","templated":true}]}}