{"id":15635,"date":"2020-02-04T10:56:48","date_gmt":"2020-02-04T13:56:48","guid":{"rendered":"http:\/\/www.mundoagropecuario.cl\/new\/?p=15635"},"modified":"2020-03-05T19:03:50","modified_gmt":"2020-03-05T22:03:50","slug":"recepcion-nacional-de-leche-en-2019-cayo-un-14-respecto-del-ano-anterior","status":"publish","type":"post","link":"https:\/\/www.mundoagropecuario.cl\/new\/recepcion-nacional-de-leche-en-2019-cayo-un-14-respecto-del-ano-anterior\/","title":{"rendered":"Recepci\u00f3n nacional de leche en 2019 cay\u00f3 un 1,4% respecto del a\u00f1o anterior"},"content":{"rendered":"\n<ul class=\"wp-block-gallery columns-0 is-cropped wp-block-gallery-1 is-layout-flex wp-block-gallery-is-layout-flex\"><\/ul>\n\n\n\n<p class=\"has-medium-font-size\"><em>La recepci\u00f3n de leche cruda sum\u00f3 el a\u00f1o 2019 2.144,6 millones de litros a nivel nacional, lo que representa un ca\u00edda de 1,4% \u00f3 de 29,7 millones de litros menos respecto de 2018, seg\u00fan informaci\u00f3n publicada por la Oficina de Estudios y Pol\u00edticas Agrarias (Odepa).&nbsp;&nbsp;<\/em><\/p>\n\n\n\n<p>Esta baja estuvo influenciada por la menor recepci\u00f3n registrada en la regi\u00f3n de Los Lagos, la principal zona productora del pa\u00eds, que concluy\u00f3 2019 con una merma de 4,9%, al sumar 983,4 millones de litros. Comparado con el ejercicio pasado, redujo su abastecimiento en 50,4 millones de litros.&nbsp;<\/p>\n\n\n\n<p>La regi\u00f3n de Los R\u00edos logr\u00f3 un leve repunte respecto del ciclo anual previo, sumando 663,4 millones de litros en 2019, lo que supone un incremento de 0,6% respecto de 2018. En t\u00e9rminos comparativos, la segunda zona lechera del pa\u00eds, creci\u00f3 3,6 millones de litros entre 2018 y 2019.&nbsp;<\/p>\n\n\n\n<p>De igual modo, la recepci\u00f3n de leche en la regi\u00f3n de La Araucan\u00eda mostr\u00f3 un avance en el 2019, al apuntar un alza de 3,0% respecto del a\u00f1o anterior, lo que se traduce en 151,5 millones de litros aprovisionados en planta. Comparado con el ciclo previo, implica que se recepcionaron 4,3 millones de litros adicionales.&nbsp;<\/p>\n\n\n\n<p>En el caso de la regi\u00f3n de Bio-Bio, la recepci\u00f3n de leche en 2019 sum\u00f3 63,4 millones de litros,&nbsp;&nbsp;cifra que supone una ca\u00edda de 1,5% \u00f3 de 988 mil litros respecto de lo que se registr\u00f3 en la temporada pasada.&nbsp;&nbsp;<\/p>\n\n\n\n<p>Para la regi\u00f3n de \u00d1uble, en tanto,&nbsp;&nbsp;se observa una ca\u00edda de 1,1% en cuanto a&nbsp;&nbsp;la recepci\u00f3n de leche que se registr\u00f3 en la zona en 2019, siendo \u00e9sta&nbsp;&nbsp;697 mil litro menos que en 2018, al sumar un total de 62,1 millones de litros.&nbsp;<\/p>\n\n\n\n<p>Finalmente, la recepci\u00f3n de leche en la Regi\u00f3n Metropolitana termin\u00f3 con un alza de 6,9% al sumar 220,5 millones de litros. En relaci\u00f3n con el a\u00f1o previo, supone un avance de 14,2 millones de litros.<\/p>\n\n\n\n<p><strong>&nbsp;\u2013 \u00bfQu\u00e9 paso en diciembre?<\/strong><\/p>\n\n\n\n<p>Seg\u00fan inform\u00f3 Odepa, en diciembre de 2019 la recepci\u00f3n de leche no registr\u00f3 variaci\u00f3n respecto de igual mes del a\u00f1o anterior al sumar 236,06 millones de litros.&nbsp;&nbsp;Este guarismo es 4 millones menos que lo anotado en noviembre 2019.<\/p>\n\n\n\n<p>En cuanto a la recepci\u00f3n regional, la regi\u00f3n de Los Lagos anot\u00f3 una baja de 2,4% a 115,3 millones de litros.&nbsp;&nbsp;Comparado con el mes del a\u00f1o pasado implica una baja de 2,8 millones de litros, mientras que de noviembre 2019&nbsp;&nbsp;479 mil litros.&nbsp;<\/p>\n\n\n\n<p>En la regi\u00f3n de Los R\u00edos,&nbsp;&nbsp;la recepci\u00f3n del \u00faltimo mes del a\u00f1o 2019 alcanz\u00f3 73,2 millones de litros, lo que representa un alza de 4,8% comparado con el a\u00f1o pasado. En litros, son 3,3 millones de litros m\u00e1s que 2018. Mientras que en relaci\u00f3n con noviembre 2019 el aprovisionamiento es menor en 1,5 millones de litros.&nbsp;<\/p>\n\n\n\n<p>En la regi\u00f3n de La Araucan\u00eda se observ\u00f3 una ca\u00edda de 7,7% en diciembre 2019,&nbsp;&nbsp;sumando 15,8 millones de litros.&nbsp;&nbsp;En t\u00e9rminos comparativos implica un decrecimiento anual de 1,3 millones de litros, mientras que de noviembre 2019 es m\u00e1s bajo en 1,1 mill\u00f3n de litros.<\/p>\n\n\n\n<p>En la regi\u00f3n de Bio-Bio, la recepci\u00f3n de leche baj\u00f3 2,3% en el \u00faltimo mes del a\u00f1o 2019 a 6,1 millones de litros,&nbsp;&nbsp;146 mil litros menos que diciembre de 2018.&nbsp;&nbsp;Y frente a noviembre de 2019 es 81 mil litros mayor.<\/p>\n\n\n\n<p>En la regi\u00f3n de \u00d1uble la recepci\u00f3n de leche en diciembre de 2019 termin\u00f3 1,8% por encima de igual mes del a\u00f1o anterior, sumando 5,7 millones de litros,&nbsp;&nbsp;100 mil litros m\u00e1s que en 2018. Mientras que de noviembre 2019 est\u00e1&nbsp;&nbsp;168 mil litros por encima.&nbsp;&nbsp;<\/p>\n\n\n\n<p>La recepci\u00f3n de leche en la Regi\u00f3n Metropolitana registr\u00f3 en diciembre de 2019 un alza de 4,5% a 19,7 millones de litros,&nbsp;&nbsp;841 mil litros m\u00e1s que en 2018. En comparaci\u00f3n de noviembre de 2019 implica un incremento de 639 mil litros.<\/p>\n","protected":false},"excerpt":{"rendered":"<p>La recepci\u00f3n de leche cruda sum\u00f3 el a\u00f1o 2019 2.144,6 millones de litros a nivel nacional, lo que representa un ca\u00edda de 1,4% \u00f3 de 29,7 millones de litros menos&#8230;<\/p>\n","protected":false},"author":2,"featured_media":13529,"comment_status":"closed","ping_status":"closed","sticky":false,"template":"","format":"standard","meta":{"footnotes":""},"categories":[126],"tags":[2126,2058,2051,4149,3222],"class_list":["post-15635","post","type-post","status-publish","format-standard","has-post-thumbnail","hentry","category-noticias","tag-aproleche-osorno","tag-fedeleche","tag-leche","tag-mundo-agropecuario","tag-sector-lechero"],"yoast_head":"<!-- This site is optimized with the Yoast SEO plugin v26.6 - https:\/\/yoast.com\/wordpress\/plugins\/seo\/ -->\n<title>Recepci\u00f3n nacional de leche en 2019 cay\u00f3 un 1,4% respecto del a\u00f1o anterior - Mundoagropecuario<\/title>\n<meta name=\"robots\" content=\"index, follow, max-snippet:-1, max-image-preview:large, max-video-preview:-1\" \/>\n<link rel=\"canonical\" href=\"https:\/\/www.mundoagropecuario.cl\/new\/recepcion-nacional-de-leche-en-2019-cayo-un-14-respecto-del-ano-anterior\/\" \/>\n<meta property=\"og:locale\" content=\"es_ES\" \/>\n<meta property=\"og:type\" content=\"article\" \/>\n<meta property=\"og:title\" content=\"Recepci\u00f3n nacional de leche en 2019 cay\u00f3 un 1,4% respecto del a\u00f1o anterior - Mundoagropecuario\" \/>\n<meta property=\"og:description\" content=\"La recepci\u00f3n de leche cruda sum\u00f3 el a\u00f1o 2019 2.144,6 millones de litros a nivel nacional, lo que representa un ca\u00edda de 1,4% \u00f3 de 29,7 millones de litros menos...\" \/>\n<meta property=\"og:url\" content=\"https:\/\/www.mundoagropecuario.cl\/new\/recepcion-nacional-de-leche-en-2019-cayo-un-14-respecto-del-ano-anterior\/\" \/>\n<meta property=\"og:site_name\" content=\"Mundoagropecuario\" \/>\n<meta property=\"article:publisher\" content=\"https:\/\/www.facebook.com\/mundo.agropecuario.3\" \/>\n<meta property=\"article:published_time\" content=\"2020-02-04T13:56:48+00:00\" \/>\n<meta property=\"article:modified_time\" content=\"2020-03-05T22:03:50+00:00\" \/>\n<meta property=\"og:image\" content=\"https:\/\/www.mundoagropecuario.cl\/new\/wp-content\/uploads\/2019\/08\/Leche.jpg\" \/>\n\t<meta property=\"og:image:width\" content=\"760\" \/>\n\t<meta property=\"og:image:height\" content=\"490\" \/>\n\t<meta property=\"og:image:type\" content=\"image\/jpeg\" \/>\n<meta name=\"author\" content=\"mundo\" \/>\n<meta name=\"twitter:card\" content=\"summary_large_image\" \/>\n<meta name=\"twitter:creator\" content=\"@MundoAgropecuar\" \/>\n<meta name=\"twitter:site\" content=\"@MundoAgropecuar\" \/>\n<meta name=\"twitter:label1\" content=\"Escrito por\" \/>\n\t<meta name=\"twitter:data1\" content=\"mundo\" \/>\n\t<meta name=\"twitter:label2\" content=\"Tiempo de lectura\" \/>\n\t<meta name=\"twitter:data2\" content=\"3 minutos\" \/>\n<script type=\"application\/ld+json\" class=\"yoast-schema-graph\">{\"@context\":\"https:\/\/schema.org\",\"@graph\":[{\"@type\":\"Article\",\"@id\":\"https:\/\/www.mundoagropecuario.cl\/new\/recepcion-nacional-de-leche-en-2019-cayo-un-14-respecto-del-ano-anterior\/#article\",\"isPartOf\":{\"@id\":\"https:\/\/www.mundoagropecuario.cl\/new\/recepcion-nacional-de-leche-en-2019-cayo-un-14-respecto-del-ano-anterior\/\"},\"author\":{\"name\":\"mundo\",\"@id\":\"https:\/\/www.mundoagropecuario.cl\/new\/#\/schema\/person\/4e9f74a82a7dac260eb1c44b7eebeb18\"},\"headline\":\"Recepci\u00f3n nacional de leche en 2019 cay\u00f3 un 1,4% respecto del a\u00f1o anterior\",\"datePublished\":\"2020-02-04T13:56:48+00:00\",\"dateModified\":\"2020-03-05T22:03:50+00:00\",\"mainEntityOfPage\":{\"@id\":\"https:\/\/www.mundoagropecuario.cl\/new\/recepcion-nacional-de-leche-en-2019-cayo-un-14-respecto-del-ano-anterior\/\"},\"wordCount\":675,\"publisher\":{\"@id\":\"https:\/\/www.mundoagropecuario.cl\/new\/#organization\"},\"image\":{\"@id\":\"https:\/\/www.mundoagropecuario.cl\/new\/recepcion-nacional-de-leche-en-2019-cayo-un-14-respecto-del-ano-anterior\/#primaryimage\"},\"thumbnailUrl\":\"https:\/\/www.mundoagropecuario.cl\/new\/wp-content\/uploads\/2019\/08\/Leche.jpg\",\"keywords\":[\"Aproleche Osorno\",\"Fedeleche\",\"Leche\",\"Mundo Agropecuario\",\"sector lechero\"],\"articleSection\":[\"Noticias\"],\"inLanguage\":\"es\"},{\"@type\":\"WebPage\",\"@id\":\"https:\/\/www.mundoagropecuario.cl\/new\/recepcion-nacional-de-leche-en-2019-cayo-un-14-respecto-del-ano-anterior\/\",\"url\":\"https:\/\/www.mundoagropecuario.cl\/new\/recepcion-nacional-de-leche-en-2019-cayo-un-14-respecto-del-ano-anterior\/\",\"name\":\"Recepci\u00f3n nacional de leche en 2019 cay\u00f3 un 1,4% respecto del a\u00f1o anterior - Mundoagropecuario\",\"isPartOf\":{\"@id\":\"https:\/\/www.mundoagropecuario.cl\/new\/#website\"},\"primaryImageOfPage\":{\"@id\":\"https:\/\/www.mundoagropecuario.cl\/new\/recepcion-nacional-de-leche-en-2019-cayo-un-14-respecto-del-ano-anterior\/#primaryimage\"},\"image\":{\"@id\":\"https:\/\/www.mundoagropecuario.cl\/new\/recepcion-nacional-de-leche-en-2019-cayo-un-14-respecto-del-ano-anterior\/#primaryimage\"},\"thumbnailUrl\":\"https:\/\/www.mundoagropecuario.cl\/new\/wp-content\/uploads\/2019\/08\/Leche.jpg\",\"datePublished\":\"2020-02-04T13:56:48+00:00\",\"dateModified\":\"2020-03-05T22:03:50+00:00\",\"breadcrumb\":{\"@id\":\"https:\/\/www.mundoagropecuario.cl\/new\/recepcion-nacional-de-leche-en-2019-cayo-un-14-respecto-del-ano-anterior\/#breadcrumb\"},\"inLanguage\":\"es\",\"potentialAction\":[{\"@type\":\"ReadAction\",\"target\":[\"https:\/\/www.mundoagropecuario.cl\/new\/recepcion-nacional-de-leche-en-2019-cayo-un-14-respecto-del-ano-anterior\/\"]}]},{\"@type\":\"ImageObject\",\"inLanguage\":\"es\",\"@id\":\"https:\/\/www.mundoagropecuario.cl\/new\/recepcion-nacional-de-leche-en-2019-cayo-un-14-respecto-del-ano-anterior\/#primaryimage\",\"url\":\"https:\/\/www.mundoagropecuario.cl\/new\/wp-content\/uploads\/2019\/08\/Leche.jpg\",\"contentUrl\":\"https:\/\/www.mundoagropecuario.cl\/new\/wp-content\/uploads\/2019\/08\/Leche.jpg\",\"width\":620,\"height\":400},{\"@type\":\"BreadcrumbList\",\"@id\":\"https:\/\/www.mundoagropecuario.cl\/new\/recepcion-nacional-de-leche-en-2019-cayo-un-14-respecto-del-ano-anterior\/#breadcrumb\",\"itemListElement\":[{\"@type\":\"ListItem\",\"position\":1,\"name\":\"Portada\",\"item\":\"https:\/\/www.mundoagropecuario.cl\/new\/\"},{\"@type\":\"ListItem\",\"position\":2,\"name\":\"Recepci\u00f3n nacional de leche en 2019 cay\u00f3 un 1,4% respecto del a\u00f1o anterior\"}]},{\"@type\":\"WebSite\",\"@id\":\"https:\/\/www.mundoagropecuario.cl\/new\/#website\",\"url\":\"https:\/\/www.mundoagropecuario.cl\/new\/\",\"name\":\"Mundoagropecuario\",\"description\":\"Mundo Agropecuario\",\"publisher\":{\"@id\":\"https:\/\/www.mundoagropecuario.cl\/new\/#organization\"},\"potentialAction\":[{\"@type\":\"SearchAction\",\"target\":{\"@type\":\"EntryPoint\",\"urlTemplate\":\"https:\/\/www.mundoagropecuario.cl\/new\/?s={search_term_string}\"},\"query-input\":{\"@type\":\"PropertyValueSpecification\",\"valueRequired\":true,\"valueName\":\"search_term_string\"}}],\"inLanguage\":\"es\"},{\"@type\":\"Organization\",\"@id\":\"https:\/\/www.mundoagropecuario.cl\/new\/#organization\",\"name\":\"Revista de Agricultura\",\"url\":\"https:\/\/www.mundoagropecuario.cl\/new\/\",\"logo\":{\"@type\":\"ImageObject\",\"inLanguage\":\"es\",\"@id\":\"https:\/\/www.mundoagropecuario.cl\/new\/#\/schema\/logo\/image\/\",\"url\":\"https:\/\/www.mundoagropecuario.cl\/new\/wp-content\/uploads\/2020\/11\/PORTAL-1-1.png\",\"contentUrl\":\"https:\/\/www.mundoagropecuario.cl\/new\/wp-content\/uploads\/2020\/11\/PORTAL-1-1.png\",\"width\":1026,\"height\":100,\"caption\":\"Revista de Agricultura\"},\"image\":{\"@id\":\"https:\/\/www.mundoagropecuario.cl\/new\/#\/schema\/logo\/image\/\"},\"sameAs\":[\"https:\/\/www.facebook.com\/mundo.agropecuario.3\",\"https:\/\/x.com\/MundoAgropecuar\",\"https:\/\/www.linkedin.com\/in\/mundo-agropecuario-934009201\/\"]},{\"@type\":\"Person\",\"@id\":\"https:\/\/www.mundoagropecuario.cl\/new\/#\/schema\/person\/4e9f74a82a7dac260eb1c44b7eebeb18\",\"name\":\"mundo\",\"url\":\"https:\/\/www.mundoagropecuario.cl\/new\/author\/mundo\/\"}]}<\/script>\n<!-- \/ Yoast SEO plugin. -->","yoast_head_json":{"title":"Recepci\u00f3n nacional de leche en 2019 cay\u00f3 un 1,4% respecto del a\u00f1o anterior - Mundoagropecuario","robots":{"index":"index","follow":"follow","max-snippet":"max-snippet:-1","max-image-preview":"max-image-preview:large","max-video-preview":"max-video-preview:-1"},"canonical":"https:\/\/www.mundoagropecuario.cl\/new\/recepcion-nacional-de-leche-en-2019-cayo-un-14-respecto-del-ano-anterior\/","og_locale":"es_ES","og_type":"article","og_title":"Recepci\u00f3n nacional de leche en 2019 cay\u00f3 un 1,4% respecto del a\u00f1o anterior - Mundoagropecuario","og_description":"La recepci\u00f3n de leche cruda sum\u00f3 el a\u00f1o 2019 2.144,6 millones de litros a nivel nacional, lo que representa un ca\u00edda de 1,4% \u00f3 de 29,7 millones de litros menos...","og_url":"https:\/\/www.mundoagropecuario.cl\/new\/recepcion-nacional-de-leche-en-2019-cayo-un-14-respecto-del-ano-anterior\/","og_site_name":"Mundoagropecuario","article_publisher":"https:\/\/www.facebook.com\/mundo.agropecuario.3","article_published_time":"2020-02-04T13:56:48+00:00","article_modified_time":"2020-03-05T22:03:50+00:00","og_image":[{"width":760,"height":490,"url":"https:\/\/www.mundoagropecuario.cl\/new\/wp-content\/uploads\/2019\/08\/Leche.jpg","type":"image\/jpeg"}],"author":"mundo","twitter_card":"summary_large_image","twitter_creator":"@MundoAgropecuar","twitter_site":"@MundoAgropecuar","twitter_misc":{"Escrito por":"mundo","Tiempo de lectura":"3 minutos"},"schema":{"@context":"https:\/\/schema.org","@graph":[{"@type":"Article","@id":"https:\/\/www.mundoagropecuario.cl\/new\/recepcion-nacional-de-leche-en-2019-cayo-un-14-respecto-del-ano-anterior\/#article","isPartOf":{"@id":"https:\/\/www.mundoagropecuario.cl\/new\/recepcion-nacional-de-leche-en-2019-cayo-un-14-respecto-del-ano-anterior\/"},"author":{"name":"mundo","@id":"https:\/\/www.mundoagropecuario.cl\/new\/#\/schema\/person\/4e9f74a82a7dac260eb1c44b7eebeb18"},"headline":"Recepci\u00f3n nacional de leche en 2019 cay\u00f3 un 1,4% respecto del a\u00f1o anterior","datePublished":"2020-02-04T13:56:48+00:00","dateModified":"2020-03-05T22:03:50+00:00","mainEntityOfPage":{"@id":"https:\/\/www.mundoagropecuario.cl\/new\/recepcion-nacional-de-leche-en-2019-cayo-un-14-respecto-del-ano-anterior\/"},"wordCount":675,"publisher":{"@id":"https:\/\/www.mundoagropecuario.cl\/new\/#organization"},"image":{"@id":"https:\/\/www.mundoagropecuario.cl\/new\/recepcion-nacional-de-leche-en-2019-cayo-un-14-respecto-del-ano-anterior\/#primaryimage"},"thumbnailUrl":"https:\/\/www.mundoagropecuario.cl\/new\/wp-content\/uploads\/2019\/08\/Leche.jpg","keywords":["Aproleche Osorno","Fedeleche","Leche","Mundo Agropecuario","sector lechero"],"articleSection":["Noticias"],"inLanguage":"es"},{"@type":"WebPage","@id":"https:\/\/www.mundoagropecuario.cl\/new\/recepcion-nacional-de-leche-en-2019-cayo-un-14-respecto-del-ano-anterior\/","url":"https:\/\/www.mundoagropecuario.cl\/new\/recepcion-nacional-de-leche-en-2019-cayo-un-14-respecto-del-ano-anterior\/","name":"Recepci\u00f3n nacional de leche en 2019 cay\u00f3 un 1,4% respecto del a\u00f1o anterior - Mundoagropecuario","isPartOf":{"@id":"https:\/\/www.mundoagropecuario.cl\/new\/#website"},"primaryImageOfPage":{"@id":"https:\/\/www.mundoagropecuario.cl\/new\/recepcion-nacional-de-leche-en-2019-cayo-un-14-respecto-del-ano-anterior\/#primaryimage"},"image":{"@id":"https:\/\/www.mundoagropecuario.cl\/new\/recepcion-nacional-de-leche-en-2019-cayo-un-14-respecto-del-ano-anterior\/#primaryimage"},"thumbnailUrl":"https:\/\/www.mundoagropecuario.cl\/new\/wp-content\/uploads\/2019\/08\/Leche.jpg","datePublished":"2020-02-04T13:56:48+00:00","dateModified":"2020-03-05T22:03:50+00:00","breadcrumb":{"@id":"https:\/\/www.mundoagropecuario.cl\/new\/recepcion-nacional-de-leche-en-2019-cayo-un-14-respecto-del-ano-anterior\/#breadcrumb"},"inLanguage":"es","potentialAction":[{"@type":"ReadAction","target":["https:\/\/www.mundoagropecuario.cl\/new\/recepcion-nacional-de-leche-en-2019-cayo-un-14-respecto-del-ano-anterior\/"]}]},{"@type":"ImageObject","inLanguage":"es","@id":"https:\/\/www.mundoagropecuario.cl\/new\/recepcion-nacional-de-leche-en-2019-cayo-un-14-respecto-del-ano-anterior\/#primaryimage","url":"https:\/\/www.mundoagropecuario.cl\/new\/wp-content\/uploads\/2019\/08\/Leche.jpg","contentUrl":"https:\/\/www.mundoagropecuario.cl\/new\/wp-content\/uploads\/2019\/08\/Leche.jpg","width":620,"height":400},{"@type":"BreadcrumbList","@id":"https:\/\/www.mundoagropecuario.cl\/new\/recepcion-nacional-de-leche-en-2019-cayo-un-14-respecto-del-ano-anterior\/#breadcrumb","itemListElement":[{"@type":"ListItem","position":1,"name":"Portada","item":"https:\/\/www.mundoagropecuario.cl\/new\/"},{"@type":"ListItem","position":2,"name":"Recepci\u00f3n nacional de leche en 2019 cay\u00f3 un 1,4% respecto del a\u00f1o anterior"}]},{"@type":"WebSite","@id":"https:\/\/www.mundoagropecuario.cl\/new\/#website","url":"https:\/\/www.mundoagropecuario.cl\/new\/","name":"Mundoagropecuario","description":"Mundo Agropecuario","publisher":{"@id":"https:\/\/www.mundoagropecuario.cl\/new\/#organization"},"potentialAction":[{"@type":"SearchAction","target":{"@type":"EntryPoint","urlTemplate":"https:\/\/www.mundoagropecuario.cl\/new\/?s={search_term_string}"},"query-input":{"@type":"PropertyValueSpecification","valueRequired":true,"valueName":"search_term_string"}}],"inLanguage":"es"},{"@type":"Organization","@id":"https:\/\/www.mundoagropecuario.cl\/new\/#organization","name":"Revista de Agricultura","url":"https:\/\/www.mundoagropecuario.cl\/new\/","logo":{"@type":"ImageObject","inLanguage":"es","@id":"https:\/\/www.mundoagropecuario.cl\/new\/#\/schema\/logo\/image\/","url":"https:\/\/www.mundoagropecuario.cl\/new\/wp-content\/uploads\/2020\/11\/PORTAL-1-1.png","contentUrl":"https:\/\/www.mundoagropecuario.cl\/new\/wp-content\/uploads\/2020\/11\/PORTAL-1-1.png","width":1026,"height":100,"caption":"Revista de Agricultura"},"image":{"@id":"https:\/\/www.mundoagropecuario.cl\/new\/#\/schema\/logo\/image\/"},"sameAs":["https:\/\/www.facebook.com\/mundo.agropecuario.3","https:\/\/x.com\/MundoAgropecuar","https:\/\/www.linkedin.com\/in\/mundo-agropecuario-934009201\/"]},{"@type":"Person","@id":"https:\/\/www.mundoagropecuario.cl\/new\/#\/schema\/person\/4e9f74a82a7dac260eb1c44b7eebeb18","name":"mundo","url":"https:\/\/www.mundoagropecuario.cl\/new\/author\/mundo\/"}]}},"_links":{"self":[{"href":"https:\/\/www.mundoagropecuario.cl\/new\/wp-json\/wp\/v2\/posts\/15635","targetHints":{"allow":["GET"]}}],"collection":[{"href":"https:\/\/www.mundoagropecuario.cl\/new\/wp-json\/wp\/v2\/posts"}],"about":[{"href":"https:\/\/www.mundoagropecuario.cl\/new\/wp-json\/wp\/v2\/types\/post"}],"author":[{"embeddable":true,"href":"https:\/\/www.mundoagropecuario.cl\/new\/wp-json\/wp\/v2\/users\/2"}],"replies":[{"embeddable":true,"href":"https:\/\/www.mundoagropecuario.cl\/new\/wp-json\/wp\/v2\/comments?post=15635"}],"version-history":[{"count":2,"href":"https:\/\/www.mundoagropecuario.cl\/new\/wp-json\/wp\/v2\/posts\/15635\/revisions"}],"predecessor-version":[{"id":15678,"href":"https:\/\/www.mundoagropecuario.cl\/new\/wp-json\/wp\/v2\/posts\/15635\/revisions\/15678"}],"wp:featuredmedia":[{"embeddable":true,"href":"https:\/\/www.mundoagropecuario.cl\/new\/wp-json\/wp\/v2\/media\/13529"}],"wp:attachment":[{"href":"https:\/\/www.mundoagropecuario.cl\/new\/wp-json\/wp\/v2\/media?parent=15635"}],"wp:term":[{"taxonomy":"category","embeddable":true,"href":"https:\/\/www.mundoagropecuario.cl\/new\/wp-json\/wp\/v2\/categories?post=15635"},{"taxonomy":"post_tag","embeddable":true,"href":"https:\/\/www.mundoagropecuario.cl\/new\/wp-json\/wp\/v2\/tags?post=15635"}],"curies":[{"name":"wp","href":"https:\/\/api.w.org\/{rel}","templated":true}]}}