{"id":15623,"date":"2020-02-04T10:24:41","date_gmt":"2020-02-04T13:24:41","guid":{"rendered":"http:\/\/www.mundoagropecuario.cl\/new\/?p=15623"},"modified":"2020-03-09T12:32:02","modified_gmt":"2020-03-09T15:32:02","slug":"id-de-inia-la-platina-es-incluido-en-libro-sobre-genoma-de-las-plantas-y-la-uva","status":"publish","type":"post","link":"https:\/\/www.mundoagropecuario.cl\/new\/id-de-inia-la-platina-es-incluido-en-libro-sobre-genoma-de-las-plantas-y-la-uva\/","title":{"rendered":"I+D de INIA La Platina es incluido en libro sobre genoma de las Plantas y la uva"},"content":{"rendered":"\n<ul class=\"wp-block-gallery columns-0 is-cropped wp-block-gallery-1 is-layout-flex wp-block-gallery-is-layout-flex\"><\/ul>\n\n\n\n<p><em>El libro discute la diversidad gen\u00e9tica dentro del g\u00e9nero Vitis, los recursos gen\u00e9ticos disponibles para la reproducci\u00f3n y los recursos gen\u00f3micos disponibles para otras especies de Vitis (Mundo Agropecuario).<\/em><\/p>\n\n\n\n<p>El libro que forma parte de la colecci\u00f3n \u201cGenoma de las Plantas\u201d y que se concentra en el \u201cGenoma de la Uva\u201d, ha sido recientemente publicado por Springer. Esta importante especie era una deuda cient\u00edfica en la colecci\u00f3n que esta casa editorial inici\u00f3 hace a\u00f1os y que se vincula con esta \u00e1rea del conocimiento actual. Fue editado por Dario Cantu y Andrew Walker, dos reconocidos cient\u00edficos de la Universidad California que invitaron a investigadores de diferentes partes del mundo a participar con sus trabajos, en una publicaci\u00f3n que tiene un enfoque en los \u00faltimos hallazgos, herramientas y estrategias empleadas en la secuenciaci\u00f3n y an\u00e1lisis del genoma, adem\u00e1s del mapeo gen\u00e9tico de rasgos agron\u00f3micos importantes de este importante cultivo.&nbsp;<\/p>\n\n\n\n<figure class=\"wp-block-image\"><img loading=\"lazy\" decoding=\"async\" width=\"533\" height=\"400\" src=\"https:\/\/www.mundoagropecuario.cl\/new\/wp-content\/uploads\/2020\/02\/HUMBERTO-PRIETO-1-1.png\" alt=\"\" class=\"wp-image-15624\" srcset=\"https:\/\/www.mundoagropecuario.cl\/new\/wp-content\/uploads\/2020\/02\/HUMBERTO-PRIETO-1-1.png 533w, https:\/\/www.mundoagropecuario.cl\/new\/wp-content\/uploads\/2020\/02\/HUMBERTO-PRIETO-1-1-586x440.png 586w, https:\/\/www.mundoagropecuario.cl\/new\/wp-content\/uploads\/2020\/02\/HUMBERTO-PRIETO-1-1-768x576.png 768w\" sizes=\"auto, (max-width: 533px) 100vw, 533px\" \/><\/figure>\n\n\n\n<p>Ese fue el caso del bioqu\u00edmico de INIA La Platina, Dr. Humberto Prieto, quien junto a los investigadores Mar\u00eda Miccono, Carlos Aguirre, Evelyn S\u00e1nchez y \u00c1lvaro Castro se comprometieron con en esta iniciativa, a solicitud de los editores de la serie. Espec\u00edficamente, el aporte de los chilenos correspondi\u00f3 al cap\u00edtulo titulado \u201cBiotecnolog\u00eda de la uva: Pasado, presente y futuro\u201d, en el que se abordan tem\u00e1ticas sobre c\u00f3mo la mejora gen\u00e9tica de la vid depende del mejoramiento convencional y la ingenier\u00eda gen\u00e9tica. As\u00ed, el cap\u00edtulo aporta, con su perspectiva de futuro, al valor y relevancia que tiene el conocimiento del genoma de la uva.<\/p>\n\n\n\n<p>Al respecto, el especialista en ingenier\u00eda gen\u00e9tica de plantas, explic\u00f3 que \u201cuna diferencia peque\u00f1a, pero importante con el esfuerzo de mejoramiento previo es que, hoy en d\u00eda, los estudios gen\u00f3micos y los avances tecnol\u00f3gicos en ingenier\u00eda gen\u00e9tica de la vid se han vuelto disponibles para todo el mundo, de tal manera que se pueden desarrollar nuevas variedades que sean compatibles con los desaf\u00edos del mercado\u201d.<\/p>\n\n\n\n<p>Adem\u00e1s, Prieto adelant\u00f3 que su cap\u00edtulo presenta y discute los avances en la transferencia de genes desde la perspectiva de los Nuevas T\u00e9cnicas de Mejoramiento (NBT), desarrolladas por su grupo en La Platina. Para ello, utiliza una disposici\u00f3n cronol\u00f3gica de la experimentaci\u00f3n de transferencia g\u00e9nica llevada a cabo durante los \u00faltimos 10 a\u00f1os como una visi\u00f3n complementaria de los excelentes trabajos ya disponibles. Asimismo, presenta la experiencia como INIA en el uso de los sistemas de edici\u00f3n de genes, \u00faltima tecnolog\u00eda de impacto en el \u00e1rea.<\/p>\n\n\n\n<p>En general, el compendio del \u201cGenoma de la Vid\u201d tambi\u00e9n analiza c\u00f3mo estos est\u00e1n teniendo un impacto directo en los resultados para los obtentores y la comunidad internacional de investigaci\u00f3n de la uva. El libro discute la diversidad gen\u00e9tica dentro del g\u00e9nero Vitis, los recursos gen\u00e9ticos disponibles para la reproducci\u00f3n y los recursos gen\u00f3micos disponibles para otras especies de Vitis. Est\u00e1 disponible en distintas versiones impresas y tambi\u00e9n en versi\u00f3n digital y se puede adquirir a trav\u00e9s de las plataformas en l\u00ednea de su casa editorial y tambi\u00e9n v\u00eda Amazon.<\/p>\n","protected":false},"excerpt":{"rendered":"<p>El libro discute la diversidad gen\u00e9tica dentro del g\u00e9nero Vitis, los recursos gen\u00e9ticos disponibles para la reproducci\u00f3n y los recursos gen\u00f3micos disponibles para otras especies de Vitis (Mundo Agropecuario). El&#8230;<\/p>\n","protected":false},"author":2,"featured_media":15625,"comment_status":"closed","ping_status":"closed","sticky":false,"template":"","format":"standard","meta":{"footnotes":""},"categories":[1951],"tags":[3127,4614,2525,4149,4615],"class_list":["post-15623","post","type-post","status-publish","format-standard","has-post-thumbnail","hentry","category-id","tag-agro","tag-genoma-de-las-plantas-y-la-uva","tag-inia-la-platina","tag-mundo-agropecuario","tag-vitis"],"yoast_head":"<!-- This site is optimized with the Yoast SEO plugin v26.6 - https:\/\/yoast.com\/wordpress\/plugins\/seo\/ -->\n<title>I+D de INIA La Platina es incluido en libro sobre genoma de las Plantas y la uva - Mundoagropecuario<\/title>\n<meta name=\"robots\" content=\"index, follow, max-snippet:-1, max-image-preview:large, max-video-preview:-1\" \/>\n<link rel=\"canonical\" href=\"https:\/\/www.mundoagropecuario.cl\/new\/id-de-inia-la-platina-es-incluido-en-libro-sobre-genoma-de-las-plantas-y-la-uva\/\" \/>\n<meta property=\"og:locale\" content=\"es_ES\" \/>\n<meta property=\"og:type\" content=\"article\" \/>\n<meta property=\"og:title\" content=\"I+D de INIA La Platina es incluido en libro sobre genoma de las Plantas y la uva - Mundoagropecuario\" \/>\n<meta property=\"og:description\" content=\"El libro discute la diversidad gen\u00e9tica dentro del g\u00e9nero Vitis, los recursos gen\u00e9ticos disponibles para la reproducci\u00f3n y los recursos gen\u00f3micos disponibles para otras especies de Vitis (Mundo Agropecuario). El...\" \/>\n<meta property=\"og:url\" content=\"https:\/\/www.mundoagropecuario.cl\/new\/id-de-inia-la-platina-es-incluido-en-libro-sobre-genoma-de-las-plantas-y-la-uva\/\" \/>\n<meta property=\"og:site_name\" content=\"Mundoagropecuario\" \/>\n<meta property=\"article:publisher\" content=\"https:\/\/www.facebook.com\/mundo.agropecuario.3\" \/>\n<meta property=\"article:published_time\" content=\"2020-02-04T13:24:41+00:00\" \/>\n<meta property=\"article:modified_time\" content=\"2020-03-09T15:32:02+00:00\" \/>\n<meta property=\"og:image\" content=\"https:\/\/www.mundoagropecuario.cl\/new\/wp-content\/uploads\/2020\/02\/HUMBERTO-PRIETO-4.jpg\" \/>\n\t<meta property=\"og:image:width\" content=\"1024\" \/>\n\t<meta property=\"og:image:height\" content=\"562\" \/>\n\t<meta property=\"og:image:type\" content=\"image\/jpeg\" \/>\n<meta name=\"author\" content=\"mundo\" \/>\n<meta name=\"twitter:card\" content=\"summary_large_image\" \/>\n<meta name=\"twitter:creator\" content=\"@MundoAgropecuar\" \/>\n<meta name=\"twitter:site\" content=\"@MundoAgropecuar\" \/>\n<meta name=\"twitter:label1\" content=\"Escrito por\" \/>\n\t<meta name=\"twitter:data1\" content=\"mundo\" \/>\n\t<meta name=\"twitter:label2\" content=\"Tiempo de lectura\" \/>\n\t<meta name=\"twitter:data2\" content=\"3 minutos\" \/>\n<script type=\"application\/ld+json\" class=\"yoast-schema-graph\">{\"@context\":\"https:\/\/schema.org\",\"@graph\":[{\"@type\":\"Article\",\"@id\":\"https:\/\/www.mundoagropecuario.cl\/new\/id-de-inia-la-platina-es-incluido-en-libro-sobre-genoma-de-las-plantas-y-la-uva\/#article\",\"isPartOf\":{\"@id\":\"https:\/\/www.mundoagropecuario.cl\/new\/id-de-inia-la-platina-es-incluido-en-libro-sobre-genoma-de-las-plantas-y-la-uva\/\"},\"author\":{\"name\":\"mundo\",\"@id\":\"https:\/\/www.mundoagropecuario.cl\/new\/#\/schema\/person\/4e9f74a82a7dac260eb1c44b7eebeb18\"},\"headline\":\"I+D de INIA La Platina es incluido en libro sobre genoma de las Plantas y la uva\",\"datePublished\":\"2020-02-04T13:24:41+00:00\",\"dateModified\":\"2020-03-09T15:32:02+00:00\",\"mainEntityOfPage\":{\"@id\":\"https:\/\/www.mundoagropecuario.cl\/new\/id-de-inia-la-platina-es-incluido-en-libro-sobre-genoma-de-las-plantas-y-la-uva\/\"},\"wordCount\":572,\"publisher\":{\"@id\":\"https:\/\/www.mundoagropecuario.cl\/new\/#organization\"},\"image\":{\"@id\":\"https:\/\/www.mundoagropecuario.cl\/new\/id-de-inia-la-platina-es-incluido-en-libro-sobre-genoma-de-las-plantas-y-la-uva\/#primaryimage\"},\"thumbnailUrl\":\"https:\/\/www.mundoagropecuario.cl\/new\/wp-content\/uploads\/2020\/02\/HUMBERTO-PRIETO-4.jpg\",\"keywords\":[\"Agro\",\"genoma de las Plantas y la uva\",\"INIA La Platina\",\"Mundo Agropecuario\",\"Vitis\"],\"articleSection\":[\"I+D\"],\"inLanguage\":\"es\"},{\"@type\":\"WebPage\",\"@id\":\"https:\/\/www.mundoagropecuario.cl\/new\/id-de-inia-la-platina-es-incluido-en-libro-sobre-genoma-de-las-plantas-y-la-uva\/\",\"url\":\"https:\/\/www.mundoagropecuario.cl\/new\/id-de-inia-la-platina-es-incluido-en-libro-sobre-genoma-de-las-plantas-y-la-uva\/\",\"name\":\"I+D de INIA La Platina es incluido en libro sobre genoma de las Plantas y la uva - Mundoagropecuario\",\"isPartOf\":{\"@id\":\"https:\/\/www.mundoagropecuario.cl\/new\/#website\"},\"primaryImageOfPage\":{\"@id\":\"https:\/\/www.mundoagropecuario.cl\/new\/id-de-inia-la-platina-es-incluido-en-libro-sobre-genoma-de-las-plantas-y-la-uva\/#primaryimage\"},\"image\":{\"@id\":\"https:\/\/www.mundoagropecuario.cl\/new\/id-de-inia-la-platina-es-incluido-en-libro-sobre-genoma-de-las-plantas-y-la-uva\/#primaryimage\"},\"thumbnailUrl\":\"https:\/\/www.mundoagropecuario.cl\/new\/wp-content\/uploads\/2020\/02\/HUMBERTO-PRIETO-4.jpg\",\"datePublished\":\"2020-02-04T13:24:41+00:00\",\"dateModified\":\"2020-03-09T15:32:02+00:00\",\"breadcrumb\":{\"@id\":\"https:\/\/www.mundoagropecuario.cl\/new\/id-de-inia-la-platina-es-incluido-en-libro-sobre-genoma-de-las-plantas-y-la-uva\/#breadcrumb\"},\"inLanguage\":\"es\",\"potentialAction\":[{\"@type\":\"ReadAction\",\"target\":[\"https:\/\/www.mundoagropecuario.cl\/new\/id-de-inia-la-platina-es-incluido-en-libro-sobre-genoma-de-las-plantas-y-la-uva\/\"]}]},{\"@type\":\"ImageObject\",\"inLanguage\":\"es\",\"@id\":\"https:\/\/www.mundoagropecuario.cl\/new\/id-de-inia-la-platina-es-incluido-en-libro-sobre-genoma-de-las-plantas-y-la-uva\/#primaryimage\",\"url\":\"https:\/\/www.mundoagropecuario.cl\/new\/wp-content\/uploads\/2020\/02\/HUMBERTO-PRIETO-4.jpg\",\"contentUrl\":\"https:\/\/www.mundoagropecuario.cl\/new\/wp-content\/uploads\/2020\/02\/HUMBERTO-PRIETO-4.jpg\",\"width\":720,\"height\":395},{\"@type\":\"BreadcrumbList\",\"@id\":\"https:\/\/www.mundoagropecuario.cl\/new\/id-de-inia-la-platina-es-incluido-en-libro-sobre-genoma-de-las-plantas-y-la-uva\/#breadcrumb\",\"itemListElement\":[{\"@type\":\"ListItem\",\"position\":1,\"name\":\"Portada\",\"item\":\"https:\/\/www.mundoagropecuario.cl\/new\/\"},{\"@type\":\"ListItem\",\"position\":2,\"name\":\"I+D de INIA La Platina es incluido en libro sobre genoma de las Plantas y la uva\"}]},{\"@type\":\"WebSite\",\"@id\":\"https:\/\/www.mundoagropecuario.cl\/new\/#website\",\"url\":\"https:\/\/www.mundoagropecuario.cl\/new\/\",\"name\":\"Mundoagropecuario\",\"description\":\"Mundo Agropecuario\",\"publisher\":{\"@id\":\"https:\/\/www.mundoagropecuario.cl\/new\/#organization\"},\"potentialAction\":[{\"@type\":\"SearchAction\",\"target\":{\"@type\":\"EntryPoint\",\"urlTemplate\":\"https:\/\/www.mundoagropecuario.cl\/new\/?s={search_term_string}\"},\"query-input\":{\"@type\":\"PropertyValueSpecification\",\"valueRequired\":true,\"valueName\":\"search_term_string\"}}],\"inLanguage\":\"es\"},{\"@type\":\"Organization\",\"@id\":\"https:\/\/www.mundoagropecuario.cl\/new\/#organization\",\"name\":\"Revista de Agricultura\",\"url\":\"https:\/\/www.mundoagropecuario.cl\/new\/\",\"logo\":{\"@type\":\"ImageObject\",\"inLanguage\":\"es\",\"@id\":\"https:\/\/www.mundoagropecuario.cl\/new\/#\/schema\/logo\/image\/\",\"url\":\"https:\/\/www.mundoagropecuario.cl\/new\/wp-content\/uploads\/2020\/11\/PORTAL-1-1.png\",\"contentUrl\":\"https:\/\/www.mundoagropecuario.cl\/new\/wp-content\/uploads\/2020\/11\/PORTAL-1-1.png\",\"width\":1026,\"height\":100,\"caption\":\"Revista de Agricultura\"},\"image\":{\"@id\":\"https:\/\/www.mundoagropecuario.cl\/new\/#\/schema\/logo\/image\/\"},\"sameAs\":[\"https:\/\/www.facebook.com\/mundo.agropecuario.3\",\"https:\/\/x.com\/MundoAgropecuar\",\"https:\/\/www.linkedin.com\/in\/mundo-agropecuario-934009201\/\"]},{\"@type\":\"Person\",\"@id\":\"https:\/\/www.mundoagropecuario.cl\/new\/#\/schema\/person\/4e9f74a82a7dac260eb1c44b7eebeb18\",\"name\":\"mundo\",\"url\":\"https:\/\/www.mundoagropecuario.cl\/new\/author\/mundo\/\"}]}<\/script>\n<!-- \/ Yoast SEO plugin. -->","yoast_head_json":{"title":"I+D de INIA La Platina es incluido en libro sobre genoma de las Plantas y la uva - Mundoagropecuario","robots":{"index":"index","follow":"follow","max-snippet":"max-snippet:-1","max-image-preview":"max-image-preview:large","max-video-preview":"max-video-preview:-1"},"canonical":"https:\/\/www.mundoagropecuario.cl\/new\/id-de-inia-la-platina-es-incluido-en-libro-sobre-genoma-de-las-plantas-y-la-uva\/","og_locale":"es_ES","og_type":"article","og_title":"I+D de INIA La Platina es incluido en libro sobre genoma de las Plantas y la uva - Mundoagropecuario","og_description":"El libro discute la diversidad gen\u00e9tica dentro del g\u00e9nero Vitis, los recursos gen\u00e9ticos disponibles para la reproducci\u00f3n y los recursos gen\u00f3micos disponibles para otras especies de Vitis (Mundo Agropecuario). El...","og_url":"https:\/\/www.mundoagropecuario.cl\/new\/id-de-inia-la-platina-es-incluido-en-libro-sobre-genoma-de-las-plantas-y-la-uva\/","og_site_name":"Mundoagropecuario","article_publisher":"https:\/\/www.facebook.com\/mundo.agropecuario.3","article_published_time":"2020-02-04T13:24:41+00:00","article_modified_time":"2020-03-09T15:32:02+00:00","og_image":[{"width":1024,"height":562,"url":"https:\/\/www.mundoagropecuario.cl\/new\/wp-content\/uploads\/2020\/02\/HUMBERTO-PRIETO-4.jpg","type":"image\/jpeg"}],"author":"mundo","twitter_card":"summary_large_image","twitter_creator":"@MundoAgropecuar","twitter_site":"@MundoAgropecuar","twitter_misc":{"Escrito por":"mundo","Tiempo de lectura":"3 minutos"},"schema":{"@context":"https:\/\/schema.org","@graph":[{"@type":"Article","@id":"https:\/\/www.mundoagropecuario.cl\/new\/id-de-inia-la-platina-es-incluido-en-libro-sobre-genoma-de-las-plantas-y-la-uva\/#article","isPartOf":{"@id":"https:\/\/www.mundoagropecuario.cl\/new\/id-de-inia-la-platina-es-incluido-en-libro-sobre-genoma-de-las-plantas-y-la-uva\/"},"author":{"name":"mundo","@id":"https:\/\/www.mundoagropecuario.cl\/new\/#\/schema\/person\/4e9f74a82a7dac260eb1c44b7eebeb18"},"headline":"I+D de INIA La Platina es incluido en libro sobre genoma de las Plantas y la uva","datePublished":"2020-02-04T13:24:41+00:00","dateModified":"2020-03-09T15:32:02+00:00","mainEntityOfPage":{"@id":"https:\/\/www.mundoagropecuario.cl\/new\/id-de-inia-la-platina-es-incluido-en-libro-sobre-genoma-de-las-plantas-y-la-uva\/"},"wordCount":572,"publisher":{"@id":"https:\/\/www.mundoagropecuario.cl\/new\/#organization"},"image":{"@id":"https:\/\/www.mundoagropecuario.cl\/new\/id-de-inia-la-platina-es-incluido-en-libro-sobre-genoma-de-las-plantas-y-la-uva\/#primaryimage"},"thumbnailUrl":"https:\/\/www.mundoagropecuario.cl\/new\/wp-content\/uploads\/2020\/02\/HUMBERTO-PRIETO-4.jpg","keywords":["Agro","genoma de las Plantas y la uva","INIA La Platina","Mundo Agropecuario","Vitis"],"articleSection":["I+D"],"inLanguage":"es"},{"@type":"WebPage","@id":"https:\/\/www.mundoagropecuario.cl\/new\/id-de-inia-la-platina-es-incluido-en-libro-sobre-genoma-de-las-plantas-y-la-uva\/","url":"https:\/\/www.mundoagropecuario.cl\/new\/id-de-inia-la-platina-es-incluido-en-libro-sobre-genoma-de-las-plantas-y-la-uva\/","name":"I+D de INIA La Platina es incluido en libro sobre genoma de las Plantas y la uva - Mundoagropecuario","isPartOf":{"@id":"https:\/\/www.mundoagropecuario.cl\/new\/#website"},"primaryImageOfPage":{"@id":"https:\/\/www.mundoagropecuario.cl\/new\/id-de-inia-la-platina-es-incluido-en-libro-sobre-genoma-de-las-plantas-y-la-uva\/#primaryimage"},"image":{"@id":"https:\/\/www.mundoagropecuario.cl\/new\/id-de-inia-la-platina-es-incluido-en-libro-sobre-genoma-de-las-plantas-y-la-uva\/#primaryimage"},"thumbnailUrl":"https:\/\/www.mundoagropecuario.cl\/new\/wp-content\/uploads\/2020\/02\/HUMBERTO-PRIETO-4.jpg","datePublished":"2020-02-04T13:24:41+00:00","dateModified":"2020-03-09T15:32:02+00:00","breadcrumb":{"@id":"https:\/\/www.mundoagropecuario.cl\/new\/id-de-inia-la-platina-es-incluido-en-libro-sobre-genoma-de-las-plantas-y-la-uva\/#breadcrumb"},"inLanguage":"es","potentialAction":[{"@type":"ReadAction","target":["https:\/\/www.mundoagropecuario.cl\/new\/id-de-inia-la-platina-es-incluido-en-libro-sobre-genoma-de-las-plantas-y-la-uva\/"]}]},{"@type":"ImageObject","inLanguage":"es","@id":"https:\/\/www.mundoagropecuario.cl\/new\/id-de-inia-la-platina-es-incluido-en-libro-sobre-genoma-de-las-plantas-y-la-uva\/#primaryimage","url":"https:\/\/www.mundoagropecuario.cl\/new\/wp-content\/uploads\/2020\/02\/HUMBERTO-PRIETO-4.jpg","contentUrl":"https:\/\/www.mundoagropecuario.cl\/new\/wp-content\/uploads\/2020\/02\/HUMBERTO-PRIETO-4.jpg","width":720,"height":395},{"@type":"BreadcrumbList","@id":"https:\/\/www.mundoagropecuario.cl\/new\/id-de-inia-la-platina-es-incluido-en-libro-sobre-genoma-de-las-plantas-y-la-uva\/#breadcrumb","itemListElement":[{"@type":"ListItem","position":1,"name":"Portada","item":"https:\/\/www.mundoagropecuario.cl\/new\/"},{"@type":"ListItem","position":2,"name":"I+D de INIA La Platina es incluido en libro sobre genoma de las Plantas y la uva"}]},{"@type":"WebSite","@id":"https:\/\/www.mundoagropecuario.cl\/new\/#website","url":"https:\/\/www.mundoagropecuario.cl\/new\/","name":"Mundoagropecuario","description":"Mundo Agropecuario","publisher":{"@id":"https:\/\/www.mundoagropecuario.cl\/new\/#organization"},"potentialAction":[{"@type":"SearchAction","target":{"@type":"EntryPoint","urlTemplate":"https:\/\/www.mundoagropecuario.cl\/new\/?s={search_term_string}"},"query-input":{"@type":"PropertyValueSpecification","valueRequired":true,"valueName":"search_term_string"}}],"inLanguage":"es"},{"@type":"Organization","@id":"https:\/\/www.mundoagropecuario.cl\/new\/#organization","name":"Revista de Agricultura","url":"https:\/\/www.mundoagropecuario.cl\/new\/","logo":{"@type":"ImageObject","inLanguage":"es","@id":"https:\/\/www.mundoagropecuario.cl\/new\/#\/schema\/logo\/image\/","url":"https:\/\/www.mundoagropecuario.cl\/new\/wp-content\/uploads\/2020\/11\/PORTAL-1-1.png","contentUrl":"https:\/\/www.mundoagropecuario.cl\/new\/wp-content\/uploads\/2020\/11\/PORTAL-1-1.png","width":1026,"height":100,"caption":"Revista de Agricultura"},"image":{"@id":"https:\/\/www.mundoagropecuario.cl\/new\/#\/schema\/logo\/image\/"},"sameAs":["https:\/\/www.facebook.com\/mundo.agropecuario.3","https:\/\/x.com\/MundoAgropecuar","https:\/\/www.linkedin.com\/in\/mundo-agropecuario-934009201\/"]},{"@type":"Person","@id":"https:\/\/www.mundoagropecuario.cl\/new\/#\/schema\/person\/4e9f74a82a7dac260eb1c44b7eebeb18","name":"mundo","url":"https:\/\/www.mundoagropecuario.cl\/new\/author\/mundo\/"}]}},"_links":{"self":[{"href":"https:\/\/www.mundoagropecuario.cl\/new\/wp-json\/wp\/v2\/posts\/15623","targetHints":{"allow":["GET"]}}],"collection":[{"href":"https:\/\/www.mundoagropecuario.cl\/new\/wp-json\/wp\/v2\/posts"}],"about":[{"href":"https:\/\/www.mundoagropecuario.cl\/new\/wp-json\/wp\/v2\/types\/post"}],"author":[{"embeddable":true,"href":"https:\/\/www.mundoagropecuario.cl\/new\/wp-json\/wp\/v2\/users\/2"}],"replies":[{"embeddable":true,"href":"https:\/\/www.mundoagropecuario.cl\/new\/wp-json\/wp\/v2\/comments?post=15623"}],"version-history":[{"count":2,"href":"https:\/\/www.mundoagropecuario.cl\/new\/wp-json\/wp\/v2\/posts\/15623\/revisions"}],"predecessor-version":[{"id":15637,"href":"https:\/\/www.mundoagropecuario.cl\/new\/wp-json\/wp\/v2\/posts\/15623\/revisions\/15637"}],"wp:featuredmedia":[{"embeddable":true,"href":"https:\/\/www.mundoagropecuario.cl\/new\/wp-json\/wp\/v2\/media\/15625"}],"wp:attachment":[{"href":"https:\/\/www.mundoagropecuario.cl\/new\/wp-json\/wp\/v2\/media?parent=15623"}],"wp:term":[{"taxonomy":"category","embeddable":true,"href":"https:\/\/www.mundoagropecuario.cl\/new\/wp-json\/wp\/v2\/categories?post=15623"},{"taxonomy":"post_tag","embeddable":true,"href":"https:\/\/www.mundoagropecuario.cl\/new\/wp-json\/wp\/v2\/tags?post=15623"}],"curies":[{"name":"wp","href":"https:\/\/api.w.org\/{rel}","templated":true}]}}