{"id":15520,"date":"2020-01-15T02:39:03","date_gmt":"2020-01-15T05:39:03","guid":{"rendered":"http:\/\/www.mundoagropecuario.cl\/new\/?p=15520"},"modified":"2020-01-15T00:46:16","modified_gmt":"2020-01-15T03:46:16","slug":"pequenos-agricultores-participan-en-taller-para-la-adaptacion-al-cambio-climatico","status":"publish","type":"post","link":"https:\/\/www.mundoagropecuario.cl\/new\/pequenos-agricultores-participan-en-taller-para-la-adaptacion-al-cambio-climatico\/","title":{"rendered":"Peque\u00f1os agricultores participan en taller para la adaptaci\u00f3n al cambio clim\u00e1tico"},"content":{"rendered":"\n<ul class=\"wp-block-gallery columns-0 is-cropped wp-block-gallery-1 is-layout-flex wp-block-gallery-is-layout-flex\"><\/ul>\n\n\n\n<p class=\"has-medium-font-size\"><em>Esta actividad se trata del cuarto taller que realiza INDAP con esta tem\u00e1tica concentrada en la crisis h\u00eddrica (Mundo Agropecuario).<\/em><\/p>\n\n\n\n<p>Un centenar de peque\u00f1os agricultores de comunas rurales de la Regi\u00f3n Metropolitana, junto a autoridades y t\u00e9cnicos del agro, participan en el Taller \u201cModernizaci\u00f3n del Agro: Adaptaci\u00f3n al Cambio Clim\u00e1tico\u201d, organizado por INDAP del Ministerio de Agricultura en regiones declaradas en emergencia agr\u00edcola por sequ\u00eda.<\/p>\n\n\n\n<p>La actividad ser\u00e1 inaugurada por el director nacional de INDAP, Carlos Recondo, y contar\u00e1 con la participaci\u00f3n del Subsecretario de Agricultura Jos\u00e9 Ignacio Pinochet, adem\u00e1s del experto Fernando Santiba\u00f1ez, ingeniero agr\u00f3nomo de la Universidad de Chile y doctor en Bioclimatolog\u00eda de la Universidad de Paris IV, quien dictar\u00e1 una charla a los usuarios.\u00a0<\/p>\n\n\n\n<p>Se trata del cuarto taller que realiza INDAP con esta tem\u00e1tica concentrada en la crisis h\u00eddrica, luego de los efectuados en diciembre en O\u00b4Higgins\u00a0\u00a0(Santa Cruz), Valpara\u00edso (Olmu\u00e9) y Coquimbo (Ovalle) y que han sumado la participaci\u00f3n de unos 400 productores agr\u00edcolas y crianceros, los cuales tienen un rol protag\u00f3nico al compartir sus experiencias y construir de manera conjunta nuevas pr\u00e1cticas para la subsistencia de la agricultura familiar campesina.\u00a0\u00a0\u00a0<\/p>\n\n\n\n<p>Contacto: Francisco Mor\u00f3n M. +56981773800 \/ <a href=\"fmoron@indap.cl\">fmoron@indap.cl<\/a><\/p>\n","protected":false},"excerpt":{"rendered":"<p>Esta actividad se trata del cuarto taller que realiza INDAP con esta tem\u00e1tica concentrada en la crisis h\u00eddrica (Mundo Agropecuario). Un centenar de peque\u00f1os agricultores de comunas rurales de la&#8230;<\/p>\n","protected":false},"author":2,"featured_media":15521,"comment_status":"closed","ping_status":"closed","sticky":false,"template":"","format":"standard","meta":{"footnotes":""},"categories":[1945],"tags":[3127,542,3825,4149],"class_list":["post-15520","post","type-post","status-publish","format-standard","has-post-thumbnail","hentry","category-agricultura","tag-agro","tag-cambio-climatico","tag-indap-araucania","tag-mundo-agropecuario"],"yoast_head":"<!-- This site is optimized with the Yoast SEO plugin v26.6 - https:\/\/yoast.com\/wordpress\/plugins\/seo\/ -->\n<title>Peque\u00f1os agricultores participan en taller para la adaptaci\u00f3n al cambio clim\u00e1tico - Mundoagropecuario<\/title>\n<meta name=\"robots\" content=\"index, follow, max-snippet:-1, max-image-preview:large, max-video-preview:-1\" \/>\n<link rel=\"canonical\" href=\"https:\/\/www.mundoagropecuario.cl\/new\/pequenos-agricultores-participan-en-taller-para-la-adaptacion-al-cambio-climatico\/\" \/>\n<meta property=\"og:locale\" content=\"es_ES\" \/>\n<meta property=\"og:type\" content=\"article\" \/>\n<meta property=\"og:title\" content=\"Peque\u00f1os agricultores participan en taller para la adaptaci\u00f3n al cambio clim\u00e1tico - Mundoagropecuario\" \/>\n<meta property=\"og:description\" content=\"Esta actividad se trata del cuarto taller que realiza INDAP con esta tem\u00e1tica concentrada en la crisis h\u00eddrica (Mundo Agropecuario). Un centenar de peque\u00f1os agricultores de comunas rurales de la...\" \/>\n<meta property=\"og:url\" content=\"https:\/\/www.mundoagropecuario.cl\/new\/pequenos-agricultores-participan-en-taller-para-la-adaptacion-al-cambio-climatico\/\" \/>\n<meta property=\"og:site_name\" content=\"Mundoagropecuario\" \/>\n<meta property=\"article:publisher\" content=\"https:\/\/www.facebook.com\/mundo.agropecuario.3\" \/>\n<meta property=\"article:published_time\" content=\"2020-01-15T05:39:03+00:00\" \/>\n<meta property=\"og:image\" content=\"https:\/\/www.mundoagropecuario.cl\/new\/wp-content\/uploads\/2020\/01\/taller-e1579207986129.jpg\" \/>\n\t<meta property=\"og:image:width\" content=\"752\" \/>\n\t<meta property=\"og:image:height\" content=\"501\" \/>\n\t<meta property=\"og:image:type\" content=\"image\/jpeg\" \/>\n<meta name=\"author\" content=\"mundo\" \/>\n<meta name=\"twitter:card\" content=\"summary_large_image\" \/>\n<meta name=\"twitter:creator\" content=\"@MundoAgropecuar\" \/>\n<meta name=\"twitter:site\" content=\"@MundoAgropecuar\" \/>\n<meta name=\"twitter:label1\" content=\"Escrito por\" \/>\n\t<meta name=\"twitter:data1\" content=\"mundo\" \/>\n\t<meta name=\"twitter:label2\" content=\"Tiempo de lectura\" \/>\n\t<meta name=\"twitter:data2\" content=\"1 minuto\" \/>\n<script type=\"application\/ld+json\" class=\"yoast-schema-graph\">{\"@context\":\"https:\/\/schema.org\",\"@graph\":[{\"@type\":\"Article\",\"@id\":\"https:\/\/www.mundoagropecuario.cl\/new\/pequenos-agricultores-participan-en-taller-para-la-adaptacion-al-cambio-climatico\/#article\",\"isPartOf\":{\"@id\":\"https:\/\/www.mundoagropecuario.cl\/new\/pequenos-agricultores-participan-en-taller-para-la-adaptacion-al-cambio-climatico\/\"},\"author\":{\"name\":\"mundo\",\"@id\":\"https:\/\/www.mundoagropecuario.cl\/new\/#\/schema\/person\/4e9f74a82a7dac260eb1c44b7eebeb18\"},\"headline\":\"Peque\u00f1os agricultores participan en taller para la adaptaci\u00f3n al cambio clim\u00e1tico\",\"datePublished\":\"2020-01-15T05:39:03+00:00\",\"mainEntityOfPage\":{\"@id\":\"https:\/\/www.mundoagropecuario.cl\/new\/pequenos-agricultores-participan-en-taller-para-la-adaptacion-al-cambio-climatico\/\"},\"wordCount\":231,\"publisher\":{\"@id\":\"https:\/\/www.mundoagropecuario.cl\/new\/#organization\"},\"image\":{\"@id\":\"https:\/\/www.mundoagropecuario.cl\/new\/pequenos-agricultores-participan-en-taller-para-la-adaptacion-al-cambio-climatico\/#primaryimage\"},\"thumbnailUrl\":\"https:\/\/www.mundoagropecuario.cl\/new\/wp-content\/uploads\/2020\/01\/taller-e1579207986129.jpg\",\"keywords\":[\"Agro\",\"Cambio clim\u00e1tico\",\"Indap Araucan\u00eda\",\"Mundo Agropecuario\"],\"articleSection\":[\"Agricultura\"],\"inLanguage\":\"es\"},{\"@type\":\"WebPage\",\"@id\":\"https:\/\/www.mundoagropecuario.cl\/new\/pequenos-agricultores-participan-en-taller-para-la-adaptacion-al-cambio-climatico\/\",\"url\":\"https:\/\/www.mundoagropecuario.cl\/new\/pequenos-agricultores-participan-en-taller-para-la-adaptacion-al-cambio-climatico\/\",\"name\":\"Peque\u00f1os agricultores participan en taller para la adaptaci\u00f3n al cambio clim\u00e1tico - Mundoagropecuario\",\"isPartOf\":{\"@id\":\"https:\/\/www.mundoagropecuario.cl\/new\/#website\"},\"primaryImageOfPage\":{\"@id\":\"https:\/\/www.mundoagropecuario.cl\/new\/pequenos-agricultores-participan-en-taller-para-la-adaptacion-al-cambio-climatico\/#primaryimage\"},\"image\":{\"@id\":\"https:\/\/www.mundoagropecuario.cl\/new\/pequenos-agricultores-participan-en-taller-para-la-adaptacion-al-cambio-climatico\/#primaryimage\"},\"thumbnailUrl\":\"https:\/\/www.mundoagropecuario.cl\/new\/wp-content\/uploads\/2020\/01\/taller-e1579207986129.jpg\",\"datePublished\":\"2020-01-15T05:39:03+00:00\",\"breadcrumb\":{\"@id\":\"https:\/\/www.mundoagropecuario.cl\/new\/pequenos-agricultores-participan-en-taller-para-la-adaptacion-al-cambio-climatico\/#breadcrumb\"},\"inLanguage\":\"es\",\"potentialAction\":[{\"@type\":\"ReadAction\",\"target\":[\"https:\/\/www.mundoagropecuario.cl\/new\/pequenos-agricultores-participan-en-taller-para-la-adaptacion-al-cambio-climatico\/\"]}]},{\"@type\":\"ImageObject\",\"inLanguage\":\"es\",\"@id\":\"https:\/\/www.mundoagropecuario.cl\/new\/pequenos-agricultores-participan-en-taller-para-la-adaptacion-al-cambio-climatico\/#primaryimage\",\"url\":\"https:\/\/www.mundoagropecuario.cl\/new\/wp-content\/uploads\/2020\/01\/taller-e1579207986129.jpg\",\"contentUrl\":\"https:\/\/www.mundoagropecuario.cl\/new\/wp-content\/uploads\/2020\/01\/taller-e1579207986129.jpg\",\"width\":600,\"height\":400},{\"@type\":\"BreadcrumbList\",\"@id\":\"https:\/\/www.mundoagropecuario.cl\/new\/pequenos-agricultores-participan-en-taller-para-la-adaptacion-al-cambio-climatico\/#breadcrumb\",\"itemListElement\":[{\"@type\":\"ListItem\",\"position\":1,\"name\":\"Portada\",\"item\":\"https:\/\/www.mundoagropecuario.cl\/new\/\"},{\"@type\":\"ListItem\",\"position\":2,\"name\":\"Peque\u00f1os agricultores participan en taller para la adaptaci\u00f3n al cambio clim\u00e1tico\"}]},{\"@type\":\"WebSite\",\"@id\":\"https:\/\/www.mundoagropecuario.cl\/new\/#website\",\"url\":\"https:\/\/www.mundoagropecuario.cl\/new\/\",\"name\":\"Mundoagropecuario\",\"description\":\"Mundo Agropecuario\",\"publisher\":{\"@id\":\"https:\/\/www.mundoagropecuario.cl\/new\/#organization\"},\"potentialAction\":[{\"@type\":\"SearchAction\",\"target\":{\"@type\":\"EntryPoint\",\"urlTemplate\":\"https:\/\/www.mundoagropecuario.cl\/new\/?s={search_term_string}\"},\"query-input\":{\"@type\":\"PropertyValueSpecification\",\"valueRequired\":true,\"valueName\":\"search_term_string\"}}],\"inLanguage\":\"es\"},{\"@type\":\"Organization\",\"@id\":\"https:\/\/www.mundoagropecuario.cl\/new\/#organization\",\"name\":\"Revista de Agricultura\",\"url\":\"https:\/\/www.mundoagropecuario.cl\/new\/\",\"logo\":{\"@type\":\"ImageObject\",\"inLanguage\":\"es\",\"@id\":\"https:\/\/www.mundoagropecuario.cl\/new\/#\/schema\/logo\/image\/\",\"url\":\"https:\/\/www.mundoagropecuario.cl\/new\/wp-content\/uploads\/2020\/11\/PORTAL-1-1.png\",\"contentUrl\":\"https:\/\/www.mundoagropecuario.cl\/new\/wp-content\/uploads\/2020\/11\/PORTAL-1-1.png\",\"width\":1026,\"height\":100,\"caption\":\"Revista de Agricultura\"},\"image\":{\"@id\":\"https:\/\/www.mundoagropecuario.cl\/new\/#\/schema\/logo\/image\/\"},\"sameAs\":[\"https:\/\/www.facebook.com\/mundo.agropecuario.3\",\"https:\/\/x.com\/MundoAgropecuar\",\"https:\/\/www.linkedin.com\/in\/mundo-agropecuario-934009201\/\"]},{\"@type\":\"Person\",\"@id\":\"https:\/\/www.mundoagropecuario.cl\/new\/#\/schema\/person\/4e9f74a82a7dac260eb1c44b7eebeb18\",\"name\":\"mundo\",\"url\":\"https:\/\/www.mundoagropecuario.cl\/new\/author\/mundo\/\"}]}<\/script>\n<!-- \/ Yoast SEO plugin. -->","yoast_head_json":{"title":"Peque\u00f1os agricultores participan en taller para la adaptaci\u00f3n al cambio clim\u00e1tico - Mundoagropecuario","robots":{"index":"index","follow":"follow","max-snippet":"max-snippet:-1","max-image-preview":"max-image-preview:large","max-video-preview":"max-video-preview:-1"},"canonical":"https:\/\/www.mundoagropecuario.cl\/new\/pequenos-agricultores-participan-en-taller-para-la-adaptacion-al-cambio-climatico\/","og_locale":"es_ES","og_type":"article","og_title":"Peque\u00f1os agricultores participan en taller para la adaptaci\u00f3n al cambio clim\u00e1tico - Mundoagropecuario","og_description":"Esta actividad se trata del cuarto taller que realiza INDAP con esta tem\u00e1tica concentrada en la crisis h\u00eddrica (Mundo Agropecuario). Un centenar de peque\u00f1os agricultores de comunas rurales de la...","og_url":"https:\/\/www.mundoagropecuario.cl\/new\/pequenos-agricultores-participan-en-taller-para-la-adaptacion-al-cambio-climatico\/","og_site_name":"Mundoagropecuario","article_publisher":"https:\/\/www.facebook.com\/mundo.agropecuario.3","article_published_time":"2020-01-15T05:39:03+00:00","og_image":[{"width":752,"height":501,"url":"https:\/\/www.mundoagropecuario.cl\/new\/wp-content\/uploads\/2020\/01\/taller-e1579207986129.jpg","type":"image\/jpeg"}],"author":"mundo","twitter_card":"summary_large_image","twitter_creator":"@MundoAgropecuar","twitter_site":"@MundoAgropecuar","twitter_misc":{"Escrito por":"mundo","Tiempo de lectura":"1 minuto"},"schema":{"@context":"https:\/\/schema.org","@graph":[{"@type":"Article","@id":"https:\/\/www.mundoagropecuario.cl\/new\/pequenos-agricultores-participan-en-taller-para-la-adaptacion-al-cambio-climatico\/#article","isPartOf":{"@id":"https:\/\/www.mundoagropecuario.cl\/new\/pequenos-agricultores-participan-en-taller-para-la-adaptacion-al-cambio-climatico\/"},"author":{"name":"mundo","@id":"https:\/\/www.mundoagropecuario.cl\/new\/#\/schema\/person\/4e9f74a82a7dac260eb1c44b7eebeb18"},"headline":"Peque\u00f1os agricultores participan en taller para la adaptaci\u00f3n al cambio clim\u00e1tico","datePublished":"2020-01-15T05:39:03+00:00","mainEntityOfPage":{"@id":"https:\/\/www.mundoagropecuario.cl\/new\/pequenos-agricultores-participan-en-taller-para-la-adaptacion-al-cambio-climatico\/"},"wordCount":231,"publisher":{"@id":"https:\/\/www.mundoagropecuario.cl\/new\/#organization"},"image":{"@id":"https:\/\/www.mundoagropecuario.cl\/new\/pequenos-agricultores-participan-en-taller-para-la-adaptacion-al-cambio-climatico\/#primaryimage"},"thumbnailUrl":"https:\/\/www.mundoagropecuario.cl\/new\/wp-content\/uploads\/2020\/01\/taller-e1579207986129.jpg","keywords":["Agro","Cambio clim\u00e1tico","Indap Araucan\u00eda","Mundo Agropecuario"],"articleSection":["Agricultura"],"inLanguage":"es"},{"@type":"WebPage","@id":"https:\/\/www.mundoagropecuario.cl\/new\/pequenos-agricultores-participan-en-taller-para-la-adaptacion-al-cambio-climatico\/","url":"https:\/\/www.mundoagropecuario.cl\/new\/pequenos-agricultores-participan-en-taller-para-la-adaptacion-al-cambio-climatico\/","name":"Peque\u00f1os agricultores participan en taller para la adaptaci\u00f3n al cambio clim\u00e1tico - Mundoagropecuario","isPartOf":{"@id":"https:\/\/www.mundoagropecuario.cl\/new\/#website"},"primaryImageOfPage":{"@id":"https:\/\/www.mundoagropecuario.cl\/new\/pequenos-agricultores-participan-en-taller-para-la-adaptacion-al-cambio-climatico\/#primaryimage"},"image":{"@id":"https:\/\/www.mundoagropecuario.cl\/new\/pequenos-agricultores-participan-en-taller-para-la-adaptacion-al-cambio-climatico\/#primaryimage"},"thumbnailUrl":"https:\/\/www.mundoagropecuario.cl\/new\/wp-content\/uploads\/2020\/01\/taller-e1579207986129.jpg","datePublished":"2020-01-15T05:39:03+00:00","breadcrumb":{"@id":"https:\/\/www.mundoagropecuario.cl\/new\/pequenos-agricultores-participan-en-taller-para-la-adaptacion-al-cambio-climatico\/#breadcrumb"},"inLanguage":"es","potentialAction":[{"@type":"ReadAction","target":["https:\/\/www.mundoagropecuario.cl\/new\/pequenos-agricultores-participan-en-taller-para-la-adaptacion-al-cambio-climatico\/"]}]},{"@type":"ImageObject","inLanguage":"es","@id":"https:\/\/www.mundoagropecuario.cl\/new\/pequenos-agricultores-participan-en-taller-para-la-adaptacion-al-cambio-climatico\/#primaryimage","url":"https:\/\/www.mundoagropecuario.cl\/new\/wp-content\/uploads\/2020\/01\/taller-e1579207986129.jpg","contentUrl":"https:\/\/www.mundoagropecuario.cl\/new\/wp-content\/uploads\/2020\/01\/taller-e1579207986129.jpg","width":600,"height":400},{"@type":"BreadcrumbList","@id":"https:\/\/www.mundoagropecuario.cl\/new\/pequenos-agricultores-participan-en-taller-para-la-adaptacion-al-cambio-climatico\/#breadcrumb","itemListElement":[{"@type":"ListItem","position":1,"name":"Portada","item":"https:\/\/www.mundoagropecuario.cl\/new\/"},{"@type":"ListItem","position":2,"name":"Peque\u00f1os agricultores participan en taller para la adaptaci\u00f3n al cambio clim\u00e1tico"}]},{"@type":"WebSite","@id":"https:\/\/www.mundoagropecuario.cl\/new\/#website","url":"https:\/\/www.mundoagropecuario.cl\/new\/","name":"Mundoagropecuario","description":"Mundo Agropecuario","publisher":{"@id":"https:\/\/www.mundoagropecuario.cl\/new\/#organization"},"potentialAction":[{"@type":"SearchAction","target":{"@type":"EntryPoint","urlTemplate":"https:\/\/www.mundoagropecuario.cl\/new\/?s={search_term_string}"},"query-input":{"@type":"PropertyValueSpecification","valueRequired":true,"valueName":"search_term_string"}}],"inLanguage":"es"},{"@type":"Organization","@id":"https:\/\/www.mundoagropecuario.cl\/new\/#organization","name":"Revista de Agricultura","url":"https:\/\/www.mundoagropecuario.cl\/new\/","logo":{"@type":"ImageObject","inLanguage":"es","@id":"https:\/\/www.mundoagropecuario.cl\/new\/#\/schema\/logo\/image\/","url":"https:\/\/www.mundoagropecuario.cl\/new\/wp-content\/uploads\/2020\/11\/PORTAL-1-1.png","contentUrl":"https:\/\/www.mundoagropecuario.cl\/new\/wp-content\/uploads\/2020\/11\/PORTAL-1-1.png","width":1026,"height":100,"caption":"Revista de Agricultura"},"image":{"@id":"https:\/\/www.mundoagropecuario.cl\/new\/#\/schema\/logo\/image\/"},"sameAs":["https:\/\/www.facebook.com\/mundo.agropecuario.3","https:\/\/x.com\/MundoAgropecuar","https:\/\/www.linkedin.com\/in\/mundo-agropecuario-934009201\/"]},{"@type":"Person","@id":"https:\/\/www.mundoagropecuario.cl\/new\/#\/schema\/person\/4e9f74a82a7dac260eb1c44b7eebeb18","name":"mundo","url":"https:\/\/www.mundoagropecuario.cl\/new\/author\/mundo\/"}]}},"_links":{"self":[{"href":"https:\/\/www.mundoagropecuario.cl\/new\/wp-json\/wp\/v2\/posts\/15520","targetHints":{"allow":["GET"]}}],"collection":[{"href":"https:\/\/www.mundoagropecuario.cl\/new\/wp-json\/wp\/v2\/posts"}],"about":[{"href":"https:\/\/www.mundoagropecuario.cl\/new\/wp-json\/wp\/v2\/types\/post"}],"author":[{"embeddable":true,"href":"https:\/\/www.mundoagropecuario.cl\/new\/wp-json\/wp\/v2\/users\/2"}],"replies":[{"embeddable":true,"href":"https:\/\/www.mundoagropecuario.cl\/new\/wp-json\/wp\/v2\/comments?post=15520"}],"version-history":[{"count":1,"href":"https:\/\/www.mundoagropecuario.cl\/new\/wp-json\/wp\/v2\/posts\/15520\/revisions"}],"predecessor-version":[{"id":15522,"href":"https:\/\/www.mundoagropecuario.cl\/new\/wp-json\/wp\/v2\/posts\/15520\/revisions\/15522"}],"wp:featuredmedia":[{"embeddable":true,"href":"https:\/\/www.mundoagropecuario.cl\/new\/wp-json\/wp\/v2\/media\/15521"}],"wp:attachment":[{"href":"https:\/\/www.mundoagropecuario.cl\/new\/wp-json\/wp\/v2\/media?parent=15520"}],"wp:term":[{"taxonomy":"category","embeddable":true,"href":"https:\/\/www.mundoagropecuario.cl\/new\/wp-json\/wp\/v2\/categories?post=15520"},{"taxonomy":"post_tag","embeddable":true,"href":"https:\/\/www.mundoagropecuario.cl\/new\/wp-json\/wp\/v2\/tags?post=15520"}],"curies":[{"name":"wp","href":"https:\/\/api.w.org\/{rel}","templated":true}]}}