{"id":15503,"date":"2020-01-15T02:02:01","date_gmt":"2020-01-15T05:02:01","guid":{"rendered":"http:\/\/www.mundoagropecuario.cl\/new\/?p=15503"},"modified":"2020-01-16T17:50:51","modified_gmt":"2020-01-16T20:50:51","slug":"finalizo-primera-version-del-diplomado-en-fruticultura-para-el-sur-de-chile-de-la-uct","status":"publish","type":"post","link":"https:\/\/www.mundoagropecuario.cl\/new\/finalizo-primera-version-del-diplomado-en-fruticultura-para-el-sur-de-chile-de-la-uct\/","title":{"rendered":"Finaliz\u00f3 primera versi\u00f3n del diplomado en fruticultura para el sur de Chile de la UCT"},"content":{"rendered":"\n<ul class=\"wp-block-gallery columns-0 is-cropped wp-block-gallery-1 is-layout-flex wp-block-gallery-is-layout-flex\"><\/ul>\n\n\n\n<p class=\"has-medium-font-size\"><em>Profesionales de rubro agr\u00edcola,  recibieron certificaciones al finalizar el perfeccionamiento sobre el avance de la fruticultura chilena hacia el sur, los desaf\u00edos productivos que dejan la escasez h\u00eddrica y las tendencias productivas. (Mundo Agropecuario).<\/em><\/p>\n\n\n\n<p>En dependencias de la Universidad Cat\u00f3lica de Temuco (UCT) se efectu\u00f3 la Ceremonia de Certificaci\u00f3n de la primera generaci\u00f3n del Diplomado en Fruticultura para el Sur de Chile, oportunidad en la que 20 profesionales del rubro agropecuario recibieron sus diplomas tras finalizar esta instancia perfeccionamiento.<\/p>\n\n\n\n<p>Con ello, finaliza la primera versi\u00f3n de este programa impartido por la UCT que consider\u00f3 144 horas te\u00f3rico-pr\u00e1cticas de actualizaci\u00f3n de conocimientos, an\u00e1lisis y debate t\u00e9cnico distribuido en 5 m\u00f3dulos, en el que participaron profesionales del rubro agropecuario provenientes de la VII, IX, X y XIV regi\u00f3n.<\/p>\n\n\n\n<figure class=\"wp-block-image\"><img loading=\"lazy\" decoding=\"async\" width=\"547\" height=\"400\" src=\"https:\/\/www.mundoagropecuario.cl\/new\/wp-content\/uploads\/2020\/01\/Certificaci\u00f3n-1\u00aa-Versi\u00f3n-Diplomado-Fruticultura-UCT.jpg\" alt=\"\" class=\"wp-image-15505\" srcset=\"https:\/\/www.mundoagropecuario.cl\/new\/wp-content\/uploads\/2020\/01\/Certificaci\u00f3n-1\u00aa-Versi\u00f3n-Diplomado-Fruticultura-UCT.jpg 547w, https:\/\/www.mundoagropecuario.cl\/new\/wp-content\/uploads\/2020\/01\/Certificaci\u00f3n-1\u00aa-Versi\u00f3n-Diplomado-Fruticultura-UCT-586x428.jpg 586w, https:\/\/www.mundoagropecuario.cl\/new\/wp-content\/uploads\/2020\/01\/Certificaci\u00f3n-1\u00aa-Versi\u00f3n-Diplomado-Fruticultura-UCT-768x561.jpg 768w\" sizes=\"auto, (max-width: 547px) 100vw, 547px\" \/><\/figure>\n\n\n\n<p>A la Ceremonia de Certificaci\u00f3n asistieron autoridades acad\u00e9micas, directivos de la Facultad de Recursos Naturales de esta Casa de Estudios, docentes del programa, familiares y amigos de los participantes. En la ocasi\u00f3n, la Directora del Departamento en Ciencias Agropecuarias y Acu\u00edcolas, Doctora Ximena Araneda, entreg\u00f3 un emotivo mensaje en el que destac\u00f3 el esfuerzo y esp\u00edritu de superaci\u00f3n de los profesionales que decidieron cursar esta especialidad.<\/p>\n\n\n\n<p>A su vez, el Doctor Claudio Inostroza-Blancheteau, Director del Diplomado, ahond\u00f3 en los desaf\u00edos a los que se ven enfrentados los profesionales del rubro frut\u00edcola debido al cambio clim\u00e1tico, \u201cy al d\u00e9ficit h\u00eddrico en nuestro pa\u00eds, que ha afectado principalmente al norte chico y a la zona central donde se ha observado la disminuci\u00f3n en la superficie frut\u00edcola actual de alrededor de un 2%, especialmente en paltos con un 20% y uva de mesa alrededor de un 7%. Por tratarse de especies muy demandantes de riego, la escasez h\u00eddrica ha sido un factor directo en la disminuci\u00f3n de la superficie cultivada, el que se podr\u00eda ir agudizando a\u00fan m\u00e1s en el futuro\u201d, indic\u00f3 el profesional.<\/p>\n\n\n\n<p>Inostroza-Blancheteau explic\u00f3 adem\u00e1s que este escenario ha propiciado que la zona sur del pa\u00eds se est\u00e9 transformando en un polo de desarrollo frut\u00edcola muy atractivo para los productores y apunt\u00f3 a que en la actualidad existe un d\u00e9ficit de profesionales del agro especializados en esta \u00e1rea. \u201cEs por ello que hoy se requiere de profesionales preparados y actualizados en el rubro frut\u00edcola para hacer frente a estos nuevos desaf\u00edos, debiendo asumir estas nuevas oportunidades pero planificadamente, con decisiones que aseguren la optimizaci\u00f3n de los recursos naturales para el desarrollo, social, econ\u00f3mico de los todos los habitantes del territorio, con un trabajo serio y pol\u00edticas efectivas que nos permitan avanzar para convertirnos en una potencia agroalimentaria\u201d, se\u00f1al\u00f3 el Director del Diplomado en Fruticultura para el Sur de Chile.<\/p>\n\n\n\n<p>Luego de disfrutar de un intermedio musical a cargo de un concertista en guitarra cl\u00e1sica, los participantes de esta instancia de perfeccionamiento recibieron sus certificaciones de manos de autoridades de la Universidad Cat\u00f3lica de Temuco.<\/p>\n\n\n\n<p><strong>Diplomado<\/strong><\/p>\n\n\n\n<p>En marzo de este a\u00f1o se abrir\u00e1n las postulaciones para la II versi\u00f3n del Diplomado Fruticultura para el Sur de Chile impartido por la Universidad Cat\u00f3lica de Temuco, iniciando las clases en mayo del 2020.<\/p>\n\n\n\n<p>El programa considera el abordaje de aspectos de la fisiolog\u00eda y nutrici\u00f3n, as\u00ed como tambi\u00e9n del riego y drenaje, considerando adem\u00e1s estructuras de protecci\u00f3n para los huertos, para finalizar con herramientas de evaluaci\u00f3n de proyectos frut\u00edcolas. Todo esto orientado en las principales especies que se cultivan y desarrollan en el Sur de Chile como, ar\u00e1ndanos, cerezos, frambuesos y avellano europeo.<\/p>\n\n\n\n<p>Considera 144 horas cronol\u00f3gicas, con clases y actividades en terreno los d\u00edas viernes y s\u00e1bados por un periodo de 4 meses.<\/p>\n","protected":false},"excerpt":{"rendered":"<p>Profesionales de rubro agr\u00edcola, recibieron certificaciones al finalizar el perfeccionamiento sobre el avance de la fruticultura chilena hacia el sur, los desaf\u00edos productivos que dejan la escasez h\u00eddrica y las&#8230;<\/p>\n","protected":false},"author":2,"featured_media":15504,"comment_status":"closed","ping_status":"closed","sticky":false,"template":"","format":"standard","meta":{"footnotes":""},"categories":[1986],"tags":[3127,4589,4149,2625,2875],"class_list":["post-15503","post","type-post","status-publish","format-standard","has-post-thumbnail","hentry","category-frutas","tag-agro","tag-diplomado-en-fruticultura","tag-mundo-agropecuario","tag-seminario","tag-uct"],"yoast_head":"<!-- This site is optimized with the Yoast SEO plugin v26.6 - https:\/\/yoast.com\/wordpress\/plugins\/seo\/ -->\n<title>Finaliz\u00f3 primera versi\u00f3n del diplomado en fruticultura para el sur de Chile de la UCT - Mundoagropecuario<\/title>\n<meta name=\"robots\" content=\"index, follow, max-snippet:-1, max-image-preview:large, max-video-preview:-1\" \/>\n<link rel=\"canonical\" href=\"https:\/\/www.mundoagropecuario.cl\/new\/finalizo-primera-version-del-diplomado-en-fruticultura-para-el-sur-de-chile-de-la-uct\/\" \/>\n<meta property=\"og:locale\" content=\"es_ES\" \/>\n<meta property=\"og:type\" content=\"article\" \/>\n<meta property=\"og:title\" content=\"Finaliz\u00f3 primera versi\u00f3n del diplomado en fruticultura para el sur de Chile de la UCT - Mundoagropecuario\" \/>\n<meta property=\"og:description\" content=\"Profesionales de rubro agr\u00edcola, recibieron certificaciones al finalizar el perfeccionamiento sobre el avance de la fruticultura chilena hacia el sur, los desaf\u00edos productivos que dejan la escasez h\u00eddrica y las...\" \/>\n<meta property=\"og:url\" content=\"https:\/\/www.mundoagropecuario.cl\/new\/finalizo-primera-version-del-diplomado-en-fruticultura-para-el-sur-de-chile-de-la-uct\/\" \/>\n<meta property=\"og:site_name\" content=\"Mundoagropecuario\" \/>\n<meta property=\"article:publisher\" content=\"https:\/\/www.facebook.com\/mundo.agropecuario.3\" \/>\n<meta property=\"article:published_time\" content=\"2020-01-15T05:02:01+00:00\" \/>\n<meta property=\"article:modified_time\" content=\"2020-01-16T20:50:51+00:00\" \/>\n<meta property=\"og:image\" content=\"https:\/\/www.mundoagropecuario.cl\/new\/wp-content\/uploads\/2020\/01\/Certificaci\u00f3n-1\u00aa-Versi\u00f3n-Diplomado-Fruticultura-UCT-2.jpg\" \/>\n\t<meta property=\"og:image:width\" content=\"1024\" \/>\n\t<meta property=\"og:image:height\" content=\"685\" \/>\n\t<meta property=\"og:image:type\" content=\"image\/jpeg\" \/>\n<meta name=\"author\" content=\"mundo\" \/>\n<meta name=\"twitter:card\" content=\"summary_large_image\" \/>\n<meta name=\"twitter:creator\" content=\"@MundoAgropecuar\" \/>\n<meta name=\"twitter:site\" content=\"@MundoAgropecuar\" \/>\n<meta name=\"twitter:label1\" content=\"Escrito por\" \/>\n\t<meta name=\"twitter:data1\" content=\"mundo\" \/>\n\t<meta name=\"twitter:label2\" content=\"Tiempo de lectura\" \/>\n\t<meta name=\"twitter:data2\" content=\"3 minutos\" \/>\n<script type=\"application\/ld+json\" class=\"yoast-schema-graph\">{\"@context\":\"https:\/\/schema.org\",\"@graph\":[{\"@type\":\"Article\",\"@id\":\"https:\/\/www.mundoagropecuario.cl\/new\/finalizo-primera-version-del-diplomado-en-fruticultura-para-el-sur-de-chile-de-la-uct\/#article\",\"isPartOf\":{\"@id\":\"https:\/\/www.mundoagropecuario.cl\/new\/finalizo-primera-version-del-diplomado-en-fruticultura-para-el-sur-de-chile-de-la-uct\/\"},\"author\":{\"name\":\"mundo\",\"@id\":\"https:\/\/www.mundoagropecuario.cl\/new\/#\/schema\/person\/4e9f74a82a7dac260eb1c44b7eebeb18\"},\"headline\":\"Finaliz\u00f3 primera versi\u00f3n del diplomado en fruticultura para el sur de Chile de la UCT\",\"datePublished\":\"2020-01-15T05:02:01+00:00\",\"dateModified\":\"2020-01-16T20:50:51+00:00\",\"mainEntityOfPage\":{\"@id\":\"https:\/\/www.mundoagropecuario.cl\/new\/finalizo-primera-version-del-diplomado-en-fruticultura-para-el-sur-de-chile-de-la-uct\/\"},\"wordCount\":653,\"publisher\":{\"@id\":\"https:\/\/www.mundoagropecuario.cl\/new\/#organization\"},\"image\":{\"@id\":\"https:\/\/www.mundoagropecuario.cl\/new\/finalizo-primera-version-del-diplomado-en-fruticultura-para-el-sur-de-chile-de-la-uct\/#primaryimage\"},\"thumbnailUrl\":\"https:\/\/www.mundoagropecuario.cl\/new\/wp-content\/uploads\/2020\/01\/Certificaci\u00f3n-1\u00aa-Versi\u00f3n-Diplomado-Fruticultura-UCT-2.jpg\",\"keywords\":[\"Agro\",\"diplomado en fruticultura\",\"Mundo Agropecuario\",\"seminario\",\"UCT\"],\"articleSection\":[\"Frutas\"],\"inLanguage\":\"es\"},{\"@type\":\"WebPage\",\"@id\":\"https:\/\/www.mundoagropecuario.cl\/new\/finalizo-primera-version-del-diplomado-en-fruticultura-para-el-sur-de-chile-de-la-uct\/\",\"url\":\"https:\/\/www.mundoagropecuario.cl\/new\/finalizo-primera-version-del-diplomado-en-fruticultura-para-el-sur-de-chile-de-la-uct\/\",\"name\":\"Finaliz\u00f3 primera versi\u00f3n del diplomado en fruticultura para el sur de Chile de la UCT - Mundoagropecuario\",\"isPartOf\":{\"@id\":\"https:\/\/www.mundoagropecuario.cl\/new\/#website\"},\"primaryImageOfPage\":{\"@id\":\"https:\/\/www.mundoagropecuario.cl\/new\/finalizo-primera-version-del-diplomado-en-fruticultura-para-el-sur-de-chile-de-la-uct\/#primaryimage\"},\"image\":{\"@id\":\"https:\/\/www.mundoagropecuario.cl\/new\/finalizo-primera-version-del-diplomado-en-fruticultura-para-el-sur-de-chile-de-la-uct\/#primaryimage\"},\"thumbnailUrl\":\"https:\/\/www.mundoagropecuario.cl\/new\/wp-content\/uploads\/2020\/01\/Certificaci\u00f3n-1\u00aa-Versi\u00f3n-Diplomado-Fruticultura-UCT-2.jpg\",\"datePublished\":\"2020-01-15T05:02:01+00:00\",\"dateModified\":\"2020-01-16T20:50:51+00:00\",\"breadcrumb\":{\"@id\":\"https:\/\/www.mundoagropecuario.cl\/new\/finalizo-primera-version-del-diplomado-en-fruticultura-para-el-sur-de-chile-de-la-uct\/#breadcrumb\"},\"inLanguage\":\"es\",\"potentialAction\":[{\"@type\":\"ReadAction\",\"target\":[\"https:\/\/www.mundoagropecuario.cl\/new\/finalizo-primera-version-del-diplomado-en-fruticultura-para-el-sur-de-chile-de-la-uct\/\"]}]},{\"@type\":\"ImageObject\",\"inLanguage\":\"es\",\"@id\":\"https:\/\/www.mundoagropecuario.cl\/new\/finalizo-primera-version-del-diplomado-en-fruticultura-para-el-sur-de-chile-de-la-uct\/#primaryimage\",\"url\":\"https:\/\/www.mundoagropecuario.cl\/new\/wp-content\/uploads\/2020\/01\/Certificaci\u00f3n-1\u00aa-Versi\u00f3n-Diplomado-Fruticultura-UCT-2.jpg\",\"contentUrl\":\"https:\/\/www.mundoagropecuario.cl\/new\/wp-content\/uploads\/2020\/01\/Certificaci\u00f3n-1\u00aa-Versi\u00f3n-Diplomado-Fruticultura-UCT-2.jpg\",\"width\":598,\"height\":400},{\"@type\":\"BreadcrumbList\",\"@id\":\"https:\/\/www.mundoagropecuario.cl\/new\/finalizo-primera-version-del-diplomado-en-fruticultura-para-el-sur-de-chile-de-la-uct\/#breadcrumb\",\"itemListElement\":[{\"@type\":\"ListItem\",\"position\":1,\"name\":\"Portada\",\"item\":\"https:\/\/www.mundoagropecuario.cl\/new\/\"},{\"@type\":\"ListItem\",\"position\":2,\"name\":\"Finaliz\u00f3 primera versi\u00f3n del diplomado en fruticultura para el sur de Chile de la UCT\"}]},{\"@type\":\"WebSite\",\"@id\":\"https:\/\/www.mundoagropecuario.cl\/new\/#website\",\"url\":\"https:\/\/www.mundoagropecuario.cl\/new\/\",\"name\":\"Mundoagropecuario\",\"description\":\"Mundo Agropecuario\",\"publisher\":{\"@id\":\"https:\/\/www.mundoagropecuario.cl\/new\/#organization\"},\"potentialAction\":[{\"@type\":\"SearchAction\",\"target\":{\"@type\":\"EntryPoint\",\"urlTemplate\":\"https:\/\/www.mundoagropecuario.cl\/new\/?s={search_term_string}\"},\"query-input\":{\"@type\":\"PropertyValueSpecification\",\"valueRequired\":true,\"valueName\":\"search_term_string\"}}],\"inLanguage\":\"es\"},{\"@type\":\"Organization\",\"@id\":\"https:\/\/www.mundoagropecuario.cl\/new\/#organization\",\"name\":\"Revista de Agricultura\",\"url\":\"https:\/\/www.mundoagropecuario.cl\/new\/\",\"logo\":{\"@type\":\"ImageObject\",\"inLanguage\":\"es\",\"@id\":\"https:\/\/www.mundoagropecuario.cl\/new\/#\/schema\/logo\/image\/\",\"url\":\"https:\/\/www.mundoagropecuario.cl\/new\/wp-content\/uploads\/2020\/11\/PORTAL-1-1.png\",\"contentUrl\":\"https:\/\/www.mundoagropecuario.cl\/new\/wp-content\/uploads\/2020\/11\/PORTAL-1-1.png\",\"width\":1026,\"height\":100,\"caption\":\"Revista de Agricultura\"},\"image\":{\"@id\":\"https:\/\/www.mundoagropecuario.cl\/new\/#\/schema\/logo\/image\/\"},\"sameAs\":[\"https:\/\/www.facebook.com\/mundo.agropecuario.3\",\"https:\/\/x.com\/MundoAgropecuar\",\"https:\/\/www.linkedin.com\/in\/mundo-agropecuario-934009201\/\"]},{\"@type\":\"Person\",\"@id\":\"https:\/\/www.mundoagropecuario.cl\/new\/#\/schema\/person\/4e9f74a82a7dac260eb1c44b7eebeb18\",\"name\":\"mundo\",\"url\":\"https:\/\/www.mundoagropecuario.cl\/new\/author\/mundo\/\"}]}<\/script>\n<!-- \/ Yoast SEO plugin. -->","yoast_head_json":{"title":"Finaliz\u00f3 primera versi\u00f3n del diplomado en fruticultura para el sur de Chile de la UCT - Mundoagropecuario","robots":{"index":"index","follow":"follow","max-snippet":"max-snippet:-1","max-image-preview":"max-image-preview:large","max-video-preview":"max-video-preview:-1"},"canonical":"https:\/\/www.mundoagropecuario.cl\/new\/finalizo-primera-version-del-diplomado-en-fruticultura-para-el-sur-de-chile-de-la-uct\/","og_locale":"es_ES","og_type":"article","og_title":"Finaliz\u00f3 primera versi\u00f3n del diplomado en fruticultura para el sur de Chile de la UCT - Mundoagropecuario","og_description":"Profesionales de rubro agr\u00edcola, recibieron certificaciones al finalizar el perfeccionamiento sobre el avance de la fruticultura chilena hacia el sur, los desaf\u00edos productivos que dejan la escasez h\u00eddrica y las...","og_url":"https:\/\/www.mundoagropecuario.cl\/new\/finalizo-primera-version-del-diplomado-en-fruticultura-para-el-sur-de-chile-de-la-uct\/","og_site_name":"Mundoagropecuario","article_publisher":"https:\/\/www.facebook.com\/mundo.agropecuario.3","article_published_time":"2020-01-15T05:02:01+00:00","article_modified_time":"2020-01-16T20:50:51+00:00","og_image":[{"width":1024,"height":685,"url":"https:\/\/www.mundoagropecuario.cl\/new\/wp-content\/uploads\/2020\/01\/Certificaci\u00f3n-1\u00aa-Versi\u00f3n-Diplomado-Fruticultura-UCT-2.jpg","type":"image\/jpeg"}],"author":"mundo","twitter_card":"summary_large_image","twitter_creator":"@MundoAgropecuar","twitter_site":"@MundoAgropecuar","twitter_misc":{"Escrito por":"mundo","Tiempo de lectura":"3 minutos"},"schema":{"@context":"https:\/\/schema.org","@graph":[{"@type":"Article","@id":"https:\/\/www.mundoagropecuario.cl\/new\/finalizo-primera-version-del-diplomado-en-fruticultura-para-el-sur-de-chile-de-la-uct\/#article","isPartOf":{"@id":"https:\/\/www.mundoagropecuario.cl\/new\/finalizo-primera-version-del-diplomado-en-fruticultura-para-el-sur-de-chile-de-la-uct\/"},"author":{"name":"mundo","@id":"https:\/\/www.mundoagropecuario.cl\/new\/#\/schema\/person\/4e9f74a82a7dac260eb1c44b7eebeb18"},"headline":"Finaliz\u00f3 primera versi\u00f3n del diplomado en fruticultura para el sur de Chile de la UCT","datePublished":"2020-01-15T05:02:01+00:00","dateModified":"2020-01-16T20:50:51+00:00","mainEntityOfPage":{"@id":"https:\/\/www.mundoagropecuario.cl\/new\/finalizo-primera-version-del-diplomado-en-fruticultura-para-el-sur-de-chile-de-la-uct\/"},"wordCount":653,"publisher":{"@id":"https:\/\/www.mundoagropecuario.cl\/new\/#organization"},"image":{"@id":"https:\/\/www.mundoagropecuario.cl\/new\/finalizo-primera-version-del-diplomado-en-fruticultura-para-el-sur-de-chile-de-la-uct\/#primaryimage"},"thumbnailUrl":"https:\/\/www.mundoagropecuario.cl\/new\/wp-content\/uploads\/2020\/01\/Certificaci\u00f3n-1\u00aa-Versi\u00f3n-Diplomado-Fruticultura-UCT-2.jpg","keywords":["Agro","diplomado en fruticultura","Mundo Agropecuario","seminario","UCT"],"articleSection":["Frutas"],"inLanguage":"es"},{"@type":"WebPage","@id":"https:\/\/www.mundoagropecuario.cl\/new\/finalizo-primera-version-del-diplomado-en-fruticultura-para-el-sur-de-chile-de-la-uct\/","url":"https:\/\/www.mundoagropecuario.cl\/new\/finalizo-primera-version-del-diplomado-en-fruticultura-para-el-sur-de-chile-de-la-uct\/","name":"Finaliz\u00f3 primera versi\u00f3n del diplomado en fruticultura para el sur de Chile de la UCT - Mundoagropecuario","isPartOf":{"@id":"https:\/\/www.mundoagropecuario.cl\/new\/#website"},"primaryImageOfPage":{"@id":"https:\/\/www.mundoagropecuario.cl\/new\/finalizo-primera-version-del-diplomado-en-fruticultura-para-el-sur-de-chile-de-la-uct\/#primaryimage"},"image":{"@id":"https:\/\/www.mundoagropecuario.cl\/new\/finalizo-primera-version-del-diplomado-en-fruticultura-para-el-sur-de-chile-de-la-uct\/#primaryimage"},"thumbnailUrl":"https:\/\/www.mundoagropecuario.cl\/new\/wp-content\/uploads\/2020\/01\/Certificaci\u00f3n-1\u00aa-Versi\u00f3n-Diplomado-Fruticultura-UCT-2.jpg","datePublished":"2020-01-15T05:02:01+00:00","dateModified":"2020-01-16T20:50:51+00:00","breadcrumb":{"@id":"https:\/\/www.mundoagropecuario.cl\/new\/finalizo-primera-version-del-diplomado-en-fruticultura-para-el-sur-de-chile-de-la-uct\/#breadcrumb"},"inLanguage":"es","potentialAction":[{"@type":"ReadAction","target":["https:\/\/www.mundoagropecuario.cl\/new\/finalizo-primera-version-del-diplomado-en-fruticultura-para-el-sur-de-chile-de-la-uct\/"]}]},{"@type":"ImageObject","inLanguage":"es","@id":"https:\/\/www.mundoagropecuario.cl\/new\/finalizo-primera-version-del-diplomado-en-fruticultura-para-el-sur-de-chile-de-la-uct\/#primaryimage","url":"https:\/\/www.mundoagropecuario.cl\/new\/wp-content\/uploads\/2020\/01\/Certificaci\u00f3n-1\u00aa-Versi\u00f3n-Diplomado-Fruticultura-UCT-2.jpg","contentUrl":"https:\/\/www.mundoagropecuario.cl\/new\/wp-content\/uploads\/2020\/01\/Certificaci\u00f3n-1\u00aa-Versi\u00f3n-Diplomado-Fruticultura-UCT-2.jpg","width":598,"height":400},{"@type":"BreadcrumbList","@id":"https:\/\/www.mundoagropecuario.cl\/new\/finalizo-primera-version-del-diplomado-en-fruticultura-para-el-sur-de-chile-de-la-uct\/#breadcrumb","itemListElement":[{"@type":"ListItem","position":1,"name":"Portada","item":"https:\/\/www.mundoagropecuario.cl\/new\/"},{"@type":"ListItem","position":2,"name":"Finaliz\u00f3 primera versi\u00f3n del diplomado en fruticultura para el sur de Chile de la UCT"}]},{"@type":"WebSite","@id":"https:\/\/www.mundoagropecuario.cl\/new\/#website","url":"https:\/\/www.mundoagropecuario.cl\/new\/","name":"Mundoagropecuario","description":"Mundo Agropecuario","publisher":{"@id":"https:\/\/www.mundoagropecuario.cl\/new\/#organization"},"potentialAction":[{"@type":"SearchAction","target":{"@type":"EntryPoint","urlTemplate":"https:\/\/www.mundoagropecuario.cl\/new\/?s={search_term_string}"},"query-input":{"@type":"PropertyValueSpecification","valueRequired":true,"valueName":"search_term_string"}}],"inLanguage":"es"},{"@type":"Organization","@id":"https:\/\/www.mundoagropecuario.cl\/new\/#organization","name":"Revista de Agricultura","url":"https:\/\/www.mundoagropecuario.cl\/new\/","logo":{"@type":"ImageObject","inLanguage":"es","@id":"https:\/\/www.mundoagropecuario.cl\/new\/#\/schema\/logo\/image\/","url":"https:\/\/www.mundoagropecuario.cl\/new\/wp-content\/uploads\/2020\/11\/PORTAL-1-1.png","contentUrl":"https:\/\/www.mundoagropecuario.cl\/new\/wp-content\/uploads\/2020\/11\/PORTAL-1-1.png","width":1026,"height":100,"caption":"Revista de Agricultura"},"image":{"@id":"https:\/\/www.mundoagropecuario.cl\/new\/#\/schema\/logo\/image\/"},"sameAs":["https:\/\/www.facebook.com\/mundo.agropecuario.3","https:\/\/x.com\/MundoAgropecuar","https:\/\/www.linkedin.com\/in\/mundo-agropecuario-934009201\/"]},{"@type":"Person","@id":"https:\/\/www.mundoagropecuario.cl\/new\/#\/schema\/person\/4e9f74a82a7dac260eb1c44b7eebeb18","name":"mundo","url":"https:\/\/www.mundoagropecuario.cl\/new\/author\/mundo\/"}]}},"_links":{"self":[{"href":"https:\/\/www.mundoagropecuario.cl\/new\/wp-json\/wp\/v2\/posts\/15503","targetHints":{"allow":["GET"]}}],"collection":[{"href":"https:\/\/www.mundoagropecuario.cl\/new\/wp-json\/wp\/v2\/posts"}],"about":[{"href":"https:\/\/www.mundoagropecuario.cl\/new\/wp-json\/wp\/v2\/types\/post"}],"author":[{"embeddable":true,"href":"https:\/\/www.mundoagropecuario.cl\/new\/wp-json\/wp\/v2\/users\/2"}],"replies":[{"embeddable":true,"href":"https:\/\/www.mundoagropecuario.cl\/new\/wp-json\/wp\/v2\/comments?post=15503"}],"version-history":[{"count":2,"href":"https:\/\/www.mundoagropecuario.cl\/new\/wp-json\/wp\/v2\/posts\/15503\/revisions"}],"predecessor-version":[{"id":15507,"href":"https:\/\/www.mundoagropecuario.cl\/new\/wp-json\/wp\/v2\/posts\/15503\/revisions\/15507"}],"wp:featuredmedia":[{"embeddable":true,"href":"https:\/\/www.mundoagropecuario.cl\/new\/wp-json\/wp\/v2\/media\/15504"}],"wp:attachment":[{"href":"https:\/\/www.mundoagropecuario.cl\/new\/wp-json\/wp\/v2\/media?parent=15503"}],"wp:term":[{"taxonomy":"category","embeddable":true,"href":"https:\/\/www.mundoagropecuario.cl\/new\/wp-json\/wp\/v2\/categories?post=15503"},{"taxonomy":"post_tag","embeddable":true,"href":"https:\/\/www.mundoagropecuario.cl\/new\/wp-json\/wp\/v2\/tags?post=15503"}],"curies":[{"name":"wp","href":"https:\/\/api.w.org\/{rel}","templated":true}]}}