{"id":15443,"date":"2020-01-10T10:50:57","date_gmt":"2020-01-10T13:50:57","guid":{"rendered":"http:\/\/www.mundoagropecuario.cl\/new\/?p=15443"},"modified":"2020-01-13T12:55:57","modified_gmt":"2020-01-13T15:55:57","slug":"productores-del-norte-y-sur-del-pais-se-reunen-para-promover-el-patrimonio-agricola-nacional","status":"publish","type":"post","link":"https:\/\/www.mundoagropecuario.cl\/new\/productores-del-norte-y-sur-del-pais-se-reunen-para-promover-el-patrimonio-agricola-nacional\/","title":{"rendered":"Productores del norte y sur del pa\u00eds se re\u00fanen para promover el patrimonio agr\u00edcola nacional"},"content":{"rendered":"\n<ul class=\"wp-block-gallery columns-0 is-cropped wp-block-gallery-1 is-layout-flex wp-block-gallery-is-layout-flex\"><\/ul>\n\n\n\n<p class=\"has-medium-font-size\"><em>El encuentro se realiz\u00f3 en la sede de FAO en Santiago, donde se trataron tem\u00e1ticas como agrobiodiversidad, desarrollo territorial y cosmovisi\u00f3n de pueblos originarios  (Mundo Agropecuario).<\/em><\/p>\n\n\n\n<p>120 personas, entre ellos 100 productores agr\u00edcolas representantes de las doce comunas que contemplan las Macrozonas Alto Andina y Cordillera Pehuenche, pertenecientes a la red de Sistemas Importantes del Patrimonio Agr\u00edcola Nacional (SIPAN), llegaron a la sede de FAO en Santiago para celebrar este 8 y 9 de enero el Primer Encuentro Nacional de la Red SIPAN, \u201cPromoviendo Nuestro Patrimonio Agr\u00edcola\u201d.&nbsp;<\/p>\n\n\n\n<p>La instancia busc\u00f3 fortalecer el v\u00ednculo entre los productores integrantes de la red para establecer una mirada com\u00fan sobre esta iniciativa, adem\u00e1s de intercambiar experiencias y dialogar sobre la importancia del patrimonio agr\u00edcola, la conservaci\u00f3n de la agrobiodiversidad y planificar los pr\u00f3ximos pasos de la red SIPAN.&nbsp;<\/p>\n\n\n\n<figure class=\"wp-block-image\"><img loading=\"lazy\" decoding=\"async\" width=\"601\" height=\"400\" src=\"https:\/\/www.mundoagropecuario.cl\/new\/wp-content\/uploads\/2020\/01\/Foto2.jpg\" alt=\"\" class=\"wp-image-15446\" srcset=\"https:\/\/www.mundoagropecuario.cl\/new\/wp-content\/uploads\/2020\/01\/Foto2.jpg 601w, https:\/\/www.mundoagropecuario.cl\/new\/wp-content\/uploads\/2020\/01\/Foto2-586x390.jpg 586w, https:\/\/www.mundoagropecuario.cl\/new\/wp-content\/uploads\/2020\/01\/Foto2-768x511.jpg 768w\" sizes=\"auto, (max-width: 601px) 100vw, 601px\" \/><\/figure>\n\n\n\n<p>El encuentro cont\u00f3 con diversas charlas magistrales y talleres donde los productores y las autoridades dialogaron en torno al cuidado de la agrobiodiversidad, el desarrollo territorial y la cosmovisi\u00f3n de pueblos originarios, que es un aporte transversal para estos fines.<\/p>\n\n\n\n<p>\u201cPara FAO es muy importante este primer encuentro de la red SIPAN, el acercamiento y la relaci\u00f3n cara a cara que potencia el intercambio de experiencias. Pero tambi\u00e9n queremos fortalecer el objetivo final de la iniciativa, que es reconocer y conservar la agrobiodiversidad que se expresa en distintos sistemas silvoagropecuarios del pa\u00eds\u201d, sostuvo Eve Crowley, representante de la FAO en Chile.<\/p>\n\n\n\n<p>Por su parte, Jos\u00e9 Luis Romero, jefe del Departamento de Desarrollo Rural de ODEPA del Ministerio de Agricultura, explic\u00f3 que \u201ceste encuentro es un gran hito para el Ministerio de Agricultura. Reunirnos con m\u00e1s de 100 productores de zonas rurales remotas, que diariamente cuidan no solo nuestro patrimonio agr\u00edcola, sino que tambi\u00e9n nuestros paisajes, cultura y recursos naturales, es una gran se\u00f1al frente a las nuevas formas de relacionamiento con los territorios y sus habitantes que Chile necesita. Este tipo de proyectos crecen desde las personas y por eso encontrarnos aqu\u00ed es tan importante, desde aqu\u00ed seguimos avanzando con nuestra misi\u00f3n de visibilizar la diversidad y riqueza de nuestra ruralidad, el 26% de nuestra poblaci\u00f3n y 83% del territorio del pa\u00eds\u201d.<\/p>\n\n\n\n<p>Carlos Recondo, director nacional de INDAP afirma que \u201ctenemos agricultura en varias partes de territorio, y la agricultura la hacen pueblos originarios sobre tradiciones, cultura y pr\u00e1cticas ancestrales, que se conservan hasta hoy y que tienen un valor patrimonial, mantener la biodiversidad, conservaci\u00f3n de sus tradiciones y modos de vida importantes. De esta manera el SIPAN aspira rescatar, conservar y preservar esas pr\u00e1cticas y darles valor o visibilidad para que las comunidades puedan beneficiarse sus propias tradiciones\u201d.&nbsp;<\/p>\n\n\n\n<p>El productor de la Macrozona Norte de la red, de la comuna de General Lagos, Regi\u00f3n de Arica y Parinacota, Angelino Huanca, agreg\u00f3 que el Encuentro Nacional \u201ces muy importante para nosotros, quiz\u00e1s no conocen nuestras tradiciones o costumbres culturales pero el cam\u00e9lido sudamericano, \u00fanico en la comuna que yo represento, vivimos de eso y nos vestimos de la fibra que extraemos de ellos, ese es nuestro sustento y es lo que nosotros trabajamos desde nuestros ancestros. General Lagos tiene sus tres ejes a los cuales el SIPAN debe apuntar: tiene sus cam\u00e9lidos sudamericanos, tiene sus prendas de artesan\u00eda, y que queremos vender a los turistas. Con estos tres ejes poder surgir y que la juventud pueda subir a General Lagos ya que tiene una oferta laboral\u201d.<\/p>\n\n\n\n<p><strong>SIPAN<\/strong><\/p>\n\n\n\n<p>Los Sistemas Importantes de Patrimonio Agr\u00edcola Nacional (SIPAN)&nbsp;&nbsp;contemplan productores locales, de doce comunas ubicadas en las Macrozonas Alto Andina (General Lagos, Putre, Colchane, Huara, Pica, Cami\u00f1a, Calama, San Pedro de Atacama) y Cordillera Pehuenche (Alto Biobio, Lonquimay, Melipeuco, Curarrehue).<\/p>\n\n\n\n<p>En las comunas de la Red SIPAN existen casi 3000 agricultores, ganaderos y recolectores que cuidan las variedades tradicionales, manteniendo pr\u00e1cticas ancestrales que han ayudado a estas comunidades a permanecer en el tiempo, sustentando sus medios de vida en sistemas silvoagropecuarios resilientes.&nbsp;<\/p>\n\n\n\n<p>La iniciativa SIPAN, liderada por el Ministerio de Agricultura y FAO, busca reconocer, resguardar y poner en valor sistemas productivos agropecuarios de alto valor cultural en el pa\u00eds. Algunos ejemplos de esto son los sistemas agr\u00edcolas en terrazas, y eras de cultivo, o la ganader\u00eda en sistemas de bofedales y vegas de pastoreo, entre otras.<\/p>\n","protected":false},"excerpt":{"rendered":"<p>El encuentro se realiz\u00f3 en la sede de FAO en Santiago, donde se trataron tem\u00e1ticas como agrobiodiversidad, desarrollo territorial y cosmovisi\u00f3n de pueblos originarios (Mundo Agropecuario). 120 personas, entre ellos&#8230;<\/p>\n","protected":false},"author":2,"featured_media":15445,"comment_status":"closed","ping_status":"closed","sticky":false,"template":"","format":"gallery","meta":{"footnotes":""},"categories":[1945],"tags":[4124,3127,4573],"class_list":["post-15443","post","type-post","status-publish","format-gallery","has-post-thumbnail","hentry","category-agricultura","tag-agricola","tag-agro","tag-patrimonio-agricola-nacional","post_format-post-format-gallery"],"yoast_head":"<!-- This site is optimized with the Yoast SEO plugin v26.6 - https:\/\/yoast.com\/wordpress\/plugins\/seo\/ -->\n<title>Productores del norte y sur del pa\u00eds se re\u00fanen para promover el patrimonio agr\u00edcola nacional - Mundoagropecuario<\/title>\n<meta name=\"robots\" content=\"index, follow, max-snippet:-1, max-image-preview:large, max-video-preview:-1\" \/>\n<link rel=\"canonical\" href=\"https:\/\/www.mundoagropecuario.cl\/new\/productores-del-norte-y-sur-del-pais-se-reunen-para-promover-el-patrimonio-agricola-nacional\/\" \/>\n<meta property=\"og:locale\" content=\"es_ES\" \/>\n<meta property=\"og:type\" content=\"article\" \/>\n<meta property=\"og:title\" content=\"Productores del norte y sur del pa\u00eds se re\u00fanen para promover el patrimonio agr\u00edcola nacional - Mundoagropecuario\" \/>\n<meta property=\"og:description\" content=\"El encuentro se realiz\u00f3 en la sede de FAO en Santiago, donde se trataron tem\u00e1ticas como agrobiodiversidad, desarrollo territorial y cosmovisi\u00f3n de pueblos originarios (Mundo Agropecuario). 120 personas, entre ellos...\" \/>\n<meta property=\"og:url\" content=\"https:\/\/www.mundoagropecuario.cl\/new\/productores-del-norte-y-sur-del-pais-se-reunen-para-promover-el-patrimonio-agricola-nacional\/\" \/>\n<meta property=\"og:site_name\" content=\"Mundoagropecuario\" \/>\n<meta property=\"article:publisher\" content=\"https:\/\/www.facebook.com\/mundo.agropecuario.3\" \/>\n<meta property=\"article:published_time\" content=\"2020-01-10T13:50:57+00:00\" \/>\n<meta property=\"article:modified_time\" content=\"2020-01-13T15:55:57+00:00\" \/>\n<meta property=\"og:image\" content=\"https:\/\/www.mundoagropecuario.cl\/new\/wp-content\/uploads\/2020\/01\/Foto1.jpg\" \/>\n\t<meta property=\"og:image:width\" content=\"1000\" \/>\n\t<meta property=\"og:image:height\" content=\"666\" \/>\n\t<meta property=\"og:image:type\" content=\"image\/jpeg\" \/>\n<meta name=\"author\" content=\"mundo\" \/>\n<meta name=\"twitter:card\" content=\"summary_large_image\" \/>\n<meta name=\"twitter:creator\" content=\"@MundoAgropecuar\" \/>\n<meta name=\"twitter:site\" content=\"@MundoAgropecuar\" \/>\n<meta name=\"twitter:label1\" content=\"Escrito por\" \/>\n\t<meta name=\"twitter:data1\" content=\"mundo\" \/>\n\t<meta name=\"twitter:label2\" content=\"Tiempo de lectura\" \/>\n\t<meta name=\"twitter:data2\" content=\"4 minutos\" \/>\n<script type=\"application\/ld+json\" class=\"yoast-schema-graph\">{\"@context\":\"https:\/\/schema.org\",\"@graph\":[{\"@type\":\"Article\",\"@id\":\"https:\/\/www.mundoagropecuario.cl\/new\/productores-del-norte-y-sur-del-pais-se-reunen-para-promover-el-patrimonio-agricola-nacional\/#article\",\"isPartOf\":{\"@id\":\"https:\/\/www.mundoagropecuario.cl\/new\/productores-del-norte-y-sur-del-pais-se-reunen-para-promover-el-patrimonio-agricola-nacional\/\"},\"author\":{\"name\":\"mundo\",\"@id\":\"https:\/\/www.mundoagropecuario.cl\/new\/#\/schema\/person\/4e9f74a82a7dac260eb1c44b7eebeb18\"},\"headline\":\"Productores del norte y sur del pa\u00eds se re\u00fanen para promover el patrimonio agr\u00edcola nacional\",\"datePublished\":\"2020-01-10T13:50:57+00:00\",\"dateModified\":\"2020-01-13T15:55:57+00:00\",\"mainEntityOfPage\":{\"@id\":\"https:\/\/www.mundoagropecuario.cl\/new\/productores-del-norte-y-sur-del-pais-se-reunen-para-promover-el-patrimonio-agricola-nacional\/\"},\"wordCount\":750,\"publisher\":{\"@id\":\"https:\/\/www.mundoagropecuario.cl\/new\/#organization\"},\"image\":{\"@id\":\"https:\/\/www.mundoagropecuario.cl\/new\/productores-del-norte-y-sur-del-pais-se-reunen-para-promover-el-patrimonio-agricola-nacional\/#primaryimage\"},\"thumbnailUrl\":\"https:\/\/www.mundoagropecuario.cl\/new\/wp-content\/uploads\/2020\/01\/Foto1.jpg\",\"keywords\":[\"agricola\",\"Agro\",\"patrimonio agr\u00edcola nacional\"],\"articleSection\":[\"Agricultura\"],\"inLanguage\":\"es\"},{\"@type\":\"WebPage\",\"@id\":\"https:\/\/www.mundoagropecuario.cl\/new\/productores-del-norte-y-sur-del-pais-se-reunen-para-promover-el-patrimonio-agricola-nacional\/\",\"url\":\"https:\/\/www.mundoagropecuario.cl\/new\/productores-del-norte-y-sur-del-pais-se-reunen-para-promover-el-patrimonio-agricola-nacional\/\",\"name\":\"Productores del norte y sur del pa\u00eds se re\u00fanen para promover el patrimonio agr\u00edcola nacional - Mundoagropecuario\",\"isPartOf\":{\"@id\":\"https:\/\/www.mundoagropecuario.cl\/new\/#website\"},\"primaryImageOfPage\":{\"@id\":\"https:\/\/www.mundoagropecuario.cl\/new\/productores-del-norte-y-sur-del-pais-se-reunen-para-promover-el-patrimonio-agricola-nacional\/#primaryimage\"},\"image\":{\"@id\":\"https:\/\/www.mundoagropecuario.cl\/new\/productores-del-norte-y-sur-del-pais-se-reunen-para-promover-el-patrimonio-agricola-nacional\/#primaryimage\"},\"thumbnailUrl\":\"https:\/\/www.mundoagropecuario.cl\/new\/wp-content\/uploads\/2020\/01\/Foto1.jpg\",\"datePublished\":\"2020-01-10T13:50:57+00:00\",\"dateModified\":\"2020-01-13T15:55:57+00:00\",\"breadcrumb\":{\"@id\":\"https:\/\/www.mundoagropecuario.cl\/new\/productores-del-norte-y-sur-del-pais-se-reunen-para-promover-el-patrimonio-agricola-nacional\/#breadcrumb\"},\"inLanguage\":\"es\",\"potentialAction\":[{\"@type\":\"ReadAction\",\"target\":[\"https:\/\/www.mundoagropecuario.cl\/new\/productores-del-norte-y-sur-del-pais-se-reunen-para-promover-el-patrimonio-agricola-nacional\/\"]}]},{\"@type\":\"ImageObject\",\"inLanguage\":\"es\",\"@id\":\"https:\/\/www.mundoagropecuario.cl\/new\/productores-del-norte-y-sur-del-pais-se-reunen-para-promover-el-patrimonio-agricola-nacional\/#primaryimage\",\"url\":\"https:\/\/www.mundoagropecuario.cl\/new\/wp-content\/uploads\/2020\/01\/Foto1.jpg\",\"contentUrl\":\"https:\/\/www.mundoagropecuario.cl\/new\/wp-content\/uploads\/2020\/01\/Foto1.jpg\",\"width\":601,\"height\":400},{\"@type\":\"BreadcrumbList\",\"@id\":\"https:\/\/www.mundoagropecuario.cl\/new\/productores-del-norte-y-sur-del-pais-se-reunen-para-promover-el-patrimonio-agricola-nacional\/#breadcrumb\",\"itemListElement\":[{\"@type\":\"ListItem\",\"position\":1,\"name\":\"Portada\",\"item\":\"https:\/\/www.mundoagropecuario.cl\/new\/\"},{\"@type\":\"ListItem\",\"position\":2,\"name\":\"Productores del norte y sur del pa\u00eds se re\u00fanen para promover el patrimonio agr\u00edcola nacional\"}]},{\"@type\":\"WebSite\",\"@id\":\"https:\/\/www.mundoagropecuario.cl\/new\/#website\",\"url\":\"https:\/\/www.mundoagropecuario.cl\/new\/\",\"name\":\"Mundoagropecuario\",\"description\":\"Mundo Agropecuario\",\"publisher\":{\"@id\":\"https:\/\/www.mundoagropecuario.cl\/new\/#organization\"},\"potentialAction\":[{\"@type\":\"SearchAction\",\"target\":{\"@type\":\"EntryPoint\",\"urlTemplate\":\"https:\/\/www.mundoagropecuario.cl\/new\/?s={search_term_string}\"},\"query-input\":{\"@type\":\"PropertyValueSpecification\",\"valueRequired\":true,\"valueName\":\"search_term_string\"}}],\"inLanguage\":\"es\"},{\"@type\":\"Organization\",\"@id\":\"https:\/\/www.mundoagropecuario.cl\/new\/#organization\",\"name\":\"Revista de Agricultura\",\"url\":\"https:\/\/www.mundoagropecuario.cl\/new\/\",\"logo\":{\"@type\":\"ImageObject\",\"inLanguage\":\"es\",\"@id\":\"https:\/\/www.mundoagropecuario.cl\/new\/#\/schema\/logo\/image\/\",\"url\":\"https:\/\/www.mundoagropecuario.cl\/new\/wp-content\/uploads\/2020\/11\/PORTAL-1-1.png\",\"contentUrl\":\"https:\/\/www.mundoagropecuario.cl\/new\/wp-content\/uploads\/2020\/11\/PORTAL-1-1.png\",\"width\":1026,\"height\":100,\"caption\":\"Revista de Agricultura\"},\"image\":{\"@id\":\"https:\/\/www.mundoagropecuario.cl\/new\/#\/schema\/logo\/image\/\"},\"sameAs\":[\"https:\/\/www.facebook.com\/mundo.agropecuario.3\",\"https:\/\/x.com\/MundoAgropecuar\",\"https:\/\/www.linkedin.com\/in\/mundo-agropecuario-934009201\/\"]},{\"@type\":\"Person\",\"@id\":\"https:\/\/www.mundoagropecuario.cl\/new\/#\/schema\/person\/4e9f74a82a7dac260eb1c44b7eebeb18\",\"name\":\"mundo\",\"url\":\"https:\/\/www.mundoagropecuario.cl\/new\/author\/mundo\/\"}]}<\/script>\n<!-- \/ Yoast SEO plugin. -->","yoast_head_json":{"title":"Productores del norte y sur del pa\u00eds se re\u00fanen para promover el patrimonio agr\u00edcola nacional - Mundoagropecuario","robots":{"index":"index","follow":"follow","max-snippet":"max-snippet:-1","max-image-preview":"max-image-preview:large","max-video-preview":"max-video-preview:-1"},"canonical":"https:\/\/www.mundoagropecuario.cl\/new\/productores-del-norte-y-sur-del-pais-se-reunen-para-promover-el-patrimonio-agricola-nacional\/","og_locale":"es_ES","og_type":"article","og_title":"Productores del norte y sur del pa\u00eds se re\u00fanen para promover el patrimonio agr\u00edcola nacional - Mundoagropecuario","og_description":"El encuentro se realiz\u00f3 en la sede de FAO en Santiago, donde se trataron tem\u00e1ticas como agrobiodiversidad, desarrollo territorial y cosmovisi\u00f3n de pueblos originarios (Mundo Agropecuario). 120 personas, entre ellos...","og_url":"https:\/\/www.mundoagropecuario.cl\/new\/productores-del-norte-y-sur-del-pais-se-reunen-para-promover-el-patrimonio-agricola-nacional\/","og_site_name":"Mundoagropecuario","article_publisher":"https:\/\/www.facebook.com\/mundo.agropecuario.3","article_published_time":"2020-01-10T13:50:57+00:00","article_modified_time":"2020-01-13T15:55:57+00:00","og_image":[{"width":1000,"height":666,"url":"https:\/\/www.mundoagropecuario.cl\/new\/wp-content\/uploads\/2020\/01\/Foto1.jpg","type":"image\/jpeg"}],"author":"mundo","twitter_card":"summary_large_image","twitter_creator":"@MundoAgropecuar","twitter_site":"@MundoAgropecuar","twitter_misc":{"Escrito por":"mundo","Tiempo de lectura":"4 minutos"},"schema":{"@context":"https:\/\/schema.org","@graph":[{"@type":"Article","@id":"https:\/\/www.mundoagropecuario.cl\/new\/productores-del-norte-y-sur-del-pais-se-reunen-para-promover-el-patrimonio-agricola-nacional\/#article","isPartOf":{"@id":"https:\/\/www.mundoagropecuario.cl\/new\/productores-del-norte-y-sur-del-pais-se-reunen-para-promover-el-patrimonio-agricola-nacional\/"},"author":{"name":"mundo","@id":"https:\/\/www.mundoagropecuario.cl\/new\/#\/schema\/person\/4e9f74a82a7dac260eb1c44b7eebeb18"},"headline":"Productores del norte y sur del pa\u00eds se re\u00fanen para promover el patrimonio agr\u00edcola nacional","datePublished":"2020-01-10T13:50:57+00:00","dateModified":"2020-01-13T15:55:57+00:00","mainEntityOfPage":{"@id":"https:\/\/www.mundoagropecuario.cl\/new\/productores-del-norte-y-sur-del-pais-se-reunen-para-promover-el-patrimonio-agricola-nacional\/"},"wordCount":750,"publisher":{"@id":"https:\/\/www.mundoagropecuario.cl\/new\/#organization"},"image":{"@id":"https:\/\/www.mundoagropecuario.cl\/new\/productores-del-norte-y-sur-del-pais-se-reunen-para-promover-el-patrimonio-agricola-nacional\/#primaryimage"},"thumbnailUrl":"https:\/\/www.mundoagropecuario.cl\/new\/wp-content\/uploads\/2020\/01\/Foto1.jpg","keywords":["agricola","Agro","patrimonio agr\u00edcola nacional"],"articleSection":["Agricultura"],"inLanguage":"es"},{"@type":"WebPage","@id":"https:\/\/www.mundoagropecuario.cl\/new\/productores-del-norte-y-sur-del-pais-se-reunen-para-promover-el-patrimonio-agricola-nacional\/","url":"https:\/\/www.mundoagropecuario.cl\/new\/productores-del-norte-y-sur-del-pais-se-reunen-para-promover-el-patrimonio-agricola-nacional\/","name":"Productores del norte y sur del pa\u00eds se re\u00fanen para promover el patrimonio agr\u00edcola nacional - Mundoagropecuario","isPartOf":{"@id":"https:\/\/www.mundoagropecuario.cl\/new\/#website"},"primaryImageOfPage":{"@id":"https:\/\/www.mundoagropecuario.cl\/new\/productores-del-norte-y-sur-del-pais-se-reunen-para-promover-el-patrimonio-agricola-nacional\/#primaryimage"},"image":{"@id":"https:\/\/www.mundoagropecuario.cl\/new\/productores-del-norte-y-sur-del-pais-se-reunen-para-promover-el-patrimonio-agricola-nacional\/#primaryimage"},"thumbnailUrl":"https:\/\/www.mundoagropecuario.cl\/new\/wp-content\/uploads\/2020\/01\/Foto1.jpg","datePublished":"2020-01-10T13:50:57+00:00","dateModified":"2020-01-13T15:55:57+00:00","breadcrumb":{"@id":"https:\/\/www.mundoagropecuario.cl\/new\/productores-del-norte-y-sur-del-pais-se-reunen-para-promover-el-patrimonio-agricola-nacional\/#breadcrumb"},"inLanguage":"es","potentialAction":[{"@type":"ReadAction","target":["https:\/\/www.mundoagropecuario.cl\/new\/productores-del-norte-y-sur-del-pais-se-reunen-para-promover-el-patrimonio-agricola-nacional\/"]}]},{"@type":"ImageObject","inLanguage":"es","@id":"https:\/\/www.mundoagropecuario.cl\/new\/productores-del-norte-y-sur-del-pais-se-reunen-para-promover-el-patrimonio-agricola-nacional\/#primaryimage","url":"https:\/\/www.mundoagropecuario.cl\/new\/wp-content\/uploads\/2020\/01\/Foto1.jpg","contentUrl":"https:\/\/www.mundoagropecuario.cl\/new\/wp-content\/uploads\/2020\/01\/Foto1.jpg","width":601,"height":400},{"@type":"BreadcrumbList","@id":"https:\/\/www.mundoagropecuario.cl\/new\/productores-del-norte-y-sur-del-pais-se-reunen-para-promover-el-patrimonio-agricola-nacional\/#breadcrumb","itemListElement":[{"@type":"ListItem","position":1,"name":"Portada","item":"https:\/\/www.mundoagropecuario.cl\/new\/"},{"@type":"ListItem","position":2,"name":"Productores del norte y sur del pa\u00eds se re\u00fanen para promover el patrimonio agr\u00edcola nacional"}]},{"@type":"WebSite","@id":"https:\/\/www.mundoagropecuario.cl\/new\/#website","url":"https:\/\/www.mundoagropecuario.cl\/new\/","name":"Mundoagropecuario","description":"Mundo Agropecuario","publisher":{"@id":"https:\/\/www.mundoagropecuario.cl\/new\/#organization"},"potentialAction":[{"@type":"SearchAction","target":{"@type":"EntryPoint","urlTemplate":"https:\/\/www.mundoagropecuario.cl\/new\/?s={search_term_string}"},"query-input":{"@type":"PropertyValueSpecification","valueRequired":true,"valueName":"search_term_string"}}],"inLanguage":"es"},{"@type":"Organization","@id":"https:\/\/www.mundoagropecuario.cl\/new\/#organization","name":"Revista de Agricultura","url":"https:\/\/www.mundoagropecuario.cl\/new\/","logo":{"@type":"ImageObject","inLanguage":"es","@id":"https:\/\/www.mundoagropecuario.cl\/new\/#\/schema\/logo\/image\/","url":"https:\/\/www.mundoagropecuario.cl\/new\/wp-content\/uploads\/2020\/11\/PORTAL-1-1.png","contentUrl":"https:\/\/www.mundoagropecuario.cl\/new\/wp-content\/uploads\/2020\/11\/PORTAL-1-1.png","width":1026,"height":100,"caption":"Revista de Agricultura"},"image":{"@id":"https:\/\/www.mundoagropecuario.cl\/new\/#\/schema\/logo\/image\/"},"sameAs":["https:\/\/www.facebook.com\/mundo.agropecuario.3","https:\/\/x.com\/MundoAgropecuar","https:\/\/www.linkedin.com\/in\/mundo-agropecuario-934009201\/"]},{"@type":"Person","@id":"https:\/\/www.mundoagropecuario.cl\/new\/#\/schema\/person\/4e9f74a82a7dac260eb1c44b7eebeb18","name":"mundo","url":"https:\/\/www.mundoagropecuario.cl\/new\/author\/mundo\/"}]}},"_links":{"self":[{"href":"https:\/\/www.mundoagropecuario.cl\/new\/wp-json\/wp\/v2\/posts\/15443","targetHints":{"allow":["GET"]}}],"collection":[{"href":"https:\/\/www.mundoagropecuario.cl\/new\/wp-json\/wp\/v2\/posts"}],"about":[{"href":"https:\/\/www.mundoagropecuario.cl\/new\/wp-json\/wp\/v2\/types\/post"}],"author":[{"embeddable":true,"href":"https:\/\/www.mundoagropecuario.cl\/new\/wp-json\/wp\/v2\/users\/2"}],"replies":[{"embeddable":true,"href":"https:\/\/www.mundoagropecuario.cl\/new\/wp-json\/wp\/v2\/comments?post=15443"}],"version-history":[{"count":2,"href":"https:\/\/www.mundoagropecuario.cl\/new\/wp-json\/wp\/v2\/posts\/15443\/revisions"}],"predecessor-version":[{"id":15476,"href":"https:\/\/www.mundoagropecuario.cl\/new\/wp-json\/wp\/v2\/posts\/15443\/revisions\/15476"}],"wp:featuredmedia":[{"embeddable":true,"href":"https:\/\/www.mundoagropecuario.cl\/new\/wp-json\/wp\/v2\/media\/15445"}],"wp:attachment":[{"href":"https:\/\/www.mundoagropecuario.cl\/new\/wp-json\/wp\/v2\/media?parent=15443"}],"wp:term":[{"taxonomy":"category","embeddable":true,"href":"https:\/\/www.mundoagropecuario.cl\/new\/wp-json\/wp\/v2\/categories?post=15443"},{"taxonomy":"post_tag","embeddable":true,"href":"https:\/\/www.mundoagropecuario.cl\/new\/wp-json\/wp\/v2\/tags?post=15443"}],"curies":[{"name":"wp","href":"https:\/\/api.w.org\/{rel}","templated":true}]}}