{"id":15428,"date":"2020-01-10T10:08:10","date_gmt":"2020-01-10T13:08:10","guid":{"rendered":"http:\/\/www.mundoagropecuario.cl\/new\/?p=15428"},"modified":"2020-01-10T11:19:20","modified_gmt":"2020-01-10T14:19:20","slug":"pequenos-agricultores-aprenden-a-cultivar-en-fibra-de-coco-y-ahorraran-agua","status":"publish","type":"post","link":"https:\/\/www.mundoagropecuario.cl\/new\/pequenos-agricultores-aprenden-a-cultivar-en-fibra-de-coco-y-ahorraran-agua\/","title":{"rendered":"Peque\u00f1os agricultores aprenden a cultivar en fibra de coco y ahorraran agua"},"content":{"rendered":"\n<ul class=\"wp-block-gallery columns-0 is-cropped wp-block-gallery-1 is-layout-flex wp-block-gallery-is-layout-flex\"><\/ul>\n\n\n\n<p class=\"has-medium-font-size\"><em>La fibra de coco contribuye a la eficiencia h\u00eddrica, alcanzado desde un 35-40%&nbsp;&nbsp;de ahorro, principalmente porque dentro de las propiedades de la fibra de coco esta la capacidad de retenci\u00f3n de humedad (Mundo Agropecuario).<\/em><\/p>\n\n\n\n<p>Agricultores del programa de Introducci\u00f3n del Cultivo Hidrop\u00f3nico de Hortalizas Bajo Invernadero en las comunas del Programa Territorial de Zonas Rezagadas ejecutado por el Instituto de Investigaciones Agropecuarias INIA Intihuasi y financiado a trav\u00e9s del Gobierno Regional y Subdere,&nbsp;&nbsp;trabajan en&nbsp;&nbsp;producci\u00f3n de&nbsp;&nbsp;lechugas, tomates cherry, zapallitos italianos, berros bajo invernadero,&nbsp;&nbsp;trabajo que se vio apoyado durante el a\u00f1o 2019 a trav\u00e9s de d\u00edas de campo y talleres.<\/p>\n\n\n\n<p>Manejo de los cultivos sobre sistema de ra\u00edz flotante y en bolsas de cultivos de fibra de coco, estrategias agroecol\u00f3gicas y de exclusi\u00f3n orientadas al control preventivo de manejo de plagas y enfermedades fueron algunos de los temas abordados.<\/p>\n\n\n\n<p>Trabajar en fibra de coco ha sido una forma de cultivar novedosa para los agricultores del programa, quienes adem\u00e1s provienen de zonas de baja disponibilidad h\u00eddrica por lo que cultivar en fibra de coco ha sido una opci\u00f3n productiva \u201cla fibra de coco viene a contribuir a la eficiencia h\u00eddrica, alcanzado desde un 35-40%&nbsp;&nbsp;de ahorro, principalmente porque dentro de las propiedades de la fibra de coco esta la capacidad de retenci\u00f3n de humedad que corresponde a casi el 200% por lo tanto, los riegos son menores y la fibra de coco retiene el agua. Debido a la baja fertilidad y calidad de los suelos que tenemos mayoritariamente en la Regi\u00f3n, con muy poca capacidad de profundizaci\u00f3n la fibra de coco aporta beneficios f\u00edsicos al sistema de ra\u00edces, favoreciendo el anclaje y un buen nivel de oxigenaci\u00f3n y por consiguiente permite un adecuado desarrollo de los cultivos, tomates cherry y zapallitos italianos, experimentados en el Programa\u201d explic\u00f3 el agr\u00f3nomo de INIA Intihuasi, V\u00edctor Pizarro.<\/p>\n\n\n\n<p>Edgardo D\u00edaz director regional de INIA Intihuasi sostuvo que \u201cel cambio clim\u00e1tico nos desaf\u00eda permanentemente a encontrar estrategias de adaptaci\u00f3n, en este contexto, la ciencia, los conocimientos y las tecnolog\u00edas tienen un rol preponderante, para que nuestros agricultores puedan desarrollar actividades productiva sostenibles, de tal forma mantener la producci\u00f3n de agro alimentos para la poblaci\u00f3n. Desde INIA estamos contribuyendo fuertemente en este prop\u00f3sito, gracias al apoyo del Gobierno Regional de Coquimbo\u201d.<\/p>\n\n\n\n<p>&nbsp;Por su parte el Seremi de Agricultura Rodrigo \u00f3rdenes agreg\u00f3 \u00abes muy importante las t\u00e9cnicas que como Ministerio estamos ense\u00f1ando a nuestros agricultores, fomentando un trabajo agroecologico, sustentable y que permita optimizar el recurso h\u00eddrico. De esta manera a trav\u00e9s de la vinculaci\u00f3n entre INIA y el Programa de Zonas Rezagadas estamos potenciando la producci\u00f3n a peque\u00f1a escala, poniendo a disposici\u00f3n nuevas tecnolog\u00edas y el conocimiento de nuestros investigadores, para alcanzar nuevos est\u00e1ndares productivos, permitiendo a nuestros productores optar a nuevos mercados\u00bb.<\/p>\n\n\n\n<p>A trav\u00e9s de los talleres comunales se trabaj\u00f3 en terreno directamente con los 16 agricultores beneficiados y los equipos Prodesal de INDAP,&nbsp;&nbsp;un trabajo que permite reforzar la labor realizada en los D\u00edas de Campo,&nbsp;&nbsp;lo cual es complementado con asistencia t\u00e9cnica recibida&nbsp;&nbsp;peri\u00f3dicamente en los predios.<\/p>\n\n\n\n<p>Los agricultores han podido comercializar sus productos frescos de manera local y en ferias de distintas comunas de la Regi\u00f3n,&nbsp;&nbsp;quienes hoy se preparan&nbsp;&nbsp;tambi\u00e9n para la participaci\u00f3n en la Expo Pe\u00f1uelas que se realizar\u00e1 durante el mes de febrero en Coquimbo.<\/p>\n","protected":false},"excerpt":{"rendered":"<p>La fibra de coco contribuye a la eficiencia h\u00eddrica, alcanzado desde un 35-40%&nbsp;&nbsp;de ahorro, principalmente porque dentro de las propiedades de la fibra de coco esta la capacidad de retenci\u00f3n&#8230;<\/p>\n","protected":false},"author":2,"featured_media":15429,"comment_status":"closed","ping_status":"closed","sticky":false,"template":"","format":"standard","meta":{"footnotes":""},"categories":[1945],"tags":[2090,3127,3839,2052,2480],"class_list":["post-15428","post","type-post","status-publish","format-standard","has-post-thumbnail","hentry","category-agricultura","tag-agricultura","tag-agro","tag-cultivo-hidroponico","tag-inia","tag-inia-intihuasi"],"yoast_head":"<!-- This site is optimized with the Yoast SEO plugin v26.6 - https:\/\/yoast.com\/wordpress\/plugins\/seo\/ -->\n<title>Peque\u00f1os agricultores aprenden a cultivar en fibra de coco y ahorraran agua - Mundoagropecuario<\/title>\n<meta name=\"robots\" content=\"index, follow, max-snippet:-1, max-image-preview:large, max-video-preview:-1\" \/>\n<link rel=\"canonical\" href=\"https:\/\/www.mundoagropecuario.cl\/new\/pequenos-agricultores-aprenden-a-cultivar-en-fibra-de-coco-y-ahorraran-agua\/\" \/>\n<meta property=\"og:locale\" content=\"es_ES\" \/>\n<meta property=\"og:type\" content=\"article\" \/>\n<meta property=\"og:title\" content=\"Peque\u00f1os agricultores aprenden a cultivar en fibra de coco y ahorraran agua - Mundoagropecuario\" \/>\n<meta property=\"og:description\" content=\"La fibra de coco contribuye a la eficiencia h\u00eddrica, alcanzado desde un 35-40%&nbsp;&nbsp;de ahorro, principalmente porque dentro de las propiedades de la fibra de coco esta la capacidad de retenci\u00f3n...\" \/>\n<meta property=\"og:url\" content=\"https:\/\/www.mundoagropecuario.cl\/new\/pequenos-agricultores-aprenden-a-cultivar-en-fibra-de-coco-y-ahorraran-agua\/\" \/>\n<meta property=\"og:site_name\" content=\"Mundoagropecuario\" \/>\n<meta property=\"article:publisher\" content=\"https:\/\/www.facebook.com\/mundo.agropecuario.3\" \/>\n<meta property=\"article:published_time\" content=\"2020-01-10T13:08:10+00:00\" \/>\n<meta property=\"article:modified_time\" content=\"2020-01-10T14:19:20+00:00\" \/>\n<meta property=\"og:image\" content=\"https:\/\/www.mundoagropecuario.cl\/new\/wp-content\/uploads\/2020\/01\/Coco.jpg\" \/>\n\t<meta property=\"og:image:width\" content=\"1024\" \/>\n\t<meta property=\"og:image:height\" content=\"768\" \/>\n\t<meta property=\"og:image:type\" content=\"image\/jpeg\" \/>\n<meta name=\"author\" content=\"mundo\" \/>\n<meta name=\"twitter:card\" content=\"summary_large_image\" \/>\n<meta name=\"twitter:creator\" content=\"@MundoAgropecuar\" \/>\n<meta name=\"twitter:site\" content=\"@MundoAgropecuar\" \/>\n<meta name=\"twitter:label1\" content=\"Escrito por\" \/>\n\t<meta name=\"twitter:data1\" content=\"mundo\" \/>\n\t<meta name=\"twitter:label2\" content=\"Tiempo de lectura\" \/>\n\t<meta name=\"twitter:data2\" content=\"3 minutos\" \/>\n<script type=\"application\/ld+json\" class=\"yoast-schema-graph\">{\"@context\":\"https:\/\/schema.org\",\"@graph\":[{\"@type\":\"Article\",\"@id\":\"https:\/\/www.mundoagropecuario.cl\/new\/pequenos-agricultores-aprenden-a-cultivar-en-fibra-de-coco-y-ahorraran-agua\/#article\",\"isPartOf\":{\"@id\":\"https:\/\/www.mundoagropecuario.cl\/new\/pequenos-agricultores-aprenden-a-cultivar-en-fibra-de-coco-y-ahorraran-agua\/\"},\"author\":{\"name\":\"mundo\",\"@id\":\"https:\/\/www.mundoagropecuario.cl\/new\/#\/schema\/person\/4e9f74a82a7dac260eb1c44b7eebeb18\"},\"headline\":\"Peque\u00f1os agricultores aprenden a cultivar en fibra de coco y ahorraran agua\",\"datePublished\":\"2020-01-10T13:08:10+00:00\",\"dateModified\":\"2020-01-10T14:19:20+00:00\",\"mainEntityOfPage\":{\"@id\":\"https:\/\/www.mundoagropecuario.cl\/new\/pequenos-agricultores-aprenden-a-cultivar-en-fibra-de-coco-y-ahorraran-agua\/\"},\"wordCount\":631,\"publisher\":{\"@id\":\"https:\/\/www.mundoagropecuario.cl\/new\/#organization\"},\"image\":{\"@id\":\"https:\/\/www.mundoagropecuario.cl\/new\/pequenos-agricultores-aprenden-a-cultivar-en-fibra-de-coco-y-ahorraran-agua\/#primaryimage\"},\"thumbnailUrl\":\"https:\/\/www.mundoagropecuario.cl\/new\/wp-content\/uploads\/2020\/01\/Coco.jpg\",\"keywords\":[\"Agricultura\",\"Agro\",\"cultivo hidrop\u00f3nico\",\"INIA\",\"INIA Intihuasi\"],\"articleSection\":[\"Agricultura\"],\"inLanguage\":\"es\"},{\"@type\":\"WebPage\",\"@id\":\"https:\/\/www.mundoagropecuario.cl\/new\/pequenos-agricultores-aprenden-a-cultivar-en-fibra-de-coco-y-ahorraran-agua\/\",\"url\":\"https:\/\/www.mundoagropecuario.cl\/new\/pequenos-agricultores-aprenden-a-cultivar-en-fibra-de-coco-y-ahorraran-agua\/\",\"name\":\"Peque\u00f1os agricultores aprenden a cultivar en fibra de coco y ahorraran agua - Mundoagropecuario\",\"isPartOf\":{\"@id\":\"https:\/\/www.mundoagropecuario.cl\/new\/#website\"},\"primaryImageOfPage\":{\"@id\":\"https:\/\/www.mundoagropecuario.cl\/new\/pequenos-agricultores-aprenden-a-cultivar-en-fibra-de-coco-y-ahorraran-agua\/#primaryimage\"},\"image\":{\"@id\":\"https:\/\/www.mundoagropecuario.cl\/new\/pequenos-agricultores-aprenden-a-cultivar-en-fibra-de-coco-y-ahorraran-agua\/#primaryimage\"},\"thumbnailUrl\":\"https:\/\/www.mundoagropecuario.cl\/new\/wp-content\/uploads\/2020\/01\/Coco.jpg\",\"datePublished\":\"2020-01-10T13:08:10+00:00\",\"dateModified\":\"2020-01-10T14:19:20+00:00\",\"breadcrumb\":{\"@id\":\"https:\/\/www.mundoagropecuario.cl\/new\/pequenos-agricultores-aprenden-a-cultivar-en-fibra-de-coco-y-ahorraran-agua\/#breadcrumb\"},\"inLanguage\":\"es\",\"potentialAction\":[{\"@type\":\"ReadAction\",\"target\":[\"https:\/\/www.mundoagropecuario.cl\/new\/pequenos-agricultores-aprenden-a-cultivar-en-fibra-de-coco-y-ahorraran-agua\/\"]}]},{\"@type\":\"ImageObject\",\"inLanguage\":\"es\",\"@id\":\"https:\/\/www.mundoagropecuario.cl\/new\/pequenos-agricultores-aprenden-a-cultivar-en-fibra-de-coco-y-ahorraran-agua\/#primaryimage\",\"url\":\"https:\/\/www.mundoagropecuario.cl\/new\/wp-content\/uploads\/2020\/01\/Coco.jpg\",\"contentUrl\":\"https:\/\/www.mundoagropecuario.cl\/new\/wp-content\/uploads\/2020\/01\/Coco.jpg\",\"width\":533,\"height\":400},{\"@type\":\"BreadcrumbList\",\"@id\":\"https:\/\/www.mundoagropecuario.cl\/new\/pequenos-agricultores-aprenden-a-cultivar-en-fibra-de-coco-y-ahorraran-agua\/#breadcrumb\",\"itemListElement\":[{\"@type\":\"ListItem\",\"position\":1,\"name\":\"Portada\",\"item\":\"https:\/\/www.mundoagropecuario.cl\/new\/\"},{\"@type\":\"ListItem\",\"position\":2,\"name\":\"Peque\u00f1os agricultores aprenden a cultivar en fibra de coco y ahorraran agua\"}]},{\"@type\":\"WebSite\",\"@id\":\"https:\/\/www.mundoagropecuario.cl\/new\/#website\",\"url\":\"https:\/\/www.mundoagropecuario.cl\/new\/\",\"name\":\"Mundoagropecuario\",\"description\":\"Mundo Agropecuario\",\"publisher\":{\"@id\":\"https:\/\/www.mundoagropecuario.cl\/new\/#organization\"},\"potentialAction\":[{\"@type\":\"SearchAction\",\"target\":{\"@type\":\"EntryPoint\",\"urlTemplate\":\"https:\/\/www.mundoagropecuario.cl\/new\/?s={search_term_string}\"},\"query-input\":{\"@type\":\"PropertyValueSpecification\",\"valueRequired\":true,\"valueName\":\"search_term_string\"}}],\"inLanguage\":\"es\"},{\"@type\":\"Organization\",\"@id\":\"https:\/\/www.mundoagropecuario.cl\/new\/#organization\",\"name\":\"Revista de Agricultura\",\"url\":\"https:\/\/www.mundoagropecuario.cl\/new\/\",\"logo\":{\"@type\":\"ImageObject\",\"inLanguage\":\"es\",\"@id\":\"https:\/\/www.mundoagropecuario.cl\/new\/#\/schema\/logo\/image\/\",\"url\":\"https:\/\/www.mundoagropecuario.cl\/new\/wp-content\/uploads\/2020\/11\/PORTAL-1-1.png\",\"contentUrl\":\"https:\/\/www.mundoagropecuario.cl\/new\/wp-content\/uploads\/2020\/11\/PORTAL-1-1.png\",\"width\":1026,\"height\":100,\"caption\":\"Revista de Agricultura\"},\"image\":{\"@id\":\"https:\/\/www.mundoagropecuario.cl\/new\/#\/schema\/logo\/image\/\"},\"sameAs\":[\"https:\/\/www.facebook.com\/mundo.agropecuario.3\",\"https:\/\/x.com\/MundoAgropecuar\",\"https:\/\/www.linkedin.com\/in\/mundo-agropecuario-934009201\/\"]},{\"@type\":\"Person\",\"@id\":\"https:\/\/www.mundoagropecuario.cl\/new\/#\/schema\/person\/4e9f74a82a7dac260eb1c44b7eebeb18\",\"name\":\"mundo\",\"url\":\"https:\/\/www.mundoagropecuario.cl\/new\/author\/mundo\/\"}]}<\/script>\n<!-- \/ Yoast SEO plugin. -->","yoast_head_json":{"title":"Peque\u00f1os agricultores aprenden a cultivar en fibra de coco y ahorraran agua - Mundoagropecuario","robots":{"index":"index","follow":"follow","max-snippet":"max-snippet:-1","max-image-preview":"max-image-preview:large","max-video-preview":"max-video-preview:-1"},"canonical":"https:\/\/www.mundoagropecuario.cl\/new\/pequenos-agricultores-aprenden-a-cultivar-en-fibra-de-coco-y-ahorraran-agua\/","og_locale":"es_ES","og_type":"article","og_title":"Peque\u00f1os agricultores aprenden a cultivar en fibra de coco y ahorraran agua - Mundoagropecuario","og_description":"La fibra de coco contribuye a la eficiencia h\u00eddrica, alcanzado desde un 35-40%&nbsp;&nbsp;de ahorro, principalmente porque dentro de las propiedades de la fibra de coco esta la capacidad de retenci\u00f3n...","og_url":"https:\/\/www.mundoagropecuario.cl\/new\/pequenos-agricultores-aprenden-a-cultivar-en-fibra-de-coco-y-ahorraran-agua\/","og_site_name":"Mundoagropecuario","article_publisher":"https:\/\/www.facebook.com\/mundo.agropecuario.3","article_published_time":"2020-01-10T13:08:10+00:00","article_modified_time":"2020-01-10T14:19:20+00:00","og_image":[{"width":1024,"height":768,"url":"https:\/\/www.mundoagropecuario.cl\/new\/wp-content\/uploads\/2020\/01\/Coco.jpg","type":"image\/jpeg"}],"author":"mundo","twitter_card":"summary_large_image","twitter_creator":"@MundoAgropecuar","twitter_site":"@MundoAgropecuar","twitter_misc":{"Escrito por":"mundo","Tiempo de lectura":"3 minutos"},"schema":{"@context":"https:\/\/schema.org","@graph":[{"@type":"Article","@id":"https:\/\/www.mundoagropecuario.cl\/new\/pequenos-agricultores-aprenden-a-cultivar-en-fibra-de-coco-y-ahorraran-agua\/#article","isPartOf":{"@id":"https:\/\/www.mundoagropecuario.cl\/new\/pequenos-agricultores-aprenden-a-cultivar-en-fibra-de-coco-y-ahorraran-agua\/"},"author":{"name":"mundo","@id":"https:\/\/www.mundoagropecuario.cl\/new\/#\/schema\/person\/4e9f74a82a7dac260eb1c44b7eebeb18"},"headline":"Peque\u00f1os agricultores aprenden a cultivar en fibra de coco y ahorraran agua","datePublished":"2020-01-10T13:08:10+00:00","dateModified":"2020-01-10T14:19:20+00:00","mainEntityOfPage":{"@id":"https:\/\/www.mundoagropecuario.cl\/new\/pequenos-agricultores-aprenden-a-cultivar-en-fibra-de-coco-y-ahorraran-agua\/"},"wordCount":631,"publisher":{"@id":"https:\/\/www.mundoagropecuario.cl\/new\/#organization"},"image":{"@id":"https:\/\/www.mundoagropecuario.cl\/new\/pequenos-agricultores-aprenden-a-cultivar-en-fibra-de-coco-y-ahorraran-agua\/#primaryimage"},"thumbnailUrl":"https:\/\/www.mundoagropecuario.cl\/new\/wp-content\/uploads\/2020\/01\/Coco.jpg","keywords":["Agricultura","Agro","cultivo hidrop\u00f3nico","INIA","INIA Intihuasi"],"articleSection":["Agricultura"],"inLanguage":"es"},{"@type":"WebPage","@id":"https:\/\/www.mundoagropecuario.cl\/new\/pequenos-agricultores-aprenden-a-cultivar-en-fibra-de-coco-y-ahorraran-agua\/","url":"https:\/\/www.mundoagropecuario.cl\/new\/pequenos-agricultores-aprenden-a-cultivar-en-fibra-de-coco-y-ahorraran-agua\/","name":"Peque\u00f1os agricultores aprenden a cultivar en fibra de coco y ahorraran agua - Mundoagropecuario","isPartOf":{"@id":"https:\/\/www.mundoagropecuario.cl\/new\/#website"},"primaryImageOfPage":{"@id":"https:\/\/www.mundoagropecuario.cl\/new\/pequenos-agricultores-aprenden-a-cultivar-en-fibra-de-coco-y-ahorraran-agua\/#primaryimage"},"image":{"@id":"https:\/\/www.mundoagropecuario.cl\/new\/pequenos-agricultores-aprenden-a-cultivar-en-fibra-de-coco-y-ahorraran-agua\/#primaryimage"},"thumbnailUrl":"https:\/\/www.mundoagropecuario.cl\/new\/wp-content\/uploads\/2020\/01\/Coco.jpg","datePublished":"2020-01-10T13:08:10+00:00","dateModified":"2020-01-10T14:19:20+00:00","breadcrumb":{"@id":"https:\/\/www.mundoagropecuario.cl\/new\/pequenos-agricultores-aprenden-a-cultivar-en-fibra-de-coco-y-ahorraran-agua\/#breadcrumb"},"inLanguage":"es","potentialAction":[{"@type":"ReadAction","target":["https:\/\/www.mundoagropecuario.cl\/new\/pequenos-agricultores-aprenden-a-cultivar-en-fibra-de-coco-y-ahorraran-agua\/"]}]},{"@type":"ImageObject","inLanguage":"es","@id":"https:\/\/www.mundoagropecuario.cl\/new\/pequenos-agricultores-aprenden-a-cultivar-en-fibra-de-coco-y-ahorraran-agua\/#primaryimage","url":"https:\/\/www.mundoagropecuario.cl\/new\/wp-content\/uploads\/2020\/01\/Coco.jpg","contentUrl":"https:\/\/www.mundoagropecuario.cl\/new\/wp-content\/uploads\/2020\/01\/Coco.jpg","width":533,"height":400},{"@type":"BreadcrumbList","@id":"https:\/\/www.mundoagropecuario.cl\/new\/pequenos-agricultores-aprenden-a-cultivar-en-fibra-de-coco-y-ahorraran-agua\/#breadcrumb","itemListElement":[{"@type":"ListItem","position":1,"name":"Portada","item":"https:\/\/www.mundoagropecuario.cl\/new\/"},{"@type":"ListItem","position":2,"name":"Peque\u00f1os agricultores aprenden a cultivar en fibra de coco y ahorraran agua"}]},{"@type":"WebSite","@id":"https:\/\/www.mundoagropecuario.cl\/new\/#website","url":"https:\/\/www.mundoagropecuario.cl\/new\/","name":"Mundoagropecuario","description":"Mundo Agropecuario","publisher":{"@id":"https:\/\/www.mundoagropecuario.cl\/new\/#organization"},"potentialAction":[{"@type":"SearchAction","target":{"@type":"EntryPoint","urlTemplate":"https:\/\/www.mundoagropecuario.cl\/new\/?s={search_term_string}"},"query-input":{"@type":"PropertyValueSpecification","valueRequired":true,"valueName":"search_term_string"}}],"inLanguage":"es"},{"@type":"Organization","@id":"https:\/\/www.mundoagropecuario.cl\/new\/#organization","name":"Revista de Agricultura","url":"https:\/\/www.mundoagropecuario.cl\/new\/","logo":{"@type":"ImageObject","inLanguage":"es","@id":"https:\/\/www.mundoagropecuario.cl\/new\/#\/schema\/logo\/image\/","url":"https:\/\/www.mundoagropecuario.cl\/new\/wp-content\/uploads\/2020\/11\/PORTAL-1-1.png","contentUrl":"https:\/\/www.mundoagropecuario.cl\/new\/wp-content\/uploads\/2020\/11\/PORTAL-1-1.png","width":1026,"height":100,"caption":"Revista de Agricultura"},"image":{"@id":"https:\/\/www.mundoagropecuario.cl\/new\/#\/schema\/logo\/image\/"},"sameAs":["https:\/\/www.facebook.com\/mundo.agropecuario.3","https:\/\/x.com\/MundoAgropecuar","https:\/\/www.linkedin.com\/in\/mundo-agropecuario-934009201\/"]},{"@type":"Person","@id":"https:\/\/www.mundoagropecuario.cl\/new\/#\/schema\/person\/4e9f74a82a7dac260eb1c44b7eebeb18","name":"mundo","url":"https:\/\/www.mundoagropecuario.cl\/new\/author\/mundo\/"}]}},"_links":{"self":[{"href":"https:\/\/www.mundoagropecuario.cl\/new\/wp-json\/wp\/v2\/posts\/15428","targetHints":{"allow":["GET"]}}],"collection":[{"href":"https:\/\/www.mundoagropecuario.cl\/new\/wp-json\/wp\/v2\/posts"}],"about":[{"href":"https:\/\/www.mundoagropecuario.cl\/new\/wp-json\/wp\/v2\/types\/post"}],"author":[{"embeddable":true,"href":"https:\/\/www.mundoagropecuario.cl\/new\/wp-json\/wp\/v2\/users\/2"}],"replies":[{"embeddable":true,"href":"https:\/\/www.mundoagropecuario.cl\/new\/wp-json\/wp\/v2\/comments?post=15428"}],"version-history":[{"count":2,"href":"https:\/\/www.mundoagropecuario.cl\/new\/wp-json\/wp\/v2\/posts\/15428\/revisions"}],"predecessor-version":[{"id":15434,"href":"https:\/\/www.mundoagropecuario.cl\/new\/wp-json\/wp\/v2\/posts\/15428\/revisions\/15434"}],"wp:featuredmedia":[{"embeddable":true,"href":"https:\/\/www.mundoagropecuario.cl\/new\/wp-json\/wp\/v2\/media\/15429"}],"wp:attachment":[{"href":"https:\/\/www.mundoagropecuario.cl\/new\/wp-json\/wp\/v2\/media?parent=15428"}],"wp:term":[{"taxonomy":"category","embeddable":true,"href":"https:\/\/www.mundoagropecuario.cl\/new\/wp-json\/wp\/v2\/categories?post=15428"},{"taxonomy":"post_tag","embeddable":true,"href":"https:\/\/www.mundoagropecuario.cl\/new\/wp-json\/wp\/v2\/tags?post=15428"}],"curies":[{"name":"wp","href":"https:\/\/api.w.org\/{rel}","templated":true}]}}