{"id":15410,"date":"2020-01-09T11:02:50","date_gmt":"2020-01-09T14:02:50","guid":{"rendered":"http:\/\/www.mundoagropecuario.cl\/new\/?p=15410"},"modified":"2020-01-13T12:53:47","modified_gmt":"2020-01-13T15:53:47","slug":"sag-libero-a-cisne-de-cuello-negro-en-laguna-grande-de-san-pedro-de-la-paz","status":"publish","type":"post","link":"https:\/\/www.mundoagropecuario.cl\/new\/sag-libero-a-cisne-de-cuello-negro-en-laguna-grande-de-san-pedro-de-la-paz\/","title":{"rendered":"SAG liber\u00f3 a cisne de cuello negro en laguna Grande de San Pedro de la Paz"},"content":{"rendered":"\n<ul class=\"wp-block-gallery columns-0 is-cropped wp-block-gallery-1 is-layout-flex wp-block-gallery-is-layout-flex\"><\/ul>\n\n\n\n<p class=\"has-medium-font-size\"><em>La cisne de cuello negro, fue liberada a su entorno natural en la Laguna Grande de San Pedro de la Paz, por autoridades, funcionarios del SAG, USS y Municipio (Mundo Agropecuario).<\/em><\/p>\n\n\n\n<p>El pasado jueves 2 de enero, un llamado de vecinos del Gran Concepci\u00f3n, alert\u00f3 a funcionarios del Servicio Agr\u00edcola y Ganadero (SAG) sobre la presencia de un cisne de cuello negro herido en el acceso peatonal del Puente Chacabuco. Ante esta situaci\u00f3n el SAG lleg\u00f3 con profesionales de Concepci\u00f3n para rescatar al animal protegido por la Ley de Caza.<\/p>\n\n\n\n<p>Posteriormente, la ejemplar hembra de 3.1 kg, fue trasladada hasta el Hospital Cl\u00ednico Veterinario de la Universidad San Sebasti\u00e1n (USS), donde fue diagnosticada con heridas abrasivas y sangrantes en ambas plantas de los pies y signos de dolor.<\/p>\n\n\n\n<p>Al respecto Jorge Leichtle, encargado del Centro de Rescate de Fauna Silvestre de la USS, explic\u00f3 que &#8220;las heridas fueron tratadas. Se procedi\u00f3 a una estabilizaci\u00f3n farmacol\u00f3gico, analg\u00e9sico sobre todo y se trataron las heridas (plantas de los pies), que fueron evolucionando favorablemente con los d\u00edas. Aparte de eso, se complement\u00f3 la alimentaci\u00f3n con multivitam\u00ednicos, por lo tanto est\u00e1 en buenas condiciones para volver al ecosistema&#8221;.&nbsp;<\/p>\n\n\n\n<figure class=\"wp-block-image\"><img loading=\"lazy\" decoding=\"async\" width=\"720\" height=\"339\" src=\"https:\/\/www.mundoagropecuario.cl\/new\/wp-content\/uploads\/2020\/01\/Cisne-Cuello-negro-850x400.jpg\" alt=\"\" class=\"wp-image-15412\" srcset=\"https:\/\/www.mundoagropecuario.cl\/new\/wp-content\/uploads\/2020\/01\/Cisne-Cuello-negro-850x400.jpg 720w, https:\/\/www.mundoagropecuario.cl\/new\/wp-content\/uploads\/2020\/01\/Cisne-Cuello-negro-850x400-586x276.jpg 586w, https:\/\/www.mundoagropecuario.cl\/new\/wp-content\/uploads\/2020\/01\/Cisne-Cuello-negro-850x400-768x361.jpg 768w\" sizes=\"auto, (max-width: 720px) 100vw, 720px\" \/><\/figure>\n\n\n\n<p>A casi una semana del hecho, la cisne de cuello negro (Cygnus melancoryphus), fue liberada a su entorno natural en la Laguna Grande de San Pedro de la Paz, por autoridades de Gobierno, funcionarios del SAG, USS y Municipalidad de San Pedro de la Paz.<\/p>\n\n\n\n<p>Respecto al operativo el Gobernador de Concepci\u00f3n, Robert Contreras, destac\u00f3 que \u201cquiero agradecer a todas las personas que llamaron al SAG para que pudieran, en un r\u00e1pido operativo, rescatar a este ejemplar de cuello negro. El ave se recuper\u00f3 de forma satisfactoria y ahora lo devolvemos a su h\u00e1bitat natural. Es importante ante cualquier caso similar, llamar al SAG, ya que cuentan con las medidas correspondientes para el rescate de dicho animal\u201d.<\/p>\n\n\n\n<p>\u201cLa fauna silvestre tiene un rol fundamental en el equilibrio ecol\u00f3gico del medio ambiente y es ben\u00e9fica para agricultura, por lo que es importante no mantener especies de aves y animales silvestres en cautiverio sin autorizaci\u00f3n del Servicio Agr\u00edcola y Ganadero, por lo cual es importante el cuidado de estos ejemplares\u201d, dijo el Seremi de Agricultura, Francisco Lagos.<\/p>\n\n\n\n<p>En este sentido, el Director Regional del SAG de Biob\u00edo, Iv\u00e1n Ram\u00edrez, llam\u00f3 a la ciudadan\u00eda a respetar la fauna silvestre y en caso de avistamientos en su h\u00e1bitat natural, cuando \u00e9stos no presenten alguna lesi\u00f3n o problema de movilidad \u201ca no molestarlos y dejarlos que retornen de forma voluntaria a su medio natural, ya que la manipulaci\u00f3n inadecuada y el cautiverio son un grave da\u00f1o que se les provoca a estas especies\u201d, dijo.<\/p>\n\n\n\n<p>Cabe recordar que cisne de cuello se encuentra protegido por la Ley de Caza. En la zona centro y austral del pa\u00eds est\u00e1 catalogada en estado de conservaci\u00f3n vulnerable y en la zona sur en peligro de extinci\u00f3n.<\/p>\n","protected":false},"excerpt":{"rendered":"<p>La cisne de cuello negro, fue liberada a su entorno natural en la Laguna Grande de San Pedro de la Paz, por autoridades, funcionarios del SAG, USS y Municipio (Mundo&#8230;<\/p>\n","protected":false},"author":2,"featured_media":15411,"comment_status":"closed","ping_status":"closed","sticky":false,"template":"","format":"standard","meta":{"footnotes":""},"categories":[1945],"tags":[2756,4570,4149,2036],"class_list":["post-15410","post","type-post","status-publish","format-standard","has-post-thumbnail","hentry","category-agricultura","tag-aves","tag-cisne-de-cuello-negro","tag-mundo-agropecuario","tag-sag"],"yoast_head":"<!-- This site is optimized with the Yoast SEO plugin v26.6 - https:\/\/yoast.com\/wordpress\/plugins\/seo\/ -->\n<title>SAG liber\u00f3 a cisne de cuello negro en laguna Grande de San Pedro de la Paz - Mundoagropecuario<\/title>\n<meta name=\"robots\" content=\"index, follow, max-snippet:-1, max-image-preview:large, max-video-preview:-1\" \/>\n<link rel=\"canonical\" href=\"https:\/\/www.mundoagropecuario.cl\/new\/sag-libero-a-cisne-de-cuello-negro-en-laguna-grande-de-san-pedro-de-la-paz\/\" \/>\n<meta property=\"og:locale\" content=\"es_ES\" \/>\n<meta property=\"og:type\" content=\"article\" \/>\n<meta property=\"og:title\" content=\"SAG liber\u00f3 a cisne de cuello negro en laguna Grande de San Pedro de la Paz - Mundoagropecuario\" \/>\n<meta property=\"og:description\" content=\"La cisne de cuello negro, fue liberada a su entorno natural en la Laguna Grande de San Pedro de la Paz, por autoridades, funcionarios del SAG, USS y Municipio (Mundo...\" \/>\n<meta property=\"og:url\" content=\"https:\/\/www.mundoagropecuario.cl\/new\/sag-libero-a-cisne-de-cuello-negro-en-laguna-grande-de-san-pedro-de-la-paz\/\" \/>\n<meta property=\"og:site_name\" content=\"Mundoagropecuario\" \/>\n<meta property=\"article:publisher\" content=\"https:\/\/www.facebook.com\/mundo.agropecuario.3\" \/>\n<meta property=\"article:published_time\" content=\"2020-01-09T14:02:50+00:00\" \/>\n<meta property=\"article:modified_time\" content=\"2020-01-13T15:53:47+00:00\" \/>\n<meta property=\"og:image\" content=\"https:\/\/www.mundoagropecuario.cl\/new\/wp-content\/uploads\/2020\/01\/CISNE-4-758x569.jpg\" \/>\n\t<meta property=\"og:image:width\" content=\"758\" \/>\n\t<meta property=\"og:image:height\" content=\"569\" \/>\n\t<meta property=\"og:image:type\" content=\"image\/jpeg\" \/>\n<meta name=\"author\" content=\"mundo\" \/>\n<meta name=\"twitter:card\" content=\"summary_large_image\" \/>\n<meta name=\"twitter:creator\" content=\"@MundoAgropecuar\" \/>\n<meta name=\"twitter:site\" content=\"@MundoAgropecuar\" \/>\n<meta name=\"twitter:label1\" content=\"Escrito por\" \/>\n\t<meta name=\"twitter:data1\" content=\"mundo\" \/>\n\t<meta name=\"twitter:label2\" content=\"Tiempo de lectura\" \/>\n\t<meta name=\"twitter:data2\" content=\"3 minutos\" \/>\n<script type=\"application\/ld+json\" class=\"yoast-schema-graph\">{\"@context\":\"https:\/\/schema.org\",\"@graph\":[{\"@type\":\"Article\",\"@id\":\"https:\/\/www.mundoagropecuario.cl\/new\/sag-libero-a-cisne-de-cuello-negro-en-laguna-grande-de-san-pedro-de-la-paz\/#article\",\"isPartOf\":{\"@id\":\"https:\/\/www.mundoagropecuario.cl\/new\/sag-libero-a-cisne-de-cuello-negro-en-laguna-grande-de-san-pedro-de-la-paz\/\"},\"author\":{\"name\":\"mundo\",\"@id\":\"https:\/\/www.mundoagropecuario.cl\/new\/#\/schema\/person\/4e9f74a82a7dac260eb1c44b7eebeb18\"},\"headline\":\"SAG liber\u00f3 a cisne de cuello negro en laguna Grande de San Pedro de la Paz\",\"datePublished\":\"2020-01-09T14:02:50+00:00\",\"dateModified\":\"2020-01-13T15:53:47+00:00\",\"mainEntityOfPage\":{\"@id\":\"https:\/\/www.mundoagropecuario.cl\/new\/sag-libero-a-cisne-de-cuello-negro-en-laguna-grande-de-san-pedro-de-la-paz\/\"},\"wordCount\":526,\"publisher\":{\"@id\":\"https:\/\/www.mundoagropecuario.cl\/new\/#organization\"},\"image\":{\"@id\":\"https:\/\/www.mundoagropecuario.cl\/new\/sag-libero-a-cisne-de-cuello-negro-en-laguna-grande-de-san-pedro-de-la-paz\/#primaryimage\"},\"thumbnailUrl\":\"https:\/\/www.mundoagropecuario.cl\/new\/wp-content\/uploads\/2020\/01\/CISNE-4-758x569.jpg\",\"keywords\":[\"aves\",\"Cisne de cuello negro\",\"Mundo Agropecuario\",\"SAG\"],\"articleSection\":[\"Agricultura\"],\"inLanguage\":\"es\"},{\"@type\":\"WebPage\",\"@id\":\"https:\/\/www.mundoagropecuario.cl\/new\/sag-libero-a-cisne-de-cuello-negro-en-laguna-grande-de-san-pedro-de-la-paz\/\",\"url\":\"https:\/\/www.mundoagropecuario.cl\/new\/sag-libero-a-cisne-de-cuello-negro-en-laguna-grande-de-san-pedro-de-la-paz\/\",\"name\":\"SAG liber\u00f3 a cisne de cuello negro en laguna Grande de San Pedro de la Paz - Mundoagropecuario\",\"isPartOf\":{\"@id\":\"https:\/\/www.mundoagropecuario.cl\/new\/#website\"},\"primaryImageOfPage\":{\"@id\":\"https:\/\/www.mundoagropecuario.cl\/new\/sag-libero-a-cisne-de-cuello-negro-en-laguna-grande-de-san-pedro-de-la-paz\/#primaryimage\"},\"image\":{\"@id\":\"https:\/\/www.mundoagropecuario.cl\/new\/sag-libero-a-cisne-de-cuello-negro-en-laguna-grande-de-san-pedro-de-la-paz\/#primaryimage\"},\"thumbnailUrl\":\"https:\/\/www.mundoagropecuario.cl\/new\/wp-content\/uploads\/2020\/01\/CISNE-4-758x569.jpg\",\"datePublished\":\"2020-01-09T14:02:50+00:00\",\"dateModified\":\"2020-01-13T15:53:47+00:00\",\"breadcrumb\":{\"@id\":\"https:\/\/www.mundoagropecuario.cl\/new\/sag-libero-a-cisne-de-cuello-negro-en-laguna-grande-de-san-pedro-de-la-paz\/#breadcrumb\"},\"inLanguage\":\"es\",\"potentialAction\":[{\"@type\":\"ReadAction\",\"target\":[\"https:\/\/www.mundoagropecuario.cl\/new\/sag-libero-a-cisne-de-cuello-negro-en-laguna-grande-de-san-pedro-de-la-paz\/\"]}]},{\"@type\":\"ImageObject\",\"inLanguage\":\"es\",\"@id\":\"https:\/\/www.mundoagropecuario.cl\/new\/sag-libero-a-cisne-de-cuello-negro-en-laguna-grande-de-san-pedro-de-la-paz\/#primaryimage\",\"url\":\"https:\/\/www.mundoagropecuario.cl\/new\/wp-content\/uploads\/2020\/01\/CISNE-4-758x569.jpg\",\"contentUrl\":\"https:\/\/www.mundoagropecuario.cl\/new\/wp-content\/uploads\/2020\/01\/CISNE-4-758x569.jpg\",\"width\":533,\"height\":400},{\"@type\":\"BreadcrumbList\",\"@id\":\"https:\/\/www.mundoagropecuario.cl\/new\/sag-libero-a-cisne-de-cuello-negro-en-laguna-grande-de-san-pedro-de-la-paz\/#breadcrumb\",\"itemListElement\":[{\"@type\":\"ListItem\",\"position\":1,\"name\":\"Portada\",\"item\":\"https:\/\/www.mundoagropecuario.cl\/new\/\"},{\"@type\":\"ListItem\",\"position\":2,\"name\":\"SAG liber\u00f3 a cisne de cuello negro en laguna Grande de San Pedro de la Paz\"}]},{\"@type\":\"WebSite\",\"@id\":\"https:\/\/www.mundoagropecuario.cl\/new\/#website\",\"url\":\"https:\/\/www.mundoagropecuario.cl\/new\/\",\"name\":\"Mundoagropecuario\",\"description\":\"Mundo Agropecuario\",\"publisher\":{\"@id\":\"https:\/\/www.mundoagropecuario.cl\/new\/#organization\"},\"potentialAction\":[{\"@type\":\"SearchAction\",\"target\":{\"@type\":\"EntryPoint\",\"urlTemplate\":\"https:\/\/www.mundoagropecuario.cl\/new\/?s={search_term_string}\"},\"query-input\":{\"@type\":\"PropertyValueSpecification\",\"valueRequired\":true,\"valueName\":\"search_term_string\"}}],\"inLanguage\":\"es\"},{\"@type\":\"Organization\",\"@id\":\"https:\/\/www.mundoagropecuario.cl\/new\/#organization\",\"name\":\"Revista de Agricultura\",\"url\":\"https:\/\/www.mundoagropecuario.cl\/new\/\",\"logo\":{\"@type\":\"ImageObject\",\"inLanguage\":\"es\",\"@id\":\"https:\/\/www.mundoagropecuario.cl\/new\/#\/schema\/logo\/image\/\",\"url\":\"https:\/\/www.mundoagropecuario.cl\/new\/wp-content\/uploads\/2020\/11\/PORTAL-1-1.png\",\"contentUrl\":\"https:\/\/www.mundoagropecuario.cl\/new\/wp-content\/uploads\/2020\/11\/PORTAL-1-1.png\",\"width\":1026,\"height\":100,\"caption\":\"Revista de Agricultura\"},\"image\":{\"@id\":\"https:\/\/www.mundoagropecuario.cl\/new\/#\/schema\/logo\/image\/\"},\"sameAs\":[\"https:\/\/www.facebook.com\/mundo.agropecuario.3\",\"https:\/\/x.com\/MundoAgropecuar\",\"https:\/\/www.linkedin.com\/in\/mundo-agropecuario-934009201\/\"]},{\"@type\":\"Person\",\"@id\":\"https:\/\/www.mundoagropecuario.cl\/new\/#\/schema\/person\/4e9f74a82a7dac260eb1c44b7eebeb18\",\"name\":\"mundo\",\"url\":\"https:\/\/www.mundoagropecuario.cl\/new\/author\/mundo\/\"}]}<\/script>\n<!-- \/ Yoast SEO plugin. -->","yoast_head_json":{"title":"SAG liber\u00f3 a cisne de cuello negro en laguna Grande de San Pedro de la Paz - Mundoagropecuario","robots":{"index":"index","follow":"follow","max-snippet":"max-snippet:-1","max-image-preview":"max-image-preview:large","max-video-preview":"max-video-preview:-1"},"canonical":"https:\/\/www.mundoagropecuario.cl\/new\/sag-libero-a-cisne-de-cuello-negro-en-laguna-grande-de-san-pedro-de-la-paz\/","og_locale":"es_ES","og_type":"article","og_title":"SAG liber\u00f3 a cisne de cuello negro en laguna Grande de San Pedro de la Paz - Mundoagropecuario","og_description":"La cisne de cuello negro, fue liberada a su entorno natural en la Laguna Grande de San Pedro de la Paz, por autoridades, funcionarios del SAG, USS y Municipio (Mundo...","og_url":"https:\/\/www.mundoagropecuario.cl\/new\/sag-libero-a-cisne-de-cuello-negro-en-laguna-grande-de-san-pedro-de-la-paz\/","og_site_name":"Mundoagropecuario","article_publisher":"https:\/\/www.facebook.com\/mundo.agropecuario.3","article_published_time":"2020-01-09T14:02:50+00:00","article_modified_time":"2020-01-13T15:53:47+00:00","og_image":[{"width":758,"height":569,"url":"https:\/\/www.mundoagropecuario.cl\/new\/wp-content\/uploads\/2020\/01\/CISNE-4-758x569.jpg","type":"image\/jpeg"}],"author":"mundo","twitter_card":"summary_large_image","twitter_creator":"@MundoAgropecuar","twitter_site":"@MundoAgropecuar","twitter_misc":{"Escrito por":"mundo","Tiempo de lectura":"3 minutos"},"schema":{"@context":"https:\/\/schema.org","@graph":[{"@type":"Article","@id":"https:\/\/www.mundoagropecuario.cl\/new\/sag-libero-a-cisne-de-cuello-negro-en-laguna-grande-de-san-pedro-de-la-paz\/#article","isPartOf":{"@id":"https:\/\/www.mundoagropecuario.cl\/new\/sag-libero-a-cisne-de-cuello-negro-en-laguna-grande-de-san-pedro-de-la-paz\/"},"author":{"name":"mundo","@id":"https:\/\/www.mundoagropecuario.cl\/new\/#\/schema\/person\/4e9f74a82a7dac260eb1c44b7eebeb18"},"headline":"SAG liber\u00f3 a cisne de cuello negro en laguna Grande de San Pedro de la Paz","datePublished":"2020-01-09T14:02:50+00:00","dateModified":"2020-01-13T15:53:47+00:00","mainEntityOfPage":{"@id":"https:\/\/www.mundoagropecuario.cl\/new\/sag-libero-a-cisne-de-cuello-negro-en-laguna-grande-de-san-pedro-de-la-paz\/"},"wordCount":526,"publisher":{"@id":"https:\/\/www.mundoagropecuario.cl\/new\/#organization"},"image":{"@id":"https:\/\/www.mundoagropecuario.cl\/new\/sag-libero-a-cisne-de-cuello-negro-en-laguna-grande-de-san-pedro-de-la-paz\/#primaryimage"},"thumbnailUrl":"https:\/\/www.mundoagropecuario.cl\/new\/wp-content\/uploads\/2020\/01\/CISNE-4-758x569.jpg","keywords":["aves","Cisne de cuello negro","Mundo Agropecuario","SAG"],"articleSection":["Agricultura"],"inLanguage":"es"},{"@type":"WebPage","@id":"https:\/\/www.mundoagropecuario.cl\/new\/sag-libero-a-cisne-de-cuello-negro-en-laguna-grande-de-san-pedro-de-la-paz\/","url":"https:\/\/www.mundoagropecuario.cl\/new\/sag-libero-a-cisne-de-cuello-negro-en-laguna-grande-de-san-pedro-de-la-paz\/","name":"SAG liber\u00f3 a cisne de cuello negro en laguna Grande de San Pedro de la Paz - Mundoagropecuario","isPartOf":{"@id":"https:\/\/www.mundoagropecuario.cl\/new\/#website"},"primaryImageOfPage":{"@id":"https:\/\/www.mundoagropecuario.cl\/new\/sag-libero-a-cisne-de-cuello-negro-en-laguna-grande-de-san-pedro-de-la-paz\/#primaryimage"},"image":{"@id":"https:\/\/www.mundoagropecuario.cl\/new\/sag-libero-a-cisne-de-cuello-negro-en-laguna-grande-de-san-pedro-de-la-paz\/#primaryimage"},"thumbnailUrl":"https:\/\/www.mundoagropecuario.cl\/new\/wp-content\/uploads\/2020\/01\/CISNE-4-758x569.jpg","datePublished":"2020-01-09T14:02:50+00:00","dateModified":"2020-01-13T15:53:47+00:00","breadcrumb":{"@id":"https:\/\/www.mundoagropecuario.cl\/new\/sag-libero-a-cisne-de-cuello-negro-en-laguna-grande-de-san-pedro-de-la-paz\/#breadcrumb"},"inLanguage":"es","potentialAction":[{"@type":"ReadAction","target":["https:\/\/www.mundoagropecuario.cl\/new\/sag-libero-a-cisne-de-cuello-negro-en-laguna-grande-de-san-pedro-de-la-paz\/"]}]},{"@type":"ImageObject","inLanguage":"es","@id":"https:\/\/www.mundoagropecuario.cl\/new\/sag-libero-a-cisne-de-cuello-negro-en-laguna-grande-de-san-pedro-de-la-paz\/#primaryimage","url":"https:\/\/www.mundoagropecuario.cl\/new\/wp-content\/uploads\/2020\/01\/CISNE-4-758x569.jpg","contentUrl":"https:\/\/www.mundoagropecuario.cl\/new\/wp-content\/uploads\/2020\/01\/CISNE-4-758x569.jpg","width":533,"height":400},{"@type":"BreadcrumbList","@id":"https:\/\/www.mundoagropecuario.cl\/new\/sag-libero-a-cisne-de-cuello-negro-en-laguna-grande-de-san-pedro-de-la-paz\/#breadcrumb","itemListElement":[{"@type":"ListItem","position":1,"name":"Portada","item":"https:\/\/www.mundoagropecuario.cl\/new\/"},{"@type":"ListItem","position":2,"name":"SAG liber\u00f3 a cisne de cuello negro en laguna Grande de San Pedro de la Paz"}]},{"@type":"WebSite","@id":"https:\/\/www.mundoagropecuario.cl\/new\/#website","url":"https:\/\/www.mundoagropecuario.cl\/new\/","name":"Mundoagropecuario","description":"Mundo Agropecuario","publisher":{"@id":"https:\/\/www.mundoagropecuario.cl\/new\/#organization"},"potentialAction":[{"@type":"SearchAction","target":{"@type":"EntryPoint","urlTemplate":"https:\/\/www.mundoagropecuario.cl\/new\/?s={search_term_string}"},"query-input":{"@type":"PropertyValueSpecification","valueRequired":true,"valueName":"search_term_string"}}],"inLanguage":"es"},{"@type":"Organization","@id":"https:\/\/www.mundoagropecuario.cl\/new\/#organization","name":"Revista de Agricultura","url":"https:\/\/www.mundoagropecuario.cl\/new\/","logo":{"@type":"ImageObject","inLanguage":"es","@id":"https:\/\/www.mundoagropecuario.cl\/new\/#\/schema\/logo\/image\/","url":"https:\/\/www.mundoagropecuario.cl\/new\/wp-content\/uploads\/2020\/11\/PORTAL-1-1.png","contentUrl":"https:\/\/www.mundoagropecuario.cl\/new\/wp-content\/uploads\/2020\/11\/PORTAL-1-1.png","width":1026,"height":100,"caption":"Revista de Agricultura"},"image":{"@id":"https:\/\/www.mundoagropecuario.cl\/new\/#\/schema\/logo\/image\/"},"sameAs":["https:\/\/www.facebook.com\/mundo.agropecuario.3","https:\/\/x.com\/MundoAgropecuar","https:\/\/www.linkedin.com\/in\/mundo-agropecuario-934009201\/"]},{"@type":"Person","@id":"https:\/\/www.mundoagropecuario.cl\/new\/#\/schema\/person\/4e9f74a82a7dac260eb1c44b7eebeb18","name":"mundo","url":"https:\/\/www.mundoagropecuario.cl\/new\/author\/mundo\/"}]}},"_links":{"self":[{"href":"https:\/\/www.mundoagropecuario.cl\/new\/wp-json\/wp\/v2\/posts\/15410","targetHints":{"allow":["GET"]}}],"collection":[{"href":"https:\/\/www.mundoagropecuario.cl\/new\/wp-json\/wp\/v2\/posts"}],"about":[{"href":"https:\/\/www.mundoagropecuario.cl\/new\/wp-json\/wp\/v2\/types\/post"}],"author":[{"embeddable":true,"href":"https:\/\/www.mundoagropecuario.cl\/new\/wp-json\/wp\/v2\/users\/2"}],"replies":[{"embeddable":true,"href":"https:\/\/www.mundoagropecuario.cl\/new\/wp-json\/wp\/v2\/comments?post=15410"}],"version-history":[{"count":1,"href":"https:\/\/www.mundoagropecuario.cl\/new\/wp-json\/wp\/v2\/posts\/15410\/revisions"}],"predecessor-version":[{"id":15413,"href":"https:\/\/www.mundoagropecuario.cl\/new\/wp-json\/wp\/v2\/posts\/15410\/revisions\/15413"}],"wp:featuredmedia":[{"embeddable":true,"href":"https:\/\/www.mundoagropecuario.cl\/new\/wp-json\/wp\/v2\/media\/15411"}],"wp:attachment":[{"href":"https:\/\/www.mundoagropecuario.cl\/new\/wp-json\/wp\/v2\/media?parent=15410"}],"wp:term":[{"taxonomy":"category","embeddable":true,"href":"https:\/\/www.mundoagropecuario.cl\/new\/wp-json\/wp\/v2\/categories?post=15410"},{"taxonomy":"post_tag","embeddable":true,"href":"https:\/\/www.mundoagropecuario.cl\/new\/wp-json\/wp\/v2\/tags?post=15410"}],"curies":[{"name":"wp","href":"https:\/\/api.w.org\/{rel}","templated":true}]}}