{"id":15406,"date":"2020-01-09T10:52:07","date_gmt":"2020-01-09T13:52:07","guid":{"rendered":"http:\/\/www.mundoagropecuario.cl\/new\/?p=15406"},"modified":"2020-01-13T12:53:25","modified_gmt":"2020-01-13T15:53:25","slug":"ministro-recibe-a-la-amuch-para-buscar-la-mejor-solucion-para-enfrentar-la-sequia","status":"publish","type":"post","link":"https:\/\/www.mundoagropecuario.cl\/new\/ministro-recibe-a-la-amuch-para-buscar-la-mejor-solucion-para-enfrentar-la-sequia\/","title":{"rendered":"Ministro recibe a la AMUCH para  buscar la mejor soluci\u00f3n para enfrentar la sequ\u00eda"},"content":{"rendered":"\n<ul class=\"wp-block-gallery columns-0 is-cropped wp-block-gallery-1 is-layout-flex wp-block-gallery-is-layout-flex\"><\/ul>\n\n\n\n<p class=\"has-medium-font-size\"><em>El Ministro Antonio Walker se reuni\u00f3 con alcaldes pertenecientes a La Asociaci\u00f3n de Municipalidades de Chile (AMUCH), quienes le hicieron entrega a la autoridad  de un reciente Estudio elaborado por la Asociaci\u00f3n sobre la &#8220;Escasez h\u00eddrica en las Comunas de Chile&#8221; (Mundo Agropecuario).<\/em><\/p>\n\n\n\n<p>El Ministro Walker dijo que \u201clos alcaldes son nuestros mejores aliados en el combate a la sequ\u00eda\u201d y detall\u00f3 que \u201clos ediles son quienes mejor conocen los problemas de la comunidad y queremos destacar la entrega de estos informes por parte de la AMUCH y los vamos a mirar con mucho detenimiento, porque para nosotros es muy relevante la mirada que tienen los municipios en este aspecto, porque son los que est\u00e1n en primera l\u00ednea para resolver los problemas de las comunidades. Adem\u00e1s, queremos ser puentes entre ellos y otros ministerios para solucionar el tema del agua. Llevamos 30 a\u00f1os de un d\u00e9ficit de precipitaciones, el cambio clim\u00e1tico lleg\u00f3 para quedarse, Chile tiene agua lo que es una buena noticia, cual es la mala, es que tenemos una infraestructura de riego y de agua muy precaria, nos quedamos dormidos 40 a\u00f1os y no hicimos las obras que ten\u00edamos que hacer\u201d, se\u00f1al\u00f3 la autoridad.<\/p>\n\n\n\n<p>Los jefes comunales que se reunieron con el ministro Antonio Walker fueron: Rodrigo Delgado, Estaci\u00f3n Central; Luis Pradenas, Panquehue; Eduardo Soto, Rancagua; William Ar\u00e9valo, Santa Cruz; Claudio Pucher, Huala\u00f1\u00e9; Mario Olavarr\u00eda, Colina; Ver\u00f3nica Rossat, Hijuelas; Mart\u00edn Arriagada, Sagrada Familia; Iv\u00e1n Campos, Melipilla; Nelson Orellana, Til-Til; Cathy Barriga, Maip\u00fa y Katherine Burgos, Santo Domingo (asesora jur\u00eddica en representaci\u00f3n del alcalde).<\/p>\n\n\n\n<p>El alcalde de Estaci\u00f3n Central y vicepresidente de Amuch, Rodrigo Delgado destac\u00f3 que \u201clas propuestas son muy valiosas, la experiencia, sobre todo de los alcaldes rurales, hay que aprovecharlo y esto est\u00e1 en este documento. Tambi\u00e9n, ayer me reun\u00ed con Aguas Andinas para hacer campa\u00f1as preventivas para reparar fugas que puedan existir en los domicilios, debido a que la gente no sabe repararlas o no tiene conocimiento. Es necesario comenzar a detectar esto, resolver el problema y as\u00ed tambi\u00e9n bajar\u00e1 la cuenta de agua de las personas. Le hemos pedido al ministro que en las campa\u00f1as comunicacionales se entienda que el esfuerzo es de todos, mostrar las buenas pr\u00e1cticas que se est\u00e9n generando en la industria, en materia de ahorro del agua y que no solo se le solicite a la gente cuidar este bien escaso en sus hogares. En esta l\u00ednea, vamos a hacer una propuesta al Ministerio de Educaci\u00f3n para que en el futuro pudi\u00e9semos tener como parte de la malla curricular \u201cCambio Clim\u00e1tico y Medio Ambiente\u201d, porque parte del aprendizaje de cualquier h\u00e1bito, se requiere instalarlo en la temprana infancia\u201d.<\/p>\n\n\n\n<p>Por otra parte, el alcalde de Panquehue, Luis Pradenas enfatiz\u00f3 que \u201cel 70% de la mano de obra de mi comuna es agr\u00edcola y para enfrentar la sequ\u00eda el primer paso que hice fue formar una mesa h\u00eddrica, donde participan los grandes, medianos y peque\u00f1os agricultores y las APR. Comenc\u00e9 a trabajar para que los grandes empresarios del sector agr\u00edcola puedan tener una l\u00ednea social, donde el \u00e9xito se vea reflejado en el beneficio de toda la comunidad y as\u00ed comenzamos a generar alianzas p\u00fablico privadas. Ayer inauguramos una construcci\u00f3n con asistencia del ministro de Obras P\u00fablicas se construy\u00f3 un tranque de 5.000 metros c\u00fabicos donde se invirti\u00f3 en aguas tratadas, que la administra el municipio, \u00e9stas cumplen todas las normas del decreto 90 de salud que puede ser reutilizada en la agricultura, beneficiando entre 120 a 150 hect\u00e1reas y a alrededor de 60 peque\u00f1os y medianos agricultores\u201d.<\/p>\n\n\n\n<p>\u201cEl sector de Caleu se nos est\u00e1 secando, pero agua en el sector hay, tenemos 4 estudios que dicen que hay agua para 20 a\u00f1os, pero nadie perfora. Por eso le pedimos ayer junto con el CORE que se ejecute el proyecto y no m\u00e1s estudios. Adem\u00e1s, cada municipio rural deber\u00eda tener un pozo regularizado y certificado para no comprar m\u00e1s agua. Traslado 240 mil litros de agua al d\u00eda, con la ayuda de 24 camiones municipales para llevar agua potable a la comunidad\u201d, se\u00f1al\u00f3 Nelson Orellana, alcalde de Til-Til.<\/p>\n","protected":false},"excerpt":{"rendered":"<p>El Ministro Antonio Walker se reuni\u00f3 con alcaldes pertenecientes a La Asociaci\u00f3n de Municipalidades de Chile (AMUCH), quienes le hicieron entrega a la autoridad de un reciente Estudio elaborado por&#8230;<\/p>\n","protected":false},"author":2,"featured_media":15407,"comment_status":"closed","ping_status":"closed","sticky":false,"template":"","format":"standard","meta":{"footnotes":""},"categories":[1945],"tags":[3127,2448,2148],"class_list":["post-15406","post","type-post","status-publish","format-standard","has-post-thumbnail","hentry","category-agricultura","tag-agro","tag-ministro-walker","tag-sequia"],"yoast_head":"<!-- This site is optimized with the Yoast SEO plugin v26.6 - https:\/\/yoast.com\/wordpress\/plugins\/seo\/ -->\n<title>Ministro recibe a la AMUCH para buscar la mejor soluci\u00f3n para enfrentar la sequ\u00eda - Mundoagropecuario<\/title>\n<meta name=\"robots\" content=\"index, follow, max-snippet:-1, max-image-preview:large, max-video-preview:-1\" \/>\n<link rel=\"canonical\" href=\"https:\/\/www.mundoagropecuario.cl\/new\/ministro-recibe-a-la-amuch-para-buscar-la-mejor-solucion-para-enfrentar-la-sequia\/\" \/>\n<meta property=\"og:locale\" content=\"es_ES\" \/>\n<meta property=\"og:type\" content=\"article\" \/>\n<meta property=\"og:title\" content=\"Ministro recibe a la AMUCH para buscar la mejor soluci\u00f3n para enfrentar la sequ\u00eda - Mundoagropecuario\" \/>\n<meta property=\"og:description\" content=\"El Ministro Antonio Walker se reuni\u00f3 con alcaldes pertenecientes a La Asociaci\u00f3n de Municipalidades de Chile (AMUCH), quienes le hicieron entrega a la autoridad de un reciente Estudio elaborado por...\" \/>\n<meta property=\"og:url\" content=\"https:\/\/www.mundoagropecuario.cl\/new\/ministro-recibe-a-la-amuch-para-buscar-la-mejor-solucion-para-enfrentar-la-sequia\/\" \/>\n<meta property=\"og:site_name\" content=\"Mundoagropecuario\" \/>\n<meta property=\"article:publisher\" content=\"https:\/\/www.facebook.com\/mundo.agropecuario.3\" \/>\n<meta property=\"article:published_time\" content=\"2020-01-09T13:52:07+00:00\" \/>\n<meta property=\"article:modified_time\" content=\"2020-01-13T15:53:25+00:00\" \/>\n<meta property=\"og:image\" content=\"https:\/\/www.mundoagropecuario.cl\/new\/wp-content\/uploads\/2020\/01\/Ministro-Walker_Alcaldes-1.jpeg\" \/>\n\t<meta property=\"og:image:width\" content=\"684\" \/>\n\t<meta property=\"og:image:height\" content=\"456\" \/>\n\t<meta property=\"og:image:type\" content=\"image\/jpeg\" \/>\n<meta name=\"author\" content=\"mundo\" \/>\n<meta name=\"twitter:card\" content=\"summary_large_image\" \/>\n<meta name=\"twitter:creator\" content=\"@MundoAgropecuar\" \/>\n<meta name=\"twitter:site\" content=\"@MundoAgropecuar\" \/>\n<meta name=\"twitter:label1\" content=\"Escrito por\" \/>\n\t<meta name=\"twitter:data1\" content=\"mundo\" \/>\n\t<meta name=\"twitter:label2\" content=\"Tiempo de lectura\" \/>\n\t<meta name=\"twitter:data2\" content=\"4 minutos\" \/>\n<script type=\"application\/ld+json\" class=\"yoast-schema-graph\">{\"@context\":\"https:\/\/schema.org\",\"@graph\":[{\"@type\":\"Article\",\"@id\":\"https:\/\/www.mundoagropecuario.cl\/new\/ministro-recibe-a-la-amuch-para-buscar-la-mejor-solucion-para-enfrentar-la-sequia\/#article\",\"isPartOf\":{\"@id\":\"https:\/\/www.mundoagropecuario.cl\/new\/ministro-recibe-a-la-amuch-para-buscar-la-mejor-solucion-para-enfrentar-la-sequia\/\"},\"author\":{\"name\":\"mundo\",\"@id\":\"https:\/\/www.mundoagropecuario.cl\/new\/#\/schema\/person\/4e9f74a82a7dac260eb1c44b7eebeb18\"},\"headline\":\"Ministro recibe a la AMUCH para buscar la mejor soluci\u00f3n para enfrentar la sequ\u00eda\",\"datePublished\":\"2020-01-09T13:52:07+00:00\",\"dateModified\":\"2020-01-13T15:53:25+00:00\",\"mainEntityOfPage\":{\"@id\":\"https:\/\/www.mundoagropecuario.cl\/new\/ministro-recibe-a-la-amuch-para-buscar-la-mejor-solucion-para-enfrentar-la-sequia\/\"},\"wordCount\":732,\"publisher\":{\"@id\":\"https:\/\/www.mundoagropecuario.cl\/new\/#organization\"},\"image\":{\"@id\":\"https:\/\/www.mundoagropecuario.cl\/new\/ministro-recibe-a-la-amuch-para-buscar-la-mejor-solucion-para-enfrentar-la-sequia\/#primaryimage\"},\"thumbnailUrl\":\"https:\/\/www.mundoagropecuario.cl\/new\/wp-content\/uploads\/2020\/01\/Ministro-Walker_Alcaldes-1.jpeg\",\"keywords\":[\"Agro\",\"Ministro Walker\",\"Sequ\u00eda\"],\"articleSection\":[\"Agricultura\"],\"inLanguage\":\"es\"},{\"@type\":\"WebPage\",\"@id\":\"https:\/\/www.mundoagropecuario.cl\/new\/ministro-recibe-a-la-amuch-para-buscar-la-mejor-solucion-para-enfrentar-la-sequia\/\",\"url\":\"https:\/\/www.mundoagropecuario.cl\/new\/ministro-recibe-a-la-amuch-para-buscar-la-mejor-solucion-para-enfrentar-la-sequia\/\",\"name\":\"Ministro recibe a la AMUCH para buscar la mejor soluci\u00f3n para enfrentar la sequ\u00eda - Mundoagropecuario\",\"isPartOf\":{\"@id\":\"https:\/\/www.mundoagropecuario.cl\/new\/#website\"},\"primaryImageOfPage\":{\"@id\":\"https:\/\/www.mundoagropecuario.cl\/new\/ministro-recibe-a-la-amuch-para-buscar-la-mejor-solucion-para-enfrentar-la-sequia\/#primaryimage\"},\"image\":{\"@id\":\"https:\/\/www.mundoagropecuario.cl\/new\/ministro-recibe-a-la-amuch-para-buscar-la-mejor-solucion-para-enfrentar-la-sequia\/#primaryimage\"},\"thumbnailUrl\":\"https:\/\/www.mundoagropecuario.cl\/new\/wp-content\/uploads\/2020\/01\/Ministro-Walker_Alcaldes-1.jpeg\",\"datePublished\":\"2020-01-09T13:52:07+00:00\",\"dateModified\":\"2020-01-13T15:53:25+00:00\",\"breadcrumb\":{\"@id\":\"https:\/\/www.mundoagropecuario.cl\/new\/ministro-recibe-a-la-amuch-para-buscar-la-mejor-solucion-para-enfrentar-la-sequia\/#breadcrumb\"},\"inLanguage\":\"es\",\"potentialAction\":[{\"@type\":\"ReadAction\",\"target\":[\"https:\/\/www.mundoagropecuario.cl\/new\/ministro-recibe-a-la-amuch-para-buscar-la-mejor-solucion-para-enfrentar-la-sequia\/\"]}]},{\"@type\":\"ImageObject\",\"inLanguage\":\"es\",\"@id\":\"https:\/\/www.mundoagropecuario.cl\/new\/ministro-recibe-a-la-amuch-para-buscar-la-mejor-solucion-para-enfrentar-la-sequia\/#primaryimage\",\"url\":\"https:\/\/www.mundoagropecuario.cl\/new\/wp-content\/uploads\/2020\/01\/Ministro-Walker_Alcaldes-1.jpeg\",\"contentUrl\":\"https:\/\/www.mundoagropecuario.cl\/new\/wp-content\/uploads\/2020\/01\/Ministro-Walker_Alcaldes-1.jpeg\",\"width\":600,\"height\":400},{\"@type\":\"BreadcrumbList\",\"@id\":\"https:\/\/www.mundoagropecuario.cl\/new\/ministro-recibe-a-la-amuch-para-buscar-la-mejor-solucion-para-enfrentar-la-sequia\/#breadcrumb\",\"itemListElement\":[{\"@type\":\"ListItem\",\"position\":1,\"name\":\"Portada\",\"item\":\"https:\/\/www.mundoagropecuario.cl\/new\/\"},{\"@type\":\"ListItem\",\"position\":2,\"name\":\"Ministro recibe a la AMUCH para buscar la mejor soluci\u00f3n para enfrentar la sequ\u00eda\"}]},{\"@type\":\"WebSite\",\"@id\":\"https:\/\/www.mundoagropecuario.cl\/new\/#website\",\"url\":\"https:\/\/www.mundoagropecuario.cl\/new\/\",\"name\":\"Mundoagropecuario\",\"description\":\"Mundo Agropecuario\",\"publisher\":{\"@id\":\"https:\/\/www.mundoagropecuario.cl\/new\/#organization\"},\"potentialAction\":[{\"@type\":\"SearchAction\",\"target\":{\"@type\":\"EntryPoint\",\"urlTemplate\":\"https:\/\/www.mundoagropecuario.cl\/new\/?s={search_term_string}\"},\"query-input\":{\"@type\":\"PropertyValueSpecification\",\"valueRequired\":true,\"valueName\":\"search_term_string\"}}],\"inLanguage\":\"es\"},{\"@type\":\"Organization\",\"@id\":\"https:\/\/www.mundoagropecuario.cl\/new\/#organization\",\"name\":\"Revista de Agricultura\",\"url\":\"https:\/\/www.mundoagropecuario.cl\/new\/\",\"logo\":{\"@type\":\"ImageObject\",\"inLanguage\":\"es\",\"@id\":\"https:\/\/www.mundoagropecuario.cl\/new\/#\/schema\/logo\/image\/\",\"url\":\"https:\/\/www.mundoagropecuario.cl\/new\/wp-content\/uploads\/2020\/11\/PORTAL-1-1.png\",\"contentUrl\":\"https:\/\/www.mundoagropecuario.cl\/new\/wp-content\/uploads\/2020\/11\/PORTAL-1-1.png\",\"width\":1026,\"height\":100,\"caption\":\"Revista de Agricultura\"},\"image\":{\"@id\":\"https:\/\/www.mundoagropecuario.cl\/new\/#\/schema\/logo\/image\/\"},\"sameAs\":[\"https:\/\/www.facebook.com\/mundo.agropecuario.3\",\"https:\/\/x.com\/MundoAgropecuar\",\"https:\/\/www.linkedin.com\/in\/mundo-agropecuario-934009201\/\"]},{\"@type\":\"Person\",\"@id\":\"https:\/\/www.mundoagropecuario.cl\/new\/#\/schema\/person\/4e9f74a82a7dac260eb1c44b7eebeb18\",\"name\":\"mundo\",\"url\":\"https:\/\/www.mundoagropecuario.cl\/new\/author\/mundo\/\"}]}<\/script>\n<!-- \/ Yoast SEO plugin. -->","yoast_head_json":{"title":"Ministro recibe a la AMUCH para buscar la mejor soluci\u00f3n para enfrentar la sequ\u00eda - Mundoagropecuario","robots":{"index":"index","follow":"follow","max-snippet":"max-snippet:-1","max-image-preview":"max-image-preview:large","max-video-preview":"max-video-preview:-1"},"canonical":"https:\/\/www.mundoagropecuario.cl\/new\/ministro-recibe-a-la-amuch-para-buscar-la-mejor-solucion-para-enfrentar-la-sequia\/","og_locale":"es_ES","og_type":"article","og_title":"Ministro recibe a la AMUCH para buscar la mejor soluci\u00f3n para enfrentar la sequ\u00eda - Mundoagropecuario","og_description":"El Ministro Antonio Walker se reuni\u00f3 con alcaldes pertenecientes a La Asociaci\u00f3n de Municipalidades de Chile (AMUCH), quienes le hicieron entrega a la autoridad de un reciente Estudio elaborado por...","og_url":"https:\/\/www.mundoagropecuario.cl\/new\/ministro-recibe-a-la-amuch-para-buscar-la-mejor-solucion-para-enfrentar-la-sequia\/","og_site_name":"Mundoagropecuario","article_publisher":"https:\/\/www.facebook.com\/mundo.agropecuario.3","article_published_time":"2020-01-09T13:52:07+00:00","article_modified_time":"2020-01-13T15:53:25+00:00","og_image":[{"width":684,"height":456,"url":"https:\/\/www.mundoagropecuario.cl\/new\/wp-content\/uploads\/2020\/01\/Ministro-Walker_Alcaldes-1.jpeg","type":"image\/jpeg"}],"author":"mundo","twitter_card":"summary_large_image","twitter_creator":"@MundoAgropecuar","twitter_site":"@MundoAgropecuar","twitter_misc":{"Escrito por":"mundo","Tiempo de lectura":"4 minutos"},"schema":{"@context":"https:\/\/schema.org","@graph":[{"@type":"Article","@id":"https:\/\/www.mundoagropecuario.cl\/new\/ministro-recibe-a-la-amuch-para-buscar-la-mejor-solucion-para-enfrentar-la-sequia\/#article","isPartOf":{"@id":"https:\/\/www.mundoagropecuario.cl\/new\/ministro-recibe-a-la-amuch-para-buscar-la-mejor-solucion-para-enfrentar-la-sequia\/"},"author":{"name":"mundo","@id":"https:\/\/www.mundoagropecuario.cl\/new\/#\/schema\/person\/4e9f74a82a7dac260eb1c44b7eebeb18"},"headline":"Ministro recibe a la AMUCH para buscar la mejor soluci\u00f3n para enfrentar la sequ\u00eda","datePublished":"2020-01-09T13:52:07+00:00","dateModified":"2020-01-13T15:53:25+00:00","mainEntityOfPage":{"@id":"https:\/\/www.mundoagropecuario.cl\/new\/ministro-recibe-a-la-amuch-para-buscar-la-mejor-solucion-para-enfrentar-la-sequia\/"},"wordCount":732,"publisher":{"@id":"https:\/\/www.mundoagropecuario.cl\/new\/#organization"},"image":{"@id":"https:\/\/www.mundoagropecuario.cl\/new\/ministro-recibe-a-la-amuch-para-buscar-la-mejor-solucion-para-enfrentar-la-sequia\/#primaryimage"},"thumbnailUrl":"https:\/\/www.mundoagropecuario.cl\/new\/wp-content\/uploads\/2020\/01\/Ministro-Walker_Alcaldes-1.jpeg","keywords":["Agro","Ministro Walker","Sequ\u00eda"],"articleSection":["Agricultura"],"inLanguage":"es"},{"@type":"WebPage","@id":"https:\/\/www.mundoagropecuario.cl\/new\/ministro-recibe-a-la-amuch-para-buscar-la-mejor-solucion-para-enfrentar-la-sequia\/","url":"https:\/\/www.mundoagropecuario.cl\/new\/ministro-recibe-a-la-amuch-para-buscar-la-mejor-solucion-para-enfrentar-la-sequia\/","name":"Ministro recibe a la AMUCH para buscar la mejor soluci\u00f3n para enfrentar la sequ\u00eda - Mundoagropecuario","isPartOf":{"@id":"https:\/\/www.mundoagropecuario.cl\/new\/#website"},"primaryImageOfPage":{"@id":"https:\/\/www.mundoagropecuario.cl\/new\/ministro-recibe-a-la-amuch-para-buscar-la-mejor-solucion-para-enfrentar-la-sequia\/#primaryimage"},"image":{"@id":"https:\/\/www.mundoagropecuario.cl\/new\/ministro-recibe-a-la-amuch-para-buscar-la-mejor-solucion-para-enfrentar-la-sequia\/#primaryimage"},"thumbnailUrl":"https:\/\/www.mundoagropecuario.cl\/new\/wp-content\/uploads\/2020\/01\/Ministro-Walker_Alcaldes-1.jpeg","datePublished":"2020-01-09T13:52:07+00:00","dateModified":"2020-01-13T15:53:25+00:00","breadcrumb":{"@id":"https:\/\/www.mundoagropecuario.cl\/new\/ministro-recibe-a-la-amuch-para-buscar-la-mejor-solucion-para-enfrentar-la-sequia\/#breadcrumb"},"inLanguage":"es","potentialAction":[{"@type":"ReadAction","target":["https:\/\/www.mundoagropecuario.cl\/new\/ministro-recibe-a-la-amuch-para-buscar-la-mejor-solucion-para-enfrentar-la-sequia\/"]}]},{"@type":"ImageObject","inLanguage":"es","@id":"https:\/\/www.mundoagropecuario.cl\/new\/ministro-recibe-a-la-amuch-para-buscar-la-mejor-solucion-para-enfrentar-la-sequia\/#primaryimage","url":"https:\/\/www.mundoagropecuario.cl\/new\/wp-content\/uploads\/2020\/01\/Ministro-Walker_Alcaldes-1.jpeg","contentUrl":"https:\/\/www.mundoagropecuario.cl\/new\/wp-content\/uploads\/2020\/01\/Ministro-Walker_Alcaldes-1.jpeg","width":600,"height":400},{"@type":"BreadcrumbList","@id":"https:\/\/www.mundoagropecuario.cl\/new\/ministro-recibe-a-la-amuch-para-buscar-la-mejor-solucion-para-enfrentar-la-sequia\/#breadcrumb","itemListElement":[{"@type":"ListItem","position":1,"name":"Portada","item":"https:\/\/www.mundoagropecuario.cl\/new\/"},{"@type":"ListItem","position":2,"name":"Ministro recibe a la AMUCH para buscar la mejor soluci\u00f3n para enfrentar la sequ\u00eda"}]},{"@type":"WebSite","@id":"https:\/\/www.mundoagropecuario.cl\/new\/#website","url":"https:\/\/www.mundoagropecuario.cl\/new\/","name":"Mundoagropecuario","description":"Mundo Agropecuario","publisher":{"@id":"https:\/\/www.mundoagropecuario.cl\/new\/#organization"},"potentialAction":[{"@type":"SearchAction","target":{"@type":"EntryPoint","urlTemplate":"https:\/\/www.mundoagropecuario.cl\/new\/?s={search_term_string}"},"query-input":{"@type":"PropertyValueSpecification","valueRequired":true,"valueName":"search_term_string"}}],"inLanguage":"es"},{"@type":"Organization","@id":"https:\/\/www.mundoagropecuario.cl\/new\/#organization","name":"Revista de Agricultura","url":"https:\/\/www.mundoagropecuario.cl\/new\/","logo":{"@type":"ImageObject","inLanguage":"es","@id":"https:\/\/www.mundoagropecuario.cl\/new\/#\/schema\/logo\/image\/","url":"https:\/\/www.mundoagropecuario.cl\/new\/wp-content\/uploads\/2020\/11\/PORTAL-1-1.png","contentUrl":"https:\/\/www.mundoagropecuario.cl\/new\/wp-content\/uploads\/2020\/11\/PORTAL-1-1.png","width":1026,"height":100,"caption":"Revista de Agricultura"},"image":{"@id":"https:\/\/www.mundoagropecuario.cl\/new\/#\/schema\/logo\/image\/"},"sameAs":["https:\/\/www.facebook.com\/mundo.agropecuario.3","https:\/\/x.com\/MundoAgropecuar","https:\/\/www.linkedin.com\/in\/mundo-agropecuario-934009201\/"]},{"@type":"Person","@id":"https:\/\/www.mundoagropecuario.cl\/new\/#\/schema\/person\/4e9f74a82a7dac260eb1c44b7eebeb18","name":"mundo","url":"https:\/\/www.mundoagropecuario.cl\/new\/author\/mundo\/"}]}},"_links":{"self":[{"href":"https:\/\/www.mundoagropecuario.cl\/new\/wp-json\/wp\/v2\/posts\/15406","targetHints":{"allow":["GET"]}}],"collection":[{"href":"https:\/\/www.mundoagropecuario.cl\/new\/wp-json\/wp\/v2\/posts"}],"about":[{"href":"https:\/\/www.mundoagropecuario.cl\/new\/wp-json\/wp\/v2\/types\/post"}],"author":[{"embeddable":true,"href":"https:\/\/www.mundoagropecuario.cl\/new\/wp-json\/wp\/v2\/users\/2"}],"replies":[{"embeddable":true,"href":"https:\/\/www.mundoagropecuario.cl\/new\/wp-json\/wp\/v2\/comments?post=15406"}],"version-history":[{"count":1,"href":"https:\/\/www.mundoagropecuario.cl\/new\/wp-json\/wp\/v2\/posts\/15406\/revisions"}],"predecessor-version":[{"id":15408,"href":"https:\/\/www.mundoagropecuario.cl\/new\/wp-json\/wp\/v2\/posts\/15406\/revisions\/15408"}],"wp:featuredmedia":[{"embeddable":true,"href":"https:\/\/www.mundoagropecuario.cl\/new\/wp-json\/wp\/v2\/media\/15407"}],"wp:attachment":[{"href":"https:\/\/www.mundoagropecuario.cl\/new\/wp-json\/wp\/v2\/media?parent=15406"}],"wp:term":[{"taxonomy":"category","embeddable":true,"href":"https:\/\/www.mundoagropecuario.cl\/new\/wp-json\/wp\/v2\/categories?post=15406"},{"taxonomy":"post_tag","embeddable":true,"href":"https:\/\/www.mundoagropecuario.cl\/new\/wp-json\/wp\/v2\/tags?post=15406"}],"curies":[{"name":"wp","href":"https:\/\/api.w.org\/{rel}","templated":true}]}}