{"id":15368,"date":"2020-01-07T11:01:41","date_gmt":"2020-01-07T14:01:41","guid":{"rendered":"http:\/\/www.mundoagropecuario.cl\/new\/?p=15368"},"modified":"2020-01-08T11:45:11","modified_gmt":"2020-01-08T14:45:11","slug":"congreso-del-futuro-inteligencia-artificial-alimentos-y-cambio-climatico","status":"publish","type":"post","link":"https:\/\/www.mundoagropecuario.cl\/new\/congreso-del-futuro-inteligencia-artificial-alimentos-y-cambio-climatico\/","title":{"rendered":"Congreso del Futuro: inteligencia artificial, alimentos y cambio clim\u00e1tico"},"content":{"rendered":"\n<ul class=\"wp-block-gallery columns-0 is-cropped wp-block-gallery-1 is-layout-flex wp-block-gallery-is-layout-flex\"><\/ul>\n\n\n\n<p><\/p>\n\n\n\n<p class=\"has-medium-font-size\"><em>Autoridades de universidades del Cruch Biob\u00edo-\u00d1uble presentan Congreso del Futuro,  en \u00e9ste se hablar\u00e1 de tres temas: inteligencia artificial, sistemas alimentarios y cambio clim\u00e1tico. La cita ser\u00e1 el 14 de enero en el Teatro Regional, en Concepci\u00f3n (Mundo Agropecuario).<\/em><\/p>\n\n\n\n<p>Los temas estar\u00e1n a cargo de tres expositores internacionales que visitar\u00e1n la regi\u00f3n, y ser\u00e1n comentados por especialistas de las universidades locales. Este esfuerzo conjunto se realiz\u00f3 a trav\u00e9s de una Mesa Regional de Vinculaci\u00f3n Universitaria en la que participaron representantes de las universidades de Concepci\u00f3n, del B\u00edo-B\u00edo y Cat\u00f3lica de la Sant\u00edsima Concepci\u00f3n.<\/p>\n\n\n\n<p>Este evento, que ser\u00e1 gratuito y se podr\u00e1 ver tambi\u00e9n por internet, se realiza por segundo a\u00f1o consecutivo en la Regi\u00f3n de Biob\u00edo. Este a\u00f1o, los invitados son el Dr. Gabriel Skantze, del Royal Institute of Technology de Suecia, quien es experto en interacciones entre humanos y robots; Marion Nestle, de la Universidad de California Berkeley, experta en temas de nutrici\u00f3n, comida, agricultura y sus implicancias sociales y pol\u00edticas. Por \u00faltimo, se presentar\u00e1 el Dr. Eduardo M\u00fcller, experto en cambio clim\u00e1tico, reservas de la bi\u00f3sfera y patrimonio mundial.<\/p>\n\n\n\n<p>Los temas que se tratar\u00e1n en el congreso ser\u00e1n comentados por acad\u00e9micos y acad\u00e9micas de las instituciones organizadoras. As\u00ed, por parte de la Universidad de Concepci\u00f3n, fueron invitados el Dr. Guillermo Cabrer-Vives, para comentar sobre inteligencia artificial, la Dra. Mar\u00eda Eugenia Gonz\u00e1lez Rodr\u00edguez, quien estar\u00e1 en el panel de Sistemas Alimentarios y el Dr. Mart\u00edn Jacques, quien conversar\u00e1 sobre cambio clim\u00e1tico.<\/p>\n\n\n\n<figure class=\"wp-block-image\"><img loading=\"lazy\" decoding=\"async\" width=\"1024\" height=\"673\" src=\"https:\/\/www.mundoagropecuario.cl\/new\/wp-content\/uploads\/2020\/01\/Congreso-futuro-1-1024x673.jpg\" alt=\"\" class=\"wp-image-15370\" srcset=\"https:\/\/www.mundoagropecuario.cl\/new\/wp-content\/uploads\/2020\/01\/Congreso-futuro-1-1024x673.jpg 1024w, https:\/\/www.mundoagropecuario.cl\/new\/wp-content\/uploads\/2020\/01\/Congreso-futuro-1-586x385.jpg 586w, https:\/\/www.mundoagropecuario.cl\/new\/wp-content\/uploads\/2020\/01\/Congreso-futuro-1-768x505.jpg 768w, https:\/\/www.mundoagropecuario.cl\/new\/wp-content\/uploads\/2020\/01\/Congreso-futuro-1.jpg 609w\" sizes=\"auto, (max-width: 1024px) 100vw, 1024px\" \/><\/figure>\n\n\n\n<p>El Congreso del Futuro es una instancia organizada por el Senado, que se realizar\u00e1 entre el 13 y el 17 de enero en distintas ciudades del pa\u00eds. Para mayor informaci\u00f3n sobre las inscripciones y otros detalles, se puede visitar el sitio www.congresodelfuturo.cl. El programa para Concepci\u00f3n se puede revisar este link.<\/p>\n\n\n\n<p>En la presentaci\u00f3n de este evento estuvieron adem\u00e1s presentes los seremis de las distintas carteras regionales, autoridades universitarias y el diputado Sergio Bobadilla, en representaci\u00f3n del Congreso Nacional.<\/p>\n\n\n\n<p><strong>Mayor participaci\u00f3n<\/strong><\/p>\n\n\n\n<p>En la presentaci\u00f3n de los detalles del Congreso, tanto los rectores de las tres universidades organizadoras como el Intendente regional, Sergio Giacaman, coincidieron en la voluntad de hacer crecer el evento, integrando a m\u00e1s investigadores locales e internacionales y aumentando las jornadas a desarrollar en Biob\u00edo.<\/p>\n\n\n\n<p>Asimismo, se\u00f1alaron que esta edici\u00f3n estar\u00e1 ciertamente cruzada por los acontecimientos sociales ocurridos en los \u00faltimos meses en Chile. En este evento, \u201cque est\u00e1 mirando hacia el futuro con conversaciones para entender los temas de largo plazo, desde luego que va a haber espacio para conversar con los expositores\u201d sobre la contingencia, asegur\u00f3 el Intendente Giacaman.<\/p>\n\n\n\n<p>Por su parte, el Rector de la Universidad de Concepci\u00f3n, Dr. Carlos Saavedra Rubilar, asegur\u00f3 que \u201cel Congreso del Futuro aborda temas de gobierno. Si uno lo observa, se entiende la contingencia entre sus tem\u00e1ticas. En particular las que nos correspondieron pueden parecer mas especificas, pero en t\u00e9rminos globales se entiende y asume la contingencia\u201d.<\/p>\n\n\n\n<p><strong>Di\u00e1logo con la ciudadan\u00eda<\/strong><\/p>\n\n\n\n<p>Las autoridades universitarias abordaron tambi\u00e9n la necesidad de acercar conceptos cient\u00edficos complejos a la ciudadan\u00eda, en temas que afectar\u00e1n directamente sus proyecciones laborales y de vida, como son los tres \u00e1mbitos que se revisar\u00e1n en este evento.<\/p>\n\n\n\n<p>El Dr. Mauricio Cataldo Monsalves, Rector de la Universidad del B\u00edo-B\u00edo, se\u00f1al\u00f3 que las universidades \u201ctienen la obligaci\u00f3n, como instituciones que manejan el conocimiento, el acercarlo a la ciudadan\u00eda. Este evento va en esa direcci\u00f3n; a trav\u00e9s de este conocimiento, se pueden realizar transformaciones en la sociedad chilena\u201d.<\/p>\n\n\n\n<p>En particular, la autoridad coment\u00f3 los alcances que la Inteligencia Artificial tendr\u00e1 en los trabajos del futuro, en los que cada vez m\u00e1s robots reemplazar\u00e1n a los humanos. En tanto, Christian Schmitz Vaccaro, Rector de la Universidad Cat\u00f3lica de la Sant\u00edsima Concepci\u00f3n, abord\u00f3 el rol social de estos eventos. \u201cEste es un hito que acerca la ciencia a la ciudadan\u00eda. Esperamos que la poblaci\u00f3n valore esta instancia y se despierte su curiosidad para saber de temas que son cotidianos, que escuchamos diariamente en los medios pero no sabemos de qu\u00e9 se tratan\u201d.<\/p>\n\n\n\n<p>Finalmente, el Rector Saavedra se\u00f1al\u00f3 que \u201cesta es una oportunidad relevante para la regi\u00f3n, de poner el conocimiento al centro del desarrollo sustentable\u201d.<\/p>\n","protected":false},"excerpt":{"rendered":"<p>Autoridades de universidades del Cruch Biob\u00edo-\u00d1uble presentan Congreso del Futuro, en \u00e9ste se hablar\u00e1 de tres temas: inteligencia artificial, sistemas alimentarios y cambio clim\u00e1tico. La cita ser\u00e1 el 14 de&#8230;<\/p>\n","protected":false},"author":2,"featured_media":15369,"comment_status":"closed","ping_status":"closed","sticky":false,"template":"","format":"standard","meta":{"footnotes":""},"categories":[1945],"tags":[2090,4560,542],"class_list":["post-15368","post","type-post","status-publish","format-standard","has-post-thumbnail","hentry","category-agricultura","tag-agricultura","tag-alimentos-agro","tag-cambio-climatico"],"yoast_head":"<!-- This site is optimized with the Yoast SEO plugin v26.6 - https:\/\/yoast.com\/wordpress\/plugins\/seo\/ -->\n<title>Congreso del Futuro: inteligencia artificial, alimentos y cambio clim\u00e1tico - Mundoagropecuario<\/title>\n<meta name=\"robots\" content=\"index, follow, max-snippet:-1, max-image-preview:large, max-video-preview:-1\" \/>\n<link rel=\"canonical\" href=\"https:\/\/www.mundoagropecuario.cl\/new\/congreso-del-futuro-inteligencia-artificial-alimentos-y-cambio-climatico\/\" \/>\n<meta property=\"og:locale\" content=\"es_ES\" \/>\n<meta property=\"og:type\" content=\"article\" \/>\n<meta property=\"og:title\" content=\"Congreso del Futuro: inteligencia artificial, alimentos y cambio clim\u00e1tico - Mundoagropecuario\" \/>\n<meta property=\"og:description\" content=\"Autoridades de universidades del Cruch Biob\u00edo-\u00d1uble presentan Congreso del Futuro, en \u00e9ste se hablar\u00e1 de tres temas: inteligencia artificial, sistemas alimentarios y cambio clim\u00e1tico. La cita ser\u00e1 el 14 de...\" \/>\n<meta property=\"og:url\" content=\"https:\/\/www.mundoagropecuario.cl\/new\/congreso-del-futuro-inteligencia-artificial-alimentos-y-cambio-climatico\/\" \/>\n<meta property=\"og:site_name\" content=\"Mundoagropecuario\" \/>\n<meta property=\"article:publisher\" content=\"https:\/\/www.facebook.com\/mundo.agropecuario.3\" \/>\n<meta property=\"article:published_time\" content=\"2020-01-07T14:01:41+00:00\" \/>\n<meta property=\"article:modified_time\" content=\"2020-01-08T14:45:11+00:00\" \/>\n<meta property=\"og:image\" content=\"https:\/\/www.mundoagropecuario.cl\/new\/wp-content\/uploads\/2020\/01\/Cambio-Climatico.jpeg\" \/>\n\t<meta property=\"og:image:width\" content=\"275\" \/>\n\t<meta property=\"og:image:height\" content=\"183\" \/>\n\t<meta property=\"og:image:type\" content=\"image\/jpeg\" \/>\n<meta name=\"author\" content=\"mundo\" \/>\n<meta name=\"twitter:card\" content=\"summary_large_image\" \/>\n<meta name=\"twitter:creator\" content=\"@MundoAgropecuar\" \/>\n<meta name=\"twitter:site\" content=\"@MundoAgropecuar\" \/>\n<meta name=\"twitter:label1\" content=\"Escrito por\" \/>\n\t<meta name=\"twitter:data1\" content=\"mundo\" \/>\n\t<meta name=\"twitter:label2\" content=\"Tiempo de lectura\" \/>\n\t<meta name=\"twitter:data2\" content=\"4 minutos\" \/>\n<script type=\"application\/ld+json\" class=\"yoast-schema-graph\">{\"@context\":\"https:\/\/schema.org\",\"@graph\":[{\"@type\":\"Article\",\"@id\":\"https:\/\/www.mundoagropecuario.cl\/new\/congreso-del-futuro-inteligencia-artificial-alimentos-y-cambio-climatico\/#article\",\"isPartOf\":{\"@id\":\"https:\/\/www.mundoagropecuario.cl\/new\/congreso-del-futuro-inteligencia-artificial-alimentos-y-cambio-climatico\/\"},\"author\":{\"name\":\"mundo\",\"@id\":\"https:\/\/www.mundoagropecuario.cl\/new\/#\/schema\/person\/4e9f74a82a7dac260eb1c44b7eebeb18\"},\"headline\":\"Congreso del Futuro: inteligencia artificial, alimentos y cambio clim\u00e1tico\",\"datePublished\":\"2020-01-07T14:01:41+00:00\",\"dateModified\":\"2020-01-08T14:45:11+00:00\",\"mainEntityOfPage\":{\"@id\":\"https:\/\/www.mundoagropecuario.cl\/new\/congreso-del-futuro-inteligencia-artificial-alimentos-y-cambio-climatico\/\"},\"wordCount\":767,\"publisher\":{\"@id\":\"https:\/\/www.mundoagropecuario.cl\/new\/#organization\"},\"image\":{\"@id\":\"https:\/\/www.mundoagropecuario.cl\/new\/congreso-del-futuro-inteligencia-artificial-alimentos-y-cambio-climatico\/#primaryimage\"},\"thumbnailUrl\":\"https:\/\/www.mundoagropecuario.cl\/new\/wp-content\/uploads\/2020\/01\/Cambio-Climatico.jpeg\",\"keywords\":[\"Agricultura\",\"Alimentos Agro\",\"Cambio clim\u00e1tico\"],\"articleSection\":[\"Agricultura\"],\"inLanguage\":\"es\"},{\"@type\":\"WebPage\",\"@id\":\"https:\/\/www.mundoagropecuario.cl\/new\/congreso-del-futuro-inteligencia-artificial-alimentos-y-cambio-climatico\/\",\"url\":\"https:\/\/www.mundoagropecuario.cl\/new\/congreso-del-futuro-inteligencia-artificial-alimentos-y-cambio-climatico\/\",\"name\":\"Congreso del Futuro: inteligencia artificial, alimentos y cambio clim\u00e1tico - Mundoagropecuario\",\"isPartOf\":{\"@id\":\"https:\/\/www.mundoagropecuario.cl\/new\/#website\"},\"primaryImageOfPage\":{\"@id\":\"https:\/\/www.mundoagropecuario.cl\/new\/congreso-del-futuro-inteligencia-artificial-alimentos-y-cambio-climatico\/#primaryimage\"},\"image\":{\"@id\":\"https:\/\/www.mundoagropecuario.cl\/new\/congreso-del-futuro-inteligencia-artificial-alimentos-y-cambio-climatico\/#primaryimage\"},\"thumbnailUrl\":\"https:\/\/www.mundoagropecuario.cl\/new\/wp-content\/uploads\/2020\/01\/Cambio-Climatico.jpeg\",\"datePublished\":\"2020-01-07T14:01:41+00:00\",\"dateModified\":\"2020-01-08T14:45:11+00:00\",\"breadcrumb\":{\"@id\":\"https:\/\/www.mundoagropecuario.cl\/new\/congreso-del-futuro-inteligencia-artificial-alimentos-y-cambio-climatico\/#breadcrumb\"},\"inLanguage\":\"es\",\"potentialAction\":[{\"@type\":\"ReadAction\",\"target\":[\"https:\/\/www.mundoagropecuario.cl\/new\/congreso-del-futuro-inteligencia-artificial-alimentos-y-cambio-climatico\/\"]}]},{\"@type\":\"ImageObject\",\"inLanguage\":\"es\",\"@id\":\"https:\/\/www.mundoagropecuario.cl\/new\/congreso-del-futuro-inteligencia-artificial-alimentos-y-cambio-climatico\/#primaryimage\",\"url\":\"https:\/\/www.mundoagropecuario.cl\/new\/wp-content\/uploads\/2020\/01\/Cambio-Climatico.jpeg\",\"contentUrl\":\"https:\/\/www.mundoagropecuario.cl\/new\/wp-content\/uploads\/2020\/01\/Cambio-Climatico.jpeg\",\"width\":275,\"height\":183},{\"@type\":\"BreadcrumbList\",\"@id\":\"https:\/\/www.mundoagropecuario.cl\/new\/congreso-del-futuro-inteligencia-artificial-alimentos-y-cambio-climatico\/#breadcrumb\",\"itemListElement\":[{\"@type\":\"ListItem\",\"position\":1,\"name\":\"Portada\",\"item\":\"https:\/\/www.mundoagropecuario.cl\/new\/\"},{\"@type\":\"ListItem\",\"position\":2,\"name\":\"Congreso del Futuro: inteligencia artificial, alimentos y cambio clim\u00e1tico\"}]},{\"@type\":\"WebSite\",\"@id\":\"https:\/\/www.mundoagropecuario.cl\/new\/#website\",\"url\":\"https:\/\/www.mundoagropecuario.cl\/new\/\",\"name\":\"Mundoagropecuario\",\"description\":\"Mundo Agropecuario\",\"publisher\":{\"@id\":\"https:\/\/www.mundoagropecuario.cl\/new\/#organization\"},\"potentialAction\":[{\"@type\":\"SearchAction\",\"target\":{\"@type\":\"EntryPoint\",\"urlTemplate\":\"https:\/\/www.mundoagropecuario.cl\/new\/?s={search_term_string}\"},\"query-input\":{\"@type\":\"PropertyValueSpecification\",\"valueRequired\":true,\"valueName\":\"search_term_string\"}}],\"inLanguage\":\"es\"},{\"@type\":\"Organization\",\"@id\":\"https:\/\/www.mundoagropecuario.cl\/new\/#organization\",\"name\":\"Revista de Agricultura\",\"url\":\"https:\/\/www.mundoagropecuario.cl\/new\/\",\"logo\":{\"@type\":\"ImageObject\",\"inLanguage\":\"es\",\"@id\":\"https:\/\/www.mundoagropecuario.cl\/new\/#\/schema\/logo\/image\/\",\"url\":\"https:\/\/www.mundoagropecuario.cl\/new\/wp-content\/uploads\/2020\/11\/PORTAL-1-1.png\",\"contentUrl\":\"https:\/\/www.mundoagropecuario.cl\/new\/wp-content\/uploads\/2020\/11\/PORTAL-1-1.png\",\"width\":1026,\"height\":100,\"caption\":\"Revista de Agricultura\"},\"image\":{\"@id\":\"https:\/\/www.mundoagropecuario.cl\/new\/#\/schema\/logo\/image\/\"},\"sameAs\":[\"https:\/\/www.facebook.com\/mundo.agropecuario.3\",\"https:\/\/x.com\/MundoAgropecuar\",\"https:\/\/www.linkedin.com\/in\/mundo-agropecuario-934009201\/\"]},{\"@type\":\"Person\",\"@id\":\"https:\/\/www.mundoagropecuario.cl\/new\/#\/schema\/person\/4e9f74a82a7dac260eb1c44b7eebeb18\",\"name\":\"mundo\",\"url\":\"https:\/\/www.mundoagropecuario.cl\/new\/author\/mundo\/\"}]}<\/script>\n<!-- \/ Yoast SEO plugin. -->","yoast_head_json":{"title":"Congreso del Futuro: inteligencia artificial, alimentos y cambio clim\u00e1tico - Mundoagropecuario","robots":{"index":"index","follow":"follow","max-snippet":"max-snippet:-1","max-image-preview":"max-image-preview:large","max-video-preview":"max-video-preview:-1"},"canonical":"https:\/\/www.mundoagropecuario.cl\/new\/congreso-del-futuro-inteligencia-artificial-alimentos-y-cambio-climatico\/","og_locale":"es_ES","og_type":"article","og_title":"Congreso del Futuro: inteligencia artificial, alimentos y cambio clim\u00e1tico - Mundoagropecuario","og_description":"Autoridades de universidades del Cruch Biob\u00edo-\u00d1uble presentan Congreso del Futuro, en \u00e9ste se hablar\u00e1 de tres temas: inteligencia artificial, sistemas alimentarios y cambio clim\u00e1tico. La cita ser\u00e1 el 14 de...","og_url":"https:\/\/www.mundoagropecuario.cl\/new\/congreso-del-futuro-inteligencia-artificial-alimentos-y-cambio-climatico\/","og_site_name":"Mundoagropecuario","article_publisher":"https:\/\/www.facebook.com\/mundo.agropecuario.3","article_published_time":"2020-01-07T14:01:41+00:00","article_modified_time":"2020-01-08T14:45:11+00:00","og_image":[{"width":275,"height":183,"url":"https:\/\/www.mundoagropecuario.cl\/new\/wp-content\/uploads\/2020\/01\/Cambio-Climatico.jpeg","type":"image\/jpeg"}],"author":"mundo","twitter_card":"summary_large_image","twitter_creator":"@MundoAgropecuar","twitter_site":"@MundoAgropecuar","twitter_misc":{"Escrito por":"mundo","Tiempo de lectura":"4 minutos"},"schema":{"@context":"https:\/\/schema.org","@graph":[{"@type":"Article","@id":"https:\/\/www.mundoagropecuario.cl\/new\/congreso-del-futuro-inteligencia-artificial-alimentos-y-cambio-climatico\/#article","isPartOf":{"@id":"https:\/\/www.mundoagropecuario.cl\/new\/congreso-del-futuro-inteligencia-artificial-alimentos-y-cambio-climatico\/"},"author":{"name":"mundo","@id":"https:\/\/www.mundoagropecuario.cl\/new\/#\/schema\/person\/4e9f74a82a7dac260eb1c44b7eebeb18"},"headline":"Congreso del Futuro: inteligencia artificial, alimentos y cambio clim\u00e1tico","datePublished":"2020-01-07T14:01:41+00:00","dateModified":"2020-01-08T14:45:11+00:00","mainEntityOfPage":{"@id":"https:\/\/www.mundoagropecuario.cl\/new\/congreso-del-futuro-inteligencia-artificial-alimentos-y-cambio-climatico\/"},"wordCount":767,"publisher":{"@id":"https:\/\/www.mundoagropecuario.cl\/new\/#organization"},"image":{"@id":"https:\/\/www.mundoagropecuario.cl\/new\/congreso-del-futuro-inteligencia-artificial-alimentos-y-cambio-climatico\/#primaryimage"},"thumbnailUrl":"https:\/\/www.mundoagropecuario.cl\/new\/wp-content\/uploads\/2020\/01\/Cambio-Climatico.jpeg","keywords":["Agricultura","Alimentos Agro","Cambio clim\u00e1tico"],"articleSection":["Agricultura"],"inLanguage":"es"},{"@type":"WebPage","@id":"https:\/\/www.mundoagropecuario.cl\/new\/congreso-del-futuro-inteligencia-artificial-alimentos-y-cambio-climatico\/","url":"https:\/\/www.mundoagropecuario.cl\/new\/congreso-del-futuro-inteligencia-artificial-alimentos-y-cambio-climatico\/","name":"Congreso del Futuro: inteligencia artificial, alimentos y cambio clim\u00e1tico - Mundoagropecuario","isPartOf":{"@id":"https:\/\/www.mundoagropecuario.cl\/new\/#website"},"primaryImageOfPage":{"@id":"https:\/\/www.mundoagropecuario.cl\/new\/congreso-del-futuro-inteligencia-artificial-alimentos-y-cambio-climatico\/#primaryimage"},"image":{"@id":"https:\/\/www.mundoagropecuario.cl\/new\/congreso-del-futuro-inteligencia-artificial-alimentos-y-cambio-climatico\/#primaryimage"},"thumbnailUrl":"https:\/\/www.mundoagropecuario.cl\/new\/wp-content\/uploads\/2020\/01\/Cambio-Climatico.jpeg","datePublished":"2020-01-07T14:01:41+00:00","dateModified":"2020-01-08T14:45:11+00:00","breadcrumb":{"@id":"https:\/\/www.mundoagropecuario.cl\/new\/congreso-del-futuro-inteligencia-artificial-alimentos-y-cambio-climatico\/#breadcrumb"},"inLanguage":"es","potentialAction":[{"@type":"ReadAction","target":["https:\/\/www.mundoagropecuario.cl\/new\/congreso-del-futuro-inteligencia-artificial-alimentos-y-cambio-climatico\/"]}]},{"@type":"ImageObject","inLanguage":"es","@id":"https:\/\/www.mundoagropecuario.cl\/new\/congreso-del-futuro-inteligencia-artificial-alimentos-y-cambio-climatico\/#primaryimage","url":"https:\/\/www.mundoagropecuario.cl\/new\/wp-content\/uploads\/2020\/01\/Cambio-Climatico.jpeg","contentUrl":"https:\/\/www.mundoagropecuario.cl\/new\/wp-content\/uploads\/2020\/01\/Cambio-Climatico.jpeg","width":275,"height":183},{"@type":"BreadcrumbList","@id":"https:\/\/www.mundoagropecuario.cl\/new\/congreso-del-futuro-inteligencia-artificial-alimentos-y-cambio-climatico\/#breadcrumb","itemListElement":[{"@type":"ListItem","position":1,"name":"Portada","item":"https:\/\/www.mundoagropecuario.cl\/new\/"},{"@type":"ListItem","position":2,"name":"Congreso del Futuro: inteligencia artificial, alimentos y cambio clim\u00e1tico"}]},{"@type":"WebSite","@id":"https:\/\/www.mundoagropecuario.cl\/new\/#website","url":"https:\/\/www.mundoagropecuario.cl\/new\/","name":"Mundoagropecuario","description":"Mundo Agropecuario","publisher":{"@id":"https:\/\/www.mundoagropecuario.cl\/new\/#organization"},"potentialAction":[{"@type":"SearchAction","target":{"@type":"EntryPoint","urlTemplate":"https:\/\/www.mundoagropecuario.cl\/new\/?s={search_term_string}"},"query-input":{"@type":"PropertyValueSpecification","valueRequired":true,"valueName":"search_term_string"}}],"inLanguage":"es"},{"@type":"Organization","@id":"https:\/\/www.mundoagropecuario.cl\/new\/#organization","name":"Revista de Agricultura","url":"https:\/\/www.mundoagropecuario.cl\/new\/","logo":{"@type":"ImageObject","inLanguage":"es","@id":"https:\/\/www.mundoagropecuario.cl\/new\/#\/schema\/logo\/image\/","url":"https:\/\/www.mundoagropecuario.cl\/new\/wp-content\/uploads\/2020\/11\/PORTAL-1-1.png","contentUrl":"https:\/\/www.mundoagropecuario.cl\/new\/wp-content\/uploads\/2020\/11\/PORTAL-1-1.png","width":1026,"height":100,"caption":"Revista de Agricultura"},"image":{"@id":"https:\/\/www.mundoagropecuario.cl\/new\/#\/schema\/logo\/image\/"},"sameAs":["https:\/\/www.facebook.com\/mundo.agropecuario.3","https:\/\/x.com\/MundoAgropecuar","https:\/\/www.linkedin.com\/in\/mundo-agropecuario-934009201\/"]},{"@type":"Person","@id":"https:\/\/www.mundoagropecuario.cl\/new\/#\/schema\/person\/4e9f74a82a7dac260eb1c44b7eebeb18","name":"mundo","url":"https:\/\/www.mundoagropecuario.cl\/new\/author\/mundo\/"}]}},"_links":{"self":[{"href":"https:\/\/www.mundoagropecuario.cl\/new\/wp-json\/wp\/v2\/posts\/15368","targetHints":{"allow":["GET"]}}],"collection":[{"href":"https:\/\/www.mundoagropecuario.cl\/new\/wp-json\/wp\/v2\/posts"}],"about":[{"href":"https:\/\/www.mundoagropecuario.cl\/new\/wp-json\/wp\/v2\/types\/post"}],"author":[{"embeddable":true,"href":"https:\/\/www.mundoagropecuario.cl\/new\/wp-json\/wp\/v2\/users\/2"}],"replies":[{"embeddable":true,"href":"https:\/\/www.mundoagropecuario.cl\/new\/wp-json\/wp\/v2\/comments?post=15368"}],"version-history":[{"count":1,"href":"https:\/\/www.mundoagropecuario.cl\/new\/wp-json\/wp\/v2\/posts\/15368\/revisions"}],"predecessor-version":[{"id":15371,"href":"https:\/\/www.mundoagropecuario.cl\/new\/wp-json\/wp\/v2\/posts\/15368\/revisions\/15371"}],"wp:featuredmedia":[{"embeddable":true,"href":"https:\/\/www.mundoagropecuario.cl\/new\/wp-json\/wp\/v2\/media\/15369"}],"wp:attachment":[{"href":"https:\/\/www.mundoagropecuario.cl\/new\/wp-json\/wp\/v2\/media?parent=15368"}],"wp:term":[{"taxonomy":"category","embeddable":true,"href":"https:\/\/www.mundoagropecuario.cl\/new\/wp-json\/wp\/v2\/categories?post=15368"},{"taxonomy":"post_tag","embeddable":true,"href":"https:\/\/www.mundoagropecuario.cl\/new\/wp-json\/wp\/v2\/tags?post=15368"}],"curies":[{"name":"wp","href":"https:\/\/api.w.org\/{rel}","templated":true}]}}