{"id":15339,"date":"2020-01-06T01:35:45","date_gmt":"2020-01-06T04:35:45","guid":{"rendered":"http:\/\/www.mundoagropecuario.cl\/new\/?p=15339"},"modified":"2020-01-07T11:58:39","modified_gmt":"2020-01-07T14:58:39","slug":"sag-biobio-devuelve-a-su-habitat-a-un-pudu","status":"publish","type":"post","link":"https:\/\/www.mundoagropecuario.cl\/new\/sag-biobio-devuelve-a-su-habitat-a-un-pudu\/","title":{"rendered":"SAG Biob\u00edo devuelve a su h\u00e1bitat a un pud\u00fa"},"content":{"rendered":"\n<ul class=\"wp-block-gallery columns-0 is-cropped wp-block-gallery-1 is-layout-flex wp-block-gallery-is-layout-flex\"><\/ul>\n\n\n\n<p><\/p>\n\n\n\n<p class=\"has-medium-font-size\"><em>Gracias al aviso oportuno de la comunidad fue posible trasladar este ejemplar herido hasta el Centro de Rescate de la UdeC Chill\u00e1n, lugar donde recibi\u00f3 el tratamiento y cuidados adecuados para ser reinsertado en su medio natural (Mundo Agropecuario).<\/em><\/p>\n\n\n\n<p>Hasta su h\u00e1bitat natural, en el sector Los Patos de Nacimiento, fue traslado por funcionarios del Servicio Agr\u00edcola y Ganadero (SAG) de Mulch\u00e9n, un pud\u00fa, para ser liberado, luego que fuera encontrado por vecinos, el pasado 23 de diciembre, en el sector con un corte superficial en su cuello, siendo atendido y tratado en el Centro de Rescate de la Universidad de Concepci\u00f3n, sede Chill\u00e1n.<\/p>\n\n\n\n<p>\u201cUna vez recibida la denuncia se procedi\u00f3 a verificar en terreno la situaci\u00f3n, decidi\u00e9ndose el traslado del ejemplar al Centro de Rescate, donde fue evaluado por profesionales y se aplicaron los tratamientos correspondientes que permitieron su liberaci\u00f3n en el menor tiempo posible\u201d, destac\u00f3 la coordinadora de Vida Silvestre del SAG de Biob\u00edo, Rosa Orrego Guajardo.<\/p>\n\n\n\n<p>La profesional del SAG agradeci\u00f3 el aviso oportuno de personas o familias comprometidas con la fauna silvestre, permitiendo que estos ejemplares sean devueltos a su h\u00e1bitat e invit\u00f3 a la comunidad a respetar la fauna silvestre y que en caso de avistamientos y que \u00e9stos no presenten alguna lesi\u00f3n u problema de movilidad \u201ca no molestarlos y dejarlos que retornen de forma voluntaria a su h\u00e1bitat, ya que la manipulaci\u00f3n inadecuada y el cautiverio son un grave da\u00f1o que se les provoca a estas especies\u201d, dijo.<\/p>\n\n\n\n<p>Asimismo, indic\u00f3 que el a\u00f1o 2019, entre enero y noviembre, se realizaron 37 atenciones de denuncias de fauna silvestre en la provincia de Biob\u00edo, principalmente de aves, las cuales fueron devueltas a su h\u00e1bitat natural o derivadas a un centro de rescate.<\/p>\n\n\n\n<p>Finalmente, inform\u00f3 que esta especie se encuentra protegidas por la Ley de Caza, por lo que su caza y captura est\u00e1 prohibida.<\/p>\n","protected":false},"excerpt":{"rendered":"<p>Gracias al aviso oportuno de la comunidad fue posible trasladar este ejemplar herido hasta el Centro de Rescate de la UdeC Chill\u00e1n, lugar donde recibi\u00f3 el tratamiento y cuidados adecuados&#8230;<\/p>\n","protected":false},"author":2,"featured_media":15340,"comment_status":"closed","ping_status":"closed","sticky":false,"template":"","format":"standard","meta":{"footnotes":""},"categories":[1945],"tags":[3127,4550,2173],"class_list":["post-15339","post","type-post","status-publish","format-standard","has-post-thumbnail","hentry","category-agricultura","tag-agro","tag-pudu","tag-sag-biobio"],"yoast_head":"<!-- This site is optimized with the Yoast SEO plugin v26.6 - https:\/\/yoast.com\/wordpress\/plugins\/seo\/ -->\n<title>SAG Biob\u00edo devuelve a su h\u00e1bitat a un pud\u00fa - Mundoagropecuario<\/title>\n<meta name=\"robots\" content=\"index, follow, max-snippet:-1, max-image-preview:large, max-video-preview:-1\" \/>\n<link rel=\"canonical\" href=\"https:\/\/www.mundoagropecuario.cl\/new\/sag-biobio-devuelve-a-su-habitat-a-un-pudu\/\" \/>\n<meta property=\"og:locale\" content=\"es_ES\" \/>\n<meta property=\"og:type\" content=\"article\" \/>\n<meta property=\"og:title\" content=\"SAG Biob\u00edo devuelve a su h\u00e1bitat a un pud\u00fa - Mundoagropecuario\" \/>\n<meta property=\"og:description\" content=\"Gracias al aviso oportuno de la comunidad fue posible trasladar este ejemplar herido hasta el Centro de Rescate de la UdeC Chill\u00e1n, lugar donde recibi\u00f3 el tratamiento y cuidados adecuados...\" \/>\n<meta property=\"og:url\" content=\"https:\/\/www.mundoagropecuario.cl\/new\/sag-biobio-devuelve-a-su-habitat-a-un-pudu\/\" \/>\n<meta property=\"og:site_name\" content=\"Mundoagropecuario\" \/>\n<meta property=\"article:publisher\" content=\"https:\/\/www.facebook.com\/mundo.agropecuario.3\" \/>\n<meta property=\"article:published_time\" content=\"2020-01-06T04:35:45+00:00\" \/>\n<meta property=\"article:modified_time\" content=\"2020-01-07T14:58:39+00:00\" \/>\n<meta property=\"og:image\" content=\"https:\/\/www.mundoagropecuario.cl\/new\/wp-content\/uploads\/2020\/01\/IMG-20200102-WA0027.jpg\" \/>\n\t<meta property=\"og:image:width\" content=\"1024\" \/>\n\t<meta property=\"og:image:height\" content=\"768\" \/>\n\t<meta property=\"og:image:type\" content=\"image\/jpeg\" \/>\n<meta name=\"author\" content=\"mundo\" \/>\n<meta name=\"twitter:card\" content=\"summary_large_image\" \/>\n<meta name=\"twitter:creator\" content=\"@MundoAgropecuar\" \/>\n<meta name=\"twitter:site\" content=\"@MundoAgropecuar\" \/>\n<meta name=\"twitter:label1\" content=\"Escrito por\" \/>\n\t<meta name=\"twitter:data1\" content=\"mundo\" \/>\n\t<meta name=\"twitter:label2\" content=\"Tiempo de lectura\" \/>\n\t<meta name=\"twitter:data2\" content=\"2 minutos\" \/>\n<script type=\"application\/ld+json\" class=\"yoast-schema-graph\">{\"@context\":\"https:\/\/schema.org\",\"@graph\":[{\"@type\":\"Article\",\"@id\":\"https:\/\/www.mundoagropecuario.cl\/new\/sag-biobio-devuelve-a-su-habitat-a-un-pudu\/#article\",\"isPartOf\":{\"@id\":\"https:\/\/www.mundoagropecuario.cl\/new\/sag-biobio-devuelve-a-su-habitat-a-un-pudu\/\"},\"author\":{\"name\":\"mundo\",\"@id\":\"https:\/\/www.mundoagropecuario.cl\/new\/#\/schema\/person\/4e9f74a82a7dac260eb1c44b7eebeb18\"},\"headline\":\"SAG Biob\u00edo devuelve a su h\u00e1bitat a un pud\u00fa\",\"datePublished\":\"2020-01-06T04:35:45+00:00\",\"dateModified\":\"2020-01-07T14:58:39+00:00\",\"mainEntityOfPage\":{\"@id\":\"https:\/\/www.mundoagropecuario.cl\/new\/sag-biobio-devuelve-a-su-habitat-a-un-pudu\/\"},\"wordCount\":335,\"publisher\":{\"@id\":\"https:\/\/www.mundoagropecuario.cl\/new\/#organization\"},\"image\":{\"@id\":\"https:\/\/www.mundoagropecuario.cl\/new\/sag-biobio-devuelve-a-su-habitat-a-un-pudu\/#primaryimage\"},\"thumbnailUrl\":\"https:\/\/www.mundoagropecuario.cl\/new\/wp-content\/uploads\/2020\/01\/IMG-20200102-WA0027.jpg\",\"keywords\":[\"Agro\",\"PUDU\",\"SAG Biob\u00edo\"],\"articleSection\":[\"Agricultura\"],\"inLanguage\":\"es\"},{\"@type\":\"WebPage\",\"@id\":\"https:\/\/www.mundoagropecuario.cl\/new\/sag-biobio-devuelve-a-su-habitat-a-un-pudu\/\",\"url\":\"https:\/\/www.mundoagropecuario.cl\/new\/sag-biobio-devuelve-a-su-habitat-a-un-pudu\/\",\"name\":\"SAG Biob\u00edo devuelve a su h\u00e1bitat a un pud\u00fa - Mundoagropecuario\",\"isPartOf\":{\"@id\":\"https:\/\/www.mundoagropecuario.cl\/new\/#website\"},\"primaryImageOfPage\":{\"@id\":\"https:\/\/www.mundoagropecuario.cl\/new\/sag-biobio-devuelve-a-su-habitat-a-un-pudu\/#primaryimage\"},\"image\":{\"@id\":\"https:\/\/www.mundoagropecuario.cl\/new\/sag-biobio-devuelve-a-su-habitat-a-un-pudu\/#primaryimage\"},\"thumbnailUrl\":\"https:\/\/www.mundoagropecuario.cl\/new\/wp-content\/uploads\/2020\/01\/IMG-20200102-WA0027.jpg\",\"datePublished\":\"2020-01-06T04:35:45+00:00\",\"dateModified\":\"2020-01-07T14:58:39+00:00\",\"breadcrumb\":{\"@id\":\"https:\/\/www.mundoagropecuario.cl\/new\/sag-biobio-devuelve-a-su-habitat-a-un-pudu\/#breadcrumb\"},\"inLanguage\":\"es\",\"potentialAction\":[{\"@type\":\"ReadAction\",\"target\":[\"https:\/\/www.mundoagropecuario.cl\/new\/sag-biobio-devuelve-a-su-habitat-a-un-pudu\/\"]}]},{\"@type\":\"ImageObject\",\"inLanguage\":\"es\",\"@id\":\"https:\/\/www.mundoagropecuario.cl\/new\/sag-biobio-devuelve-a-su-habitat-a-un-pudu\/#primaryimage\",\"url\":\"https:\/\/www.mundoagropecuario.cl\/new\/wp-content\/uploads\/2020\/01\/IMG-20200102-WA0027.jpg\",\"contentUrl\":\"https:\/\/www.mundoagropecuario.cl\/new\/wp-content\/uploads\/2020\/01\/IMG-20200102-WA0027.jpg\",\"width\":533,\"height\":400},{\"@type\":\"BreadcrumbList\",\"@id\":\"https:\/\/www.mundoagropecuario.cl\/new\/sag-biobio-devuelve-a-su-habitat-a-un-pudu\/#breadcrumb\",\"itemListElement\":[{\"@type\":\"ListItem\",\"position\":1,\"name\":\"Portada\",\"item\":\"https:\/\/www.mundoagropecuario.cl\/new\/\"},{\"@type\":\"ListItem\",\"position\":2,\"name\":\"SAG Biob\u00edo devuelve a su h\u00e1bitat a un pud\u00fa\"}]},{\"@type\":\"WebSite\",\"@id\":\"https:\/\/www.mundoagropecuario.cl\/new\/#website\",\"url\":\"https:\/\/www.mundoagropecuario.cl\/new\/\",\"name\":\"Mundoagropecuario\",\"description\":\"Mundo Agropecuario\",\"publisher\":{\"@id\":\"https:\/\/www.mundoagropecuario.cl\/new\/#organization\"},\"potentialAction\":[{\"@type\":\"SearchAction\",\"target\":{\"@type\":\"EntryPoint\",\"urlTemplate\":\"https:\/\/www.mundoagropecuario.cl\/new\/?s={search_term_string}\"},\"query-input\":{\"@type\":\"PropertyValueSpecification\",\"valueRequired\":true,\"valueName\":\"search_term_string\"}}],\"inLanguage\":\"es\"},{\"@type\":\"Organization\",\"@id\":\"https:\/\/www.mundoagropecuario.cl\/new\/#organization\",\"name\":\"Revista de Agricultura\",\"url\":\"https:\/\/www.mundoagropecuario.cl\/new\/\",\"logo\":{\"@type\":\"ImageObject\",\"inLanguage\":\"es\",\"@id\":\"https:\/\/www.mundoagropecuario.cl\/new\/#\/schema\/logo\/image\/\",\"url\":\"https:\/\/www.mundoagropecuario.cl\/new\/wp-content\/uploads\/2020\/11\/PORTAL-1-1.png\",\"contentUrl\":\"https:\/\/www.mundoagropecuario.cl\/new\/wp-content\/uploads\/2020\/11\/PORTAL-1-1.png\",\"width\":1026,\"height\":100,\"caption\":\"Revista de Agricultura\"},\"image\":{\"@id\":\"https:\/\/www.mundoagropecuario.cl\/new\/#\/schema\/logo\/image\/\"},\"sameAs\":[\"https:\/\/www.facebook.com\/mundo.agropecuario.3\",\"https:\/\/x.com\/MundoAgropecuar\",\"https:\/\/www.linkedin.com\/in\/mundo-agropecuario-934009201\/\"]},{\"@type\":\"Person\",\"@id\":\"https:\/\/www.mundoagropecuario.cl\/new\/#\/schema\/person\/4e9f74a82a7dac260eb1c44b7eebeb18\",\"name\":\"mundo\",\"url\":\"https:\/\/www.mundoagropecuario.cl\/new\/author\/mundo\/\"}]}<\/script>\n<!-- \/ Yoast SEO plugin. -->","yoast_head_json":{"title":"SAG Biob\u00edo devuelve a su h\u00e1bitat a un pud\u00fa - Mundoagropecuario","robots":{"index":"index","follow":"follow","max-snippet":"max-snippet:-1","max-image-preview":"max-image-preview:large","max-video-preview":"max-video-preview:-1"},"canonical":"https:\/\/www.mundoagropecuario.cl\/new\/sag-biobio-devuelve-a-su-habitat-a-un-pudu\/","og_locale":"es_ES","og_type":"article","og_title":"SAG Biob\u00edo devuelve a su h\u00e1bitat a un pud\u00fa - Mundoagropecuario","og_description":"Gracias al aviso oportuno de la comunidad fue posible trasladar este ejemplar herido hasta el Centro de Rescate de la UdeC Chill\u00e1n, lugar donde recibi\u00f3 el tratamiento y cuidados adecuados...","og_url":"https:\/\/www.mundoagropecuario.cl\/new\/sag-biobio-devuelve-a-su-habitat-a-un-pudu\/","og_site_name":"Mundoagropecuario","article_publisher":"https:\/\/www.facebook.com\/mundo.agropecuario.3","article_published_time":"2020-01-06T04:35:45+00:00","article_modified_time":"2020-01-07T14:58:39+00:00","og_image":[{"width":1024,"height":768,"url":"https:\/\/www.mundoagropecuario.cl\/new\/wp-content\/uploads\/2020\/01\/IMG-20200102-WA0027.jpg","type":"image\/jpeg"}],"author":"mundo","twitter_card":"summary_large_image","twitter_creator":"@MundoAgropecuar","twitter_site":"@MundoAgropecuar","twitter_misc":{"Escrito por":"mundo","Tiempo de lectura":"2 minutos"},"schema":{"@context":"https:\/\/schema.org","@graph":[{"@type":"Article","@id":"https:\/\/www.mundoagropecuario.cl\/new\/sag-biobio-devuelve-a-su-habitat-a-un-pudu\/#article","isPartOf":{"@id":"https:\/\/www.mundoagropecuario.cl\/new\/sag-biobio-devuelve-a-su-habitat-a-un-pudu\/"},"author":{"name":"mundo","@id":"https:\/\/www.mundoagropecuario.cl\/new\/#\/schema\/person\/4e9f74a82a7dac260eb1c44b7eebeb18"},"headline":"SAG Biob\u00edo devuelve a su h\u00e1bitat a un pud\u00fa","datePublished":"2020-01-06T04:35:45+00:00","dateModified":"2020-01-07T14:58:39+00:00","mainEntityOfPage":{"@id":"https:\/\/www.mundoagropecuario.cl\/new\/sag-biobio-devuelve-a-su-habitat-a-un-pudu\/"},"wordCount":335,"publisher":{"@id":"https:\/\/www.mundoagropecuario.cl\/new\/#organization"},"image":{"@id":"https:\/\/www.mundoagropecuario.cl\/new\/sag-biobio-devuelve-a-su-habitat-a-un-pudu\/#primaryimage"},"thumbnailUrl":"https:\/\/www.mundoagropecuario.cl\/new\/wp-content\/uploads\/2020\/01\/IMG-20200102-WA0027.jpg","keywords":["Agro","PUDU","SAG Biob\u00edo"],"articleSection":["Agricultura"],"inLanguage":"es"},{"@type":"WebPage","@id":"https:\/\/www.mundoagropecuario.cl\/new\/sag-biobio-devuelve-a-su-habitat-a-un-pudu\/","url":"https:\/\/www.mundoagropecuario.cl\/new\/sag-biobio-devuelve-a-su-habitat-a-un-pudu\/","name":"SAG Biob\u00edo devuelve a su h\u00e1bitat a un pud\u00fa - Mundoagropecuario","isPartOf":{"@id":"https:\/\/www.mundoagropecuario.cl\/new\/#website"},"primaryImageOfPage":{"@id":"https:\/\/www.mundoagropecuario.cl\/new\/sag-biobio-devuelve-a-su-habitat-a-un-pudu\/#primaryimage"},"image":{"@id":"https:\/\/www.mundoagropecuario.cl\/new\/sag-biobio-devuelve-a-su-habitat-a-un-pudu\/#primaryimage"},"thumbnailUrl":"https:\/\/www.mundoagropecuario.cl\/new\/wp-content\/uploads\/2020\/01\/IMG-20200102-WA0027.jpg","datePublished":"2020-01-06T04:35:45+00:00","dateModified":"2020-01-07T14:58:39+00:00","breadcrumb":{"@id":"https:\/\/www.mundoagropecuario.cl\/new\/sag-biobio-devuelve-a-su-habitat-a-un-pudu\/#breadcrumb"},"inLanguage":"es","potentialAction":[{"@type":"ReadAction","target":["https:\/\/www.mundoagropecuario.cl\/new\/sag-biobio-devuelve-a-su-habitat-a-un-pudu\/"]}]},{"@type":"ImageObject","inLanguage":"es","@id":"https:\/\/www.mundoagropecuario.cl\/new\/sag-biobio-devuelve-a-su-habitat-a-un-pudu\/#primaryimage","url":"https:\/\/www.mundoagropecuario.cl\/new\/wp-content\/uploads\/2020\/01\/IMG-20200102-WA0027.jpg","contentUrl":"https:\/\/www.mundoagropecuario.cl\/new\/wp-content\/uploads\/2020\/01\/IMG-20200102-WA0027.jpg","width":533,"height":400},{"@type":"BreadcrumbList","@id":"https:\/\/www.mundoagropecuario.cl\/new\/sag-biobio-devuelve-a-su-habitat-a-un-pudu\/#breadcrumb","itemListElement":[{"@type":"ListItem","position":1,"name":"Portada","item":"https:\/\/www.mundoagropecuario.cl\/new\/"},{"@type":"ListItem","position":2,"name":"SAG Biob\u00edo devuelve a su h\u00e1bitat a un pud\u00fa"}]},{"@type":"WebSite","@id":"https:\/\/www.mundoagropecuario.cl\/new\/#website","url":"https:\/\/www.mundoagropecuario.cl\/new\/","name":"Mundoagropecuario","description":"Mundo Agropecuario","publisher":{"@id":"https:\/\/www.mundoagropecuario.cl\/new\/#organization"},"potentialAction":[{"@type":"SearchAction","target":{"@type":"EntryPoint","urlTemplate":"https:\/\/www.mundoagropecuario.cl\/new\/?s={search_term_string}"},"query-input":{"@type":"PropertyValueSpecification","valueRequired":true,"valueName":"search_term_string"}}],"inLanguage":"es"},{"@type":"Organization","@id":"https:\/\/www.mundoagropecuario.cl\/new\/#organization","name":"Revista de Agricultura","url":"https:\/\/www.mundoagropecuario.cl\/new\/","logo":{"@type":"ImageObject","inLanguage":"es","@id":"https:\/\/www.mundoagropecuario.cl\/new\/#\/schema\/logo\/image\/","url":"https:\/\/www.mundoagropecuario.cl\/new\/wp-content\/uploads\/2020\/11\/PORTAL-1-1.png","contentUrl":"https:\/\/www.mundoagropecuario.cl\/new\/wp-content\/uploads\/2020\/11\/PORTAL-1-1.png","width":1026,"height":100,"caption":"Revista de Agricultura"},"image":{"@id":"https:\/\/www.mundoagropecuario.cl\/new\/#\/schema\/logo\/image\/"},"sameAs":["https:\/\/www.facebook.com\/mundo.agropecuario.3","https:\/\/x.com\/MundoAgropecuar","https:\/\/www.linkedin.com\/in\/mundo-agropecuario-934009201\/"]},{"@type":"Person","@id":"https:\/\/www.mundoagropecuario.cl\/new\/#\/schema\/person\/4e9f74a82a7dac260eb1c44b7eebeb18","name":"mundo","url":"https:\/\/www.mundoagropecuario.cl\/new\/author\/mundo\/"}]}},"_links":{"self":[{"href":"https:\/\/www.mundoagropecuario.cl\/new\/wp-json\/wp\/v2\/posts\/15339","targetHints":{"allow":["GET"]}}],"collection":[{"href":"https:\/\/www.mundoagropecuario.cl\/new\/wp-json\/wp\/v2\/posts"}],"about":[{"href":"https:\/\/www.mundoagropecuario.cl\/new\/wp-json\/wp\/v2\/types\/post"}],"author":[{"embeddable":true,"href":"https:\/\/www.mundoagropecuario.cl\/new\/wp-json\/wp\/v2\/users\/2"}],"replies":[{"embeddable":true,"href":"https:\/\/www.mundoagropecuario.cl\/new\/wp-json\/wp\/v2\/comments?post=15339"}],"version-history":[{"count":1,"href":"https:\/\/www.mundoagropecuario.cl\/new\/wp-json\/wp\/v2\/posts\/15339\/revisions"}],"predecessor-version":[{"id":15341,"href":"https:\/\/www.mundoagropecuario.cl\/new\/wp-json\/wp\/v2\/posts\/15339\/revisions\/15341"}],"wp:featuredmedia":[{"embeddable":true,"href":"https:\/\/www.mundoagropecuario.cl\/new\/wp-json\/wp\/v2\/media\/15340"}],"wp:attachment":[{"href":"https:\/\/www.mundoagropecuario.cl\/new\/wp-json\/wp\/v2\/media?parent=15339"}],"wp:term":[{"taxonomy":"category","embeddable":true,"href":"https:\/\/www.mundoagropecuario.cl\/new\/wp-json\/wp\/v2\/categories?post=15339"},{"taxonomy":"post_tag","embeddable":true,"href":"https:\/\/www.mundoagropecuario.cl\/new\/wp-json\/wp\/v2\/tags?post=15339"}],"curies":[{"name":"wp","href":"https:\/\/api.w.org\/{rel}","templated":true}]}}