{"id":15319,"date":"2019-12-23T02:12:47","date_gmt":"2019-12-23T05:12:47","guid":{"rendered":"http:\/\/www.mundoagropecuario.cl\/new\/?p=15319"},"modified":"2020-01-07T11:56:26","modified_gmt":"2020-01-07T14:56:26","slug":"deuda-de-69-mil-millones-llevo-a-la-quiebra-a-firma-duena-de-conservas-dos-caballos","status":"publish","type":"post","link":"https:\/\/www.mundoagropecuario.cl\/new\/deuda-de-69-mil-millones-llevo-a-la-quiebra-a-firma-duena-de-conservas-dos-caballos\/","title":{"rendered":"Deuda de $69 mil millones llev\u00f3 a la quiebra a firma due\u00f1a de conservas dos caballos"},"content":{"rendered":"\n<ul class=\"wp-block-gallery columns-0 is-cropped wp-block-gallery-1 is-layout-flex wp-block-gallery-is-layout-flex\"><\/ul>\n\n\n\n<p class=\"has-medium-font-size\"><em>La empresa fundada en 1906, viv\u00eda un complejo escenario financiero que no le fue posible revertir debido a que la banca no acept\u00f3 su propuesta de pago.  Unas 450 personas quedar\u00e1n sin trabajo y 70 agricultores proveedores sin su cliente (emol.com).<\/em><\/p>\n\n\n\n<p>\u201cA pesar de todos nuestros esfuerzos profesionales para generar f\u00f3rmulas y propuestas concretas, \u00e9stas lamentablemente no lograron convencer a la \u00faltima l\u00ednea de decisi\u00f3n que fue la banca\u201d, lament\u00f3 el presidente del directorio la Conservera Pentzke S.A., Patricio Pentzke Vel\u00e1squez, al informar la irrevocable quiebra de la centenaria compa\u00f1\u00eda.<\/p>\n\n\n\n<p>A decisi\u00f3n del Tribunal de Juicio Oral de San Felipe, regi\u00f3n de Valpara\u00edso, aprob\u00f3 esta medida que afecta a empresa chilena propietaria de la reconocida marca Dos Caballos, la que deber\u00e1 cesar sus actividades luego de 113 a\u00f1os de existencia en el Valle del Aconcagua.<\/p>\n\n\n\n<figure class=\"wp-block-image\"><img loading=\"lazy\" decoding=\"async\" width=\"710\" height=\"399\" src=\"https:\/\/www.mundoagropecuario.cl\/new\/wp-content\/uploads\/2019\/12\/dos-caballos-.jpg\" alt=\"\" class=\"wp-image-15320\" srcset=\"https:\/\/www.mundoagropecuario.cl\/new\/wp-content\/uploads\/2019\/12\/dos-caballos-.jpg 710w, https:\/\/www.mundoagropecuario.cl\/new\/wp-content\/uploads\/2019\/12\/dos-caballos--586x329.jpg 586w\" sizes=\"auto, (max-width: 710px) 100vw, 710px\" \/><\/figure>\n\n\n\n<p>Seg\u00fan inform\u00f3 Emol, la conservera fundada en 1906 por el inmigrante alem\u00e1n, Ernesto Pentzke, solicit\u00f3 a comienzos de octubre abrir un procedimiento de acuerdo de reorganizaci\u00f3n judicial para reprogramar el pago de sus deudas y compromisos econ\u00f3micos, que suman un aproximado de $69 mil millones.<\/p>\n\n\n\n<p>\u201cEsta f\u00f3rmula habr\u00eda permitido no perder la actual producci\u00f3n de cultivos y brindar una oportunidad a la empresa para que continuara con el giro\u201d, para dar garant\u00edas para asegurar la continuidad laboral y previsional para el per\u00edodo enero-abril 2020, precis\u00f3 el ejecutivo en un comunicado.<\/p>\n\n\n\n<p>Sin embargo, los bancos acreedores mayoritarios votaron por la quiebra, negativa que tras la resoluci\u00f3n judicial la obliga a vender sus activos y, por consecuencia \u201cdejar sin empleo a m\u00e1s de 450 trabajadores directos y afectar\u00e1 la producci\u00f3n de unos 70 agricultores proveedores de la zona\u201d.<\/p>\n\n\n\n<p>\u201cSon muchos a\u00f1os de tradici\u00f3n y legado, que nos permitieron estar en las mesas de todos los chilenos y en casi todos los mercados de Am\u00e9rica Latina, Europa e incluso Jap\u00f3n en alg\u00fan momento\u201d, apunt\u00f3 Pentzke.<\/p>\n\n\n\n<p>Para el dirigente del sindicato de trabajadores de la empresa, Juan Astudillo, esta situaci\u00f3n es \u201cun golpe bajo a la comunidad de San Felipe, el \u00faltimo basti\u00f3n de trabajo que hab\u00eda en la zona\u201d.<\/p>\n\n\n\n<p>Durante la audiencia del tribunal, un centenar de trabajadores de Dos Caballos protestaron en las afueras del edificio: \u201cNo al cierre de nuestra fuente laboral\u201d; \u201cnecesitamos tu apoyo\u201d; \u201cmuchas familias del Valle del Aconcagua apoyan el trabajo que entrega Pentzke\u201d, se le\u00eda en los carteles de los concurrentes.<\/p>\n\n\n\n<p>Por su parte, el alcalde de San Felipe, Patricio Freire, calific\u00f3 de \u201cnefasto\u201d el hecho, se\u00f1alando que \u201clos bancos con una frialdad tremenda no votan la continuidad de la empresa, sino que velan por sus intereses y eso se ve\u00eda porque dec\u00edan \u00bfQui\u00e9n nos va pagar los intereses de aqu\u00ed a agosto, de aqu\u00ed a marzo? De verdad no se entiende que la banca no apoye a empresas que est\u00e9n pasando por una situaci\u00f3n como la que estamos viviendo\u201d.<\/p>\n\n\n\n<p>Como liquidador titular y suplente fueron designados Nelson Machuca y Eduardo Godoy respectivamente, quienes tendr\u00e1n la misi\u00f3n de incautar y liquidar los activos denominados prescindibles, dando paso un programa de venta de los objetos y art\u00edculos que est\u00e1n dentro de la empresa Conservera Pentzke Dos Caballos.&nbsp;&nbsp;&nbsp;&nbsp;&nbsp;&nbsp;&nbsp;&nbsp;&nbsp;&nbsp;&nbsp;&nbsp;&nbsp;&nbsp;<\/p>\n","protected":false},"excerpt":{"rendered":"<p>La empresa fundada en 1906, viv\u00eda un complejo escenario financiero que no le fue posible revertir debido a que la banca no acept\u00f3 su propuesta de pago. Unas 450 personas&#8230;<\/p>\n","protected":false},"author":2,"featured_media":15321,"comment_status":"closed","ping_status":"closed","sticky":false,"template":"","format":"standard","meta":{"footnotes":""},"categories":[1950],"tags":[3127,4546,4149,4547],"class_list":["post-15319","post","type-post","status-publish","format-standard","has-post-thumbnail","hentry","category-empresa","tag-agro","tag-conservas-dos-caballos","tag-mundo-agropecuario","tag-quiebra"],"yoast_head":"<!-- This site is optimized with the Yoast SEO plugin v26.6 - https:\/\/yoast.com\/wordpress\/plugins\/seo\/ -->\n<title>Deuda de $69 mil millones llev\u00f3 a la quiebra a firma due\u00f1a de conservas dos caballos - Mundoagropecuario<\/title>\n<meta name=\"robots\" content=\"index, follow, max-snippet:-1, max-image-preview:large, max-video-preview:-1\" \/>\n<link rel=\"canonical\" href=\"https:\/\/www.mundoagropecuario.cl\/new\/deuda-de-69-mil-millones-llevo-a-la-quiebra-a-firma-duena-de-conservas-dos-caballos\/\" \/>\n<meta property=\"og:locale\" content=\"es_ES\" \/>\n<meta property=\"og:type\" content=\"article\" \/>\n<meta property=\"og:title\" content=\"Deuda de $69 mil millones llev\u00f3 a la quiebra a firma due\u00f1a de conservas dos caballos - Mundoagropecuario\" \/>\n<meta property=\"og:description\" content=\"La empresa fundada en 1906, viv\u00eda un complejo escenario financiero que no le fue posible revertir debido a que la banca no acept\u00f3 su propuesta de pago. Unas 450 personas...\" \/>\n<meta property=\"og:url\" content=\"https:\/\/www.mundoagropecuario.cl\/new\/deuda-de-69-mil-millones-llevo-a-la-quiebra-a-firma-duena-de-conservas-dos-caballos\/\" \/>\n<meta property=\"og:site_name\" content=\"Mundoagropecuario\" \/>\n<meta property=\"article:publisher\" content=\"https:\/\/www.facebook.com\/mundo.agropecuario.3\" \/>\n<meta property=\"article:published_time\" content=\"2019-12-23T05:12:47+00:00\" \/>\n<meta property=\"article:modified_time\" content=\"2020-01-07T14:56:26+00:00\" \/>\n<meta property=\"og:image\" content=\"https:\/\/www.mundoagropecuario.cl\/new\/wp-content\/uploads\/2019\/12\/quiebras-696x388.jpg\" \/>\n\t<meta property=\"og:image:width\" content=\"696\" \/>\n\t<meta property=\"og:image:height\" content=\"388\" \/>\n\t<meta property=\"og:image:type\" content=\"image\/jpeg\" \/>\n<meta name=\"author\" content=\"mundo\" \/>\n<meta name=\"twitter:card\" content=\"summary_large_image\" \/>\n<meta name=\"twitter:creator\" content=\"@MundoAgropecuar\" \/>\n<meta name=\"twitter:site\" content=\"@MundoAgropecuar\" \/>\n<meta name=\"twitter:label1\" content=\"Escrito por\" \/>\n\t<meta name=\"twitter:data1\" content=\"mundo\" \/>\n\t<meta name=\"twitter:label2\" content=\"Tiempo de lectura\" \/>\n\t<meta name=\"twitter:data2\" content=\"3 minutos\" \/>\n<script type=\"application\/ld+json\" class=\"yoast-schema-graph\">{\"@context\":\"https:\/\/schema.org\",\"@graph\":[{\"@type\":\"Article\",\"@id\":\"https:\/\/www.mundoagropecuario.cl\/new\/deuda-de-69-mil-millones-llevo-a-la-quiebra-a-firma-duena-de-conservas-dos-caballos\/#article\",\"isPartOf\":{\"@id\":\"https:\/\/www.mundoagropecuario.cl\/new\/deuda-de-69-mil-millones-llevo-a-la-quiebra-a-firma-duena-de-conservas-dos-caballos\/\"},\"author\":{\"name\":\"mundo\",\"@id\":\"https:\/\/www.mundoagropecuario.cl\/new\/#\/schema\/person\/4e9f74a82a7dac260eb1c44b7eebeb18\"},\"headline\":\"Deuda de $69 mil millones llev\u00f3 a la quiebra a firma due\u00f1a de conservas dos caballos\",\"datePublished\":\"2019-12-23T05:12:47+00:00\",\"dateModified\":\"2020-01-07T14:56:26+00:00\",\"mainEntityOfPage\":{\"@id\":\"https:\/\/www.mundoagropecuario.cl\/new\/deuda-de-69-mil-millones-llevo-a-la-quiebra-a-firma-duena-de-conservas-dos-caballos\/\"},\"wordCount\":579,\"publisher\":{\"@id\":\"https:\/\/www.mundoagropecuario.cl\/new\/#organization\"},\"image\":{\"@id\":\"https:\/\/www.mundoagropecuario.cl\/new\/deuda-de-69-mil-millones-llevo-a-la-quiebra-a-firma-duena-de-conservas-dos-caballos\/#primaryimage\"},\"thumbnailUrl\":\"https:\/\/www.mundoagropecuario.cl\/new\/wp-content\/uploads\/2019\/12\/quiebras-696x388.jpg\",\"keywords\":[\"Agro\",\"Conservas dos caballos\",\"Mundo Agropecuario\",\"Quiebra\"],\"articleSection\":[\"Empresa\"],\"inLanguage\":\"es\"},{\"@type\":\"WebPage\",\"@id\":\"https:\/\/www.mundoagropecuario.cl\/new\/deuda-de-69-mil-millones-llevo-a-la-quiebra-a-firma-duena-de-conservas-dos-caballos\/\",\"url\":\"https:\/\/www.mundoagropecuario.cl\/new\/deuda-de-69-mil-millones-llevo-a-la-quiebra-a-firma-duena-de-conservas-dos-caballos\/\",\"name\":\"Deuda de $69 mil millones llev\u00f3 a la quiebra a firma due\u00f1a de conservas dos caballos - Mundoagropecuario\",\"isPartOf\":{\"@id\":\"https:\/\/www.mundoagropecuario.cl\/new\/#website\"},\"primaryImageOfPage\":{\"@id\":\"https:\/\/www.mundoagropecuario.cl\/new\/deuda-de-69-mil-millones-llevo-a-la-quiebra-a-firma-duena-de-conservas-dos-caballos\/#primaryimage\"},\"image\":{\"@id\":\"https:\/\/www.mundoagropecuario.cl\/new\/deuda-de-69-mil-millones-llevo-a-la-quiebra-a-firma-duena-de-conservas-dos-caballos\/#primaryimage\"},\"thumbnailUrl\":\"https:\/\/www.mundoagropecuario.cl\/new\/wp-content\/uploads\/2019\/12\/quiebras-696x388.jpg\",\"datePublished\":\"2019-12-23T05:12:47+00:00\",\"dateModified\":\"2020-01-07T14:56:26+00:00\",\"breadcrumb\":{\"@id\":\"https:\/\/www.mundoagropecuario.cl\/new\/deuda-de-69-mil-millones-llevo-a-la-quiebra-a-firma-duena-de-conservas-dos-caballos\/#breadcrumb\"},\"inLanguage\":\"es\",\"potentialAction\":[{\"@type\":\"ReadAction\",\"target\":[\"https:\/\/www.mundoagropecuario.cl\/new\/deuda-de-69-mil-millones-llevo-a-la-quiebra-a-firma-duena-de-conservas-dos-caballos\/\"]}]},{\"@type\":\"ImageObject\",\"inLanguage\":\"es\",\"@id\":\"https:\/\/www.mundoagropecuario.cl\/new\/deuda-de-69-mil-millones-llevo-a-la-quiebra-a-firma-duena-de-conservas-dos-caballos\/#primaryimage\",\"url\":\"https:\/\/www.mundoagropecuario.cl\/new\/wp-content\/uploads\/2019\/12\/quiebras-696x388.jpg\",\"contentUrl\":\"https:\/\/www.mundoagropecuario.cl\/new\/wp-content\/uploads\/2019\/12\/quiebras-696x388.jpg\",\"width\":696,\"height\":388},{\"@type\":\"BreadcrumbList\",\"@id\":\"https:\/\/www.mundoagropecuario.cl\/new\/deuda-de-69-mil-millones-llevo-a-la-quiebra-a-firma-duena-de-conservas-dos-caballos\/#breadcrumb\",\"itemListElement\":[{\"@type\":\"ListItem\",\"position\":1,\"name\":\"Portada\",\"item\":\"https:\/\/www.mundoagropecuario.cl\/new\/\"},{\"@type\":\"ListItem\",\"position\":2,\"name\":\"Deuda de $69 mil millones llev\u00f3 a la quiebra a firma due\u00f1a de conservas dos caballos\"}]},{\"@type\":\"WebSite\",\"@id\":\"https:\/\/www.mundoagropecuario.cl\/new\/#website\",\"url\":\"https:\/\/www.mundoagropecuario.cl\/new\/\",\"name\":\"Mundoagropecuario\",\"description\":\"Mundo Agropecuario\",\"publisher\":{\"@id\":\"https:\/\/www.mundoagropecuario.cl\/new\/#organization\"},\"potentialAction\":[{\"@type\":\"SearchAction\",\"target\":{\"@type\":\"EntryPoint\",\"urlTemplate\":\"https:\/\/www.mundoagropecuario.cl\/new\/?s={search_term_string}\"},\"query-input\":{\"@type\":\"PropertyValueSpecification\",\"valueRequired\":true,\"valueName\":\"search_term_string\"}}],\"inLanguage\":\"es\"},{\"@type\":\"Organization\",\"@id\":\"https:\/\/www.mundoagropecuario.cl\/new\/#organization\",\"name\":\"Revista de Agricultura\",\"url\":\"https:\/\/www.mundoagropecuario.cl\/new\/\",\"logo\":{\"@type\":\"ImageObject\",\"inLanguage\":\"es\",\"@id\":\"https:\/\/www.mundoagropecuario.cl\/new\/#\/schema\/logo\/image\/\",\"url\":\"https:\/\/www.mundoagropecuario.cl\/new\/wp-content\/uploads\/2020\/11\/PORTAL-1-1.png\",\"contentUrl\":\"https:\/\/www.mundoagropecuario.cl\/new\/wp-content\/uploads\/2020\/11\/PORTAL-1-1.png\",\"width\":1026,\"height\":100,\"caption\":\"Revista de Agricultura\"},\"image\":{\"@id\":\"https:\/\/www.mundoagropecuario.cl\/new\/#\/schema\/logo\/image\/\"},\"sameAs\":[\"https:\/\/www.facebook.com\/mundo.agropecuario.3\",\"https:\/\/x.com\/MundoAgropecuar\",\"https:\/\/www.linkedin.com\/in\/mundo-agropecuario-934009201\/\"]},{\"@type\":\"Person\",\"@id\":\"https:\/\/www.mundoagropecuario.cl\/new\/#\/schema\/person\/4e9f74a82a7dac260eb1c44b7eebeb18\",\"name\":\"mundo\",\"url\":\"https:\/\/www.mundoagropecuario.cl\/new\/author\/mundo\/\"}]}<\/script>\n<!-- \/ Yoast SEO plugin. -->","yoast_head_json":{"title":"Deuda de $69 mil millones llev\u00f3 a la quiebra a firma due\u00f1a de conservas dos caballos - Mundoagropecuario","robots":{"index":"index","follow":"follow","max-snippet":"max-snippet:-1","max-image-preview":"max-image-preview:large","max-video-preview":"max-video-preview:-1"},"canonical":"https:\/\/www.mundoagropecuario.cl\/new\/deuda-de-69-mil-millones-llevo-a-la-quiebra-a-firma-duena-de-conservas-dos-caballos\/","og_locale":"es_ES","og_type":"article","og_title":"Deuda de $69 mil millones llev\u00f3 a la quiebra a firma due\u00f1a de conservas dos caballos - Mundoagropecuario","og_description":"La empresa fundada en 1906, viv\u00eda un complejo escenario financiero que no le fue posible revertir debido a que la banca no acept\u00f3 su propuesta de pago. Unas 450 personas...","og_url":"https:\/\/www.mundoagropecuario.cl\/new\/deuda-de-69-mil-millones-llevo-a-la-quiebra-a-firma-duena-de-conservas-dos-caballos\/","og_site_name":"Mundoagropecuario","article_publisher":"https:\/\/www.facebook.com\/mundo.agropecuario.3","article_published_time":"2019-12-23T05:12:47+00:00","article_modified_time":"2020-01-07T14:56:26+00:00","og_image":[{"width":696,"height":388,"url":"https:\/\/www.mundoagropecuario.cl\/new\/wp-content\/uploads\/2019\/12\/quiebras-696x388.jpg","type":"image\/jpeg"}],"author":"mundo","twitter_card":"summary_large_image","twitter_creator":"@MundoAgropecuar","twitter_site":"@MundoAgropecuar","twitter_misc":{"Escrito por":"mundo","Tiempo de lectura":"3 minutos"},"schema":{"@context":"https:\/\/schema.org","@graph":[{"@type":"Article","@id":"https:\/\/www.mundoagropecuario.cl\/new\/deuda-de-69-mil-millones-llevo-a-la-quiebra-a-firma-duena-de-conservas-dos-caballos\/#article","isPartOf":{"@id":"https:\/\/www.mundoagropecuario.cl\/new\/deuda-de-69-mil-millones-llevo-a-la-quiebra-a-firma-duena-de-conservas-dos-caballos\/"},"author":{"name":"mundo","@id":"https:\/\/www.mundoagropecuario.cl\/new\/#\/schema\/person\/4e9f74a82a7dac260eb1c44b7eebeb18"},"headline":"Deuda de $69 mil millones llev\u00f3 a la quiebra a firma due\u00f1a de conservas dos caballos","datePublished":"2019-12-23T05:12:47+00:00","dateModified":"2020-01-07T14:56:26+00:00","mainEntityOfPage":{"@id":"https:\/\/www.mundoagropecuario.cl\/new\/deuda-de-69-mil-millones-llevo-a-la-quiebra-a-firma-duena-de-conservas-dos-caballos\/"},"wordCount":579,"publisher":{"@id":"https:\/\/www.mundoagropecuario.cl\/new\/#organization"},"image":{"@id":"https:\/\/www.mundoagropecuario.cl\/new\/deuda-de-69-mil-millones-llevo-a-la-quiebra-a-firma-duena-de-conservas-dos-caballos\/#primaryimage"},"thumbnailUrl":"https:\/\/www.mundoagropecuario.cl\/new\/wp-content\/uploads\/2019\/12\/quiebras-696x388.jpg","keywords":["Agro","Conservas dos caballos","Mundo Agropecuario","Quiebra"],"articleSection":["Empresa"],"inLanguage":"es"},{"@type":"WebPage","@id":"https:\/\/www.mundoagropecuario.cl\/new\/deuda-de-69-mil-millones-llevo-a-la-quiebra-a-firma-duena-de-conservas-dos-caballos\/","url":"https:\/\/www.mundoagropecuario.cl\/new\/deuda-de-69-mil-millones-llevo-a-la-quiebra-a-firma-duena-de-conservas-dos-caballos\/","name":"Deuda de $69 mil millones llev\u00f3 a la quiebra a firma due\u00f1a de conservas dos caballos - Mundoagropecuario","isPartOf":{"@id":"https:\/\/www.mundoagropecuario.cl\/new\/#website"},"primaryImageOfPage":{"@id":"https:\/\/www.mundoagropecuario.cl\/new\/deuda-de-69-mil-millones-llevo-a-la-quiebra-a-firma-duena-de-conservas-dos-caballos\/#primaryimage"},"image":{"@id":"https:\/\/www.mundoagropecuario.cl\/new\/deuda-de-69-mil-millones-llevo-a-la-quiebra-a-firma-duena-de-conservas-dos-caballos\/#primaryimage"},"thumbnailUrl":"https:\/\/www.mundoagropecuario.cl\/new\/wp-content\/uploads\/2019\/12\/quiebras-696x388.jpg","datePublished":"2019-12-23T05:12:47+00:00","dateModified":"2020-01-07T14:56:26+00:00","breadcrumb":{"@id":"https:\/\/www.mundoagropecuario.cl\/new\/deuda-de-69-mil-millones-llevo-a-la-quiebra-a-firma-duena-de-conservas-dos-caballos\/#breadcrumb"},"inLanguage":"es","potentialAction":[{"@type":"ReadAction","target":["https:\/\/www.mundoagropecuario.cl\/new\/deuda-de-69-mil-millones-llevo-a-la-quiebra-a-firma-duena-de-conservas-dos-caballos\/"]}]},{"@type":"ImageObject","inLanguage":"es","@id":"https:\/\/www.mundoagropecuario.cl\/new\/deuda-de-69-mil-millones-llevo-a-la-quiebra-a-firma-duena-de-conservas-dos-caballos\/#primaryimage","url":"https:\/\/www.mundoagropecuario.cl\/new\/wp-content\/uploads\/2019\/12\/quiebras-696x388.jpg","contentUrl":"https:\/\/www.mundoagropecuario.cl\/new\/wp-content\/uploads\/2019\/12\/quiebras-696x388.jpg","width":696,"height":388},{"@type":"BreadcrumbList","@id":"https:\/\/www.mundoagropecuario.cl\/new\/deuda-de-69-mil-millones-llevo-a-la-quiebra-a-firma-duena-de-conservas-dos-caballos\/#breadcrumb","itemListElement":[{"@type":"ListItem","position":1,"name":"Portada","item":"https:\/\/www.mundoagropecuario.cl\/new\/"},{"@type":"ListItem","position":2,"name":"Deuda de $69 mil millones llev\u00f3 a la quiebra a firma due\u00f1a de conservas dos caballos"}]},{"@type":"WebSite","@id":"https:\/\/www.mundoagropecuario.cl\/new\/#website","url":"https:\/\/www.mundoagropecuario.cl\/new\/","name":"Mundoagropecuario","description":"Mundo Agropecuario","publisher":{"@id":"https:\/\/www.mundoagropecuario.cl\/new\/#organization"},"potentialAction":[{"@type":"SearchAction","target":{"@type":"EntryPoint","urlTemplate":"https:\/\/www.mundoagropecuario.cl\/new\/?s={search_term_string}"},"query-input":{"@type":"PropertyValueSpecification","valueRequired":true,"valueName":"search_term_string"}}],"inLanguage":"es"},{"@type":"Organization","@id":"https:\/\/www.mundoagropecuario.cl\/new\/#organization","name":"Revista de Agricultura","url":"https:\/\/www.mundoagropecuario.cl\/new\/","logo":{"@type":"ImageObject","inLanguage":"es","@id":"https:\/\/www.mundoagropecuario.cl\/new\/#\/schema\/logo\/image\/","url":"https:\/\/www.mundoagropecuario.cl\/new\/wp-content\/uploads\/2020\/11\/PORTAL-1-1.png","contentUrl":"https:\/\/www.mundoagropecuario.cl\/new\/wp-content\/uploads\/2020\/11\/PORTAL-1-1.png","width":1026,"height":100,"caption":"Revista de Agricultura"},"image":{"@id":"https:\/\/www.mundoagropecuario.cl\/new\/#\/schema\/logo\/image\/"},"sameAs":["https:\/\/www.facebook.com\/mundo.agropecuario.3","https:\/\/x.com\/MundoAgropecuar","https:\/\/www.linkedin.com\/in\/mundo-agropecuario-934009201\/"]},{"@type":"Person","@id":"https:\/\/www.mundoagropecuario.cl\/new\/#\/schema\/person\/4e9f74a82a7dac260eb1c44b7eebeb18","name":"mundo","url":"https:\/\/www.mundoagropecuario.cl\/new\/author\/mundo\/"}]}},"_links":{"self":[{"href":"https:\/\/www.mundoagropecuario.cl\/new\/wp-json\/wp\/v2\/posts\/15319","targetHints":{"allow":["GET"]}}],"collection":[{"href":"https:\/\/www.mundoagropecuario.cl\/new\/wp-json\/wp\/v2\/posts"}],"about":[{"href":"https:\/\/www.mundoagropecuario.cl\/new\/wp-json\/wp\/v2\/types\/post"}],"author":[{"embeddable":true,"href":"https:\/\/www.mundoagropecuario.cl\/new\/wp-json\/wp\/v2\/users\/2"}],"replies":[{"embeddable":true,"href":"https:\/\/www.mundoagropecuario.cl\/new\/wp-json\/wp\/v2\/comments?post=15319"}],"version-history":[{"count":1,"href":"https:\/\/www.mundoagropecuario.cl\/new\/wp-json\/wp\/v2\/posts\/15319\/revisions"}],"predecessor-version":[{"id":15322,"href":"https:\/\/www.mundoagropecuario.cl\/new\/wp-json\/wp\/v2\/posts\/15319\/revisions\/15322"}],"wp:featuredmedia":[{"embeddable":true,"href":"https:\/\/www.mundoagropecuario.cl\/new\/wp-json\/wp\/v2\/media\/15321"}],"wp:attachment":[{"href":"https:\/\/www.mundoagropecuario.cl\/new\/wp-json\/wp\/v2\/media?parent=15319"}],"wp:term":[{"taxonomy":"category","embeddable":true,"href":"https:\/\/www.mundoagropecuario.cl\/new\/wp-json\/wp\/v2\/categories?post=15319"},{"taxonomy":"post_tag","embeddable":true,"href":"https:\/\/www.mundoagropecuario.cl\/new\/wp-json\/wp\/v2\/tags?post=15319"}],"curies":[{"name":"wp","href":"https:\/\/api.w.org\/{rel}","templated":true}]}}