{"id":15295,"date":"2019-12-23T02:00:57","date_gmt":"2019-12-23T05:00:57","guid":{"rendered":"http:\/\/www.mundoagropecuario.cl\/new\/?p=15295"},"modified":"2020-01-07T11:55:18","modified_gmt":"2020-01-07T14:55:18","slug":"agricultores-rescatan-el-valor-de-plantas-a-traves-de-la-herbologia","status":"publish","type":"post","link":"https:\/\/www.mundoagropecuario.cl\/new\/agricultores-rescatan-el-valor-de-plantas-a-traves-de-la-herbologia\/","title":{"rendered":"Agricultores rescatan el valor de plantas a trav\u00e9s de la herbolog\u00eda"},"content":{"rendered":"\n<ul class=\"wp-block-gallery columns-0 is-cropped wp-block-gallery-1 is-layout-flex wp-block-gallery-is-layout-flex\"><\/ul>\n\n\n\n<p class=\"has-medium-font-size\"><em>Entre las plantas utilizadas en el taller destacaron el eucalipto, el romero, la alfalfa y restos de frutas c\u00edtricas como naranjas y limones (Mundo Agropecuario) <\/em><\/p>\n\n\n\n<p>En la localidad de Gua\u00f1acagua, agricultores del valle de Codpa pertenecientes al programa Prodesal de INDAP, desarrollado en conjunto con la Municipalidad de Camarones, participaron en un taller de herbolog\u00eda orientado a la extracci\u00f3n de aceites esenciales mediante la t\u00e9cnica de destilaci\u00f3n al vapor en alambique, rescatando el valor para la salud y la cosm\u00e9tica de plantas y frutas de la zona.<\/p>\n\n\n\n<p>Uno de los objetivos del taller fue entregar nuevas herramientas para que los agricultores desarrollen actividades anexas que ayuden a \u00e9stos a complementar sus ingresos a trav\u00e9s de productos como jabones, aceites para aromaterapia o ung\u00fcentos medicinales, aprovechando las plantas, frutas y hierbas ancestrales o desechos -como c\u00e1scaras de c\u00edtricos- que tienen a disposici\u00f3n en sus predios.<\/p>\n\n\n\n<p>Para Juan Horacio Grant, director regional de INDAP, \u201ces significativo que nuestros agricultores aprendan otras metodolog\u00edas para desarrollar nuevos productos con el fin de diversificar sus actividades, entreg\u00e1ndoles un nuevo valor a su producci\u00f3n que contribuir\u00e1 a encontrar nuevos mercados de comercializaci\u00f3n y fomentar\u00e1 la agricultura familiar campesina de la regi\u00f3n\u201d.&nbsp;<\/p>\n\n\n\n<figure class=\"wp-block-image\"><img loading=\"lazy\" decoding=\"async\" width=\"1024\" height=\"768\" src=\"https:\/\/www.mundoagropecuario.cl\/new\/wp-content\/uploads\/2019\/12\/Herbolog\u00eda2-1024x768.jpeg\" alt=\"\" class=\"wp-image-15297\" srcset=\"https:\/\/www.mundoagropecuario.cl\/new\/wp-content\/uploads\/2019\/12\/Herbolog\u00eda2-1024x768.jpeg 1024w, https:\/\/www.mundoagropecuario.cl\/new\/wp-content\/uploads\/2019\/12\/Herbolog\u00eda2-586x440.jpeg 586w, https:\/\/www.mundoagropecuario.cl\/new\/wp-content\/uploads\/2019\/12\/Herbolog\u00eda2-768x576.jpeg 768w, https:\/\/www.mundoagropecuario.cl\/new\/wp-content\/uploads\/2019\/12\/Herbolog\u00eda2.jpeg 533w\" sizes=\"auto, (max-width: 1024px) 100vw, 1024px\" \/><\/figure>\n\n\n\n<p>Asimismo, este taller se bas\u00f3 en aprender a utilizar la t\u00e9cnica de destilaci\u00f3n al vapor en alambique, que genera aceites libres de impurezas en comparaci\u00f3n con otras como el prensado o la destilaci\u00f3n en agua.&nbsp;&nbsp;Tambi\u00e9n se les ense\u00f1\u00f3 a identificar propiedades y principios activos de plantas y frutas del sector, adem\u00e1s de conocer su acci\u00f3n terap\u00e9utica y diferentes subproductos que pueden obtenerse a partir de los aceites.<\/p>\n\n\n\n<p>Por su parte, Jorge Heiden, Seremi de Agricultura, hizo hincapi\u00e9 en la importancia de que los agricultores desplieguen nuevas actividades que complementen las primarias, \u201cya que a trav\u00e9s de \u00e9stas, la regi\u00f3n diversifica su oferta de productos generando opciones econ\u00f3micas sustentables para peque\u00f1os agricultores, con el fin de acortar las brechas entre el desarrollo del mundo rural y el urbano\u201d.<\/p>\n\n\n\n<p>Entre las plantas utilizadas en el taller destacaron el eucalipto, el romero, la alfalfa y restos de frutas c\u00edtricas como naranjas y limones que \u2013eventualmente- podr\u00e1n transformarse en preparaciones como aceites, ung\u00fcentos, jarabes, cataplasmas, sales de ba\u00f1o y jabones.<\/p>\n","protected":false},"excerpt":{"rendered":"<p>Entre las plantas utilizadas en el taller destacaron el eucalipto, el romero, la alfalfa y restos de frutas c\u00edtricas como naranjas y limones (Mundo Agropecuario) En la localidad de Gua\u00f1acagua,&#8230;<\/p>\n","protected":false},"author":2,"featured_media":15296,"comment_status":"closed","ping_status":"closed","sticky":false,"template":"","format":"standard","meta":{"footnotes":""},"categories":[1945],"tags":[2090,3127,4542,1992,2639],"class_list":["post-15295","post","type-post","status-publish","format-standard","has-post-thumbnail","hentry","category-agricultura","tag-agricultura","tag-agro","tag-herbologia","tag-indap","tag-plantas"],"yoast_head":"<!-- This site is optimized with the Yoast SEO plugin v26.6 - https:\/\/yoast.com\/wordpress\/plugins\/seo\/ -->\n<title>Agricultores rescatan el valor de plantas a trav\u00e9s de la herbolog\u00eda - Mundoagropecuario<\/title>\n<meta name=\"robots\" content=\"index, follow, max-snippet:-1, max-image-preview:large, max-video-preview:-1\" \/>\n<link rel=\"canonical\" href=\"https:\/\/www.mundoagropecuario.cl\/new\/agricultores-rescatan-el-valor-de-plantas-a-traves-de-la-herbologia\/\" \/>\n<meta property=\"og:locale\" content=\"es_ES\" \/>\n<meta property=\"og:type\" content=\"article\" \/>\n<meta property=\"og:title\" content=\"Agricultores rescatan el valor de plantas a trav\u00e9s de la herbolog\u00eda - Mundoagropecuario\" \/>\n<meta property=\"og:description\" content=\"Entre las plantas utilizadas en el taller destacaron el eucalipto, el romero, la alfalfa y restos de frutas c\u00edtricas como naranjas y limones (Mundo Agropecuario) En la localidad de Gua\u00f1acagua,...\" \/>\n<meta property=\"og:url\" content=\"https:\/\/www.mundoagropecuario.cl\/new\/agricultores-rescatan-el-valor-de-plantas-a-traves-de-la-herbologia\/\" \/>\n<meta property=\"og:site_name\" content=\"Mundoagropecuario\" \/>\n<meta property=\"article:publisher\" content=\"https:\/\/www.facebook.com\/mundo.agropecuario.3\" \/>\n<meta property=\"article:published_time\" content=\"2019-12-23T05:00:57+00:00\" \/>\n<meta property=\"article:modified_time\" content=\"2020-01-07T14:55:18+00:00\" \/>\n<meta property=\"og:image\" content=\"https:\/\/www.mundoagropecuario.cl\/new\/wp-content\/uploads\/2019\/12\/Herbolog\u00eda1.jpeg\" \/>\n\t<meta property=\"og:image:width\" content=\"1024\" \/>\n\t<meta property=\"og:image:height\" content=\"768\" \/>\n\t<meta property=\"og:image:type\" content=\"image\/jpeg\" \/>\n<meta name=\"author\" content=\"mundo\" \/>\n<meta name=\"twitter:card\" content=\"summary_large_image\" \/>\n<meta name=\"twitter:creator\" content=\"@MundoAgropecuar\" \/>\n<meta name=\"twitter:site\" content=\"@MundoAgropecuar\" \/>\n<meta name=\"twitter:label1\" content=\"Escrito por\" \/>\n\t<meta name=\"twitter:data1\" content=\"mundo\" \/>\n\t<meta name=\"twitter:label2\" content=\"Tiempo de lectura\" \/>\n\t<meta name=\"twitter:data2\" content=\"2 minutos\" \/>\n<script type=\"application\/ld+json\" class=\"yoast-schema-graph\">{\"@context\":\"https:\/\/schema.org\",\"@graph\":[{\"@type\":\"Article\",\"@id\":\"https:\/\/www.mundoagropecuario.cl\/new\/agricultores-rescatan-el-valor-de-plantas-a-traves-de-la-herbologia\/#article\",\"isPartOf\":{\"@id\":\"https:\/\/www.mundoagropecuario.cl\/new\/agricultores-rescatan-el-valor-de-plantas-a-traves-de-la-herbologia\/\"},\"author\":{\"name\":\"mundo\",\"@id\":\"https:\/\/www.mundoagropecuario.cl\/new\/#\/schema\/person\/4e9f74a82a7dac260eb1c44b7eebeb18\"},\"headline\":\"Agricultores rescatan el valor de plantas a trav\u00e9s de la herbolog\u00eda\",\"datePublished\":\"2019-12-23T05:00:57+00:00\",\"dateModified\":\"2020-01-07T14:55:18+00:00\",\"mainEntityOfPage\":{\"@id\":\"https:\/\/www.mundoagropecuario.cl\/new\/agricultores-rescatan-el-valor-de-plantas-a-traves-de-la-herbologia\/\"},\"wordCount\":411,\"publisher\":{\"@id\":\"https:\/\/www.mundoagropecuario.cl\/new\/#organization\"},\"image\":{\"@id\":\"https:\/\/www.mundoagropecuario.cl\/new\/agricultores-rescatan-el-valor-de-plantas-a-traves-de-la-herbologia\/#primaryimage\"},\"thumbnailUrl\":\"https:\/\/www.mundoagropecuario.cl\/new\/wp-content\/uploads\/2019\/12\/Herbolog\u00eda1.jpeg\",\"keywords\":[\"Agricultura\",\"Agro\",\"herbolog\u00eda\",\"Indap\",\"plantas\"],\"articleSection\":[\"Agricultura\"],\"inLanguage\":\"es\"},{\"@type\":\"WebPage\",\"@id\":\"https:\/\/www.mundoagropecuario.cl\/new\/agricultores-rescatan-el-valor-de-plantas-a-traves-de-la-herbologia\/\",\"url\":\"https:\/\/www.mundoagropecuario.cl\/new\/agricultores-rescatan-el-valor-de-plantas-a-traves-de-la-herbologia\/\",\"name\":\"Agricultores rescatan el valor de plantas a trav\u00e9s de la herbolog\u00eda - Mundoagropecuario\",\"isPartOf\":{\"@id\":\"https:\/\/www.mundoagropecuario.cl\/new\/#website\"},\"primaryImageOfPage\":{\"@id\":\"https:\/\/www.mundoagropecuario.cl\/new\/agricultores-rescatan-el-valor-de-plantas-a-traves-de-la-herbologia\/#primaryimage\"},\"image\":{\"@id\":\"https:\/\/www.mundoagropecuario.cl\/new\/agricultores-rescatan-el-valor-de-plantas-a-traves-de-la-herbologia\/#primaryimage\"},\"thumbnailUrl\":\"https:\/\/www.mundoagropecuario.cl\/new\/wp-content\/uploads\/2019\/12\/Herbolog\u00eda1.jpeg\",\"datePublished\":\"2019-12-23T05:00:57+00:00\",\"dateModified\":\"2020-01-07T14:55:18+00:00\",\"breadcrumb\":{\"@id\":\"https:\/\/www.mundoagropecuario.cl\/new\/agricultores-rescatan-el-valor-de-plantas-a-traves-de-la-herbologia\/#breadcrumb\"},\"inLanguage\":\"es\",\"potentialAction\":[{\"@type\":\"ReadAction\",\"target\":[\"https:\/\/www.mundoagropecuario.cl\/new\/agricultores-rescatan-el-valor-de-plantas-a-traves-de-la-herbologia\/\"]}]},{\"@type\":\"ImageObject\",\"inLanguage\":\"es\",\"@id\":\"https:\/\/www.mundoagropecuario.cl\/new\/agricultores-rescatan-el-valor-de-plantas-a-traves-de-la-herbologia\/#primaryimage\",\"url\":\"https:\/\/www.mundoagropecuario.cl\/new\/wp-content\/uploads\/2019\/12\/Herbolog\u00eda1.jpeg\",\"contentUrl\":\"https:\/\/www.mundoagropecuario.cl\/new\/wp-content\/uploads\/2019\/12\/Herbolog\u00eda1.jpeg\",\"width\":533,\"height\":400},{\"@type\":\"BreadcrumbList\",\"@id\":\"https:\/\/www.mundoagropecuario.cl\/new\/agricultores-rescatan-el-valor-de-plantas-a-traves-de-la-herbologia\/#breadcrumb\",\"itemListElement\":[{\"@type\":\"ListItem\",\"position\":1,\"name\":\"Portada\",\"item\":\"https:\/\/www.mundoagropecuario.cl\/new\/\"},{\"@type\":\"ListItem\",\"position\":2,\"name\":\"Agricultores rescatan el valor de plantas a trav\u00e9s de la herbolog\u00eda\"}]},{\"@type\":\"WebSite\",\"@id\":\"https:\/\/www.mundoagropecuario.cl\/new\/#website\",\"url\":\"https:\/\/www.mundoagropecuario.cl\/new\/\",\"name\":\"Mundoagropecuario\",\"description\":\"Mundo Agropecuario\",\"publisher\":{\"@id\":\"https:\/\/www.mundoagropecuario.cl\/new\/#organization\"},\"potentialAction\":[{\"@type\":\"SearchAction\",\"target\":{\"@type\":\"EntryPoint\",\"urlTemplate\":\"https:\/\/www.mundoagropecuario.cl\/new\/?s={search_term_string}\"},\"query-input\":{\"@type\":\"PropertyValueSpecification\",\"valueRequired\":true,\"valueName\":\"search_term_string\"}}],\"inLanguage\":\"es\"},{\"@type\":\"Organization\",\"@id\":\"https:\/\/www.mundoagropecuario.cl\/new\/#organization\",\"name\":\"Revista de Agricultura\",\"url\":\"https:\/\/www.mundoagropecuario.cl\/new\/\",\"logo\":{\"@type\":\"ImageObject\",\"inLanguage\":\"es\",\"@id\":\"https:\/\/www.mundoagropecuario.cl\/new\/#\/schema\/logo\/image\/\",\"url\":\"https:\/\/www.mundoagropecuario.cl\/new\/wp-content\/uploads\/2020\/11\/PORTAL-1-1.png\",\"contentUrl\":\"https:\/\/www.mundoagropecuario.cl\/new\/wp-content\/uploads\/2020\/11\/PORTAL-1-1.png\",\"width\":1026,\"height\":100,\"caption\":\"Revista de Agricultura\"},\"image\":{\"@id\":\"https:\/\/www.mundoagropecuario.cl\/new\/#\/schema\/logo\/image\/\"},\"sameAs\":[\"https:\/\/www.facebook.com\/mundo.agropecuario.3\",\"https:\/\/x.com\/MundoAgropecuar\",\"https:\/\/www.linkedin.com\/in\/mundo-agropecuario-934009201\/\"]},{\"@type\":\"Person\",\"@id\":\"https:\/\/www.mundoagropecuario.cl\/new\/#\/schema\/person\/4e9f74a82a7dac260eb1c44b7eebeb18\",\"name\":\"mundo\",\"url\":\"https:\/\/www.mundoagropecuario.cl\/new\/author\/mundo\/\"}]}<\/script>\n<!-- \/ Yoast SEO plugin. -->","yoast_head_json":{"title":"Agricultores rescatan el valor de plantas a trav\u00e9s de la herbolog\u00eda - Mundoagropecuario","robots":{"index":"index","follow":"follow","max-snippet":"max-snippet:-1","max-image-preview":"max-image-preview:large","max-video-preview":"max-video-preview:-1"},"canonical":"https:\/\/www.mundoagropecuario.cl\/new\/agricultores-rescatan-el-valor-de-plantas-a-traves-de-la-herbologia\/","og_locale":"es_ES","og_type":"article","og_title":"Agricultores rescatan el valor de plantas a trav\u00e9s de la herbolog\u00eda - Mundoagropecuario","og_description":"Entre las plantas utilizadas en el taller destacaron el eucalipto, el romero, la alfalfa y restos de frutas c\u00edtricas como naranjas y limones (Mundo Agropecuario) En la localidad de Gua\u00f1acagua,...","og_url":"https:\/\/www.mundoagropecuario.cl\/new\/agricultores-rescatan-el-valor-de-plantas-a-traves-de-la-herbologia\/","og_site_name":"Mundoagropecuario","article_publisher":"https:\/\/www.facebook.com\/mundo.agropecuario.3","article_published_time":"2019-12-23T05:00:57+00:00","article_modified_time":"2020-01-07T14:55:18+00:00","og_image":[{"width":1024,"height":768,"url":"https:\/\/www.mundoagropecuario.cl\/new\/wp-content\/uploads\/2019\/12\/Herbolog\u00eda1.jpeg","type":"image\/jpeg"}],"author":"mundo","twitter_card":"summary_large_image","twitter_creator":"@MundoAgropecuar","twitter_site":"@MundoAgropecuar","twitter_misc":{"Escrito por":"mundo","Tiempo de lectura":"2 minutos"},"schema":{"@context":"https:\/\/schema.org","@graph":[{"@type":"Article","@id":"https:\/\/www.mundoagropecuario.cl\/new\/agricultores-rescatan-el-valor-de-plantas-a-traves-de-la-herbologia\/#article","isPartOf":{"@id":"https:\/\/www.mundoagropecuario.cl\/new\/agricultores-rescatan-el-valor-de-plantas-a-traves-de-la-herbologia\/"},"author":{"name":"mundo","@id":"https:\/\/www.mundoagropecuario.cl\/new\/#\/schema\/person\/4e9f74a82a7dac260eb1c44b7eebeb18"},"headline":"Agricultores rescatan el valor de plantas a trav\u00e9s de la herbolog\u00eda","datePublished":"2019-12-23T05:00:57+00:00","dateModified":"2020-01-07T14:55:18+00:00","mainEntityOfPage":{"@id":"https:\/\/www.mundoagropecuario.cl\/new\/agricultores-rescatan-el-valor-de-plantas-a-traves-de-la-herbologia\/"},"wordCount":411,"publisher":{"@id":"https:\/\/www.mundoagropecuario.cl\/new\/#organization"},"image":{"@id":"https:\/\/www.mundoagropecuario.cl\/new\/agricultores-rescatan-el-valor-de-plantas-a-traves-de-la-herbologia\/#primaryimage"},"thumbnailUrl":"https:\/\/www.mundoagropecuario.cl\/new\/wp-content\/uploads\/2019\/12\/Herbolog\u00eda1.jpeg","keywords":["Agricultura","Agro","herbolog\u00eda","Indap","plantas"],"articleSection":["Agricultura"],"inLanguage":"es"},{"@type":"WebPage","@id":"https:\/\/www.mundoagropecuario.cl\/new\/agricultores-rescatan-el-valor-de-plantas-a-traves-de-la-herbologia\/","url":"https:\/\/www.mundoagropecuario.cl\/new\/agricultores-rescatan-el-valor-de-plantas-a-traves-de-la-herbologia\/","name":"Agricultores rescatan el valor de plantas a trav\u00e9s de la herbolog\u00eda - Mundoagropecuario","isPartOf":{"@id":"https:\/\/www.mundoagropecuario.cl\/new\/#website"},"primaryImageOfPage":{"@id":"https:\/\/www.mundoagropecuario.cl\/new\/agricultores-rescatan-el-valor-de-plantas-a-traves-de-la-herbologia\/#primaryimage"},"image":{"@id":"https:\/\/www.mundoagropecuario.cl\/new\/agricultores-rescatan-el-valor-de-plantas-a-traves-de-la-herbologia\/#primaryimage"},"thumbnailUrl":"https:\/\/www.mundoagropecuario.cl\/new\/wp-content\/uploads\/2019\/12\/Herbolog\u00eda1.jpeg","datePublished":"2019-12-23T05:00:57+00:00","dateModified":"2020-01-07T14:55:18+00:00","breadcrumb":{"@id":"https:\/\/www.mundoagropecuario.cl\/new\/agricultores-rescatan-el-valor-de-plantas-a-traves-de-la-herbologia\/#breadcrumb"},"inLanguage":"es","potentialAction":[{"@type":"ReadAction","target":["https:\/\/www.mundoagropecuario.cl\/new\/agricultores-rescatan-el-valor-de-plantas-a-traves-de-la-herbologia\/"]}]},{"@type":"ImageObject","inLanguage":"es","@id":"https:\/\/www.mundoagropecuario.cl\/new\/agricultores-rescatan-el-valor-de-plantas-a-traves-de-la-herbologia\/#primaryimage","url":"https:\/\/www.mundoagropecuario.cl\/new\/wp-content\/uploads\/2019\/12\/Herbolog\u00eda1.jpeg","contentUrl":"https:\/\/www.mundoagropecuario.cl\/new\/wp-content\/uploads\/2019\/12\/Herbolog\u00eda1.jpeg","width":533,"height":400},{"@type":"BreadcrumbList","@id":"https:\/\/www.mundoagropecuario.cl\/new\/agricultores-rescatan-el-valor-de-plantas-a-traves-de-la-herbologia\/#breadcrumb","itemListElement":[{"@type":"ListItem","position":1,"name":"Portada","item":"https:\/\/www.mundoagropecuario.cl\/new\/"},{"@type":"ListItem","position":2,"name":"Agricultores rescatan el valor de plantas a trav\u00e9s de la herbolog\u00eda"}]},{"@type":"WebSite","@id":"https:\/\/www.mundoagropecuario.cl\/new\/#website","url":"https:\/\/www.mundoagropecuario.cl\/new\/","name":"Mundoagropecuario","description":"Mundo Agropecuario","publisher":{"@id":"https:\/\/www.mundoagropecuario.cl\/new\/#organization"},"potentialAction":[{"@type":"SearchAction","target":{"@type":"EntryPoint","urlTemplate":"https:\/\/www.mundoagropecuario.cl\/new\/?s={search_term_string}"},"query-input":{"@type":"PropertyValueSpecification","valueRequired":true,"valueName":"search_term_string"}}],"inLanguage":"es"},{"@type":"Organization","@id":"https:\/\/www.mundoagropecuario.cl\/new\/#organization","name":"Revista de Agricultura","url":"https:\/\/www.mundoagropecuario.cl\/new\/","logo":{"@type":"ImageObject","inLanguage":"es","@id":"https:\/\/www.mundoagropecuario.cl\/new\/#\/schema\/logo\/image\/","url":"https:\/\/www.mundoagropecuario.cl\/new\/wp-content\/uploads\/2020\/11\/PORTAL-1-1.png","contentUrl":"https:\/\/www.mundoagropecuario.cl\/new\/wp-content\/uploads\/2020\/11\/PORTAL-1-1.png","width":1026,"height":100,"caption":"Revista de Agricultura"},"image":{"@id":"https:\/\/www.mundoagropecuario.cl\/new\/#\/schema\/logo\/image\/"},"sameAs":["https:\/\/www.facebook.com\/mundo.agropecuario.3","https:\/\/x.com\/MundoAgropecuar","https:\/\/www.linkedin.com\/in\/mundo-agropecuario-934009201\/"]},{"@type":"Person","@id":"https:\/\/www.mundoagropecuario.cl\/new\/#\/schema\/person\/4e9f74a82a7dac260eb1c44b7eebeb18","name":"mundo","url":"https:\/\/www.mundoagropecuario.cl\/new\/author\/mundo\/"}]}},"_links":{"self":[{"href":"https:\/\/www.mundoagropecuario.cl\/new\/wp-json\/wp\/v2\/posts\/15295","targetHints":{"allow":["GET"]}}],"collection":[{"href":"https:\/\/www.mundoagropecuario.cl\/new\/wp-json\/wp\/v2\/posts"}],"about":[{"href":"https:\/\/www.mundoagropecuario.cl\/new\/wp-json\/wp\/v2\/types\/post"}],"author":[{"embeddable":true,"href":"https:\/\/www.mundoagropecuario.cl\/new\/wp-json\/wp\/v2\/users\/2"}],"replies":[{"embeddable":true,"href":"https:\/\/www.mundoagropecuario.cl\/new\/wp-json\/wp\/v2\/comments?post=15295"}],"version-history":[{"count":1,"href":"https:\/\/www.mundoagropecuario.cl\/new\/wp-json\/wp\/v2\/posts\/15295\/revisions"}],"predecessor-version":[{"id":15298,"href":"https:\/\/www.mundoagropecuario.cl\/new\/wp-json\/wp\/v2\/posts\/15295\/revisions\/15298"}],"wp:featuredmedia":[{"embeddable":true,"href":"https:\/\/www.mundoagropecuario.cl\/new\/wp-json\/wp\/v2\/media\/15296"}],"wp:attachment":[{"href":"https:\/\/www.mundoagropecuario.cl\/new\/wp-json\/wp\/v2\/media?parent=15295"}],"wp:term":[{"taxonomy":"category","embeddable":true,"href":"https:\/\/www.mundoagropecuario.cl\/new\/wp-json\/wp\/v2\/categories?post=15295"},{"taxonomy":"post_tag","embeddable":true,"href":"https:\/\/www.mundoagropecuario.cl\/new\/wp-json\/wp\/v2\/tags?post=15295"}],"curies":[{"name":"wp","href":"https:\/\/api.w.org\/{rel}","templated":true}]}}