{"id":15270,"date":"2019-12-19T13:00:51","date_gmt":"2019-12-19T16:00:51","guid":{"rendered":"http:\/\/www.mundoagropecuario.cl\/new\/?p=15270"},"modified":"2019-12-20T10:53:45","modified_gmt":"2019-12-20T13:53:45","slug":"jornada-sobre-conservacion-de-forrajes-en-aysen","status":"publish","type":"post","link":"https:\/\/www.mundoagropecuario.cl\/new\/jornada-sobre-conservacion-de-forrajes-en-aysen\/","title":{"rendered":"Jornada sobre conservaci\u00f3n de forrajes en Ays\u00e9n"},"content":{"rendered":"\n<ul class=\"wp-block-gallery columns-0 is-cropped wp-block-gallery-1 is-layout-flex wp-block-gallery-is-layout-flex\"><\/ul>\n\n\n\n<p class=\"has-medium-font-size\"><em>A la actividad asistieron productores del GTT, productores externos, prestadores de servicios de conservaci\u00f3n de forraje, adem\u00e1s de t\u00e9cnicos y profesionales del \u00e1rea agropecuaria regional (Mundo Agropecuario). <\/em><\/p>\n\n\n\n<p>En dependencias INIA Tamel Aike en Valle Simpson, regi\u00f3n de Ays\u00e9n, se llev\u00f3 a cabo una Jornada de Charlas T\u00e9cnicas y D\u00eda de Campo sobre Conservaci\u00f3n de Forrajes. Iniciativa contemplada dentro de las actividades del GTT Ganaderos Coyhaique, que corresponde a un grupo GTT financiado por CORFO y que se encuentra en su segundo a\u00f1o de trabajo.<\/p>\n\n\n\n<p>A la actividad asistieron productores del GTT, productores externos, prestadores de servicios de conservaci\u00f3n de forraje, adem\u00e1s de t\u00e9cnicos y profesionales del \u00e1rea agropecuaria regional. Adicionalmente, se cont\u00f3 con la presencia de autoridades locales como el SEREMI de Agricultura de Ays\u00e9n, Felipe Henr\u00edquez R. y el Director Regional de INIA Tamel Aike, Hern\u00e1n Felipe Elizalde V.<\/p>\n\n\n\n<p>La jornada se dividi\u00f3 en dos partes, la&nbsp;&nbsp;primera desarrollada durante la ma\u00f1ana, donde los asistentes pudieron escuchar interesantes charlas t\u00e9cnicas dictadas por profesionales de INIA, ligadas a la conservaci\u00f3n de forrajes, como la caracterizaci\u00f3n de la calidad de forrajes conservados en la provincia de Coyhaique, forrajes conservados para alimentaci\u00f3n animal en invierno, manejo de rezagos para conservaci\u00f3n de forrajes, sistemas para producir forrajes de alta calidad y determinaci\u00f3n de costos de producci\u00f3n de forrajes. Tambi\u00e9n se cont\u00f3 con una presentaci\u00f3n de la empresa Agroganadera Patag\u00f3nica Ltda. (perteneciente al GTT), quien entreg\u00f3 su experiencia en conservaci\u00f3n de forrajes y la participaci\u00f3n de la empresa Ays\u00e9n Recicla, quienes dieron a conocer las posibilidades de reutilizaci\u00f3n y\/o reciclaje de desechos inorg\u00e1nicos generados en la conservaci\u00f3n de forraje y en la agricultura en general (films pl\u00e1sticos, mallas de bolos y fardos, entre otros).<\/p>\n\n\n\n<p>Durante la tarde y despu\u00e9s de un almuerzo de camarader\u00eda en el mismo centro de investigaci\u00f3n, se visitaron dos experiencias en terreno donde se estaban realizando conservaci\u00f3n de forrajes. La primera parada fue en el mismo centro de INIA, en el predio El Cerezo (Sector Valle Simpson) y la segunda en el predio El Monreal de Agroganadera Patag\u00f3nica Ltda. (Sector Lago Monreal). En ambos lugares se pudo apreciar la faena de corte, hilerado y confecci\u00f3n de henilaje con rotoenfardadoras, adem\u00e1s se pudo discutir entre los asistentes, t\u00e9cnicos y profesionales los principales aspectos t\u00e9cnicos de esta importante actividad para los sistemas ganaderos de la regi\u00f3n de Ays\u00e9n.<\/p>\n","protected":false},"excerpt":{"rendered":"<p>A la actividad asistieron productores del GTT, productores externos, prestadores de servicios de conservaci\u00f3n de forraje, adem\u00e1s de t\u00e9cnicos y profesionales del \u00e1rea agropecuaria regional (Mundo Agropecuario). En dependencias INIA&#8230;<\/p>\n","protected":false},"author":2,"featured_media":15271,"comment_status":"closed","ping_status":"closed","sticky":false,"template":"","format":"standard","meta":{"footnotes":""},"categories":[1945],"tags":[2090,2699,2052],"class_list":["post-15270","post","type-post","status-publish","format-standard","has-post-thumbnail","hentry","category-agricultura","tag-agricultura","tag-forraje","tag-inia"],"yoast_head":"<!-- This site is optimized with the Yoast SEO plugin v26.6 - https:\/\/yoast.com\/wordpress\/plugins\/seo\/ -->\n<title>Jornada sobre conservaci\u00f3n de forrajes en Ays\u00e9n - Mundoagropecuario<\/title>\n<meta name=\"robots\" content=\"index, follow, max-snippet:-1, max-image-preview:large, max-video-preview:-1\" \/>\n<link rel=\"canonical\" href=\"https:\/\/www.mundoagropecuario.cl\/new\/jornada-sobre-conservacion-de-forrajes-en-aysen\/\" \/>\n<meta property=\"og:locale\" content=\"es_ES\" \/>\n<meta property=\"og:type\" content=\"article\" \/>\n<meta property=\"og:title\" content=\"Jornada sobre conservaci\u00f3n de forrajes en Ays\u00e9n - Mundoagropecuario\" \/>\n<meta property=\"og:description\" content=\"A la actividad asistieron productores del GTT, productores externos, prestadores de servicios de conservaci\u00f3n de forraje, adem\u00e1s de t\u00e9cnicos y profesionales del \u00e1rea agropecuaria regional (Mundo Agropecuario). En dependencias INIA...\" \/>\n<meta property=\"og:url\" content=\"https:\/\/www.mundoagropecuario.cl\/new\/jornada-sobre-conservacion-de-forrajes-en-aysen\/\" \/>\n<meta property=\"og:site_name\" content=\"Mundoagropecuario\" \/>\n<meta property=\"article:publisher\" content=\"https:\/\/www.facebook.com\/mundo.agropecuario.3\" \/>\n<meta property=\"article:published_time\" content=\"2019-12-19T16:00:51+00:00\" \/>\n<meta property=\"article:modified_time\" content=\"2019-12-20T13:53:45+00:00\" \/>\n<meta property=\"og:image\" content=\"https:\/\/www.mundoagropecuario.cl\/new\/wp-content\/uploads\/2019\/12\/INIA-TAMEL-AIKE.jpg\" \/>\n\t<meta property=\"og:image:width\" content=\"599\" \/>\n\t<meta property=\"og:image:height\" content=\"449\" \/>\n\t<meta property=\"og:image:type\" content=\"image\/jpeg\" \/>\n<meta name=\"author\" content=\"mundo\" \/>\n<meta name=\"twitter:card\" content=\"summary_large_image\" \/>\n<meta name=\"twitter:creator\" content=\"@MundoAgropecuar\" \/>\n<meta name=\"twitter:site\" content=\"@MundoAgropecuar\" \/>\n<meta name=\"twitter:label1\" content=\"Escrito por\" \/>\n\t<meta name=\"twitter:data1\" content=\"mundo\" \/>\n\t<meta name=\"twitter:label2\" content=\"Tiempo de lectura\" \/>\n\t<meta name=\"twitter:data2\" content=\"2 minutos\" \/>\n<script type=\"application\/ld+json\" class=\"yoast-schema-graph\">{\"@context\":\"https:\/\/schema.org\",\"@graph\":[{\"@type\":\"Article\",\"@id\":\"https:\/\/www.mundoagropecuario.cl\/new\/jornada-sobre-conservacion-de-forrajes-en-aysen\/#article\",\"isPartOf\":{\"@id\":\"https:\/\/www.mundoagropecuario.cl\/new\/jornada-sobre-conservacion-de-forrajes-en-aysen\/\"},\"author\":{\"name\":\"mundo\",\"@id\":\"https:\/\/www.mundoagropecuario.cl\/new\/#\/schema\/person\/4e9f74a82a7dac260eb1c44b7eebeb18\"},\"headline\":\"Jornada sobre conservaci\u00f3n de forrajes en Ays\u00e9n\",\"datePublished\":\"2019-12-19T16:00:51+00:00\",\"dateModified\":\"2019-12-20T13:53:45+00:00\",\"mainEntityOfPage\":{\"@id\":\"https:\/\/www.mundoagropecuario.cl\/new\/jornada-sobre-conservacion-de-forrajes-en-aysen\/\"},\"wordCount\":442,\"publisher\":{\"@id\":\"https:\/\/www.mundoagropecuario.cl\/new\/#organization\"},\"image\":{\"@id\":\"https:\/\/www.mundoagropecuario.cl\/new\/jornada-sobre-conservacion-de-forrajes-en-aysen\/#primaryimage\"},\"thumbnailUrl\":\"https:\/\/www.mundoagropecuario.cl\/new\/wp-content\/uploads\/2019\/12\/INIA-TAMEL-AIKE.jpg\",\"keywords\":[\"Agricultura\",\"forraje\",\"INIA\"],\"articleSection\":[\"Agricultura\"],\"inLanguage\":\"es\"},{\"@type\":\"WebPage\",\"@id\":\"https:\/\/www.mundoagropecuario.cl\/new\/jornada-sobre-conservacion-de-forrajes-en-aysen\/\",\"url\":\"https:\/\/www.mundoagropecuario.cl\/new\/jornada-sobre-conservacion-de-forrajes-en-aysen\/\",\"name\":\"Jornada sobre conservaci\u00f3n de forrajes en Ays\u00e9n - Mundoagropecuario\",\"isPartOf\":{\"@id\":\"https:\/\/www.mundoagropecuario.cl\/new\/#website\"},\"primaryImageOfPage\":{\"@id\":\"https:\/\/www.mundoagropecuario.cl\/new\/jornada-sobre-conservacion-de-forrajes-en-aysen\/#primaryimage\"},\"image\":{\"@id\":\"https:\/\/www.mundoagropecuario.cl\/new\/jornada-sobre-conservacion-de-forrajes-en-aysen\/#primaryimage\"},\"thumbnailUrl\":\"https:\/\/www.mundoagropecuario.cl\/new\/wp-content\/uploads\/2019\/12\/INIA-TAMEL-AIKE.jpg\",\"datePublished\":\"2019-12-19T16:00:51+00:00\",\"dateModified\":\"2019-12-20T13:53:45+00:00\",\"breadcrumb\":{\"@id\":\"https:\/\/www.mundoagropecuario.cl\/new\/jornada-sobre-conservacion-de-forrajes-en-aysen\/#breadcrumb\"},\"inLanguage\":\"es\",\"potentialAction\":[{\"@type\":\"ReadAction\",\"target\":[\"https:\/\/www.mundoagropecuario.cl\/new\/jornada-sobre-conservacion-de-forrajes-en-aysen\/\"]}]},{\"@type\":\"ImageObject\",\"inLanguage\":\"es\",\"@id\":\"https:\/\/www.mundoagropecuario.cl\/new\/jornada-sobre-conservacion-de-forrajes-en-aysen\/#primaryimage\",\"url\":\"https:\/\/www.mundoagropecuario.cl\/new\/wp-content\/uploads\/2019\/12\/INIA-TAMEL-AIKE.jpg\",\"contentUrl\":\"https:\/\/www.mundoagropecuario.cl\/new\/wp-content\/uploads\/2019\/12\/INIA-TAMEL-AIKE.jpg\",\"width\":534,\"height\":400},{\"@type\":\"BreadcrumbList\",\"@id\":\"https:\/\/www.mundoagropecuario.cl\/new\/jornada-sobre-conservacion-de-forrajes-en-aysen\/#breadcrumb\",\"itemListElement\":[{\"@type\":\"ListItem\",\"position\":1,\"name\":\"Portada\",\"item\":\"https:\/\/www.mundoagropecuario.cl\/new\/\"},{\"@type\":\"ListItem\",\"position\":2,\"name\":\"Jornada sobre conservaci\u00f3n de forrajes en Ays\u00e9n\"}]},{\"@type\":\"WebSite\",\"@id\":\"https:\/\/www.mundoagropecuario.cl\/new\/#website\",\"url\":\"https:\/\/www.mundoagropecuario.cl\/new\/\",\"name\":\"Mundoagropecuario\",\"description\":\"Mundo Agropecuario\",\"publisher\":{\"@id\":\"https:\/\/www.mundoagropecuario.cl\/new\/#organization\"},\"potentialAction\":[{\"@type\":\"SearchAction\",\"target\":{\"@type\":\"EntryPoint\",\"urlTemplate\":\"https:\/\/www.mundoagropecuario.cl\/new\/?s={search_term_string}\"},\"query-input\":{\"@type\":\"PropertyValueSpecification\",\"valueRequired\":true,\"valueName\":\"search_term_string\"}}],\"inLanguage\":\"es\"},{\"@type\":\"Organization\",\"@id\":\"https:\/\/www.mundoagropecuario.cl\/new\/#organization\",\"name\":\"Revista de Agricultura\",\"url\":\"https:\/\/www.mundoagropecuario.cl\/new\/\",\"logo\":{\"@type\":\"ImageObject\",\"inLanguage\":\"es\",\"@id\":\"https:\/\/www.mundoagropecuario.cl\/new\/#\/schema\/logo\/image\/\",\"url\":\"https:\/\/www.mundoagropecuario.cl\/new\/wp-content\/uploads\/2020\/11\/PORTAL-1-1.png\",\"contentUrl\":\"https:\/\/www.mundoagropecuario.cl\/new\/wp-content\/uploads\/2020\/11\/PORTAL-1-1.png\",\"width\":1026,\"height\":100,\"caption\":\"Revista de Agricultura\"},\"image\":{\"@id\":\"https:\/\/www.mundoagropecuario.cl\/new\/#\/schema\/logo\/image\/\"},\"sameAs\":[\"https:\/\/www.facebook.com\/mundo.agropecuario.3\",\"https:\/\/x.com\/MundoAgropecuar\",\"https:\/\/www.linkedin.com\/in\/mundo-agropecuario-934009201\/\"]},{\"@type\":\"Person\",\"@id\":\"https:\/\/www.mundoagropecuario.cl\/new\/#\/schema\/person\/4e9f74a82a7dac260eb1c44b7eebeb18\",\"name\":\"mundo\",\"url\":\"https:\/\/www.mundoagropecuario.cl\/new\/author\/mundo\/\"}]}<\/script>\n<!-- \/ Yoast SEO plugin. -->","yoast_head_json":{"title":"Jornada sobre conservaci\u00f3n de forrajes en Ays\u00e9n - Mundoagropecuario","robots":{"index":"index","follow":"follow","max-snippet":"max-snippet:-1","max-image-preview":"max-image-preview:large","max-video-preview":"max-video-preview:-1"},"canonical":"https:\/\/www.mundoagropecuario.cl\/new\/jornada-sobre-conservacion-de-forrajes-en-aysen\/","og_locale":"es_ES","og_type":"article","og_title":"Jornada sobre conservaci\u00f3n de forrajes en Ays\u00e9n - Mundoagropecuario","og_description":"A la actividad asistieron productores del GTT, productores externos, prestadores de servicios de conservaci\u00f3n de forraje, adem\u00e1s de t\u00e9cnicos y profesionales del \u00e1rea agropecuaria regional (Mundo Agropecuario). En dependencias INIA...","og_url":"https:\/\/www.mundoagropecuario.cl\/new\/jornada-sobre-conservacion-de-forrajes-en-aysen\/","og_site_name":"Mundoagropecuario","article_publisher":"https:\/\/www.facebook.com\/mundo.agropecuario.3","article_published_time":"2019-12-19T16:00:51+00:00","article_modified_time":"2019-12-20T13:53:45+00:00","og_image":[{"width":599,"height":449,"url":"https:\/\/www.mundoagropecuario.cl\/new\/wp-content\/uploads\/2019\/12\/INIA-TAMEL-AIKE.jpg","type":"image\/jpeg"}],"author":"mundo","twitter_card":"summary_large_image","twitter_creator":"@MundoAgropecuar","twitter_site":"@MundoAgropecuar","twitter_misc":{"Escrito por":"mundo","Tiempo de lectura":"2 minutos"},"schema":{"@context":"https:\/\/schema.org","@graph":[{"@type":"Article","@id":"https:\/\/www.mundoagropecuario.cl\/new\/jornada-sobre-conservacion-de-forrajes-en-aysen\/#article","isPartOf":{"@id":"https:\/\/www.mundoagropecuario.cl\/new\/jornada-sobre-conservacion-de-forrajes-en-aysen\/"},"author":{"name":"mundo","@id":"https:\/\/www.mundoagropecuario.cl\/new\/#\/schema\/person\/4e9f74a82a7dac260eb1c44b7eebeb18"},"headline":"Jornada sobre conservaci\u00f3n de forrajes en Ays\u00e9n","datePublished":"2019-12-19T16:00:51+00:00","dateModified":"2019-12-20T13:53:45+00:00","mainEntityOfPage":{"@id":"https:\/\/www.mundoagropecuario.cl\/new\/jornada-sobre-conservacion-de-forrajes-en-aysen\/"},"wordCount":442,"publisher":{"@id":"https:\/\/www.mundoagropecuario.cl\/new\/#organization"},"image":{"@id":"https:\/\/www.mundoagropecuario.cl\/new\/jornada-sobre-conservacion-de-forrajes-en-aysen\/#primaryimage"},"thumbnailUrl":"https:\/\/www.mundoagropecuario.cl\/new\/wp-content\/uploads\/2019\/12\/INIA-TAMEL-AIKE.jpg","keywords":["Agricultura","forraje","INIA"],"articleSection":["Agricultura"],"inLanguage":"es"},{"@type":"WebPage","@id":"https:\/\/www.mundoagropecuario.cl\/new\/jornada-sobre-conservacion-de-forrajes-en-aysen\/","url":"https:\/\/www.mundoagropecuario.cl\/new\/jornada-sobre-conservacion-de-forrajes-en-aysen\/","name":"Jornada sobre conservaci\u00f3n de forrajes en Ays\u00e9n - Mundoagropecuario","isPartOf":{"@id":"https:\/\/www.mundoagropecuario.cl\/new\/#website"},"primaryImageOfPage":{"@id":"https:\/\/www.mundoagropecuario.cl\/new\/jornada-sobre-conservacion-de-forrajes-en-aysen\/#primaryimage"},"image":{"@id":"https:\/\/www.mundoagropecuario.cl\/new\/jornada-sobre-conservacion-de-forrajes-en-aysen\/#primaryimage"},"thumbnailUrl":"https:\/\/www.mundoagropecuario.cl\/new\/wp-content\/uploads\/2019\/12\/INIA-TAMEL-AIKE.jpg","datePublished":"2019-12-19T16:00:51+00:00","dateModified":"2019-12-20T13:53:45+00:00","breadcrumb":{"@id":"https:\/\/www.mundoagropecuario.cl\/new\/jornada-sobre-conservacion-de-forrajes-en-aysen\/#breadcrumb"},"inLanguage":"es","potentialAction":[{"@type":"ReadAction","target":["https:\/\/www.mundoagropecuario.cl\/new\/jornada-sobre-conservacion-de-forrajes-en-aysen\/"]}]},{"@type":"ImageObject","inLanguage":"es","@id":"https:\/\/www.mundoagropecuario.cl\/new\/jornada-sobre-conservacion-de-forrajes-en-aysen\/#primaryimage","url":"https:\/\/www.mundoagropecuario.cl\/new\/wp-content\/uploads\/2019\/12\/INIA-TAMEL-AIKE.jpg","contentUrl":"https:\/\/www.mundoagropecuario.cl\/new\/wp-content\/uploads\/2019\/12\/INIA-TAMEL-AIKE.jpg","width":534,"height":400},{"@type":"BreadcrumbList","@id":"https:\/\/www.mundoagropecuario.cl\/new\/jornada-sobre-conservacion-de-forrajes-en-aysen\/#breadcrumb","itemListElement":[{"@type":"ListItem","position":1,"name":"Portada","item":"https:\/\/www.mundoagropecuario.cl\/new\/"},{"@type":"ListItem","position":2,"name":"Jornada sobre conservaci\u00f3n de forrajes en Ays\u00e9n"}]},{"@type":"WebSite","@id":"https:\/\/www.mundoagropecuario.cl\/new\/#website","url":"https:\/\/www.mundoagropecuario.cl\/new\/","name":"Mundoagropecuario","description":"Mundo Agropecuario","publisher":{"@id":"https:\/\/www.mundoagropecuario.cl\/new\/#organization"},"potentialAction":[{"@type":"SearchAction","target":{"@type":"EntryPoint","urlTemplate":"https:\/\/www.mundoagropecuario.cl\/new\/?s={search_term_string}"},"query-input":{"@type":"PropertyValueSpecification","valueRequired":true,"valueName":"search_term_string"}}],"inLanguage":"es"},{"@type":"Organization","@id":"https:\/\/www.mundoagropecuario.cl\/new\/#organization","name":"Revista de Agricultura","url":"https:\/\/www.mundoagropecuario.cl\/new\/","logo":{"@type":"ImageObject","inLanguage":"es","@id":"https:\/\/www.mundoagropecuario.cl\/new\/#\/schema\/logo\/image\/","url":"https:\/\/www.mundoagropecuario.cl\/new\/wp-content\/uploads\/2020\/11\/PORTAL-1-1.png","contentUrl":"https:\/\/www.mundoagropecuario.cl\/new\/wp-content\/uploads\/2020\/11\/PORTAL-1-1.png","width":1026,"height":100,"caption":"Revista de Agricultura"},"image":{"@id":"https:\/\/www.mundoagropecuario.cl\/new\/#\/schema\/logo\/image\/"},"sameAs":["https:\/\/www.facebook.com\/mundo.agropecuario.3","https:\/\/x.com\/MundoAgropecuar","https:\/\/www.linkedin.com\/in\/mundo-agropecuario-934009201\/"]},{"@type":"Person","@id":"https:\/\/www.mundoagropecuario.cl\/new\/#\/schema\/person\/4e9f74a82a7dac260eb1c44b7eebeb18","name":"mundo","url":"https:\/\/www.mundoagropecuario.cl\/new\/author\/mundo\/"}]}},"_links":{"self":[{"href":"https:\/\/www.mundoagropecuario.cl\/new\/wp-json\/wp\/v2\/posts\/15270","targetHints":{"allow":["GET"]}}],"collection":[{"href":"https:\/\/www.mundoagropecuario.cl\/new\/wp-json\/wp\/v2\/posts"}],"about":[{"href":"https:\/\/www.mundoagropecuario.cl\/new\/wp-json\/wp\/v2\/types\/post"}],"author":[{"embeddable":true,"href":"https:\/\/www.mundoagropecuario.cl\/new\/wp-json\/wp\/v2\/users\/2"}],"replies":[{"embeddable":true,"href":"https:\/\/www.mundoagropecuario.cl\/new\/wp-json\/wp\/v2\/comments?post=15270"}],"version-history":[{"count":1,"href":"https:\/\/www.mundoagropecuario.cl\/new\/wp-json\/wp\/v2\/posts\/15270\/revisions"}],"predecessor-version":[{"id":15272,"href":"https:\/\/www.mundoagropecuario.cl\/new\/wp-json\/wp\/v2\/posts\/15270\/revisions\/15272"}],"wp:featuredmedia":[{"embeddable":true,"href":"https:\/\/www.mundoagropecuario.cl\/new\/wp-json\/wp\/v2\/media\/15271"}],"wp:attachment":[{"href":"https:\/\/www.mundoagropecuario.cl\/new\/wp-json\/wp\/v2\/media?parent=15270"}],"wp:term":[{"taxonomy":"category","embeddable":true,"href":"https:\/\/www.mundoagropecuario.cl\/new\/wp-json\/wp\/v2\/categories?post=15270"},{"taxonomy":"post_tag","embeddable":true,"href":"https:\/\/www.mundoagropecuario.cl\/new\/wp-json\/wp\/v2\/tags?post=15270"}],"curies":[{"name":"wp","href":"https:\/\/api.w.org\/{rel}","templated":true}]}}