{"id":15254,"date":"2019-12-18T11:06:40","date_gmt":"2019-12-18T14:06:40","guid":{"rendered":"http:\/\/www.mundoagropecuario.cl\/new\/?p=15254"},"modified":"2019-12-18T11:06:42","modified_gmt":"2019-12-18T14:06:42","slug":"perros-abandonados-podran-incorporarse-a-brigada-canina-del-sag-gracias-a-convenio-con-la-subdere","status":"publish","type":"post","link":"https:\/\/www.mundoagropecuario.cl\/new\/perros-abandonados-podran-incorporarse-a-brigada-canina-del-sag-gracias-a-convenio-con-la-subdere\/","title":{"rendered":"Perros abandonados podr\u00e1n incorporarse a Brigada Canina del SAG gracias a convenio con la SUBDERE"},"content":{"rendered":"\n<ul class=\"wp-block-gallery columns-0 is-cropped wp-block-gallery-1 is-layout-flex wp-block-gallery-is-layout-flex\"><\/ul>\n\n\n\n<p class=\"has-medium-font-size\"><em>Los ejemplares que superen ambas etapas podr\u00e1n comenzar un plan de entrenamiento con miras a convertirse en definitivamente en canes detectores de la BRICAN (Mundo Agropecuario).<\/em><\/p>\n\n\n\n<p>Una iniciativa in\u00e9dita entre los servicios p\u00fablicos del pa\u00eds concretado entre la Subsecretar\u00eda de Desarrollo Regional (SUBDERE) y el Servicio Agr\u00edcola y Ganadero (SAG) lograr\u00e1 que perros callejeros puedan integrarse a la Brigada Canina del SAG. Es as\u00ed como aquellos perros mestizos que han sido rescatados por fundaciones y ONG inscritas en el Programa Nacional de Tenencia Responsable de Animales de Compa\u00f1\u00eda que lleva la SUBDERE podr\u00e1n postular para formar parte de la Brigada Canina a trav\u00e9s de un proceso de selecci\u00f3n que incluye pruebas de conducta y ex\u00e1menes m\u00e9dicos.<\/p>\n\n\n\n<p>El Ministro de Agricultura, Antonio Walker, se mostr\u00f3 muy contento con la iniciativa, ya que \u201cen el SAG tenemos hoy 43 perros en la Brigada Canina y realizan un trabajo tan importante en nuestras fronteras gracias a su privilegiado olfato y al buen entrenamiento, que estamos buscando c\u00f3mo reforzarlo. Fue as\u00ed como surgi\u00f3 esta idea, que es algo que en otros servicios p\u00fablicos no se ha realizado y que nosotros queremos demostrar que es perfectamente posible, porque es un intercambio en el que todos ganamos, en este caso el SAG y por supuesto las fundaciones que quieran integrarse a esta iniciativa a trav\u00e9s de la Subdere\u201d.<\/p>\n\n\n\n<p>Carolina Guerrero, coordinadora nacional del Programa de Tenencia Responsable de Mascotas, se\u00f1al\u00f3 que \u201cdesde que est\u00e1 este programa siempre se ha querido trabajar con perros que han sido abandonados. Fue as\u00ed como desde el a\u00f1o pasado el programa pens\u00f3 trabajar con ONG y este a\u00f1o quisimos trabajar tambi\u00e9n con las instituciones. Entonces tuvimos una reuni\u00f3n con el SAG y ellos nos propusieron esto de poder tener perros de trabajo\u201d, dando paso a este convenio.<\/p>\n\n\n\n<p>\u201cLa idea es que las fundaciones que est\u00e9n inscritas en el programa de la SUBDERE postulen sus perros al SAG para que participen de los procesos de selecci\u00f3n\u201d, explica su Director Nacional, Horacio B\u00f3rquez, uno de los principales impulsores de esta iniciativa. \u201cLos perros de nuestra Brigada nos permiten hacer una revisi\u00f3n acuciosa de los veh\u00edculos y del equipaje de los pasajeros que ingresan a Chile, y son una herramienta muy efectiva y menos invasiva para las personas. Es por eso que creemos que incorporar perros mestizos al grupo de trabajo es fant\u00e1stico, ya que ellos tendr\u00e1n una nueva y una gran oportunidad de aportar al cuidado de nuestro patrimonio sanitario\u201d, explica B\u00f3rquez.<\/p>\n\n\n\n<p>La primera fundaci\u00f3n que se encuentra pasando por el proceso de selecci\u00f3n con sus perros es Fundaci\u00f3n Stuka, encabezada por Fernanda Solari: \u201cEstamos realmente muy contentos y muy esperanzados de que por fin haya una instituci\u00f3n del Estado que se interes\u00f3 en los perros mestizos, los perros de refugio. Le est\u00e1n dando una posibilidad a que estos perritos puedan estar bien ubicados, porque estamos seguros de que el SAG los va a cuidar mucho, y que tengan un prop\u00f3sito, un buen trabajo\u201d, se\u00f1al\u00f3.<\/p>\n\n\n\n<p>Los perros Estrellita, Elora y otros, fueron rescatados por la Fundaci\u00f3n Stuka salv\u00e1ndolos del abandono y est\u00e1n postulando para formar parte de este contingente canino especializado que cumple una labor clave en las fronteras de Chile detectando productos de riesgo para la sanidad animal y vegetal.<\/p>\n\n\n\n<p>Datos de la BRICAN<\/p>\n\n\n\n<p>La Brigada Canina del SAG funciona hace 13 a\u00f1os con el objetivo de facilitar la detecci\u00f3n de productos de riesgo de origen animal o vegetal que puedan portar plagas o enfermedades al ingresar a Chile a trav\u00e9s de los puntos de llegada de pasajeros al pa\u00eds, ya sean terminales a\u00e9reos, mar\u00edtimos y terrestres. Hoy el SAG cuenta con 43 canes trabajando en las diferentes regiones del pa\u00eds, y el objetivo de este convenio es ampliar la dotaci\u00f3n de canes.<\/p>\n","protected":false},"excerpt":{"rendered":"<p>Los ejemplares que superen ambas etapas podr\u00e1n comenzar un plan de entrenamiento con miras a convertirse en definitivamente en canes detectores de la BRICAN (Mundo Agropecuario). Una iniciativa in\u00e9dita entre&#8230;<\/p>\n","protected":false},"author":2,"featured_media":15255,"comment_status":"closed","ping_status":"closed","sticky":false,"template":"","format":"standard","meta":{"footnotes":""},"categories":[1945],"tags":[3127,4149,4536,2036],"class_list":["post-15254","post","type-post","status-publish","format-standard","has-post-thumbnail","hentry","category-agricultura","tag-agro","tag-mundo-agropecuario","tag-perros-abandonados","tag-sag"],"yoast_head":"<!-- This site is optimized with the Yoast SEO plugin v26.6 - https:\/\/yoast.com\/wordpress\/plugins\/seo\/ -->\n<title>Perros abandonados podr\u00e1n incorporarse a Brigada Canina del SAG gracias a convenio con la SUBDERE - Mundoagropecuario<\/title>\n<meta name=\"robots\" content=\"index, follow, max-snippet:-1, max-image-preview:large, max-video-preview:-1\" \/>\n<link rel=\"canonical\" href=\"https:\/\/www.mundoagropecuario.cl\/new\/perros-abandonados-podran-incorporarse-a-brigada-canina-del-sag-gracias-a-convenio-con-la-subdere\/\" \/>\n<meta property=\"og:locale\" content=\"es_ES\" \/>\n<meta property=\"og:type\" content=\"article\" \/>\n<meta property=\"og:title\" content=\"Perros abandonados podr\u00e1n incorporarse a Brigada Canina del SAG gracias a convenio con la SUBDERE - Mundoagropecuario\" \/>\n<meta property=\"og:description\" content=\"Los ejemplares que superen ambas etapas podr\u00e1n comenzar un plan de entrenamiento con miras a convertirse en definitivamente en canes detectores de la BRICAN (Mundo Agropecuario). Una iniciativa in\u00e9dita entre...\" \/>\n<meta property=\"og:url\" content=\"https:\/\/www.mundoagropecuario.cl\/new\/perros-abandonados-podran-incorporarse-a-brigada-canina-del-sag-gracias-a-convenio-con-la-subdere\/\" \/>\n<meta property=\"og:site_name\" content=\"Mundoagropecuario\" \/>\n<meta property=\"article:publisher\" content=\"https:\/\/www.facebook.com\/mundo.agropecuario.3\" \/>\n<meta property=\"article:published_time\" content=\"2019-12-18T14:06:40+00:00\" \/>\n<meta property=\"article:modified_time\" content=\"2019-12-18T14:06:42+00:00\" \/>\n<meta property=\"og:image\" content=\"https:\/\/www.mundoagropecuario.cl\/new\/wp-content\/uploads\/2019\/12\/sag-aysen.jpg\" \/>\n\t<meta property=\"og:image:width\" content=\"768\" \/>\n\t<meta property=\"og:image:height\" content=\"820\" \/>\n\t<meta property=\"og:image:type\" content=\"image\/jpeg\" \/>\n<meta name=\"author\" content=\"mundo\" \/>\n<meta name=\"twitter:card\" content=\"summary_large_image\" \/>\n<meta name=\"twitter:creator\" content=\"@MundoAgropecuar\" \/>\n<meta name=\"twitter:site\" content=\"@MundoAgropecuar\" \/>\n<meta name=\"twitter:label1\" content=\"Escrito por\" \/>\n\t<meta name=\"twitter:data1\" content=\"mundo\" \/>\n\t<meta name=\"twitter:label2\" content=\"Tiempo de lectura\" \/>\n\t<meta name=\"twitter:data2\" content=\"3 minutos\" \/>\n<script type=\"application\/ld+json\" class=\"yoast-schema-graph\">{\"@context\":\"https:\/\/schema.org\",\"@graph\":[{\"@type\":\"Article\",\"@id\":\"https:\/\/www.mundoagropecuario.cl\/new\/perros-abandonados-podran-incorporarse-a-brigada-canina-del-sag-gracias-a-convenio-con-la-subdere\/#article\",\"isPartOf\":{\"@id\":\"https:\/\/www.mundoagropecuario.cl\/new\/perros-abandonados-podran-incorporarse-a-brigada-canina-del-sag-gracias-a-convenio-con-la-subdere\/\"},\"author\":{\"name\":\"mundo\",\"@id\":\"https:\/\/www.mundoagropecuario.cl\/new\/#\/schema\/person\/4e9f74a82a7dac260eb1c44b7eebeb18\"},\"headline\":\"Perros abandonados podr\u00e1n incorporarse a Brigada Canina del SAG gracias a convenio con la SUBDERE\",\"datePublished\":\"2019-12-18T14:06:40+00:00\",\"dateModified\":\"2019-12-18T14:06:42+00:00\",\"mainEntityOfPage\":{\"@id\":\"https:\/\/www.mundoagropecuario.cl\/new\/perros-abandonados-podran-incorporarse-a-brigada-canina-del-sag-gracias-a-convenio-con-la-subdere\/\"},\"wordCount\":680,\"publisher\":{\"@id\":\"https:\/\/www.mundoagropecuario.cl\/new\/#organization\"},\"image\":{\"@id\":\"https:\/\/www.mundoagropecuario.cl\/new\/perros-abandonados-podran-incorporarse-a-brigada-canina-del-sag-gracias-a-convenio-con-la-subdere\/#primaryimage\"},\"thumbnailUrl\":\"https:\/\/www.mundoagropecuario.cl\/new\/wp-content\/uploads\/2019\/12\/sag-aysen.jpg\",\"keywords\":[\"Agro\",\"Mundo Agropecuario\",\"Perros abandonados\",\"SAG\"],\"articleSection\":[\"Agricultura\"],\"inLanguage\":\"es\"},{\"@type\":\"WebPage\",\"@id\":\"https:\/\/www.mundoagropecuario.cl\/new\/perros-abandonados-podran-incorporarse-a-brigada-canina-del-sag-gracias-a-convenio-con-la-subdere\/\",\"url\":\"https:\/\/www.mundoagropecuario.cl\/new\/perros-abandonados-podran-incorporarse-a-brigada-canina-del-sag-gracias-a-convenio-con-la-subdere\/\",\"name\":\"Perros abandonados podr\u00e1n incorporarse a Brigada Canina del SAG gracias a convenio con la SUBDERE - Mundoagropecuario\",\"isPartOf\":{\"@id\":\"https:\/\/www.mundoagropecuario.cl\/new\/#website\"},\"primaryImageOfPage\":{\"@id\":\"https:\/\/www.mundoagropecuario.cl\/new\/perros-abandonados-podran-incorporarse-a-brigada-canina-del-sag-gracias-a-convenio-con-la-subdere\/#primaryimage\"},\"image\":{\"@id\":\"https:\/\/www.mundoagropecuario.cl\/new\/perros-abandonados-podran-incorporarse-a-brigada-canina-del-sag-gracias-a-convenio-con-la-subdere\/#primaryimage\"},\"thumbnailUrl\":\"https:\/\/www.mundoagropecuario.cl\/new\/wp-content\/uploads\/2019\/12\/sag-aysen.jpg\",\"datePublished\":\"2019-12-18T14:06:40+00:00\",\"dateModified\":\"2019-12-18T14:06:42+00:00\",\"breadcrumb\":{\"@id\":\"https:\/\/www.mundoagropecuario.cl\/new\/perros-abandonados-podran-incorporarse-a-brigada-canina-del-sag-gracias-a-convenio-con-la-subdere\/#breadcrumb\"},\"inLanguage\":\"es\",\"potentialAction\":[{\"@type\":\"ReadAction\",\"target\":[\"https:\/\/www.mundoagropecuario.cl\/new\/perros-abandonados-podran-incorporarse-a-brigada-canina-del-sag-gracias-a-convenio-con-la-subdere\/\"]}]},{\"@type\":\"ImageObject\",\"inLanguage\":\"es\",\"@id\":\"https:\/\/www.mundoagropecuario.cl\/new\/perros-abandonados-podran-incorporarse-a-brigada-canina-del-sag-gracias-a-convenio-con-la-subdere\/#primaryimage\",\"url\":\"https:\/\/www.mundoagropecuario.cl\/new\/wp-content\/uploads\/2019\/12\/sag-aysen.jpg\",\"contentUrl\":\"https:\/\/www.mundoagropecuario.cl\/new\/wp-content\/uploads\/2019\/12\/sag-aysen.jpg\",\"width\":375,\"height\":400},{\"@type\":\"BreadcrumbList\",\"@id\":\"https:\/\/www.mundoagropecuario.cl\/new\/perros-abandonados-podran-incorporarse-a-brigada-canina-del-sag-gracias-a-convenio-con-la-subdere\/#breadcrumb\",\"itemListElement\":[{\"@type\":\"ListItem\",\"position\":1,\"name\":\"Portada\",\"item\":\"https:\/\/www.mundoagropecuario.cl\/new\/\"},{\"@type\":\"ListItem\",\"position\":2,\"name\":\"Perros abandonados podr\u00e1n incorporarse a Brigada Canina del SAG gracias a convenio con la SUBDERE\"}]},{\"@type\":\"WebSite\",\"@id\":\"https:\/\/www.mundoagropecuario.cl\/new\/#website\",\"url\":\"https:\/\/www.mundoagropecuario.cl\/new\/\",\"name\":\"Mundoagropecuario\",\"description\":\"Mundo Agropecuario\",\"publisher\":{\"@id\":\"https:\/\/www.mundoagropecuario.cl\/new\/#organization\"},\"potentialAction\":[{\"@type\":\"SearchAction\",\"target\":{\"@type\":\"EntryPoint\",\"urlTemplate\":\"https:\/\/www.mundoagropecuario.cl\/new\/?s={search_term_string}\"},\"query-input\":{\"@type\":\"PropertyValueSpecification\",\"valueRequired\":true,\"valueName\":\"search_term_string\"}}],\"inLanguage\":\"es\"},{\"@type\":\"Organization\",\"@id\":\"https:\/\/www.mundoagropecuario.cl\/new\/#organization\",\"name\":\"Revista de Agricultura\",\"url\":\"https:\/\/www.mundoagropecuario.cl\/new\/\",\"logo\":{\"@type\":\"ImageObject\",\"inLanguage\":\"es\",\"@id\":\"https:\/\/www.mundoagropecuario.cl\/new\/#\/schema\/logo\/image\/\",\"url\":\"https:\/\/www.mundoagropecuario.cl\/new\/wp-content\/uploads\/2020\/11\/PORTAL-1-1.png\",\"contentUrl\":\"https:\/\/www.mundoagropecuario.cl\/new\/wp-content\/uploads\/2020\/11\/PORTAL-1-1.png\",\"width\":1026,\"height\":100,\"caption\":\"Revista de Agricultura\"},\"image\":{\"@id\":\"https:\/\/www.mundoagropecuario.cl\/new\/#\/schema\/logo\/image\/\"},\"sameAs\":[\"https:\/\/www.facebook.com\/mundo.agropecuario.3\",\"https:\/\/x.com\/MundoAgropecuar\",\"https:\/\/www.linkedin.com\/in\/mundo-agropecuario-934009201\/\"]},{\"@type\":\"Person\",\"@id\":\"https:\/\/www.mundoagropecuario.cl\/new\/#\/schema\/person\/4e9f74a82a7dac260eb1c44b7eebeb18\",\"name\":\"mundo\",\"url\":\"https:\/\/www.mundoagropecuario.cl\/new\/author\/mundo\/\"}]}<\/script>\n<!-- \/ Yoast SEO plugin. -->","yoast_head_json":{"title":"Perros abandonados podr\u00e1n incorporarse a Brigada Canina del SAG gracias a convenio con la SUBDERE - Mundoagropecuario","robots":{"index":"index","follow":"follow","max-snippet":"max-snippet:-1","max-image-preview":"max-image-preview:large","max-video-preview":"max-video-preview:-1"},"canonical":"https:\/\/www.mundoagropecuario.cl\/new\/perros-abandonados-podran-incorporarse-a-brigada-canina-del-sag-gracias-a-convenio-con-la-subdere\/","og_locale":"es_ES","og_type":"article","og_title":"Perros abandonados podr\u00e1n incorporarse a Brigada Canina del SAG gracias a convenio con la SUBDERE - Mundoagropecuario","og_description":"Los ejemplares que superen ambas etapas podr\u00e1n comenzar un plan de entrenamiento con miras a convertirse en definitivamente en canes detectores de la BRICAN (Mundo Agropecuario). Una iniciativa in\u00e9dita entre...","og_url":"https:\/\/www.mundoagropecuario.cl\/new\/perros-abandonados-podran-incorporarse-a-brigada-canina-del-sag-gracias-a-convenio-con-la-subdere\/","og_site_name":"Mundoagropecuario","article_publisher":"https:\/\/www.facebook.com\/mundo.agropecuario.3","article_published_time":"2019-12-18T14:06:40+00:00","article_modified_time":"2019-12-18T14:06:42+00:00","og_image":[{"width":768,"height":820,"url":"https:\/\/www.mundoagropecuario.cl\/new\/wp-content\/uploads\/2019\/12\/sag-aysen.jpg","type":"image\/jpeg"}],"author":"mundo","twitter_card":"summary_large_image","twitter_creator":"@MundoAgropecuar","twitter_site":"@MundoAgropecuar","twitter_misc":{"Escrito por":"mundo","Tiempo de lectura":"3 minutos"},"schema":{"@context":"https:\/\/schema.org","@graph":[{"@type":"Article","@id":"https:\/\/www.mundoagropecuario.cl\/new\/perros-abandonados-podran-incorporarse-a-brigada-canina-del-sag-gracias-a-convenio-con-la-subdere\/#article","isPartOf":{"@id":"https:\/\/www.mundoagropecuario.cl\/new\/perros-abandonados-podran-incorporarse-a-brigada-canina-del-sag-gracias-a-convenio-con-la-subdere\/"},"author":{"name":"mundo","@id":"https:\/\/www.mundoagropecuario.cl\/new\/#\/schema\/person\/4e9f74a82a7dac260eb1c44b7eebeb18"},"headline":"Perros abandonados podr\u00e1n incorporarse a Brigada Canina del SAG gracias a convenio con la SUBDERE","datePublished":"2019-12-18T14:06:40+00:00","dateModified":"2019-12-18T14:06:42+00:00","mainEntityOfPage":{"@id":"https:\/\/www.mundoagropecuario.cl\/new\/perros-abandonados-podran-incorporarse-a-brigada-canina-del-sag-gracias-a-convenio-con-la-subdere\/"},"wordCount":680,"publisher":{"@id":"https:\/\/www.mundoagropecuario.cl\/new\/#organization"},"image":{"@id":"https:\/\/www.mundoagropecuario.cl\/new\/perros-abandonados-podran-incorporarse-a-brigada-canina-del-sag-gracias-a-convenio-con-la-subdere\/#primaryimage"},"thumbnailUrl":"https:\/\/www.mundoagropecuario.cl\/new\/wp-content\/uploads\/2019\/12\/sag-aysen.jpg","keywords":["Agro","Mundo Agropecuario","Perros abandonados","SAG"],"articleSection":["Agricultura"],"inLanguage":"es"},{"@type":"WebPage","@id":"https:\/\/www.mundoagropecuario.cl\/new\/perros-abandonados-podran-incorporarse-a-brigada-canina-del-sag-gracias-a-convenio-con-la-subdere\/","url":"https:\/\/www.mundoagropecuario.cl\/new\/perros-abandonados-podran-incorporarse-a-brigada-canina-del-sag-gracias-a-convenio-con-la-subdere\/","name":"Perros abandonados podr\u00e1n incorporarse a Brigada Canina del SAG gracias a convenio con la SUBDERE - Mundoagropecuario","isPartOf":{"@id":"https:\/\/www.mundoagropecuario.cl\/new\/#website"},"primaryImageOfPage":{"@id":"https:\/\/www.mundoagropecuario.cl\/new\/perros-abandonados-podran-incorporarse-a-brigada-canina-del-sag-gracias-a-convenio-con-la-subdere\/#primaryimage"},"image":{"@id":"https:\/\/www.mundoagropecuario.cl\/new\/perros-abandonados-podran-incorporarse-a-brigada-canina-del-sag-gracias-a-convenio-con-la-subdere\/#primaryimage"},"thumbnailUrl":"https:\/\/www.mundoagropecuario.cl\/new\/wp-content\/uploads\/2019\/12\/sag-aysen.jpg","datePublished":"2019-12-18T14:06:40+00:00","dateModified":"2019-12-18T14:06:42+00:00","breadcrumb":{"@id":"https:\/\/www.mundoagropecuario.cl\/new\/perros-abandonados-podran-incorporarse-a-brigada-canina-del-sag-gracias-a-convenio-con-la-subdere\/#breadcrumb"},"inLanguage":"es","potentialAction":[{"@type":"ReadAction","target":["https:\/\/www.mundoagropecuario.cl\/new\/perros-abandonados-podran-incorporarse-a-brigada-canina-del-sag-gracias-a-convenio-con-la-subdere\/"]}]},{"@type":"ImageObject","inLanguage":"es","@id":"https:\/\/www.mundoagropecuario.cl\/new\/perros-abandonados-podran-incorporarse-a-brigada-canina-del-sag-gracias-a-convenio-con-la-subdere\/#primaryimage","url":"https:\/\/www.mundoagropecuario.cl\/new\/wp-content\/uploads\/2019\/12\/sag-aysen.jpg","contentUrl":"https:\/\/www.mundoagropecuario.cl\/new\/wp-content\/uploads\/2019\/12\/sag-aysen.jpg","width":375,"height":400},{"@type":"BreadcrumbList","@id":"https:\/\/www.mundoagropecuario.cl\/new\/perros-abandonados-podran-incorporarse-a-brigada-canina-del-sag-gracias-a-convenio-con-la-subdere\/#breadcrumb","itemListElement":[{"@type":"ListItem","position":1,"name":"Portada","item":"https:\/\/www.mundoagropecuario.cl\/new\/"},{"@type":"ListItem","position":2,"name":"Perros abandonados podr\u00e1n incorporarse a Brigada Canina del SAG gracias a convenio con la SUBDERE"}]},{"@type":"WebSite","@id":"https:\/\/www.mundoagropecuario.cl\/new\/#website","url":"https:\/\/www.mundoagropecuario.cl\/new\/","name":"Mundoagropecuario","description":"Mundo Agropecuario","publisher":{"@id":"https:\/\/www.mundoagropecuario.cl\/new\/#organization"},"potentialAction":[{"@type":"SearchAction","target":{"@type":"EntryPoint","urlTemplate":"https:\/\/www.mundoagropecuario.cl\/new\/?s={search_term_string}"},"query-input":{"@type":"PropertyValueSpecification","valueRequired":true,"valueName":"search_term_string"}}],"inLanguage":"es"},{"@type":"Organization","@id":"https:\/\/www.mundoagropecuario.cl\/new\/#organization","name":"Revista de Agricultura","url":"https:\/\/www.mundoagropecuario.cl\/new\/","logo":{"@type":"ImageObject","inLanguage":"es","@id":"https:\/\/www.mundoagropecuario.cl\/new\/#\/schema\/logo\/image\/","url":"https:\/\/www.mundoagropecuario.cl\/new\/wp-content\/uploads\/2020\/11\/PORTAL-1-1.png","contentUrl":"https:\/\/www.mundoagropecuario.cl\/new\/wp-content\/uploads\/2020\/11\/PORTAL-1-1.png","width":1026,"height":100,"caption":"Revista de Agricultura"},"image":{"@id":"https:\/\/www.mundoagropecuario.cl\/new\/#\/schema\/logo\/image\/"},"sameAs":["https:\/\/www.facebook.com\/mundo.agropecuario.3","https:\/\/x.com\/MundoAgropecuar","https:\/\/www.linkedin.com\/in\/mundo-agropecuario-934009201\/"]},{"@type":"Person","@id":"https:\/\/www.mundoagropecuario.cl\/new\/#\/schema\/person\/4e9f74a82a7dac260eb1c44b7eebeb18","name":"mundo","url":"https:\/\/www.mundoagropecuario.cl\/new\/author\/mundo\/"}]}},"_links":{"self":[{"href":"https:\/\/www.mundoagropecuario.cl\/new\/wp-json\/wp\/v2\/posts\/15254","targetHints":{"allow":["GET"]}}],"collection":[{"href":"https:\/\/www.mundoagropecuario.cl\/new\/wp-json\/wp\/v2\/posts"}],"about":[{"href":"https:\/\/www.mundoagropecuario.cl\/new\/wp-json\/wp\/v2\/types\/post"}],"author":[{"embeddable":true,"href":"https:\/\/www.mundoagropecuario.cl\/new\/wp-json\/wp\/v2\/users\/2"}],"replies":[{"embeddable":true,"href":"https:\/\/www.mundoagropecuario.cl\/new\/wp-json\/wp\/v2\/comments?post=15254"}],"version-history":[{"count":1,"href":"https:\/\/www.mundoagropecuario.cl\/new\/wp-json\/wp\/v2\/posts\/15254\/revisions"}],"predecessor-version":[{"id":15256,"href":"https:\/\/www.mundoagropecuario.cl\/new\/wp-json\/wp\/v2\/posts\/15254\/revisions\/15256"}],"wp:featuredmedia":[{"embeddable":true,"href":"https:\/\/www.mundoagropecuario.cl\/new\/wp-json\/wp\/v2\/media\/15255"}],"wp:attachment":[{"href":"https:\/\/www.mundoagropecuario.cl\/new\/wp-json\/wp\/v2\/media?parent=15254"}],"wp:term":[{"taxonomy":"category","embeddable":true,"href":"https:\/\/www.mundoagropecuario.cl\/new\/wp-json\/wp\/v2\/categories?post=15254"},{"taxonomy":"post_tag","embeddable":true,"href":"https:\/\/www.mundoagropecuario.cl\/new\/wp-json\/wp\/v2\/tags?post=15254"}],"curies":[{"name":"wp","href":"https:\/\/api.w.org\/{rel}","templated":true}]}}