{"id":15240,"date":"2019-12-18T10:25:58","date_gmt":"2019-12-18T13:25:58","guid":{"rendered":"http:\/\/www.mundoagropecuario.cl\/new\/?p=15240"},"modified":"2019-12-20T10:52:27","modified_gmt":"2019-12-20T13:52:27","slug":"sag-y-asoex-implementan-programa-piloto-para-la-inspeccion-de-frutas-de-exportacion","status":"publish","type":"post","link":"https:\/\/www.mundoagropecuario.cl\/new\/sag-y-asoex-implementan-programa-piloto-para-la-inspeccion-de-frutas-de-exportacion\/","title":{"rendered":"SAG y ASOEX  implementan programa piloto para la inspecci\u00f3n de frutas de exportaci\u00f3n"},"content":{"rendered":"\n<ul class=\"wp-block-gallery columns-0 is-cropped wp-block-gallery-1 is-layout-flex wp-block-gallery-is-layout-flex\"><\/ul>\n\n\n\n<p class=\"has-medium-font-size\"><em>El objetivo es evaluar el programa piloto, con la finalidad de implementar este sistema como una metodolog\u00eda de inspecci\u00f3n (Mundo Agropecuario)<\/em><\/p>\n\n\n\n<p>Con la finalidad de mejorar el proceso de exportaci\u00f3n de la fruta chilena, desde esta temporada 2019-2020, el Servicio Agr\u00edcola y Ganadero (SAG) en un trabajo conjunto con la Asociaci\u00f3n de Exportadores de Frutas de Chile AG (ASOEX), est\u00e1n implementando un programa piloto de inspecci\u00f3n en l\u00edneas de proceso.<\/p>\n\n\n\n<p>\u201cEste programa piloto que estamos implementando esta temporada, busca mejorar y facilitar el proceso de exportaci\u00f3n de las frutas. Como SAG constantemente&nbsp;&nbsp;estamos buscando la forma de mejorar nuestros procesos, y esta es una forma de ello\u201d, precis\u00f3 Horacio B\u00f3rquez, Director del SAG.<\/p>\n\n\n\n<p>En el mismo \u00e1mbito, Rodrigo Astete, Jefe de la Divisi\u00f3n de Protecci\u00f3n Agr\u00edcola y Forestal del SAG, coment\u00f3: \u201cEste a\u00f1o partimos con una innovaci\u00f3n, a trav\u00e9s de la cual buscamos adecuar la inspecci\u00f3n a la log\u00edstica de las empresas. Para lo cual, hemos convenido con ASOEX implementar&nbsp;&nbsp;un programa piloto que estamos llevando a cabo en 13 empresas, en las regiones Metropolitana, O\u00b4Higgins y Maule. En estas regiones, y en las empresas que quisieron unirse a este piloto, estamos implementando todo un sistema de inspecci\u00f3n , donde se toma una muestra aleatoria con los sistemas autom\u00e1ticos que tiene la empresa para su revisi\u00f3n. Hay un funcionario del SAG que est\u00e1 ah\u00ed, evaluando los lotes, previamente a que sean empacados\u201d.<\/p>\n\n\n\n<p>\u201cNuestro objetivo es evaluar este programa piloto, con la finalidad de implementar este sistema como una metodolog\u00eda de inspecci\u00f3n\u201d, agreg\u00f3 Astete.<\/p>\n\n\n\n<p>Por su parte, el Presidente de ASOEX, Ronald Bown Fern\u00e1ndez,&nbsp;&nbsp;junto con valorar la iniciativa,&nbsp;&nbsp;explic\u00f3: \u201cEsta temporada nos encontramos junto al SAG,&nbsp;&nbsp;implementando un programa piloto en un grupo de centrales frut\u00edcolas, para inspeccionar la fruta en la l\u00ednea de proceso. Estamos comenzando con ar\u00e1ndanos y cerezas, y luego vamos a ir implementando otras frutas. Esta metodolog\u00eda creemos que&nbsp;&nbsp;tiene diversos&nbsp;&nbsp;beneficios para el&nbsp;&nbsp;proceso exportador, como conservar la calidad de la fruta, no tener que romper los pallets, mayor eficiencia y capacidad de frigor\u00edficos, as\u00ed como&nbsp;&nbsp;mayor velocidad en los despachos, entre otros\u201d .<\/p>\n\n\n\n<p>Asimismo, Bown inform\u00f3 que \u201cparalelamente a este piloto,&nbsp;&nbsp;estamos evaluando junto&nbsp;&nbsp;al&nbsp;&nbsp;SAG,&nbsp;&nbsp;&nbsp;la viabilidad de poder emitir los Certificados Fitosanitarios en las centrales frut\u00edcolas, todo con la finalidad de hacer m\u00e1s eficiente el proceso de exportaci\u00f3n\u201d.<\/p>\n\n\n\n<p>Cabe destacar que este programa piloto fue presentado a los miembros del Comit\u00e9 de Sanidad Vegetal (COSAVE) del Cono Sur, quienes visitaron recientemente Chile, los cuales tuvieron positivas expresiones sobre la metodolog\u00eda, dado que este tipo de iniciativas innovadoras son las que se buscan dentro del sector agr\u00edcola y de la regi\u00f3n.<\/p>\n","protected":false},"excerpt":{"rendered":"<p>El objetivo es evaluar el programa piloto, con la finalidad de implementar este sistema como una metodolog\u00eda de inspecci\u00f3n (Mundo Agropecuario) Con la finalidad de mejorar el proceso de exportaci\u00f3n&#8230;<\/p>\n","protected":false},"author":2,"featured_media":15241,"comment_status":"closed","ping_status":"closed","sticky":false,"template":"","format":"standard","meta":{"footnotes":""},"categories":[1986],"tags":[4124,3127,2177],"class_list":["post-15240","post","type-post","status-publish","format-standard","has-post-thumbnail","hentry","category-frutas","tag-agricola","tag-agro","tag-asoex"],"yoast_head":"<!-- This site is optimized with the Yoast SEO plugin v26.6 - https:\/\/yoast.com\/wordpress\/plugins\/seo\/ -->\n<title>SAG y ASOEX implementan programa piloto para la inspecci\u00f3n de frutas de exportaci\u00f3n - Mundoagropecuario<\/title>\n<meta name=\"robots\" content=\"index, follow, max-snippet:-1, max-image-preview:large, max-video-preview:-1\" \/>\n<link rel=\"canonical\" href=\"https:\/\/www.mundoagropecuario.cl\/new\/sag-y-asoex-implementan-programa-piloto-para-la-inspeccion-de-frutas-de-exportacion\/\" \/>\n<meta property=\"og:locale\" content=\"es_ES\" \/>\n<meta property=\"og:type\" content=\"article\" \/>\n<meta property=\"og:title\" content=\"SAG y ASOEX implementan programa piloto para la inspecci\u00f3n de frutas de exportaci\u00f3n - Mundoagropecuario\" \/>\n<meta property=\"og:description\" content=\"El objetivo es evaluar el programa piloto, con la finalidad de implementar este sistema como una metodolog\u00eda de inspecci\u00f3n (Mundo Agropecuario) Con la finalidad de mejorar el proceso de exportaci\u00f3n...\" \/>\n<meta property=\"og:url\" content=\"https:\/\/www.mundoagropecuario.cl\/new\/sag-y-asoex-implementan-programa-piloto-para-la-inspeccion-de-frutas-de-exportacion\/\" \/>\n<meta property=\"og:site_name\" content=\"Mundoagropecuario\" \/>\n<meta property=\"article:publisher\" content=\"https:\/\/www.facebook.com\/mundo.agropecuario.3\" \/>\n<meta property=\"article:published_time\" content=\"2019-12-18T13:25:58+00:00\" \/>\n<meta property=\"article:modified_time\" content=\"2019-12-20T13:52:27+00:00\" \/>\n<meta property=\"og:image\" content=\"https:\/\/www.mundoagropecuario.cl\/new\/wp-content\/uploads\/2019\/12\/SAG.jpg\" \/>\n\t<meta property=\"og:image:width\" content=\"987\" \/>\n\t<meta property=\"og:image:height\" content=\"659\" \/>\n\t<meta property=\"og:image:type\" content=\"image\/jpeg\" \/>\n<meta name=\"author\" content=\"mundo\" \/>\n<meta name=\"twitter:card\" content=\"summary_large_image\" \/>\n<meta name=\"twitter:creator\" content=\"@MundoAgropecuar\" \/>\n<meta name=\"twitter:site\" content=\"@MundoAgropecuar\" \/>\n<meta name=\"twitter:label1\" content=\"Escrito por\" \/>\n\t<meta name=\"twitter:data1\" content=\"mundo\" \/>\n\t<meta name=\"twitter:label2\" content=\"Tiempo de lectura\" \/>\n\t<meta name=\"twitter:data2\" content=\"2 minutos\" \/>\n<script type=\"application\/ld+json\" class=\"yoast-schema-graph\">{\"@context\":\"https:\/\/schema.org\",\"@graph\":[{\"@type\":\"Article\",\"@id\":\"https:\/\/www.mundoagropecuario.cl\/new\/sag-y-asoex-implementan-programa-piloto-para-la-inspeccion-de-frutas-de-exportacion\/#article\",\"isPartOf\":{\"@id\":\"https:\/\/www.mundoagropecuario.cl\/new\/sag-y-asoex-implementan-programa-piloto-para-la-inspeccion-de-frutas-de-exportacion\/\"},\"author\":{\"name\":\"mundo\",\"@id\":\"https:\/\/www.mundoagropecuario.cl\/new\/#\/schema\/person\/4e9f74a82a7dac260eb1c44b7eebeb18\"},\"headline\":\"SAG y ASOEX implementan programa piloto para la inspecci\u00f3n de frutas de exportaci\u00f3n\",\"datePublished\":\"2019-12-18T13:25:58+00:00\",\"dateModified\":\"2019-12-20T13:52:27+00:00\",\"mainEntityOfPage\":{\"@id\":\"https:\/\/www.mundoagropecuario.cl\/new\/sag-y-asoex-implementan-programa-piloto-para-la-inspeccion-de-frutas-de-exportacion\/\"},\"wordCount\":513,\"publisher\":{\"@id\":\"https:\/\/www.mundoagropecuario.cl\/new\/#organization\"},\"image\":{\"@id\":\"https:\/\/www.mundoagropecuario.cl\/new\/sag-y-asoex-implementan-programa-piloto-para-la-inspeccion-de-frutas-de-exportacion\/#primaryimage\"},\"thumbnailUrl\":\"https:\/\/www.mundoagropecuario.cl\/new\/wp-content\/uploads\/2019\/12\/SAG.jpg\",\"keywords\":[\"agricola\",\"Agro\",\"Asoex\"],\"articleSection\":[\"Frutas\"],\"inLanguage\":\"es\"},{\"@type\":\"WebPage\",\"@id\":\"https:\/\/www.mundoagropecuario.cl\/new\/sag-y-asoex-implementan-programa-piloto-para-la-inspeccion-de-frutas-de-exportacion\/\",\"url\":\"https:\/\/www.mundoagropecuario.cl\/new\/sag-y-asoex-implementan-programa-piloto-para-la-inspeccion-de-frutas-de-exportacion\/\",\"name\":\"SAG y ASOEX implementan programa piloto para la inspecci\u00f3n de frutas de exportaci\u00f3n - Mundoagropecuario\",\"isPartOf\":{\"@id\":\"https:\/\/www.mundoagropecuario.cl\/new\/#website\"},\"primaryImageOfPage\":{\"@id\":\"https:\/\/www.mundoagropecuario.cl\/new\/sag-y-asoex-implementan-programa-piloto-para-la-inspeccion-de-frutas-de-exportacion\/#primaryimage\"},\"image\":{\"@id\":\"https:\/\/www.mundoagropecuario.cl\/new\/sag-y-asoex-implementan-programa-piloto-para-la-inspeccion-de-frutas-de-exportacion\/#primaryimage\"},\"thumbnailUrl\":\"https:\/\/www.mundoagropecuario.cl\/new\/wp-content\/uploads\/2019\/12\/SAG.jpg\",\"datePublished\":\"2019-12-18T13:25:58+00:00\",\"dateModified\":\"2019-12-20T13:52:27+00:00\",\"breadcrumb\":{\"@id\":\"https:\/\/www.mundoagropecuario.cl\/new\/sag-y-asoex-implementan-programa-piloto-para-la-inspeccion-de-frutas-de-exportacion\/#breadcrumb\"},\"inLanguage\":\"es\",\"potentialAction\":[{\"@type\":\"ReadAction\",\"target\":[\"https:\/\/www.mundoagropecuario.cl\/new\/sag-y-asoex-implementan-programa-piloto-para-la-inspeccion-de-frutas-de-exportacion\/\"]}]},{\"@type\":\"ImageObject\",\"inLanguage\":\"es\",\"@id\":\"https:\/\/www.mundoagropecuario.cl\/new\/sag-y-asoex-implementan-programa-piloto-para-la-inspeccion-de-frutas-de-exportacion\/#primaryimage\",\"url\":\"https:\/\/www.mundoagropecuario.cl\/new\/wp-content\/uploads\/2019\/12\/SAG.jpg\",\"contentUrl\":\"https:\/\/www.mundoagropecuario.cl\/new\/wp-content\/uploads\/2019\/12\/SAG.jpg\",\"width\":599,\"height\":400},{\"@type\":\"BreadcrumbList\",\"@id\":\"https:\/\/www.mundoagropecuario.cl\/new\/sag-y-asoex-implementan-programa-piloto-para-la-inspeccion-de-frutas-de-exportacion\/#breadcrumb\",\"itemListElement\":[{\"@type\":\"ListItem\",\"position\":1,\"name\":\"Portada\",\"item\":\"https:\/\/www.mundoagropecuario.cl\/new\/\"},{\"@type\":\"ListItem\",\"position\":2,\"name\":\"SAG y ASOEX implementan programa piloto para la inspecci\u00f3n de frutas de exportaci\u00f3n\"}]},{\"@type\":\"WebSite\",\"@id\":\"https:\/\/www.mundoagropecuario.cl\/new\/#website\",\"url\":\"https:\/\/www.mundoagropecuario.cl\/new\/\",\"name\":\"Mundoagropecuario\",\"description\":\"Mundo Agropecuario\",\"publisher\":{\"@id\":\"https:\/\/www.mundoagropecuario.cl\/new\/#organization\"},\"potentialAction\":[{\"@type\":\"SearchAction\",\"target\":{\"@type\":\"EntryPoint\",\"urlTemplate\":\"https:\/\/www.mundoagropecuario.cl\/new\/?s={search_term_string}\"},\"query-input\":{\"@type\":\"PropertyValueSpecification\",\"valueRequired\":true,\"valueName\":\"search_term_string\"}}],\"inLanguage\":\"es\"},{\"@type\":\"Organization\",\"@id\":\"https:\/\/www.mundoagropecuario.cl\/new\/#organization\",\"name\":\"Revista de Agricultura\",\"url\":\"https:\/\/www.mundoagropecuario.cl\/new\/\",\"logo\":{\"@type\":\"ImageObject\",\"inLanguage\":\"es\",\"@id\":\"https:\/\/www.mundoagropecuario.cl\/new\/#\/schema\/logo\/image\/\",\"url\":\"https:\/\/www.mundoagropecuario.cl\/new\/wp-content\/uploads\/2020\/11\/PORTAL-1-1.png\",\"contentUrl\":\"https:\/\/www.mundoagropecuario.cl\/new\/wp-content\/uploads\/2020\/11\/PORTAL-1-1.png\",\"width\":1026,\"height\":100,\"caption\":\"Revista de Agricultura\"},\"image\":{\"@id\":\"https:\/\/www.mundoagropecuario.cl\/new\/#\/schema\/logo\/image\/\"},\"sameAs\":[\"https:\/\/www.facebook.com\/mundo.agropecuario.3\",\"https:\/\/x.com\/MundoAgropecuar\",\"https:\/\/www.linkedin.com\/in\/mundo-agropecuario-934009201\/\"]},{\"@type\":\"Person\",\"@id\":\"https:\/\/www.mundoagropecuario.cl\/new\/#\/schema\/person\/4e9f74a82a7dac260eb1c44b7eebeb18\",\"name\":\"mundo\",\"url\":\"https:\/\/www.mundoagropecuario.cl\/new\/author\/mundo\/\"}]}<\/script>\n<!-- \/ Yoast SEO plugin. -->","yoast_head_json":{"title":"SAG y ASOEX implementan programa piloto para la inspecci\u00f3n de frutas de exportaci\u00f3n - Mundoagropecuario","robots":{"index":"index","follow":"follow","max-snippet":"max-snippet:-1","max-image-preview":"max-image-preview:large","max-video-preview":"max-video-preview:-1"},"canonical":"https:\/\/www.mundoagropecuario.cl\/new\/sag-y-asoex-implementan-programa-piloto-para-la-inspeccion-de-frutas-de-exportacion\/","og_locale":"es_ES","og_type":"article","og_title":"SAG y ASOEX implementan programa piloto para la inspecci\u00f3n de frutas de exportaci\u00f3n - Mundoagropecuario","og_description":"El objetivo es evaluar el programa piloto, con la finalidad de implementar este sistema como una metodolog\u00eda de inspecci\u00f3n (Mundo Agropecuario) Con la finalidad de mejorar el proceso de exportaci\u00f3n...","og_url":"https:\/\/www.mundoagropecuario.cl\/new\/sag-y-asoex-implementan-programa-piloto-para-la-inspeccion-de-frutas-de-exportacion\/","og_site_name":"Mundoagropecuario","article_publisher":"https:\/\/www.facebook.com\/mundo.agropecuario.3","article_published_time":"2019-12-18T13:25:58+00:00","article_modified_time":"2019-12-20T13:52:27+00:00","og_image":[{"width":987,"height":659,"url":"https:\/\/www.mundoagropecuario.cl\/new\/wp-content\/uploads\/2019\/12\/SAG.jpg","type":"image\/jpeg"}],"author":"mundo","twitter_card":"summary_large_image","twitter_creator":"@MundoAgropecuar","twitter_site":"@MundoAgropecuar","twitter_misc":{"Escrito por":"mundo","Tiempo de lectura":"2 minutos"},"schema":{"@context":"https:\/\/schema.org","@graph":[{"@type":"Article","@id":"https:\/\/www.mundoagropecuario.cl\/new\/sag-y-asoex-implementan-programa-piloto-para-la-inspeccion-de-frutas-de-exportacion\/#article","isPartOf":{"@id":"https:\/\/www.mundoagropecuario.cl\/new\/sag-y-asoex-implementan-programa-piloto-para-la-inspeccion-de-frutas-de-exportacion\/"},"author":{"name":"mundo","@id":"https:\/\/www.mundoagropecuario.cl\/new\/#\/schema\/person\/4e9f74a82a7dac260eb1c44b7eebeb18"},"headline":"SAG y ASOEX implementan programa piloto para la inspecci\u00f3n de frutas de exportaci\u00f3n","datePublished":"2019-12-18T13:25:58+00:00","dateModified":"2019-12-20T13:52:27+00:00","mainEntityOfPage":{"@id":"https:\/\/www.mundoagropecuario.cl\/new\/sag-y-asoex-implementan-programa-piloto-para-la-inspeccion-de-frutas-de-exportacion\/"},"wordCount":513,"publisher":{"@id":"https:\/\/www.mundoagropecuario.cl\/new\/#organization"},"image":{"@id":"https:\/\/www.mundoagropecuario.cl\/new\/sag-y-asoex-implementan-programa-piloto-para-la-inspeccion-de-frutas-de-exportacion\/#primaryimage"},"thumbnailUrl":"https:\/\/www.mundoagropecuario.cl\/new\/wp-content\/uploads\/2019\/12\/SAG.jpg","keywords":["agricola","Agro","Asoex"],"articleSection":["Frutas"],"inLanguage":"es"},{"@type":"WebPage","@id":"https:\/\/www.mundoagropecuario.cl\/new\/sag-y-asoex-implementan-programa-piloto-para-la-inspeccion-de-frutas-de-exportacion\/","url":"https:\/\/www.mundoagropecuario.cl\/new\/sag-y-asoex-implementan-programa-piloto-para-la-inspeccion-de-frutas-de-exportacion\/","name":"SAG y ASOEX implementan programa piloto para la inspecci\u00f3n de frutas de exportaci\u00f3n - Mundoagropecuario","isPartOf":{"@id":"https:\/\/www.mundoagropecuario.cl\/new\/#website"},"primaryImageOfPage":{"@id":"https:\/\/www.mundoagropecuario.cl\/new\/sag-y-asoex-implementan-programa-piloto-para-la-inspeccion-de-frutas-de-exportacion\/#primaryimage"},"image":{"@id":"https:\/\/www.mundoagropecuario.cl\/new\/sag-y-asoex-implementan-programa-piloto-para-la-inspeccion-de-frutas-de-exportacion\/#primaryimage"},"thumbnailUrl":"https:\/\/www.mundoagropecuario.cl\/new\/wp-content\/uploads\/2019\/12\/SAG.jpg","datePublished":"2019-12-18T13:25:58+00:00","dateModified":"2019-12-20T13:52:27+00:00","breadcrumb":{"@id":"https:\/\/www.mundoagropecuario.cl\/new\/sag-y-asoex-implementan-programa-piloto-para-la-inspeccion-de-frutas-de-exportacion\/#breadcrumb"},"inLanguage":"es","potentialAction":[{"@type":"ReadAction","target":["https:\/\/www.mundoagropecuario.cl\/new\/sag-y-asoex-implementan-programa-piloto-para-la-inspeccion-de-frutas-de-exportacion\/"]}]},{"@type":"ImageObject","inLanguage":"es","@id":"https:\/\/www.mundoagropecuario.cl\/new\/sag-y-asoex-implementan-programa-piloto-para-la-inspeccion-de-frutas-de-exportacion\/#primaryimage","url":"https:\/\/www.mundoagropecuario.cl\/new\/wp-content\/uploads\/2019\/12\/SAG.jpg","contentUrl":"https:\/\/www.mundoagropecuario.cl\/new\/wp-content\/uploads\/2019\/12\/SAG.jpg","width":599,"height":400},{"@type":"BreadcrumbList","@id":"https:\/\/www.mundoagropecuario.cl\/new\/sag-y-asoex-implementan-programa-piloto-para-la-inspeccion-de-frutas-de-exportacion\/#breadcrumb","itemListElement":[{"@type":"ListItem","position":1,"name":"Portada","item":"https:\/\/www.mundoagropecuario.cl\/new\/"},{"@type":"ListItem","position":2,"name":"SAG y ASOEX implementan programa piloto para la inspecci\u00f3n de frutas de exportaci\u00f3n"}]},{"@type":"WebSite","@id":"https:\/\/www.mundoagropecuario.cl\/new\/#website","url":"https:\/\/www.mundoagropecuario.cl\/new\/","name":"Mundoagropecuario","description":"Mundo Agropecuario","publisher":{"@id":"https:\/\/www.mundoagropecuario.cl\/new\/#organization"},"potentialAction":[{"@type":"SearchAction","target":{"@type":"EntryPoint","urlTemplate":"https:\/\/www.mundoagropecuario.cl\/new\/?s={search_term_string}"},"query-input":{"@type":"PropertyValueSpecification","valueRequired":true,"valueName":"search_term_string"}}],"inLanguage":"es"},{"@type":"Organization","@id":"https:\/\/www.mundoagropecuario.cl\/new\/#organization","name":"Revista de Agricultura","url":"https:\/\/www.mundoagropecuario.cl\/new\/","logo":{"@type":"ImageObject","inLanguage":"es","@id":"https:\/\/www.mundoagropecuario.cl\/new\/#\/schema\/logo\/image\/","url":"https:\/\/www.mundoagropecuario.cl\/new\/wp-content\/uploads\/2020\/11\/PORTAL-1-1.png","contentUrl":"https:\/\/www.mundoagropecuario.cl\/new\/wp-content\/uploads\/2020\/11\/PORTAL-1-1.png","width":1026,"height":100,"caption":"Revista de Agricultura"},"image":{"@id":"https:\/\/www.mundoagropecuario.cl\/new\/#\/schema\/logo\/image\/"},"sameAs":["https:\/\/www.facebook.com\/mundo.agropecuario.3","https:\/\/x.com\/MundoAgropecuar","https:\/\/www.linkedin.com\/in\/mundo-agropecuario-934009201\/"]},{"@type":"Person","@id":"https:\/\/www.mundoagropecuario.cl\/new\/#\/schema\/person\/4e9f74a82a7dac260eb1c44b7eebeb18","name":"mundo","url":"https:\/\/www.mundoagropecuario.cl\/new\/author\/mundo\/"}]}},"_links":{"self":[{"href":"https:\/\/www.mundoagropecuario.cl\/new\/wp-json\/wp\/v2\/posts\/15240","targetHints":{"allow":["GET"]}}],"collection":[{"href":"https:\/\/www.mundoagropecuario.cl\/new\/wp-json\/wp\/v2\/posts"}],"about":[{"href":"https:\/\/www.mundoagropecuario.cl\/new\/wp-json\/wp\/v2\/types\/post"}],"author":[{"embeddable":true,"href":"https:\/\/www.mundoagropecuario.cl\/new\/wp-json\/wp\/v2\/users\/2"}],"replies":[{"embeddable":true,"href":"https:\/\/www.mundoagropecuario.cl\/new\/wp-json\/wp\/v2\/comments?post=15240"}],"version-history":[{"count":1,"href":"https:\/\/www.mundoagropecuario.cl\/new\/wp-json\/wp\/v2\/posts\/15240\/revisions"}],"predecessor-version":[{"id":15242,"href":"https:\/\/www.mundoagropecuario.cl\/new\/wp-json\/wp\/v2\/posts\/15240\/revisions\/15242"}],"wp:featuredmedia":[{"embeddable":true,"href":"https:\/\/www.mundoagropecuario.cl\/new\/wp-json\/wp\/v2\/media\/15241"}],"wp:attachment":[{"href":"https:\/\/www.mundoagropecuario.cl\/new\/wp-json\/wp\/v2\/media?parent=15240"}],"wp:term":[{"taxonomy":"category","embeddable":true,"href":"https:\/\/www.mundoagropecuario.cl\/new\/wp-json\/wp\/v2\/categories?post=15240"},{"taxonomy":"post_tag","embeddable":true,"href":"https:\/\/www.mundoagropecuario.cl\/new\/wp-json\/wp\/v2\/tags?post=15240"}],"curies":[{"name":"wp","href":"https:\/\/api.w.org\/{rel}","templated":true}]}}