{"id":15185,"date":"2019-12-13T02:30:30","date_gmt":"2019-12-13T05:30:30","guid":{"rendered":"http:\/\/www.mundoagropecuario.cl\/new\/?p=15185"},"modified":"2019-12-16T12:35:17","modified_gmt":"2019-12-16T15:35:17","slug":"llaman-a-productores-de-arandanos-a-iniciar-aplicaciones-contra-la-segunda-generacion-de-lobesia-botrana","status":"publish","type":"post","link":"https:\/\/www.mundoagropecuario.cl\/new\/llaman-a-productores-de-arandanos-a-iniciar-aplicaciones-contra-la-segunda-generacion-de-lobesia-botrana\/","title":{"rendered":"Llaman a productores de ar\u00e1ndanos a iniciar aplicaciones contra la segunda generaci\u00f3n de Lobesia botrana"},"content":{"rendered":"\n<ul class=\"wp-block-gallery columns-0 is-cropped wp-block-gallery-1 is-layout-flex wp-block-gallery-is-layout-flex\"><\/ul>\n\n\n\n<p class=\"has-medium-font-size\"><em>A partir de hoy viernes 13 de diciembre se podr\u00e1n comenzar las aplicaciones qu\u00edmicas para controlar la segunda generaci\u00f3n de la polilla del racimo de la vid, Lobesia botrana (Mundo Agropecuario)<\/em><\/p>\n\n\n\n<p>El Servicio Agr\u00edcola y Ganadero (SAG) de Biob\u00edo informa a los productores de ar\u00e1ndanos de la regi\u00f3n, que se encuentren en las \u00e1reas de control, que a partir del viernes 13 de diciembre de 2019 podr\u00e1n comenzar las aplicaciones qu\u00edmicas para controlar la segunda generaci\u00f3n de la polilla del racimo de la vid, Lobesia botrana.<\/p>\n\n\n\n<p>&nbsp;\u201cTodos los predios de ar\u00e1ndanos que se encuentren en el \u00e1rea de control obligatorio de Lobesia botrana deben finalizar las aplicaciones a m\u00e1s tardar el pr\u00f3ximo lunes 23 de diciembre, informando al&nbsp;&nbsp;SAG al menos 48 horas antes del inicio de cada aplicaci\u00f3n, ya sea en forma presencial, mail o tel\u00e9fono (contacto.biobio@sag.gob.cl)\u201d, inform\u00f3 el Director Regional del SAG de Biob\u00edo, Iv\u00e1n Ram\u00edrez Delp\u00edn.<\/p>\n\n\n\n<p>En el caso de los predios donde se implementen programas convencionales u org\u00e1nicos, se deber\u00e1 realizar las aplicaciones necesarias para cubrir 30 d\u00edas de forma ininterrumpida desde el inicio de la primera aplicaci\u00f3n realizada, seg\u00fan los per\u00edodos de protecci\u00f3n de cada insecticida. Con el fin de que no haya momentos de desprotecci\u00f3n, se sugiere iniciar las aplicaciones consecutivas dos d\u00edas antes que culmine el per\u00edodo de protecci\u00f3n del primer producto. La informaci\u00f3n sobre los per\u00edodos de protecci\u00f3n de los plaguicidas, la lista de productos autorizados para el control de Lobesia botrana, las declaraciones de eficacia, las consideraciones t\u00e9cnicas junto con los contactos de las oficinas sectoriales se encuentra disponible en la p\u00e1gina web del Servicio www.sag.cl.<\/p>\n\n\n\n<p>&nbsp;A la fecha en la regi\u00f3n se encuentran bajo el \u00e1rea de control 18 productores de ar\u00e1ndanos, con un total de 228 hect\u00e1reas en las comunas de Los \u00c1ngeles, Tucapel, Mulch\u00e9n y Yumbel.<\/p>\n","protected":false},"excerpt":{"rendered":"<p>A partir de hoy viernes 13 de diciembre se podr\u00e1n comenzar las aplicaciones qu\u00edmicas para controlar la segunda generaci\u00f3n de la polilla del racimo de la vid, Lobesia botrana (Mundo&#8230;<\/p>\n","protected":false},"author":2,"featured_media":11476,"comment_status":"closed","ping_status":"closed","sticky":false,"template":"","format":"standard","meta":{"footnotes":""},"categories":[1945],"tags":[3127,2163,4515,2036],"class_list":["post-15185","post","type-post","status-publish","format-standard","has-post-thumbnail","hentry","category-agricultura","tag-agro","tag-lobesia-botrana","tag-productores-de-arandanos","tag-sag"],"yoast_head":"<!-- This site is optimized with the Yoast SEO plugin v26.6 - https:\/\/yoast.com\/wordpress\/plugins\/seo\/ -->\n<title>Llaman a productores de ar\u00e1ndanos a iniciar aplicaciones contra la segunda generaci\u00f3n de Lobesia botrana - Mundoagropecuario<\/title>\n<meta name=\"robots\" content=\"index, follow, max-snippet:-1, max-image-preview:large, max-video-preview:-1\" \/>\n<link rel=\"canonical\" href=\"https:\/\/www.mundoagropecuario.cl\/new\/llaman-a-productores-de-arandanos-a-iniciar-aplicaciones-contra-la-segunda-generacion-de-lobesia-botrana\/\" \/>\n<meta property=\"og:locale\" content=\"es_ES\" \/>\n<meta property=\"og:type\" content=\"article\" \/>\n<meta property=\"og:title\" content=\"Llaman a productores de ar\u00e1ndanos a iniciar aplicaciones contra la segunda generaci\u00f3n de Lobesia botrana - Mundoagropecuario\" \/>\n<meta property=\"og:description\" content=\"A partir de hoy viernes 13 de diciembre se podr\u00e1n comenzar las aplicaciones qu\u00edmicas para controlar la segunda generaci\u00f3n de la polilla del racimo de la vid, Lobesia botrana (Mundo...\" \/>\n<meta property=\"og:url\" content=\"https:\/\/www.mundoagropecuario.cl\/new\/llaman-a-productores-de-arandanos-a-iniciar-aplicaciones-contra-la-segunda-generacion-de-lobesia-botrana\/\" \/>\n<meta property=\"og:site_name\" content=\"Mundoagropecuario\" \/>\n<meta property=\"article:publisher\" content=\"https:\/\/www.facebook.com\/mundo.agropecuario.3\" \/>\n<meta property=\"article:published_time\" content=\"2019-12-13T05:30:30+00:00\" \/>\n<meta property=\"article:modified_time\" content=\"2019-12-16T15:35:17+00:00\" \/>\n<meta property=\"og:image\" content=\"https:\/\/www.mundoagropecuario.cl\/new\/wp-content\/uploads\/2019\/04\/arandanos.jpg\" \/>\n\t<meta property=\"og:image:width\" content=\"640\" \/>\n\t<meta property=\"og:image:height\" content=\"574\" \/>\n\t<meta property=\"og:image:type\" content=\"image\/jpeg\" \/>\n<meta name=\"author\" content=\"mundo\" \/>\n<meta name=\"twitter:card\" content=\"summary_large_image\" \/>\n<meta name=\"twitter:creator\" content=\"@MundoAgropecuar\" \/>\n<meta name=\"twitter:site\" content=\"@MundoAgropecuar\" \/>\n<meta name=\"twitter:label1\" content=\"Escrito por\" \/>\n\t<meta name=\"twitter:data1\" content=\"mundo\" \/>\n\t<meta name=\"twitter:label2\" content=\"Tiempo de lectura\" \/>\n\t<meta name=\"twitter:data2\" content=\"2 minutos\" \/>\n<script type=\"application\/ld+json\" class=\"yoast-schema-graph\">{\"@context\":\"https:\/\/schema.org\",\"@graph\":[{\"@type\":\"Article\",\"@id\":\"https:\/\/www.mundoagropecuario.cl\/new\/llaman-a-productores-de-arandanos-a-iniciar-aplicaciones-contra-la-segunda-generacion-de-lobesia-botrana\/#article\",\"isPartOf\":{\"@id\":\"https:\/\/www.mundoagropecuario.cl\/new\/llaman-a-productores-de-arandanos-a-iniciar-aplicaciones-contra-la-segunda-generacion-de-lobesia-botrana\/\"},\"author\":{\"name\":\"mundo\",\"@id\":\"https:\/\/www.mundoagropecuario.cl\/new\/#\/schema\/person\/4e9f74a82a7dac260eb1c44b7eebeb18\"},\"headline\":\"Llaman a productores de ar\u00e1ndanos a iniciar aplicaciones contra la segunda generaci\u00f3n de Lobesia botrana\",\"datePublished\":\"2019-12-13T05:30:30+00:00\",\"dateModified\":\"2019-12-16T15:35:17+00:00\",\"mainEntityOfPage\":{\"@id\":\"https:\/\/www.mundoagropecuario.cl\/new\/llaman-a-productores-de-arandanos-a-iniciar-aplicaciones-contra-la-segunda-generacion-de-lobesia-botrana\/\"},\"wordCount\":355,\"publisher\":{\"@id\":\"https:\/\/www.mundoagropecuario.cl\/new\/#organization\"},\"image\":{\"@id\":\"https:\/\/www.mundoagropecuario.cl\/new\/llaman-a-productores-de-arandanos-a-iniciar-aplicaciones-contra-la-segunda-generacion-de-lobesia-botrana\/#primaryimage\"},\"thumbnailUrl\":\"https:\/\/www.mundoagropecuario.cl\/new\/wp-content\/uploads\/2019\/04\/arandanos.jpg\",\"keywords\":[\"Agro\",\"Lobesia botrana\",\"productores de ar\u00e1ndanos\",\"SAG\"],\"articleSection\":[\"Agricultura\"],\"inLanguage\":\"es\"},{\"@type\":\"WebPage\",\"@id\":\"https:\/\/www.mundoagropecuario.cl\/new\/llaman-a-productores-de-arandanos-a-iniciar-aplicaciones-contra-la-segunda-generacion-de-lobesia-botrana\/\",\"url\":\"https:\/\/www.mundoagropecuario.cl\/new\/llaman-a-productores-de-arandanos-a-iniciar-aplicaciones-contra-la-segunda-generacion-de-lobesia-botrana\/\",\"name\":\"Llaman a productores de ar\u00e1ndanos a iniciar aplicaciones contra la segunda generaci\u00f3n de Lobesia botrana - Mundoagropecuario\",\"isPartOf\":{\"@id\":\"https:\/\/www.mundoagropecuario.cl\/new\/#website\"},\"primaryImageOfPage\":{\"@id\":\"https:\/\/www.mundoagropecuario.cl\/new\/llaman-a-productores-de-arandanos-a-iniciar-aplicaciones-contra-la-segunda-generacion-de-lobesia-botrana\/#primaryimage\"},\"image\":{\"@id\":\"https:\/\/www.mundoagropecuario.cl\/new\/llaman-a-productores-de-arandanos-a-iniciar-aplicaciones-contra-la-segunda-generacion-de-lobesia-botrana\/#primaryimage\"},\"thumbnailUrl\":\"https:\/\/www.mundoagropecuario.cl\/new\/wp-content\/uploads\/2019\/04\/arandanos.jpg\",\"datePublished\":\"2019-12-13T05:30:30+00:00\",\"dateModified\":\"2019-12-16T15:35:17+00:00\",\"breadcrumb\":{\"@id\":\"https:\/\/www.mundoagropecuario.cl\/new\/llaman-a-productores-de-arandanos-a-iniciar-aplicaciones-contra-la-segunda-generacion-de-lobesia-botrana\/#breadcrumb\"},\"inLanguage\":\"es\",\"potentialAction\":[{\"@type\":\"ReadAction\",\"target\":[\"https:\/\/www.mundoagropecuario.cl\/new\/llaman-a-productores-de-arandanos-a-iniciar-aplicaciones-contra-la-segunda-generacion-de-lobesia-botrana\/\"]}]},{\"@type\":\"ImageObject\",\"inLanguage\":\"es\",\"@id\":\"https:\/\/www.mundoagropecuario.cl\/new\/llaman-a-productores-de-arandanos-a-iniciar-aplicaciones-contra-la-segunda-generacion-de-lobesia-botrana\/#primaryimage\",\"url\":\"https:\/\/www.mundoagropecuario.cl\/new\/wp-content\/uploads\/2019\/04\/arandanos.jpg\",\"contentUrl\":\"https:\/\/www.mundoagropecuario.cl\/new\/wp-content\/uploads\/2019\/04\/arandanos.jpg\",\"width\":446,\"height\":400},{\"@type\":\"BreadcrumbList\",\"@id\":\"https:\/\/www.mundoagropecuario.cl\/new\/llaman-a-productores-de-arandanos-a-iniciar-aplicaciones-contra-la-segunda-generacion-de-lobesia-botrana\/#breadcrumb\",\"itemListElement\":[{\"@type\":\"ListItem\",\"position\":1,\"name\":\"Portada\",\"item\":\"https:\/\/www.mundoagropecuario.cl\/new\/\"},{\"@type\":\"ListItem\",\"position\":2,\"name\":\"Llaman a productores de ar\u00e1ndanos a iniciar aplicaciones contra la segunda generaci\u00f3n de Lobesia botrana\"}]},{\"@type\":\"WebSite\",\"@id\":\"https:\/\/www.mundoagropecuario.cl\/new\/#website\",\"url\":\"https:\/\/www.mundoagropecuario.cl\/new\/\",\"name\":\"Mundoagropecuario\",\"description\":\"Mundo Agropecuario\",\"publisher\":{\"@id\":\"https:\/\/www.mundoagropecuario.cl\/new\/#organization\"},\"potentialAction\":[{\"@type\":\"SearchAction\",\"target\":{\"@type\":\"EntryPoint\",\"urlTemplate\":\"https:\/\/www.mundoagropecuario.cl\/new\/?s={search_term_string}\"},\"query-input\":{\"@type\":\"PropertyValueSpecification\",\"valueRequired\":true,\"valueName\":\"search_term_string\"}}],\"inLanguage\":\"es\"},{\"@type\":\"Organization\",\"@id\":\"https:\/\/www.mundoagropecuario.cl\/new\/#organization\",\"name\":\"Revista de Agricultura\",\"url\":\"https:\/\/www.mundoagropecuario.cl\/new\/\",\"logo\":{\"@type\":\"ImageObject\",\"inLanguage\":\"es\",\"@id\":\"https:\/\/www.mundoagropecuario.cl\/new\/#\/schema\/logo\/image\/\",\"url\":\"https:\/\/www.mundoagropecuario.cl\/new\/wp-content\/uploads\/2020\/11\/PORTAL-1-1.png\",\"contentUrl\":\"https:\/\/www.mundoagropecuario.cl\/new\/wp-content\/uploads\/2020\/11\/PORTAL-1-1.png\",\"width\":1026,\"height\":100,\"caption\":\"Revista de Agricultura\"},\"image\":{\"@id\":\"https:\/\/www.mundoagropecuario.cl\/new\/#\/schema\/logo\/image\/\"},\"sameAs\":[\"https:\/\/www.facebook.com\/mundo.agropecuario.3\",\"https:\/\/x.com\/MundoAgropecuar\",\"https:\/\/www.linkedin.com\/in\/mundo-agropecuario-934009201\/\"]},{\"@type\":\"Person\",\"@id\":\"https:\/\/www.mundoagropecuario.cl\/new\/#\/schema\/person\/4e9f74a82a7dac260eb1c44b7eebeb18\",\"name\":\"mundo\",\"url\":\"https:\/\/www.mundoagropecuario.cl\/new\/author\/mundo\/\"}]}<\/script>\n<!-- \/ Yoast SEO plugin. -->","yoast_head_json":{"title":"Llaman a productores de ar\u00e1ndanos a iniciar aplicaciones contra la segunda generaci\u00f3n de Lobesia botrana - Mundoagropecuario","robots":{"index":"index","follow":"follow","max-snippet":"max-snippet:-1","max-image-preview":"max-image-preview:large","max-video-preview":"max-video-preview:-1"},"canonical":"https:\/\/www.mundoagropecuario.cl\/new\/llaman-a-productores-de-arandanos-a-iniciar-aplicaciones-contra-la-segunda-generacion-de-lobesia-botrana\/","og_locale":"es_ES","og_type":"article","og_title":"Llaman a productores de ar\u00e1ndanos a iniciar aplicaciones contra la segunda generaci\u00f3n de Lobesia botrana - Mundoagropecuario","og_description":"A partir de hoy viernes 13 de diciembre se podr\u00e1n comenzar las aplicaciones qu\u00edmicas para controlar la segunda generaci\u00f3n de la polilla del racimo de la vid, Lobesia botrana (Mundo...","og_url":"https:\/\/www.mundoagropecuario.cl\/new\/llaman-a-productores-de-arandanos-a-iniciar-aplicaciones-contra-la-segunda-generacion-de-lobesia-botrana\/","og_site_name":"Mundoagropecuario","article_publisher":"https:\/\/www.facebook.com\/mundo.agropecuario.3","article_published_time":"2019-12-13T05:30:30+00:00","article_modified_time":"2019-12-16T15:35:17+00:00","og_image":[{"width":640,"height":574,"url":"https:\/\/www.mundoagropecuario.cl\/new\/wp-content\/uploads\/2019\/04\/arandanos.jpg","type":"image\/jpeg"}],"author":"mundo","twitter_card":"summary_large_image","twitter_creator":"@MundoAgropecuar","twitter_site":"@MundoAgropecuar","twitter_misc":{"Escrito por":"mundo","Tiempo de lectura":"2 minutos"},"schema":{"@context":"https:\/\/schema.org","@graph":[{"@type":"Article","@id":"https:\/\/www.mundoagropecuario.cl\/new\/llaman-a-productores-de-arandanos-a-iniciar-aplicaciones-contra-la-segunda-generacion-de-lobesia-botrana\/#article","isPartOf":{"@id":"https:\/\/www.mundoagropecuario.cl\/new\/llaman-a-productores-de-arandanos-a-iniciar-aplicaciones-contra-la-segunda-generacion-de-lobesia-botrana\/"},"author":{"name":"mundo","@id":"https:\/\/www.mundoagropecuario.cl\/new\/#\/schema\/person\/4e9f74a82a7dac260eb1c44b7eebeb18"},"headline":"Llaman a productores de ar\u00e1ndanos a iniciar aplicaciones contra la segunda generaci\u00f3n de Lobesia botrana","datePublished":"2019-12-13T05:30:30+00:00","dateModified":"2019-12-16T15:35:17+00:00","mainEntityOfPage":{"@id":"https:\/\/www.mundoagropecuario.cl\/new\/llaman-a-productores-de-arandanos-a-iniciar-aplicaciones-contra-la-segunda-generacion-de-lobesia-botrana\/"},"wordCount":355,"publisher":{"@id":"https:\/\/www.mundoagropecuario.cl\/new\/#organization"},"image":{"@id":"https:\/\/www.mundoagropecuario.cl\/new\/llaman-a-productores-de-arandanos-a-iniciar-aplicaciones-contra-la-segunda-generacion-de-lobesia-botrana\/#primaryimage"},"thumbnailUrl":"https:\/\/www.mundoagropecuario.cl\/new\/wp-content\/uploads\/2019\/04\/arandanos.jpg","keywords":["Agro","Lobesia botrana","productores de ar\u00e1ndanos","SAG"],"articleSection":["Agricultura"],"inLanguage":"es"},{"@type":"WebPage","@id":"https:\/\/www.mundoagropecuario.cl\/new\/llaman-a-productores-de-arandanos-a-iniciar-aplicaciones-contra-la-segunda-generacion-de-lobesia-botrana\/","url":"https:\/\/www.mundoagropecuario.cl\/new\/llaman-a-productores-de-arandanos-a-iniciar-aplicaciones-contra-la-segunda-generacion-de-lobesia-botrana\/","name":"Llaman a productores de ar\u00e1ndanos a iniciar aplicaciones contra la segunda generaci\u00f3n de Lobesia botrana - Mundoagropecuario","isPartOf":{"@id":"https:\/\/www.mundoagropecuario.cl\/new\/#website"},"primaryImageOfPage":{"@id":"https:\/\/www.mundoagropecuario.cl\/new\/llaman-a-productores-de-arandanos-a-iniciar-aplicaciones-contra-la-segunda-generacion-de-lobesia-botrana\/#primaryimage"},"image":{"@id":"https:\/\/www.mundoagropecuario.cl\/new\/llaman-a-productores-de-arandanos-a-iniciar-aplicaciones-contra-la-segunda-generacion-de-lobesia-botrana\/#primaryimage"},"thumbnailUrl":"https:\/\/www.mundoagropecuario.cl\/new\/wp-content\/uploads\/2019\/04\/arandanos.jpg","datePublished":"2019-12-13T05:30:30+00:00","dateModified":"2019-12-16T15:35:17+00:00","breadcrumb":{"@id":"https:\/\/www.mundoagropecuario.cl\/new\/llaman-a-productores-de-arandanos-a-iniciar-aplicaciones-contra-la-segunda-generacion-de-lobesia-botrana\/#breadcrumb"},"inLanguage":"es","potentialAction":[{"@type":"ReadAction","target":["https:\/\/www.mundoagropecuario.cl\/new\/llaman-a-productores-de-arandanos-a-iniciar-aplicaciones-contra-la-segunda-generacion-de-lobesia-botrana\/"]}]},{"@type":"ImageObject","inLanguage":"es","@id":"https:\/\/www.mundoagropecuario.cl\/new\/llaman-a-productores-de-arandanos-a-iniciar-aplicaciones-contra-la-segunda-generacion-de-lobesia-botrana\/#primaryimage","url":"https:\/\/www.mundoagropecuario.cl\/new\/wp-content\/uploads\/2019\/04\/arandanos.jpg","contentUrl":"https:\/\/www.mundoagropecuario.cl\/new\/wp-content\/uploads\/2019\/04\/arandanos.jpg","width":446,"height":400},{"@type":"BreadcrumbList","@id":"https:\/\/www.mundoagropecuario.cl\/new\/llaman-a-productores-de-arandanos-a-iniciar-aplicaciones-contra-la-segunda-generacion-de-lobesia-botrana\/#breadcrumb","itemListElement":[{"@type":"ListItem","position":1,"name":"Portada","item":"https:\/\/www.mundoagropecuario.cl\/new\/"},{"@type":"ListItem","position":2,"name":"Llaman a productores de ar\u00e1ndanos a iniciar aplicaciones contra la segunda generaci\u00f3n de Lobesia botrana"}]},{"@type":"WebSite","@id":"https:\/\/www.mundoagropecuario.cl\/new\/#website","url":"https:\/\/www.mundoagropecuario.cl\/new\/","name":"Mundoagropecuario","description":"Mundo Agropecuario","publisher":{"@id":"https:\/\/www.mundoagropecuario.cl\/new\/#organization"},"potentialAction":[{"@type":"SearchAction","target":{"@type":"EntryPoint","urlTemplate":"https:\/\/www.mundoagropecuario.cl\/new\/?s={search_term_string}"},"query-input":{"@type":"PropertyValueSpecification","valueRequired":true,"valueName":"search_term_string"}}],"inLanguage":"es"},{"@type":"Organization","@id":"https:\/\/www.mundoagropecuario.cl\/new\/#organization","name":"Revista de Agricultura","url":"https:\/\/www.mundoagropecuario.cl\/new\/","logo":{"@type":"ImageObject","inLanguage":"es","@id":"https:\/\/www.mundoagropecuario.cl\/new\/#\/schema\/logo\/image\/","url":"https:\/\/www.mundoagropecuario.cl\/new\/wp-content\/uploads\/2020\/11\/PORTAL-1-1.png","contentUrl":"https:\/\/www.mundoagropecuario.cl\/new\/wp-content\/uploads\/2020\/11\/PORTAL-1-1.png","width":1026,"height":100,"caption":"Revista de Agricultura"},"image":{"@id":"https:\/\/www.mundoagropecuario.cl\/new\/#\/schema\/logo\/image\/"},"sameAs":["https:\/\/www.facebook.com\/mundo.agropecuario.3","https:\/\/x.com\/MundoAgropecuar","https:\/\/www.linkedin.com\/in\/mundo-agropecuario-934009201\/"]},{"@type":"Person","@id":"https:\/\/www.mundoagropecuario.cl\/new\/#\/schema\/person\/4e9f74a82a7dac260eb1c44b7eebeb18","name":"mundo","url":"https:\/\/www.mundoagropecuario.cl\/new\/author\/mundo\/"}]}},"_links":{"self":[{"href":"https:\/\/www.mundoagropecuario.cl\/new\/wp-json\/wp\/v2\/posts\/15185","targetHints":{"allow":["GET"]}}],"collection":[{"href":"https:\/\/www.mundoagropecuario.cl\/new\/wp-json\/wp\/v2\/posts"}],"about":[{"href":"https:\/\/www.mundoagropecuario.cl\/new\/wp-json\/wp\/v2\/types\/post"}],"author":[{"embeddable":true,"href":"https:\/\/www.mundoagropecuario.cl\/new\/wp-json\/wp\/v2\/users\/2"}],"replies":[{"embeddable":true,"href":"https:\/\/www.mundoagropecuario.cl\/new\/wp-json\/wp\/v2\/comments?post=15185"}],"version-history":[{"count":1,"href":"https:\/\/www.mundoagropecuario.cl\/new\/wp-json\/wp\/v2\/posts\/15185\/revisions"}],"predecessor-version":[{"id":15186,"href":"https:\/\/www.mundoagropecuario.cl\/new\/wp-json\/wp\/v2\/posts\/15185\/revisions\/15186"}],"wp:featuredmedia":[{"embeddable":true,"href":"https:\/\/www.mundoagropecuario.cl\/new\/wp-json\/wp\/v2\/media\/11476"}],"wp:attachment":[{"href":"https:\/\/www.mundoagropecuario.cl\/new\/wp-json\/wp\/v2\/media?parent=15185"}],"wp:term":[{"taxonomy":"category","embeddable":true,"href":"https:\/\/www.mundoagropecuario.cl\/new\/wp-json\/wp\/v2\/categories?post=15185"},{"taxonomy":"post_tag","embeddable":true,"href":"https:\/\/www.mundoagropecuario.cl\/new\/wp-json\/wp\/v2\/tags?post=15185"}],"curies":[{"name":"wp","href":"https:\/\/api.w.org\/{rel}","templated":true}]}}