{"id":15100,"date":"2019-12-09T11:11:30","date_gmt":"2019-12-09T14:11:30","guid":{"rendered":"http:\/\/www.mundoagropecuario.cl\/new\/?p=15100"},"modified":"2019-12-12T11:53:20","modified_gmt":"2019-12-12T14:53:20","slug":"emperador-inia-nueva-variedad-de-triticale","status":"publish","type":"post","link":"https:\/\/www.mundoagropecuario.cl\/new\/emperador-inia-nueva-variedad-de-triticale\/","title":{"rendered":"\u201cEmperador INIA\u201d: nueva variedad de triticale"},"content":{"rendered":"\n<ul class=\"wp-block-gallery columns-0 is-cropped wp-block-gallery-1 is-layout-flex wp-block-gallery-is-layout-flex\"><\/ul>\n\n\n\n<p class=\"has-medium-font-size\"><em>La Regi\u00f3n de La Araucan\u00eda&nbsp;por lo pronto est\u00e1 considerada como el granero del triticale del pa\u00eds y en la actualidad, casi el 100% de esta superficie est\u00e1&nbsp;ocupada por gen\u00e9tica INIA (Mundo Agropecuario).<\/em><\/p>\n\n\n\n<p>Cerca de un centenar de personas particip\u00f3 de la reuni\u00f3n t\u00e9cnica y presentaci\u00f3n de la nueva&nbsp;&nbsp;variedad de Triticale \u201cEmperador INIA\u201c, liberada en dependencias del Centro Regional INIA Carillanca. La actividad estuvo presidida por el Director Nacional de INIA, Pedro Bustos; el Encargado Nacional de Negocios Tecnol\u00f3gicos, Enrique Stange; la Directora Regional de INIA Carillanca, Elizabeth Kehr y profesionales de INIA ligados al programa de fitomejoramiento de trigo.<\/p>\n\n\n\n<p>Durante su saludo, Pedro Bustos destac\u00f3 el trabajo que realiza INIA en la generaci\u00f3n de nuevas variedades, en este caso triticale, cereal presente en m\u00e1s de 27 mil hect\u00e1reas, las cuales se concentran desde Collipulli al sur,&nbsp;transform\u00e1ndose en uno de los cultivos de importancia nacional. \u201cLa Regi\u00f3n de La Araucan\u00eda&nbsp;por lo pronto est\u00e1 considerada como el granero del triticale del pa\u00eds y en la actualidad, casi el 100% de esta superficie est\u00e1&nbsp;ocupada por gen\u00e9tica INIA. Esto nos insta a seguir trabajando y entregando lo mejor a nuestros agricultores\u201d, dijo.<\/p>\n\n\n\n<figure class=\"wp-block-image\"><img loading=\"lazy\" decoding=\"async\" width=\"1024\" height=\"681\" src=\"https:\/\/www.mundoagropecuario.cl\/new\/wp-content\/uploads\/2019\/12\/DSC_00791-1024x681.jpg\" alt=\"\" class=\"wp-image-15102\" srcset=\"https:\/\/www.mundoagropecuario.cl\/new\/wp-content\/uploads\/2019\/12\/DSC_00791-1024x681.jpg 1024w, https:\/\/www.mundoagropecuario.cl\/new\/wp-content\/uploads\/2019\/12\/DSC_00791-586x390.jpg 586w, https:\/\/www.mundoagropecuario.cl\/new\/wp-content\/uploads\/2019\/12\/DSC_00791-768x511.jpg 768w, https:\/\/www.mundoagropecuario.cl\/new\/wp-content\/uploads\/2019\/12\/DSC_00791.jpg 601w\" sizes=\"auto, (max-width: 1024px) 100vw, 1024px\" \/><\/figure>\n\n\n\n<p>Cabe indicar que en Chile los trabajos en triticale se iniciaron en 1970 al&nbsp;&nbsp;introducir y probar l\u00edneas experimentales procedentes de M\u00e9xico (CIMMYT) por parte de&nbsp;la Sociedad Nacional&nbsp;de Agricultura. Posteriormente,&nbsp;la Pontificia Universidad&nbsp;Cat\u00f3lica, el Instituto de Investigaciones Agropecuarias (INIA) y Semillas Baer, iniciaron l\u00edneas de investigaci\u00f3n respecto a la gen\u00e9tica y manejo de este cereal, lo que ha permitido que el agricultor nacional cuente con una nueva alternativa de producci\u00f3n orientado a la alimentaci\u00f3n animal ( concentrados, ensilajes y forrajes verdes). Por otro lado, se ha contribuido con materia prima para la elaboraci\u00f3n de productos tales como galletas, reposter\u00eda y otros.&nbsp;<\/p>\n\n\n\n<p>Durante esta reuni\u00f3n el Dr. Rafael Galdames entreg\u00f3 una charla sobre la situaci\u00f3n de la roya en triticale, para luego conocer por parte del fitomejorador Dr. Claudio Jobet todo el potencial de la nueva variedad Emperador INIA. La actividad finaliz\u00f3 en campo, desarrollando un recorrido por los semilleros y nuevas variedades de trigo que se lanzar\u00e1n el 2020, como Chevignon. Esta fue introducida desde Francia, siendo la m\u00e1s sembrada en dicho pa\u00eds.&nbsp;<\/p>\n\n\n\n<p>Actualmente, hay 3 variedades de triticale recomendadas por el Instituto de Investigaciones Agropecuarias: Aguacero INIA (primaveral); Fara\u00f3n INIA (invernal) y Emperador INIA (invernal). Aguacero INIA es considerada una variedad de buena tolerancia a suelos con estr\u00e9s h\u00eddrico, mientras que Fara\u00f3n INIA se recomienda en zonas de pre cordillera, desde la Regi\u00f3n del B\u00edobio (Chill\u00e1n), hasta la Regi\u00f3n de Los Lagos. Emperador INIA est\u00e1 orientado a la industria de alimentaci\u00f3n animal, y destaca por ser resistente a roya colorada, resistente a oidio y con un comportamiento moderado frente a septoria. Es un triticale de h\u00e1bito de desarrollo invernal, muy rastrero al estado de pl\u00e1ntula, de lento crecimiento, terminando en una vigorosa macolla, adaptado a zonas de siembras tempranas e inviernos largos.<\/p>\n","protected":false},"excerpt":{"rendered":"<p>La Regi\u00f3n de La Araucan\u00eda&nbsp;por lo pronto est\u00e1 considerada como el granero del triticale del pa\u00eds y en la actualidad, casi el 100% de esta superficie est\u00e1&nbsp;ocupada por gen\u00e9tica INIA&#8230;<\/p>\n","protected":false},"author":2,"featured_media":15101,"comment_status":"closed","ping_status":"closed","sticky":false,"template":"","format":"standard","meta":{"footnotes":""},"categories":[1945],"tags":[4124,3127,4499,2052],"class_list":["post-15100","post","type-post","status-publish","format-standard","has-post-thumbnail","hentry","category-agricultura","tag-agricola","tag-agro","tag-emperador-inia","tag-inia"],"yoast_head":"<!-- This site is optimized with the Yoast SEO plugin v26.6 - https:\/\/yoast.com\/wordpress\/plugins\/seo\/ -->\n<title>\u201cEmperador INIA\u201d: nueva variedad de triticale - Mundoagropecuario<\/title>\n<meta name=\"robots\" content=\"index, follow, max-snippet:-1, max-image-preview:large, max-video-preview:-1\" \/>\n<link rel=\"canonical\" href=\"https:\/\/www.mundoagropecuario.cl\/new\/emperador-inia-nueva-variedad-de-triticale\/\" \/>\n<meta property=\"og:locale\" content=\"es_ES\" \/>\n<meta property=\"og:type\" content=\"article\" \/>\n<meta property=\"og:title\" content=\"\u201cEmperador INIA\u201d: nueva variedad de triticale - Mundoagropecuario\" \/>\n<meta property=\"og:description\" content=\"La Regi\u00f3n de La Araucan\u00eda&nbsp;por lo pronto est\u00e1 considerada como el granero del triticale del pa\u00eds y en la actualidad, casi el 100% de esta superficie est\u00e1&nbsp;ocupada por gen\u00e9tica INIA...\" \/>\n<meta property=\"og:url\" content=\"https:\/\/www.mundoagropecuario.cl\/new\/emperador-inia-nueva-variedad-de-triticale\/\" \/>\n<meta property=\"og:site_name\" content=\"Mundoagropecuario\" \/>\n<meta property=\"article:publisher\" content=\"https:\/\/www.facebook.com\/mundo.agropecuario.3\" \/>\n<meta property=\"article:published_time\" content=\"2019-12-09T14:11:30+00:00\" \/>\n<meta property=\"article:modified_time\" content=\"2019-12-12T14:53:20+00:00\" \/>\n<meta property=\"og:image\" content=\"https:\/\/www.mundoagropecuario.cl\/new\/wp-content\/uploads\/2019\/12\/DSC_00521-1.jpg\" \/>\n\t<meta property=\"og:image:width\" content=\"1024\" \/>\n\t<meta property=\"og:image:height\" content=\"681\" \/>\n\t<meta property=\"og:image:type\" content=\"image\/jpeg\" \/>\n<meta name=\"author\" content=\"mundo\" \/>\n<meta name=\"twitter:card\" content=\"summary_large_image\" \/>\n<meta name=\"twitter:creator\" content=\"@MundoAgropecuar\" \/>\n<meta name=\"twitter:site\" content=\"@MundoAgropecuar\" \/>\n<meta name=\"twitter:label1\" content=\"Escrito por\" \/>\n\t<meta name=\"twitter:data1\" content=\"mundo\" \/>\n\t<meta name=\"twitter:label2\" content=\"Tiempo de lectura\" \/>\n\t<meta name=\"twitter:data2\" content=\"3 minutos\" \/>\n<script type=\"application\/ld+json\" class=\"yoast-schema-graph\">{\"@context\":\"https:\/\/schema.org\",\"@graph\":[{\"@type\":\"Article\",\"@id\":\"https:\/\/www.mundoagropecuario.cl\/new\/emperador-inia-nueva-variedad-de-triticale\/#article\",\"isPartOf\":{\"@id\":\"https:\/\/www.mundoagropecuario.cl\/new\/emperador-inia-nueva-variedad-de-triticale\/\"},\"author\":{\"name\":\"mundo\",\"@id\":\"https:\/\/www.mundoagropecuario.cl\/new\/#\/schema\/person\/4e9f74a82a7dac260eb1c44b7eebeb18\"},\"headline\":\"\u201cEmperador INIA\u201d: nueva variedad de triticale\",\"datePublished\":\"2019-12-09T14:11:30+00:00\",\"dateModified\":\"2019-12-12T14:53:20+00:00\",\"mainEntityOfPage\":{\"@id\":\"https:\/\/www.mundoagropecuario.cl\/new\/emperador-inia-nueva-variedad-de-triticale\/\"},\"wordCount\":546,\"publisher\":{\"@id\":\"https:\/\/www.mundoagropecuario.cl\/new\/#organization\"},\"image\":{\"@id\":\"https:\/\/www.mundoagropecuario.cl\/new\/emperador-inia-nueva-variedad-de-triticale\/#primaryimage\"},\"thumbnailUrl\":\"https:\/\/www.mundoagropecuario.cl\/new\/wp-content\/uploads\/2019\/12\/DSC_00521-1.jpg\",\"keywords\":[\"agricola\",\"Agro\",\"Emperador INIA\",\"INIA\"],\"articleSection\":[\"Agricultura\"],\"inLanguage\":\"es\"},{\"@type\":\"WebPage\",\"@id\":\"https:\/\/www.mundoagropecuario.cl\/new\/emperador-inia-nueva-variedad-de-triticale\/\",\"url\":\"https:\/\/www.mundoagropecuario.cl\/new\/emperador-inia-nueva-variedad-de-triticale\/\",\"name\":\"\u201cEmperador INIA\u201d: nueva variedad de triticale - Mundoagropecuario\",\"isPartOf\":{\"@id\":\"https:\/\/www.mundoagropecuario.cl\/new\/#website\"},\"primaryImageOfPage\":{\"@id\":\"https:\/\/www.mundoagropecuario.cl\/new\/emperador-inia-nueva-variedad-de-triticale\/#primaryimage\"},\"image\":{\"@id\":\"https:\/\/www.mundoagropecuario.cl\/new\/emperador-inia-nueva-variedad-de-triticale\/#primaryimage\"},\"thumbnailUrl\":\"https:\/\/www.mundoagropecuario.cl\/new\/wp-content\/uploads\/2019\/12\/DSC_00521-1.jpg\",\"datePublished\":\"2019-12-09T14:11:30+00:00\",\"dateModified\":\"2019-12-12T14:53:20+00:00\",\"breadcrumb\":{\"@id\":\"https:\/\/www.mundoagropecuario.cl\/new\/emperador-inia-nueva-variedad-de-triticale\/#breadcrumb\"},\"inLanguage\":\"es\",\"potentialAction\":[{\"@type\":\"ReadAction\",\"target\":[\"https:\/\/www.mundoagropecuario.cl\/new\/emperador-inia-nueva-variedad-de-triticale\/\"]}]},{\"@type\":\"ImageObject\",\"inLanguage\":\"es\",\"@id\":\"https:\/\/www.mundoagropecuario.cl\/new\/emperador-inia-nueva-variedad-de-triticale\/#primaryimage\",\"url\":\"https:\/\/www.mundoagropecuario.cl\/new\/wp-content\/uploads\/2019\/12\/DSC_00521-1.jpg\",\"contentUrl\":\"https:\/\/www.mundoagropecuario.cl\/new\/wp-content\/uploads\/2019\/12\/DSC_00521-1.jpg\",\"width\":601,\"height\":400},{\"@type\":\"BreadcrumbList\",\"@id\":\"https:\/\/www.mundoagropecuario.cl\/new\/emperador-inia-nueva-variedad-de-triticale\/#breadcrumb\",\"itemListElement\":[{\"@type\":\"ListItem\",\"position\":1,\"name\":\"Portada\",\"item\":\"https:\/\/www.mundoagropecuario.cl\/new\/\"},{\"@type\":\"ListItem\",\"position\":2,\"name\":\"\u201cEmperador INIA\u201d: nueva variedad de triticale\"}]},{\"@type\":\"WebSite\",\"@id\":\"https:\/\/www.mundoagropecuario.cl\/new\/#website\",\"url\":\"https:\/\/www.mundoagropecuario.cl\/new\/\",\"name\":\"Mundoagropecuario\",\"description\":\"Mundo Agropecuario\",\"publisher\":{\"@id\":\"https:\/\/www.mundoagropecuario.cl\/new\/#organization\"},\"potentialAction\":[{\"@type\":\"SearchAction\",\"target\":{\"@type\":\"EntryPoint\",\"urlTemplate\":\"https:\/\/www.mundoagropecuario.cl\/new\/?s={search_term_string}\"},\"query-input\":{\"@type\":\"PropertyValueSpecification\",\"valueRequired\":true,\"valueName\":\"search_term_string\"}}],\"inLanguage\":\"es\"},{\"@type\":\"Organization\",\"@id\":\"https:\/\/www.mundoagropecuario.cl\/new\/#organization\",\"name\":\"Revista de Agricultura\",\"url\":\"https:\/\/www.mundoagropecuario.cl\/new\/\",\"logo\":{\"@type\":\"ImageObject\",\"inLanguage\":\"es\",\"@id\":\"https:\/\/www.mundoagropecuario.cl\/new\/#\/schema\/logo\/image\/\",\"url\":\"https:\/\/www.mundoagropecuario.cl\/new\/wp-content\/uploads\/2020\/11\/PORTAL-1-1.png\",\"contentUrl\":\"https:\/\/www.mundoagropecuario.cl\/new\/wp-content\/uploads\/2020\/11\/PORTAL-1-1.png\",\"width\":1026,\"height\":100,\"caption\":\"Revista de Agricultura\"},\"image\":{\"@id\":\"https:\/\/www.mundoagropecuario.cl\/new\/#\/schema\/logo\/image\/\"},\"sameAs\":[\"https:\/\/www.facebook.com\/mundo.agropecuario.3\",\"https:\/\/x.com\/MundoAgropecuar\",\"https:\/\/www.linkedin.com\/in\/mundo-agropecuario-934009201\/\"]},{\"@type\":\"Person\",\"@id\":\"https:\/\/www.mundoagropecuario.cl\/new\/#\/schema\/person\/4e9f74a82a7dac260eb1c44b7eebeb18\",\"name\":\"mundo\",\"url\":\"https:\/\/www.mundoagropecuario.cl\/new\/author\/mundo\/\"}]}<\/script>\n<!-- \/ Yoast SEO plugin. -->","yoast_head_json":{"title":"\u201cEmperador INIA\u201d: nueva variedad de triticale - Mundoagropecuario","robots":{"index":"index","follow":"follow","max-snippet":"max-snippet:-1","max-image-preview":"max-image-preview:large","max-video-preview":"max-video-preview:-1"},"canonical":"https:\/\/www.mundoagropecuario.cl\/new\/emperador-inia-nueva-variedad-de-triticale\/","og_locale":"es_ES","og_type":"article","og_title":"\u201cEmperador INIA\u201d: nueva variedad de triticale - Mundoagropecuario","og_description":"La Regi\u00f3n de La Araucan\u00eda&nbsp;por lo pronto est\u00e1 considerada como el granero del triticale del pa\u00eds y en la actualidad, casi el 100% de esta superficie est\u00e1&nbsp;ocupada por gen\u00e9tica INIA...","og_url":"https:\/\/www.mundoagropecuario.cl\/new\/emperador-inia-nueva-variedad-de-triticale\/","og_site_name":"Mundoagropecuario","article_publisher":"https:\/\/www.facebook.com\/mundo.agropecuario.3","article_published_time":"2019-12-09T14:11:30+00:00","article_modified_time":"2019-12-12T14:53:20+00:00","og_image":[{"width":1024,"height":681,"url":"https:\/\/www.mundoagropecuario.cl\/new\/wp-content\/uploads\/2019\/12\/DSC_00521-1.jpg","type":"image\/jpeg"}],"author":"mundo","twitter_card":"summary_large_image","twitter_creator":"@MundoAgropecuar","twitter_site":"@MundoAgropecuar","twitter_misc":{"Escrito por":"mundo","Tiempo de lectura":"3 minutos"},"schema":{"@context":"https:\/\/schema.org","@graph":[{"@type":"Article","@id":"https:\/\/www.mundoagropecuario.cl\/new\/emperador-inia-nueva-variedad-de-triticale\/#article","isPartOf":{"@id":"https:\/\/www.mundoagropecuario.cl\/new\/emperador-inia-nueva-variedad-de-triticale\/"},"author":{"name":"mundo","@id":"https:\/\/www.mundoagropecuario.cl\/new\/#\/schema\/person\/4e9f74a82a7dac260eb1c44b7eebeb18"},"headline":"\u201cEmperador INIA\u201d: nueva variedad de triticale","datePublished":"2019-12-09T14:11:30+00:00","dateModified":"2019-12-12T14:53:20+00:00","mainEntityOfPage":{"@id":"https:\/\/www.mundoagropecuario.cl\/new\/emperador-inia-nueva-variedad-de-triticale\/"},"wordCount":546,"publisher":{"@id":"https:\/\/www.mundoagropecuario.cl\/new\/#organization"},"image":{"@id":"https:\/\/www.mundoagropecuario.cl\/new\/emperador-inia-nueva-variedad-de-triticale\/#primaryimage"},"thumbnailUrl":"https:\/\/www.mundoagropecuario.cl\/new\/wp-content\/uploads\/2019\/12\/DSC_00521-1.jpg","keywords":["agricola","Agro","Emperador INIA","INIA"],"articleSection":["Agricultura"],"inLanguage":"es"},{"@type":"WebPage","@id":"https:\/\/www.mundoagropecuario.cl\/new\/emperador-inia-nueva-variedad-de-triticale\/","url":"https:\/\/www.mundoagropecuario.cl\/new\/emperador-inia-nueva-variedad-de-triticale\/","name":"\u201cEmperador INIA\u201d: nueva variedad de triticale - Mundoagropecuario","isPartOf":{"@id":"https:\/\/www.mundoagropecuario.cl\/new\/#website"},"primaryImageOfPage":{"@id":"https:\/\/www.mundoagropecuario.cl\/new\/emperador-inia-nueva-variedad-de-triticale\/#primaryimage"},"image":{"@id":"https:\/\/www.mundoagropecuario.cl\/new\/emperador-inia-nueva-variedad-de-triticale\/#primaryimage"},"thumbnailUrl":"https:\/\/www.mundoagropecuario.cl\/new\/wp-content\/uploads\/2019\/12\/DSC_00521-1.jpg","datePublished":"2019-12-09T14:11:30+00:00","dateModified":"2019-12-12T14:53:20+00:00","breadcrumb":{"@id":"https:\/\/www.mundoagropecuario.cl\/new\/emperador-inia-nueva-variedad-de-triticale\/#breadcrumb"},"inLanguage":"es","potentialAction":[{"@type":"ReadAction","target":["https:\/\/www.mundoagropecuario.cl\/new\/emperador-inia-nueva-variedad-de-triticale\/"]}]},{"@type":"ImageObject","inLanguage":"es","@id":"https:\/\/www.mundoagropecuario.cl\/new\/emperador-inia-nueva-variedad-de-triticale\/#primaryimage","url":"https:\/\/www.mundoagropecuario.cl\/new\/wp-content\/uploads\/2019\/12\/DSC_00521-1.jpg","contentUrl":"https:\/\/www.mundoagropecuario.cl\/new\/wp-content\/uploads\/2019\/12\/DSC_00521-1.jpg","width":601,"height":400},{"@type":"BreadcrumbList","@id":"https:\/\/www.mundoagropecuario.cl\/new\/emperador-inia-nueva-variedad-de-triticale\/#breadcrumb","itemListElement":[{"@type":"ListItem","position":1,"name":"Portada","item":"https:\/\/www.mundoagropecuario.cl\/new\/"},{"@type":"ListItem","position":2,"name":"\u201cEmperador INIA\u201d: nueva variedad de triticale"}]},{"@type":"WebSite","@id":"https:\/\/www.mundoagropecuario.cl\/new\/#website","url":"https:\/\/www.mundoagropecuario.cl\/new\/","name":"Mundoagropecuario","description":"Mundo Agropecuario","publisher":{"@id":"https:\/\/www.mundoagropecuario.cl\/new\/#organization"},"potentialAction":[{"@type":"SearchAction","target":{"@type":"EntryPoint","urlTemplate":"https:\/\/www.mundoagropecuario.cl\/new\/?s={search_term_string}"},"query-input":{"@type":"PropertyValueSpecification","valueRequired":true,"valueName":"search_term_string"}}],"inLanguage":"es"},{"@type":"Organization","@id":"https:\/\/www.mundoagropecuario.cl\/new\/#organization","name":"Revista de Agricultura","url":"https:\/\/www.mundoagropecuario.cl\/new\/","logo":{"@type":"ImageObject","inLanguage":"es","@id":"https:\/\/www.mundoagropecuario.cl\/new\/#\/schema\/logo\/image\/","url":"https:\/\/www.mundoagropecuario.cl\/new\/wp-content\/uploads\/2020\/11\/PORTAL-1-1.png","contentUrl":"https:\/\/www.mundoagropecuario.cl\/new\/wp-content\/uploads\/2020\/11\/PORTAL-1-1.png","width":1026,"height":100,"caption":"Revista de Agricultura"},"image":{"@id":"https:\/\/www.mundoagropecuario.cl\/new\/#\/schema\/logo\/image\/"},"sameAs":["https:\/\/www.facebook.com\/mundo.agropecuario.3","https:\/\/x.com\/MundoAgropecuar","https:\/\/www.linkedin.com\/in\/mundo-agropecuario-934009201\/"]},{"@type":"Person","@id":"https:\/\/www.mundoagropecuario.cl\/new\/#\/schema\/person\/4e9f74a82a7dac260eb1c44b7eebeb18","name":"mundo","url":"https:\/\/www.mundoagropecuario.cl\/new\/author\/mundo\/"}]}},"_links":{"self":[{"href":"https:\/\/www.mundoagropecuario.cl\/new\/wp-json\/wp\/v2\/posts\/15100","targetHints":{"allow":["GET"]}}],"collection":[{"href":"https:\/\/www.mundoagropecuario.cl\/new\/wp-json\/wp\/v2\/posts"}],"about":[{"href":"https:\/\/www.mundoagropecuario.cl\/new\/wp-json\/wp\/v2\/types\/post"}],"author":[{"embeddable":true,"href":"https:\/\/www.mundoagropecuario.cl\/new\/wp-json\/wp\/v2\/users\/2"}],"replies":[{"embeddable":true,"href":"https:\/\/www.mundoagropecuario.cl\/new\/wp-json\/wp\/v2\/comments?post=15100"}],"version-history":[{"count":2,"href":"https:\/\/www.mundoagropecuario.cl\/new\/wp-json\/wp\/v2\/posts\/15100\/revisions"}],"predecessor-version":[{"id":15165,"href":"https:\/\/www.mundoagropecuario.cl\/new\/wp-json\/wp\/v2\/posts\/15100\/revisions\/15165"}],"wp:featuredmedia":[{"embeddable":true,"href":"https:\/\/www.mundoagropecuario.cl\/new\/wp-json\/wp\/v2\/media\/15101"}],"wp:attachment":[{"href":"https:\/\/www.mundoagropecuario.cl\/new\/wp-json\/wp\/v2\/media?parent=15100"}],"wp:term":[{"taxonomy":"category","embeddable":true,"href":"https:\/\/www.mundoagropecuario.cl\/new\/wp-json\/wp\/v2\/categories?post=15100"},{"taxonomy":"post_tag","embeddable":true,"href":"https:\/\/www.mundoagropecuario.cl\/new\/wp-json\/wp\/v2\/tags?post=15100"}],"curies":[{"name":"wp","href":"https:\/\/api.w.org\/{rel}","templated":true}]}}