{"id":15098,"date":"2019-12-06T01:55:45","date_gmt":"2019-12-06T04:55:45","guid":{"rendered":"http:\/\/www.mundoagropecuario.cl\/new\/?p=15098"},"modified":"2019-12-12T11:52:54","modified_gmt":"2019-12-12T14:52:54","slug":"la-alarmante-situacion-medioambiental-de-chile","status":"publish","type":"post","link":"https:\/\/www.mundoagropecuario.cl\/new\/la-alarmante-situacion-medioambiental-de-chile\/","title":{"rendered":"La alarmante situaci\u00f3n medioambiental de Chile"},"content":{"rendered":"\n<ul class=\"wp-block-gallery columns-0 is-cropped wp-block-gallery-1 is-layout-flex wp-block-gallery-is-layout-flex\"><\/ul>\n\n\n\n<p class=\"has-medium-font-size\"><em>Un informe de la Universidad de Chile dio cuenta de la realidad que afronta nuestro pa\u00eds debido al cambio clim\u00e1tico y a la acci\u00f3n del hombre (cooperativa.cl).<\/em><\/p>\n\n\n\n<p>Una cr\u00edtica disminuci\u00f3n de humedales, la mayor\u00eda de las especies amenazadas y la p\u00e9rdida de veintenas de miles de hect\u00e1reas anuales en la situaci\u00f3n del medioambiente en nuestro pa\u00eds, seg\u00fan un lapidario informe de la Universidad de Chile.<\/p>\n\n\n\n<p>Hace unas semanas la casa de estudio present\u00f3, la nueva edici\u00f3n de su &#8220;Informe pa\u00eds: estado del medio ambiente en Chile 2018&#8221;, que dio cuenta de la alarmante situaci\u00f3n debido al cambio clim\u00e1tico y a la acci\u00f3n del hombre.<\/p>\n\n\n\n<p>En cuanto a los humedales, el documento sostiene que &#8220;en la actualidad estos valiosos ecosistemas se encuentran fuertemente amenazados por acci\u00f3n antr\u00f3pica, y variadas alteraciones ambientales debidas al cambio clim\u00e1tico, y lamentablemente se reporta una disminuci\u00f3n progresiva de humedales a escala mundial&#8221;.<\/p>\n\n\n\n<p>Alerta que &#8220;la p\u00e9rdida de humedales continentales naturales ha sido mayor y de modo m\u00e1s acelerado que la de los humedales costeros naturales&#8221;, y as\u00ed, detalla, que &#8220;la disminuci\u00f3n de los humedales continentales se estima entre un 69 por ciento y un 75 por ciento, mientras que los humedales costeros se habr\u00edan reducido alrededor de un 62 por ciento&#8221;.<\/p>\n\n\n\n<p>En este marco, para asegurar la protecci\u00f3n y conservaci\u00f3n de los humedales recomienda que, &#8220;por una parte es necesario mantener y reforzar los lazos con las estrategias integradas a nivel mundial, y por otra continuar fomentando pol\u00edticas de educaci\u00f3n, de gesti\u00f3n ambiental y de investigaci\u00f3n cient\u00edfica a nivel nacional, \u00e9stas \u00faltimas basadas en inventarios que se actualicen peri\u00f3dicamente, con un enfoque de sustentabilidad mediante sistemas integrados de protecci\u00f3n&#8221;.<\/p>\n\n\n\n<p>&#8220;Afortunadamente \u2013valora- el Ministerio de Medio Ambiente estableci\u00f3 recientemente un Plan Nacional de Protecci\u00f3n de Humedales 2018-2022, el cual identifica 40 humedales en Chile, catalogados en nivel de prioridad, con un total de 250.000 hect\u00e1reas. La idea es considerar a algunos como \u00e1rea protegida para apoyar su conservaci\u00f3n, y a otros como parques nacionales o santuarios de la naturaleza&#8221;.<\/p>\n\n\n\n<p><strong>20 mil hect\u00e1reas de bosque nativo menos al a\u00f1o<\/strong><\/p>\n\n\n\n<p>En tanto, sobre la situaci\u00f3n de los bosques nativos, que a 2018 abarcaban una superficie de hasta 14.633.778 hect\u00e1reas, seg\u00fan estimaciones de la Conaf \u2013otras cifras hablan de 11 millones de hect\u00e1reas), el informe da cuenta de que &#8220;en la \u00faltima d\u00e9cada se ha registrado un importante incremento en el \u00e1rea afectada por incendios para todos los tipos de vegetaci\u00f3n, lo cual est\u00e1 asociado a la megasequ\u00eda iniciada en 2010&#8221;.<\/p>\n\n\n\n<figure class=\"wp-block-image\"><img loading=\"lazy\" decoding=\"async\" width=\"600\" height=\"400\" src=\"https:\/\/www.mundoagropecuario.cl\/new\/wp-content\/uploads\/2019\/11\/bosque-.jpg\" alt=\"\" class=\"wp-image-14796\" srcset=\"https:\/\/www.mundoagropecuario.cl\/new\/wp-content\/uploads\/2019\/11\/bosque-.jpg 600w, https:\/\/www.mundoagropecuario.cl\/new\/wp-content\/uploads\/2019\/11\/bosque--586x391.jpg 586w, https:\/\/www.mundoagropecuario.cl\/new\/wp-content\/uploads\/2019\/11\/bosque--768x512.jpg 768w\" sizes=\"auto, (max-width: 600px) 100vw, 600px\" \/><\/figure>\n\n\n\n<p>Detalla que en las temporadas 2014-15 y 2015-16 se quemaron en total cerca de 250.000 hect\u00e1reas de bosques en general, mientras que la temporada 2016-17 &#8220;bati\u00f3 todos los registros&#8221; con 570.197 hect\u00e1reas quemadas, superando en 10 veces el promedio hist\u00f3rico quemado.<\/p>\n\n\n\n<p>Con esos datos, el \u00e1rea del bosque nativo afectado por incendios en la d\u00e9cada 2008- 2018 es cercana a 20.000 hect\u00e1reas al a\u00f1o, &#8220;lo que se explica en parte por los incendios de la temporada 2016-2017 en que dicha cifra fue de 90.000 hect\u00e1reas&#8221;.<\/p>\n\n\n\n<p>Adem\u00e1s de los incendios forestales, las causas m\u00e1s importantes de la p\u00e9rdida de bosques nativos son el reemplazo por matorrales, la sustituci\u00f3n por plantaciones forestales y la habilitaci\u00f3n para usos agropecuarios, as\u00ed como su degradaci\u00f3n anual por la ganader\u00eda.<\/p>\n\n\n\n<p><strong>Seis de cada diez especies en peligro<\/strong><\/p>\n\n\n\n<p>Por otra parte, el informe tambi\u00e9n se adentr\u00f3 en la situaci\u00f3n de la biodiversidad de especies de nuestro pa\u00eds: del total de 35.116 conocidas en Chile, s\u00f3lo 1.159 (3,3 por ciento) han sido clasificadas y validadas por la Clasificaci\u00f3n de Especies Silvestres, lo que corresponde a 592 especies de plantas, 523 de animales y 44 de hongos.<\/p>\n\n\n\n<p>De ellas, las oficialmente amenazadas en el pa\u00eds ascienden a 766, es decir, el 65 por ciento de las especies clasificadas &#8220;se encuentran En Peligro Cr\u00edtico, En Peligro y Vulnerables&#8221;.<\/p>\n\n\n\n<p>&#8220;La categor\u00eda de conservaci\u00f3n m\u00e1s amenazada es la de los moluscos (100 por ciento) seguida por los \u00e1rboles (93 por ciento), los peces de aguas continentales (83 por ciento), los arbustos (78 por ciento) y los anf\u00edbios (71 por ciento). Sin embargo, estos porcentajes hay que considerarlos con cautela debido a que intencionadamente se han clasificado aquellas especies que se sospecha est\u00e1n en mayor riesgo de extinci\u00f3n&#8221;, precis\u00f3.<\/p>\n","protected":false},"excerpt":{"rendered":"<p>Un informe de la Universidad de Chile dio cuenta de la realidad que afronta nuestro pa\u00eds debido al cambio clim\u00e1tico y a la acci\u00f3n del hombre (cooperativa.cl). Una cr\u00edtica disminuci\u00f3n&#8230;<\/p>\n","protected":false},"author":2,"featured_media":14040,"comment_status":"closed","ping_status":"closed","sticky":false,"template":"","format":"standard","meta":{"footnotes":""},"categories":[1948],"tags":[2090,3127,2694,4290,4498],"class_list":["post-15098","post","type-post","status-publish","format-standard","has-post-thumbnail","hentry","category-sustentabilidad","tag-agricultura","tag-agro","tag-bosques","tag-humedales","tag-situacion-medioambiental-de-chile"],"yoast_head":"<!-- This site is optimized with the Yoast SEO plugin v26.6 - https:\/\/yoast.com\/wordpress\/plugins\/seo\/ -->\n<title>La alarmante situaci\u00f3n medioambiental de Chile - Mundoagropecuario<\/title>\n<meta name=\"robots\" content=\"index, follow, max-snippet:-1, max-image-preview:large, max-video-preview:-1\" \/>\n<link rel=\"canonical\" href=\"https:\/\/www.mundoagropecuario.cl\/new\/la-alarmante-situacion-medioambiental-de-chile\/\" \/>\n<meta property=\"og:locale\" content=\"es_ES\" \/>\n<meta property=\"og:type\" content=\"article\" \/>\n<meta property=\"og:title\" content=\"La alarmante situaci\u00f3n medioambiental de Chile - Mundoagropecuario\" \/>\n<meta property=\"og:description\" content=\"Un informe de la Universidad de Chile dio cuenta de la realidad que afronta nuestro pa\u00eds debido al cambio clim\u00e1tico y a la acci\u00f3n del hombre (cooperativa.cl). Una cr\u00edtica disminuci\u00f3n...\" \/>\n<meta property=\"og:url\" content=\"https:\/\/www.mundoagropecuario.cl\/new\/la-alarmante-situacion-medioambiental-de-chile\/\" \/>\n<meta property=\"og:site_name\" content=\"Mundoagropecuario\" \/>\n<meta property=\"article:publisher\" content=\"https:\/\/www.facebook.com\/mundo.agropecuario.3\" \/>\n<meta property=\"article:published_time\" content=\"2019-12-06T04:55:45+00:00\" \/>\n<meta property=\"article:modified_time\" content=\"2019-12-12T14:52:54+00:00\" \/>\n<meta property=\"og:image\" content=\"https:\/\/www.mundoagropecuario.cl\/new\/wp-content\/uploads\/2019\/09\/Humedales-.jpg\" \/>\n\t<meta property=\"og:image:width\" content=\"750\" \/>\n\t<meta property=\"og:image:height\" content=\"496\" \/>\n\t<meta property=\"og:image:type\" content=\"image\/jpeg\" \/>\n<meta name=\"author\" content=\"mundo\" \/>\n<meta name=\"twitter:card\" content=\"summary_large_image\" \/>\n<meta name=\"twitter:creator\" content=\"@MundoAgropecuar\" \/>\n<meta name=\"twitter:site\" content=\"@MundoAgropecuar\" \/>\n<meta name=\"twitter:label1\" content=\"Escrito por\" \/>\n\t<meta name=\"twitter:data1\" content=\"mundo\" \/>\n\t<meta name=\"twitter:label2\" content=\"Tiempo de lectura\" \/>\n\t<meta name=\"twitter:data2\" content=\"4 minutos\" \/>\n<script type=\"application\/ld+json\" class=\"yoast-schema-graph\">{\"@context\":\"https:\/\/schema.org\",\"@graph\":[{\"@type\":\"Article\",\"@id\":\"https:\/\/www.mundoagropecuario.cl\/new\/la-alarmante-situacion-medioambiental-de-chile\/#article\",\"isPartOf\":{\"@id\":\"https:\/\/www.mundoagropecuario.cl\/new\/la-alarmante-situacion-medioambiental-de-chile\/\"},\"author\":{\"name\":\"mundo\",\"@id\":\"https:\/\/www.mundoagropecuario.cl\/new\/#\/schema\/person\/4e9f74a82a7dac260eb1c44b7eebeb18\"},\"headline\":\"La alarmante situaci\u00f3n medioambiental de Chile\",\"datePublished\":\"2019-12-06T04:55:45+00:00\",\"dateModified\":\"2019-12-12T14:52:54+00:00\",\"mainEntityOfPage\":{\"@id\":\"https:\/\/www.mundoagropecuario.cl\/new\/la-alarmante-situacion-medioambiental-de-chile\/\"},\"wordCount\":747,\"publisher\":{\"@id\":\"https:\/\/www.mundoagropecuario.cl\/new\/#organization\"},\"image\":{\"@id\":\"https:\/\/www.mundoagropecuario.cl\/new\/la-alarmante-situacion-medioambiental-de-chile\/#primaryimage\"},\"thumbnailUrl\":\"https:\/\/www.mundoagropecuario.cl\/new\/wp-content\/uploads\/2019\/09\/Humedales-.jpg\",\"keywords\":[\"Agricultura\",\"Agro\",\"bosques\",\"Humedales\",\"situaci\u00f3n medioambiental de Chile\"],\"articleSection\":[\"Sustentabilidad\"],\"inLanguage\":\"es\"},{\"@type\":\"WebPage\",\"@id\":\"https:\/\/www.mundoagropecuario.cl\/new\/la-alarmante-situacion-medioambiental-de-chile\/\",\"url\":\"https:\/\/www.mundoagropecuario.cl\/new\/la-alarmante-situacion-medioambiental-de-chile\/\",\"name\":\"La alarmante situaci\u00f3n medioambiental de Chile - Mundoagropecuario\",\"isPartOf\":{\"@id\":\"https:\/\/www.mundoagropecuario.cl\/new\/#website\"},\"primaryImageOfPage\":{\"@id\":\"https:\/\/www.mundoagropecuario.cl\/new\/la-alarmante-situacion-medioambiental-de-chile\/#primaryimage\"},\"image\":{\"@id\":\"https:\/\/www.mundoagropecuario.cl\/new\/la-alarmante-situacion-medioambiental-de-chile\/#primaryimage\"},\"thumbnailUrl\":\"https:\/\/www.mundoagropecuario.cl\/new\/wp-content\/uploads\/2019\/09\/Humedales-.jpg\",\"datePublished\":\"2019-12-06T04:55:45+00:00\",\"dateModified\":\"2019-12-12T14:52:54+00:00\",\"breadcrumb\":{\"@id\":\"https:\/\/www.mundoagropecuario.cl\/new\/la-alarmante-situacion-medioambiental-de-chile\/#breadcrumb\"},\"inLanguage\":\"es\",\"potentialAction\":[{\"@type\":\"ReadAction\",\"target\":[\"https:\/\/www.mundoagropecuario.cl\/new\/la-alarmante-situacion-medioambiental-de-chile\/\"]}]},{\"@type\":\"ImageObject\",\"inLanguage\":\"es\",\"@id\":\"https:\/\/www.mundoagropecuario.cl\/new\/la-alarmante-situacion-medioambiental-de-chile\/#primaryimage\",\"url\":\"https:\/\/www.mundoagropecuario.cl\/new\/wp-content\/uploads\/2019\/09\/Humedales-.jpg\",\"contentUrl\":\"https:\/\/www.mundoagropecuario.cl\/new\/wp-content\/uploads\/2019\/09\/Humedales-.jpg\",\"width\":605,\"height\":400},{\"@type\":\"BreadcrumbList\",\"@id\":\"https:\/\/www.mundoagropecuario.cl\/new\/la-alarmante-situacion-medioambiental-de-chile\/#breadcrumb\",\"itemListElement\":[{\"@type\":\"ListItem\",\"position\":1,\"name\":\"Portada\",\"item\":\"https:\/\/www.mundoagropecuario.cl\/new\/\"},{\"@type\":\"ListItem\",\"position\":2,\"name\":\"La alarmante situaci\u00f3n medioambiental de Chile\"}]},{\"@type\":\"WebSite\",\"@id\":\"https:\/\/www.mundoagropecuario.cl\/new\/#website\",\"url\":\"https:\/\/www.mundoagropecuario.cl\/new\/\",\"name\":\"Mundoagropecuario\",\"description\":\"Mundo Agropecuario\",\"publisher\":{\"@id\":\"https:\/\/www.mundoagropecuario.cl\/new\/#organization\"},\"potentialAction\":[{\"@type\":\"SearchAction\",\"target\":{\"@type\":\"EntryPoint\",\"urlTemplate\":\"https:\/\/www.mundoagropecuario.cl\/new\/?s={search_term_string}\"},\"query-input\":{\"@type\":\"PropertyValueSpecification\",\"valueRequired\":true,\"valueName\":\"search_term_string\"}}],\"inLanguage\":\"es\"},{\"@type\":\"Organization\",\"@id\":\"https:\/\/www.mundoagropecuario.cl\/new\/#organization\",\"name\":\"Revista de Agricultura\",\"url\":\"https:\/\/www.mundoagropecuario.cl\/new\/\",\"logo\":{\"@type\":\"ImageObject\",\"inLanguage\":\"es\",\"@id\":\"https:\/\/www.mundoagropecuario.cl\/new\/#\/schema\/logo\/image\/\",\"url\":\"https:\/\/www.mundoagropecuario.cl\/new\/wp-content\/uploads\/2020\/11\/PORTAL-1-1.png\",\"contentUrl\":\"https:\/\/www.mundoagropecuario.cl\/new\/wp-content\/uploads\/2020\/11\/PORTAL-1-1.png\",\"width\":1026,\"height\":100,\"caption\":\"Revista de Agricultura\"},\"image\":{\"@id\":\"https:\/\/www.mundoagropecuario.cl\/new\/#\/schema\/logo\/image\/\"},\"sameAs\":[\"https:\/\/www.facebook.com\/mundo.agropecuario.3\",\"https:\/\/x.com\/MundoAgropecuar\",\"https:\/\/www.linkedin.com\/in\/mundo-agropecuario-934009201\/\"]},{\"@type\":\"Person\",\"@id\":\"https:\/\/www.mundoagropecuario.cl\/new\/#\/schema\/person\/4e9f74a82a7dac260eb1c44b7eebeb18\",\"name\":\"mundo\",\"url\":\"https:\/\/www.mundoagropecuario.cl\/new\/author\/mundo\/\"}]}<\/script>\n<!-- \/ Yoast SEO plugin. -->","yoast_head_json":{"title":"La alarmante situaci\u00f3n medioambiental de Chile - Mundoagropecuario","robots":{"index":"index","follow":"follow","max-snippet":"max-snippet:-1","max-image-preview":"max-image-preview:large","max-video-preview":"max-video-preview:-1"},"canonical":"https:\/\/www.mundoagropecuario.cl\/new\/la-alarmante-situacion-medioambiental-de-chile\/","og_locale":"es_ES","og_type":"article","og_title":"La alarmante situaci\u00f3n medioambiental de Chile - Mundoagropecuario","og_description":"Un informe de la Universidad de Chile dio cuenta de la realidad que afronta nuestro pa\u00eds debido al cambio clim\u00e1tico y a la acci\u00f3n del hombre (cooperativa.cl). Una cr\u00edtica disminuci\u00f3n...","og_url":"https:\/\/www.mundoagropecuario.cl\/new\/la-alarmante-situacion-medioambiental-de-chile\/","og_site_name":"Mundoagropecuario","article_publisher":"https:\/\/www.facebook.com\/mundo.agropecuario.3","article_published_time":"2019-12-06T04:55:45+00:00","article_modified_time":"2019-12-12T14:52:54+00:00","og_image":[{"width":750,"height":496,"url":"https:\/\/www.mundoagropecuario.cl\/new\/wp-content\/uploads\/2019\/09\/Humedales-.jpg","type":"image\/jpeg"}],"author":"mundo","twitter_card":"summary_large_image","twitter_creator":"@MundoAgropecuar","twitter_site":"@MundoAgropecuar","twitter_misc":{"Escrito por":"mundo","Tiempo de lectura":"4 minutos"},"schema":{"@context":"https:\/\/schema.org","@graph":[{"@type":"Article","@id":"https:\/\/www.mundoagropecuario.cl\/new\/la-alarmante-situacion-medioambiental-de-chile\/#article","isPartOf":{"@id":"https:\/\/www.mundoagropecuario.cl\/new\/la-alarmante-situacion-medioambiental-de-chile\/"},"author":{"name":"mundo","@id":"https:\/\/www.mundoagropecuario.cl\/new\/#\/schema\/person\/4e9f74a82a7dac260eb1c44b7eebeb18"},"headline":"La alarmante situaci\u00f3n medioambiental de Chile","datePublished":"2019-12-06T04:55:45+00:00","dateModified":"2019-12-12T14:52:54+00:00","mainEntityOfPage":{"@id":"https:\/\/www.mundoagropecuario.cl\/new\/la-alarmante-situacion-medioambiental-de-chile\/"},"wordCount":747,"publisher":{"@id":"https:\/\/www.mundoagropecuario.cl\/new\/#organization"},"image":{"@id":"https:\/\/www.mundoagropecuario.cl\/new\/la-alarmante-situacion-medioambiental-de-chile\/#primaryimage"},"thumbnailUrl":"https:\/\/www.mundoagropecuario.cl\/new\/wp-content\/uploads\/2019\/09\/Humedales-.jpg","keywords":["Agricultura","Agro","bosques","Humedales","situaci\u00f3n medioambiental de Chile"],"articleSection":["Sustentabilidad"],"inLanguage":"es"},{"@type":"WebPage","@id":"https:\/\/www.mundoagropecuario.cl\/new\/la-alarmante-situacion-medioambiental-de-chile\/","url":"https:\/\/www.mundoagropecuario.cl\/new\/la-alarmante-situacion-medioambiental-de-chile\/","name":"La alarmante situaci\u00f3n medioambiental de Chile - Mundoagropecuario","isPartOf":{"@id":"https:\/\/www.mundoagropecuario.cl\/new\/#website"},"primaryImageOfPage":{"@id":"https:\/\/www.mundoagropecuario.cl\/new\/la-alarmante-situacion-medioambiental-de-chile\/#primaryimage"},"image":{"@id":"https:\/\/www.mundoagropecuario.cl\/new\/la-alarmante-situacion-medioambiental-de-chile\/#primaryimage"},"thumbnailUrl":"https:\/\/www.mundoagropecuario.cl\/new\/wp-content\/uploads\/2019\/09\/Humedales-.jpg","datePublished":"2019-12-06T04:55:45+00:00","dateModified":"2019-12-12T14:52:54+00:00","breadcrumb":{"@id":"https:\/\/www.mundoagropecuario.cl\/new\/la-alarmante-situacion-medioambiental-de-chile\/#breadcrumb"},"inLanguage":"es","potentialAction":[{"@type":"ReadAction","target":["https:\/\/www.mundoagropecuario.cl\/new\/la-alarmante-situacion-medioambiental-de-chile\/"]}]},{"@type":"ImageObject","inLanguage":"es","@id":"https:\/\/www.mundoagropecuario.cl\/new\/la-alarmante-situacion-medioambiental-de-chile\/#primaryimage","url":"https:\/\/www.mundoagropecuario.cl\/new\/wp-content\/uploads\/2019\/09\/Humedales-.jpg","contentUrl":"https:\/\/www.mundoagropecuario.cl\/new\/wp-content\/uploads\/2019\/09\/Humedales-.jpg","width":605,"height":400},{"@type":"BreadcrumbList","@id":"https:\/\/www.mundoagropecuario.cl\/new\/la-alarmante-situacion-medioambiental-de-chile\/#breadcrumb","itemListElement":[{"@type":"ListItem","position":1,"name":"Portada","item":"https:\/\/www.mundoagropecuario.cl\/new\/"},{"@type":"ListItem","position":2,"name":"La alarmante situaci\u00f3n medioambiental de Chile"}]},{"@type":"WebSite","@id":"https:\/\/www.mundoagropecuario.cl\/new\/#website","url":"https:\/\/www.mundoagropecuario.cl\/new\/","name":"Mundoagropecuario","description":"Mundo Agropecuario","publisher":{"@id":"https:\/\/www.mundoagropecuario.cl\/new\/#organization"},"potentialAction":[{"@type":"SearchAction","target":{"@type":"EntryPoint","urlTemplate":"https:\/\/www.mundoagropecuario.cl\/new\/?s={search_term_string}"},"query-input":{"@type":"PropertyValueSpecification","valueRequired":true,"valueName":"search_term_string"}}],"inLanguage":"es"},{"@type":"Organization","@id":"https:\/\/www.mundoagropecuario.cl\/new\/#organization","name":"Revista de Agricultura","url":"https:\/\/www.mundoagropecuario.cl\/new\/","logo":{"@type":"ImageObject","inLanguage":"es","@id":"https:\/\/www.mundoagropecuario.cl\/new\/#\/schema\/logo\/image\/","url":"https:\/\/www.mundoagropecuario.cl\/new\/wp-content\/uploads\/2020\/11\/PORTAL-1-1.png","contentUrl":"https:\/\/www.mundoagropecuario.cl\/new\/wp-content\/uploads\/2020\/11\/PORTAL-1-1.png","width":1026,"height":100,"caption":"Revista de Agricultura"},"image":{"@id":"https:\/\/www.mundoagropecuario.cl\/new\/#\/schema\/logo\/image\/"},"sameAs":["https:\/\/www.facebook.com\/mundo.agropecuario.3","https:\/\/x.com\/MundoAgropecuar","https:\/\/www.linkedin.com\/in\/mundo-agropecuario-934009201\/"]},{"@type":"Person","@id":"https:\/\/www.mundoagropecuario.cl\/new\/#\/schema\/person\/4e9f74a82a7dac260eb1c44b7eebeb18","name":"mundo","url":"https:\/\/www.mundoagropecuario.cl\/new\/author\/mundo\/"}]}},"_links":{"self":[{"href":"https:\/\/www.mundoagropecuario.cl\/new\/wp-json\/wp\/v2\/posts\/15098","targetHints":{"allow":["GET"]}}],"collection":[{"href":"https:\/\/www.mundoagropecuario.cl\/new\/wp-json\/wp\/v2\/posts"}],"about":[{"href":"https:\/\/www.mundoagropecuario.cl\/new\/wp-json\/wp\/v2\/types\/post"}],"author":[{"embeddable":true,"href":"https:\/\/www.mundoagropecuario.cl\/new\/wp-json\/wp\/v2\/users\/2"}],"replies":[{"embeddable":true,"href":"https:\/\/www.mundoagropecuario.cl\/new\/wp-json\/wp\/v2\/comments?post=15098"}],"version-history":[{"count":1,"href":"https:\/\/www.mundoagropecuario.cl\/new\/wp-json\/wp\/v2\/posts\/15098\/revisions"}],"predecessor-version":[{"id":15099,"href":"https:\/\/www.mundoagropecuario.cl\/new\/wp-json\/wp\/v2\/posts\/15098\/revisions\/15099"}],"wp:featuredmedia":[{"embeddable":true,"href":"https:\/\/www.mundoagropecuario.cl\/new\/wp-json\/wp\/v2\/media\/14040"}],"wp:attachment":[{"href":"https:\/\/www.mundoagropecuario.cl\/new\/wp-json\/wp\/v2\/media?parent=15098"}],"wp:term":[{"taxonomy":"category","embeddable":true,"href":"https:\/\/www.mundoagropecuario.cl\/new\/wp-json\/wp\/v2\/categories?post=15098"},{"taxonomy":"post_tag","embeddable":true,"href":"https:\/\/www.mundoagropecuario.cl\/new\/wp-json\/wp\/v2\/tags?post=15098"}],"curies":[{"name":"wp","href":"https:\/\/api.w.org\/{rel}","templated":true}]}}