{"id":15080,"date":"2019-12-06T01:54:47","date_gmt":"2019-12-06T04:54:47","guid":{"rendered":"http:\/\/www.mundoagropecuario.cl\/new\/?p=15080"},"modified":"2019-12-06T00:04:54","modified_gmt":"2019-12-06T03:04:54","slug":"lanzan-nueva-plataforma-de-colaboracion-agricola-en-la-cop25","status":"publish","type":"post","link":"https:\/\/www.mundoagropecuario.cl\/new\/lanzan-nueva-plataforma-de-colaboracion-agricola-en-la-cop25\/","title":{"rendered":"Lanzan nueva plataforma de colaboraci\u00f3n agr\u00edcola en la COP25"},"content":{"rendered":"\n<ul class=\"wp-block-gallery columns-0 is-cropped wp-block-gallery-1 is-layout-flex wp-block-gallery-is-layout-flex\"><\/ul>\n\n\n\n<p><\/p>\n\n\n\n<p class=\"has-medium-font-size\"><em>El ministro de Agricultura y el de Ciencia, Tecnolog\u00eda, Conocimiento e Innovaci\u00f3n participaron en la presentaci\u00f3n de la Plataforma de Acci\u00f3n Clim\u00e1tica en Agricultura para Latinoam\u00e9rica y el Caribe (PLACA). (emol.com).<\/em><\/p>\n\n\n\n<p>En la cuarta jornada de la COP25, la cual se desarrolla en Madrid y es presidida por Chile, se realiz\u00f3 el lanzamiento oficial de una nueva plataforma de colaboraci\u00f3n agr\u00edcola para afrontar la crisis clim\u00e1tica. La Plataforma de Acci\u00f3n Clim\u00e1tica en Agricultura de Latinoam\u00e9rica y el Caribe (PLACA) tiene el objetivo de incentivar y potenciar la colaboraci\u00f3n entre los pa\u00edses de la regi\u00f3n y as\u00ed implementar medidas de acci\u00f3n clim\u00e1tica en la agricultura. As\u00ed, se espera generar un intercambio de pr\u00e1cticas que promueve el cuidado del medio ambiente.<\/p>\n\n\n\n<p>La medida fue anunciada en el &#8220;D\u00eda Silvoagropecuario&#8221; de la cumbre medioambiental y los ministros de Ciencia, Tecnolog\u00eda, Conocimiento e Innovaci\u00f3n, Andr\u00e9s Couve, y el de Agronom\u00eda, Antonio Walker, participaron del evento en Espa\u00f1a. Tambi\u00e9n asisti\u00f3 el High-level Champion de la COP, Gonzalo Mu\u00f1oz. <\/p>\n\n\n\n<p> Durante la presentaci\u00f3n, Andr\u00e9s Couve destac\u00f3 que &#8220;hemos estado trabajando en equipo para el desarrollo de transferencia tecnol\u00f3gica para el cambio clim\u00e1tico el cual tendr\u00e1 un foco en la adaptaci\u00f3n y ponemos como ejemplo concreto la agricultura&#8221;. Adem\u00e1s, coment\u00f3 que se encuentran trabajando junto al ministerio de Agricultura para lograr este objetivo.<\/p>\n\n\n\n<p>Por su parte, el titular de dicha cartera, Antonio Walker, destac\u00f3 que &#8220;tenemos el desaf\u00edo de profundizar la b\u00fasqueda de soluciones sectoriales a problemas comunes producto del cambio clim\u00e1tico que afecta a la agricultura. Por eso converger y compartir los avances entre pa\u00edses es un gran desarrollo para que los sectores m\u00e1s afectados puedan ir solucionando diversas materias, por esto la articulaci\u00f3n de esta instancia es fundamental para que la agricultura siga creciendo en el mundo&#8221;. <\/p>\n\n\n\n<p>&#8220;Invitamos a todos los pa\u00edses de Am\u00e9rica Latina a que se integren a esta plataforma que nos va a permitir cuidar nuestro planeta, mitigar el cambio clim\u00e1tico, adecuar las pr\u00e1cticas agr\u00edcolas a este nuevo escenario de cambio clim\u00e1tico&#8221;, mencion\u00f3 en el discurso de presentaci\u00f3n. <\/p>\n\n\n\n<p>El ministro agreg\u00f3 que &#8220;PLACA no es otra cosa que una gran transmisi\u00f3n, transferencia de conocimientos, para que podamos enfrentar, no como pa\u00eds individual el cambio clim\u00e1tico, sino que como continente&#8221;. <\/p>\n\n\n\n<p>Adem\u00e1s, Walker inform\u00f3, durante este jueves, una ampliaci\u00f3n en la Contribuci\u00f3n Nacional Determinada de Chile en materia forestal. A trav\u00e9s de Twitter, el secretario de Estado anunci\u00f3 que el esfuerzo de Chile pasar\u00e1 de 100 mil a 200 mil hect\u00e1reas en cuanto a forestaci\u00f3n. Misma cifra para hect\u00e1reas de manejo de bosque nativo e inform\u00f3 que esperan disminuir en 25% la deforestaci\u00f3n y la degradaci\u00f3n de suelos.<\/p>\n","protected":false},"excerpt":{"rendered":"<p>El ministro de Agricultura y el de Ciencia, Tecnolog\u00eda, Conocimiento e Innovaci\u00f3n participaron en la presentaci\u00f3n de la Plataforma de Acci\u00f3n Clim\u00e1tica en Agricultura para Latinoam\u00e9rica y el Caribe (PLACA)&#8230;.<\/p>\n","protected":false},"author":2,"featured_media":13249,"comment_status":"closed","ping_status":"closed","sticky":false,"template":"","format":"standard","meta":{"footnotes":""},"categories":[1945],"tags":[4124,3127,3693,2448],"class_list":["post-15080","post","type-post","status-publish","format-standard","has-post-thumbnail","hentry","category-agricultura","tag-agricola","tag-agro","tag-cop25","tag-ministro-walker"],"yoast_head":"<!-- This site is optimized with the Yoast SEO plugin v26.6 - https:\/\/yoast.com\/wordpress\/plugins\/seo\/ -->\n<title>Lanzan nueva plataforma de colaboraci\u00f3n agr\u00edcola en la COP25 - Mundoagropecuario<\/title>\n<meta name=\"robots\" content=\"index, follow, max-snippet:-1, max-image-preview:large, max-video-preview:-1\" \/>\n<link rel=\"canonical\" href=\"https:\/\/www.mundoagropecuario.cl\/new\/lanzan-nueva-plataforma-de-colaboracion-agricola-en-la-cop25\/\" \/>\n<meta property=\"og:locale\" content=\"es_ES\" \/>\n<meta property=\"og:type\" content=\"article\" \/>\n<meta property=\"og:title\" content=\"Lanzan nueva plataforma de colaboraci\u00f3n agr\u00edcola en la COP25 - Mundoagropecuario\" \/>\n<meta property=\"og:description\" content=\"El ministro de Agricultura y el de Ciencia, Tecnolog\u00eda, Conocimiento e Innovaci\u00f3n participaron en la presentaci\u00f3n de la Plataforma de Acci\u00f3n Clim\u00e1tica en Agricultura para Latinoam\u00e9rica y el Caribe (PLACA)....\" \/>\n<meta property=\"og:url\" content=\"https:\/\/www.mundoagropecuario.cl\/new\/lanzan-nueva-plataforma-de-colaboracion-agricola-en-la-cop25\/\" \/>\n<meta property=\"og:site_name\" content=\"Mundoagropecuario\" \/>\n<meta property=\"article:publisher\" content=\"https:\/\/www.facebook.com\/mundo.agropecuario.3\" \/>\n<meta property=\"article:published_time\" content=\"2019-12-06T04:54:47+00:00\" \/>\n<meta property=\"og:image\" content=\"https:\/\/www.mundoagropecuario.cl\/new\/wp-content\/uploads\/2019\/08\/agro2-e1576075155757.jpg\" \/>\n\t<meta property=\"og:image:width\" content=\"675\" \/>\n\t<meta property=\"og:image:height\" content=\"478\" \/>\n\t<meta property=\"og:image:type\" content=\"image\/jpeg\" \/>\n<meta name=\"author\" content=\"mundo\" \/>\n<meta name=\"twitter:card\" content=\"summary_large_image\" \/>\n<meta name=\"twitter:creator\" content=\"@MundoAgropecuar\" \/>\n<meta name=\"twitter:site\" content=\"@MundoAgropecuar\" \/>\n<meta name=\"twitter:label1\" content=\"Escrito por\" \/>\n\t<meta name=\"twitter:data1\" content=\"mundo\" \/>\n\t<meta name=\"twitter:label2\" content=\"Tiempo de lectura\" \/>\n\t<meta name=\"twitter:data2\" content=\"2 minutos\" \/>\n<script type=\"application\/ld+json\" class=\"yoast-schema-graph\">{\"@context\":\"https:\/\/schema.org\",\"@graph\":[{\"@type\":\"Article\",\"@id\":\"https:\/\/www.mundoagropecuario.cl\/new\/lanzan-nueva-plataforma-de-colaboracion-agricola-en-la-cop25\/#article\",\"isPartOf\":{\"@id\":\"https:\/\/www.mundoagropecuario.cl\/new\/lanzan-nueva-plataforma-de-colaboracion-agricola-en-la-cop25\/\"},\"author\":{\"name\":\"mundo\",\"@id\":\"https:\/\/www.mundoagropecuario.cl\/new\/#\/schema\/person\/4e9f74a82a7dac260eb1c44b7eebeb18\"},\"headline\":\"Lanzan nueva plataforma de colaboraci\u00f3n agr\u00edcola en la COP25\",\"datePublished\":\"2019-12-06T04:54:47+00:00\",\"mainEntityOfPage\":{\"@id\":\"https:\/\/www.mundoagropecuario.cl\/new\/lanzan-nueva-plataforma-de-colaboracion-agricola-en-la-cop25\/\"},\"wordCount\":499,\"publisher\":{\"@id\":\"https:\/\/www.mundoagropecuario.cl\/new\/#organization\"},\"image\":{\"@id\":\"https:\/\/www.mundoagropecuario.cl\/new\/lanzan-nueva-plataforma-de-colaboracion-agricola-en-la-cop25\/#primaryimage\"},\"thumbnailUrl\":\"https:\/\/www.mundoagropecuario.cl\/new\/wp-content\/uploads\/2019\/08\/agro2-e1576075155757.jpg\",\"keywords\":[\"agricola\",\"Agro\",\"COP25\",\"Ministro Walker\"],\"articleSection\":[\"Agricultura\"],\"inLanguage\":\"es\"},{\"@type\":\"WebPage\",\"@id\":\"https:\/\/www.mundoagropecuario.cl\/new\/lanzan-nueva-plataforma-de-colaboracion-agricola-en-la-cop25\/\",\"url\":\"https:\/\/www.mundoagropecuario.cl\/new\/lanzan-nueva-plataforma-de-colaboracion-agricola-en-la-cop25\/\",\"name\":\"Lanzan nueva plataforma de colaboraci\u00f3n agr\u00edcola en la COP25 - Mundoagropecuario\",\"isPartOf\":{\"@id\":\"https:\/\/www.mundoagropecuario.cl\/new\/#website\"},\"primaryImageOfPage\":{\"@id\":\"https:\/\/www.mundoagropecuario.cl\/new\/lanzan-nueva-plataforma-de-colaboracion-agricola-en-la-cop25\/#primaryimage\"},\"image\":{\"@id\":\"https:\/\/www.mundoagropecuario.cl\/new\/lanzan-nueva-plataforma-de-colaboracion-agricola-en-la-cop25\/#primaryimage\"},\"thumbnailUrl\":\"https:\/\/www.mundoagropecuario.cl\/new\/wp-content\/uploads\/2019\/08\/agro2-e1576075155757.jpg\",\"datePublished\":\"2019-12-06T04:54:47+00:00\",\"breadcrumb\":{\"@id\":\"https:\/\/www.mundoagropecuario.cl\/new\/lanzan-nueva-plataforma-de-colaboracion-agricola-en-la-cop25\/#breadcrumb\"},\"inLanguage\":\"es\",\"potentialAction\":[{\"@type\":\"ReadAction\",\"target\":[\"https:\/\/www.mundoagropecuario.cl\/new\/lanzan-nueva-plataforma-de-colaboracion-agricola-en-la-cop25\/\"]}]},{\"@type\":\"ImageObject\",\"inLanguage\":\"es\",\"@id\":\"https:\/\/www.mundoagropecuario.cl\/new\/lanzan-nueva-plataforma-de-colaboracion-agricola-en-la-cop25\/#primaryimage\",\"url\":\"https:\/\/www.mundoagropecuario.cl\/new\/wp-content\/uploads\/2019\/08\/agro2-e1576075155757.jpg\",\"contentUrl\":\"https:\/\/www.mundoagropecuario.cl\/new\/wp-content\/uploads\/2019\/08\/agro2-e1576075155757.jpg\",\"width\":565,\"height\":400},{\"@type\":\"BreadcrumbList\",\"@id\":\"https:\/\/www.mundoagropecuario.cl\/new\/lanzan-nueva-plataforma-de-colaboracion-agricola-en-la-cop25\/#breadcrumb\",\"itemListElement\":[{\"@type\":\"ListItem\",\"position\":1,\"name\":\"Portada\",\"item\":\"https:\/\/www.mundoagropecuario.cl\/new\/\"},{\"@type\":\"ListItem\",\"position\":2,\"name\":\"Lanzan nueva plataforma de colaboraci\u00f3n agr\u00edcola en la COP25\"}]},{\"@type\":\"WebSite\",\"@id\":\"https:\/\/www.mundoagropecuario.cl\/new\/#website\",\"url\":\"https:\/\/www.mundoagropecuario.cl\/new\/\",\"name\":\"Mundoagropecuario\",\"description\":\"Mundo Agropecuario\",\"publisher\":{\"@id\":\"https:\/\/www.mundoagropecuario.cl\/new\/#organization\"},\"potentialAction\":[{\"@type\":\"SearchAction\",\"target\":{\"@type\":\"EntryPoint\",\"urlTemplate\":\"https:\/\/www.mundoagropecuario.cl\/new\/?s={search_term_string}\"},\"query-input\":{\"@type\":\"PropertyValueSpecification\",\"valueRequired\":true,\"valueName\":\"search_term_string\"}}],\"inLanguage\":\"es\"},{\"@type\":\"Organization\",\"@id\":\"https:\/\/www.mundoagropecuario.cl\/new\/#organization\",\"name\":\"Revista de Agricultura\",\"url\":\"https:\/\/www.mundoagropecuario.cl\/new\/\",\"logo\":{\"@type\":\"ImageObject\",\"inLanguage\":\"es\",\"@id\":\"https:\/\/www.mundoagropecuario.cl\/new\/#\/schema\/logo\/image\/\",\"url\":\"https:\/\/www.mundoagropecuario.cl\/new\/wp-content\/uploads\/2020\/11\/PORTAL-1-1.png\",\"contentUrl\":\"https:\/\/www.mundoagropecuario.cl\/new\/wp-content\/uploads\/2020\/11\/PORTAL-1-1.png\",\"width\":1026,\"height\":100,\"caption\":\"Revista de Agricultura\"},\"image\":{\"@id\":\"https:\/\/www.mundoagropecuario.cl\/new\/#\/schema\/logo\/image\/\"},\"sameAs\":[\"https:\/\/www.facebook.com\/mundo.agropecuario.3\",\"https:\/\/x.com\/MundoAgropecuar\",\"https:\/\/www.linkedin.com\/in\/mundo-agropecuario-934009201\/\"]},{\"@type\":\"Person\",\"@id\":\"https:\/\/www.mundoagropecuario.cl\/new\/#\/schema\/person\/4e9f74a82a7dac260eb1c44b7eebeb18\",\"name\":\"mundo\",\"url\":\"https:\/\/www.mundoagropecuario.cl\/new\/author\/mundo\/\"}]}<\/script>\n<!-- \/ Yoast SEO plugin. -->","yoast_head_json":{"title":"Lanzan nueva plataforma de colaboraci\u00f3n agr\u00edcola en la COP25 - Mundoagropecuario","robots":{"index":"index","follow":"follow","max-snippet":"max-snippet:-1","max-image-preview":"max-image-preview:large","max-video-preview":"max-video-preview:-1"},"canonical":"https:\/\/www.mundoagropecuario.cl\/new\/lanzan-nueva-plataforma-de-colaboracion-agricola-en-la-cop25\/","og_locale":"es_ES","og_type":"article","og_title":"Lanzan nueva plataforma de colaboraci\u00f3n agr\u00edcola en la COP25 - Mundoagropecuario","og_description":"El ministro de Agricultura y el de Ciencia, Tecnolog\u00eda, Conocimiento e Innovaci\u00f3n participaron en la presentaci\u00f3n de la Plataforma de Acci\u00f3n Clim\u00e1tica en Agricultura para Latinoam\u00e9rica y el Caribe (PLACA)....","og_url":"https:\/\/www.mundoagropecuario.cl\/new\/lanzan-nueva-plataforma-de-colaboracion-agricola-en-la-cop25\/","og_site_name":"Mundoagropecuario","article_publisher":"https:\/\/www.facebook.com\/mundo.agropecuario.3","article_published_time":"2019-12-06T04:54:47+00:00","og_image":[{"width":675,"height":478,"url":"https:\/\/www.mundoagropecuario.cl\/new\/wp-content\/uploads\/2019\/08\/agro2-e1576075155757.jpg","type":"image\/jpeg"}],"author":"mundo","twitter_card":"summary_large_image","twitter_creator":"@MundoAgropecuar","twitter_site":"@MundoAgropecuar","twitter_misc":{"Escrito por":"mundo","Tiempo de lectura":"2 minutos"},"schema":{"@context":"https:\/\/schema.org","@graph":[{"@type":"Article","@id":"https:\/\/www.mundoagropecuario.cl\/new\/lanzan-nueva-plataforma-de-colaboracion-agricola-en-la-cop25\/#article","isPartOf":{"@id":"https:\/\/www.mundoagropecuario.cl\/new\/lanzan-nueva-plataforma-de-colaboracion-agricola-en-la-cop25\/"},"author":{"name":"mundo","@id":"https:\/\/www.mundoagropecuario.cl\/new\/#\/schema\/person\/4e9f74a82a7dac260eb1c44b7eebeb18"},"headline":"Lanzan nueva plataforma de colaboraci\u00f3n agr\u00edcola en la COP25","datePublished":"2019-12-06T04:54:47+00:00","mainEntityOfPage":{"@id":"https:\/\/www.mundoagropecuario.cl\/new\/lanzan-nueva-plataforma-de-colaboracion-agricola-en-la-cop25\/"},"wordCount":499,"publisher":{"@id":"https:\/\/www.mundoagropecuario.cl\/new\/#organization"},"image":{"@id":"https:\/\/www.mundoagropecuario.cl\/new\/lanzan-nueva-plataforma-de-colaboracion-agricola-en-la-cop25\/#primaryimage"},"thumbnailUrl":"https:\/\/www.mundoagropecuario.cl\/new\/wp-content\/uploads\/2019\/08\/agro2-e1576075155757.jpg","keywords":["agricola","Agro","COP25","Ministro Walker"],"articleSection":["Agricultura"],"inLanguage":"es"},{"@type":"WebPage","@id":"https:\/\/www.mundoagropecuario.cl\/new\/lanzan-nueva-plataforma-de-colaboracion-agricola-en-la-cop25\/","url":"https:\/\/www.mundoagropecuario.cl\/new\/lanzan-nueva-plataforma-de-colaboracion-agricola-en-la-cop25\/","name":"Lanzan nueva plataforma de colaboraci\u00f3n agr\u00edcola en la COP25 - Mundoagropecuario","isPartOf":{"@id":"https:\/\/www.mundoagropecuario.cl\/new\/#website"},"primaryImageOfPage":{"@id":"https:\/\/www.mundoagropecuario.cl\/new\/lanzan-nueva-plataforma-de-colaboracion-agricola-en-la-cop25\/#primaryimage"},"image":{"@id":"https:\/\/www.mundoagropecuario.cl\/new\/lanzan-nueva-plataforma-de-colaboracion-agricola-en-la-cop25\/#primaryimage"},"thumbnailUrl":"https:\/\/www.mundoagropecuario.cl\/new\/wp-content\/uploads\/2019\/08\/agro2-e1576075155757.jpg","datePublished":"2019-12-06T04:54:47+00:00","breadcrumb":{"@id":"https:\/\/www.mundoagropecuario.cl\/new\/lanzan-nueva-plataforma-de-colaboracion-agricola-en-la-cop25\/#breadcrumb"},"inLanguage":"es","potentialAction":[{"@type":"ReadAction","target":["https:\/\/www.mundoagropecuario.cl\/new\/lanzan-nueva-plataforma-de-colaboracion-agricola-en-la-cop25\/"]}]},{"@type":"ImageObject","inLanguage":"es","@id":"https:\/\/www.mundoagropecuario.cl\/new\/lanzan-nueva-plataforma-de-colaboracion-agricola-en-la-cop25\/#primaryimage","url":"https:\/\/www.mundoagropecuario.cl\/new\/wp-content\/uploads\/2019\/08\/agro2-e1576075155757.jpg","contentUrl":"https:\/\/www.mundoagropecuario.cl\/new\/wp-content\/uploads\/2019\/08\/agro2-e1576075155757.jpg","width":565,"height":400},{"@type":"BreadcrumbList","@id":"https:\/\/www.mundoagropecuario.cl\/new\/lanzan-nueva-plataforma-de-colaboracion-agricola-en-la-cop25\/#breadcrumb","itemListElement":[{"@type":"ListItem","position":1,"name":"Portada","item":"https:\/\/www.mundoagropecuario.cl\/new\/"},{"@type":"ListItem","position":2,"name":"Lanzan nueva plataforma de colaboraci\u00f3n agr\u00edcola en la COP25"}]},{"@type":"WebSite","@id":"https:\/\/www.mundoagropecuario.cl\/new\/#website","url":"https:\/\/www.mundoagropecuario.cl\/new\/","name":"Mundoagropecuario","description":"Mundo Agropecuario","publisher":{"@id":"https:\/\/www.mundoagropecuario.cl\/new\/#organization"},"potentialAction":[{"@type":"SearchAction","target":{"@type":"EntryPoint","urlTemplate":"https:\/\/www.mundoagropecuario.cl\/new\/?s={search_term_string}"},"query-input":{"@type":"PropertyValueSpecification","valueRequired":true,"valueName":"search_term_string"}}],"inLanguage":"es"},{"@type":"Organization","@id":"https:\/\/www.mundoagropecuario.cl\/new\/#organization","name":"Revista de Agricultura","url":"https:\/\/www.mundoagropecuario.cl\/new\/","logo":{"@type":"ImageObject","inLanguage":"es","@id":"https:\/\/www.mundoagropecuario.cl\/new\/#\/schema\/logo\/image\/","url":"https:\/\/www.mundoagropecuario.cl\/new\/wp-content\/uploads\/2020\/11\/PORTAL-1-1.png","contentUrl":"https:\/\/www.mundoagropecuario.cl\/new\/wp-content\/uploads\/2020\/11\/PORTAL-1-1.png","width":1026,"height":100,"caption":"Revista de Agricultura"},"image":{"@id":"https:\/\/www.mundoagropecuario.cl\/new\/#\/schema\/logo\/image\/"},"sameAs":["https:\/\/www.facebook.com\/mundo.agropecuario.3","https:\/\/x.com\/MundoAgropecuar","https:\/\/www.linkedin.com\/in\/mundo-agropecuario-934009201\/"]},{"@type":"Person","@id":"https:\/\/www.mundoagropecuario.cl\/new\/#\/schema\/person\/4e9f74a82a7dac260eb1c44b7eebeb18","name":"mundo","url":"https:\/\/www.mundoagropecuario.cl\/new\/author\/mundo\/"}]}},"_links":{"self":[{"href":"https:\/\/www.mundoagropecuario.cl\/new\/wp-json\/wp\/v2\/posts\/15080","targetHints":{"allow":["GET"]}}],"collection":[{"href":"https:\/\/www.mundoagropecuario.cl\/new\/wp-json\/wp\/v2\/posts"}],"about":[{"href":"https:\/\/www.mundoagropecuario.cl\/new\/wp-json\/wp\/v2\/types\/post"}],"author":[{"embeddable":true,"href":"https:\/\/www.mundoagropecuario.cl\/new\/wp-json\/wp\/v2\/users\/2"}],"replies":[{"embeddable":true,"href":"https:\/\/www.mundoagropecuario.cl\/new\/wp-json\/wp\/v2\/comments?post=15080"}],"version-history":[{"count":1,"href":"https:\/\/www.mundoagropecuario.cl\/new\/wp-json\/wp\/v2\/posts\/15080\/revisions"}],"predecessor-version":[{"id":15081,"href":"https:\/\/www.mundoagropecuario.cl\/new\/wp-json\/wp\/v2\/posts\/15080\/revisions\/15081"}],"wp:featuredmedia":[{"embeddable":true,"href":"https:\/\/www.mundoagropecuario.cl\/new\/wp-json\/wp\/v2\/media\/13249"}],"wp:attachment":[{"href":"https:\/\/www.mundoagropecuario.cl\/new\/wp-json\/wp\/v2\/media?parent=15080"}],"wp:term":[{"taxonomy":"category","embeddable":true,"href":"https:\/\/www.mundoagropecuario.cl\/new\/wp-json\/wp\/v2\/categories?post=15080"},{"taxonomy":"post_tag","embeddable":true,"href":"https:\/\/www.mundoagropecuario.cl\/new\/wp-json\/wp\/v2\/tags?post=15080"}],"curies":[{"name":"wp","href":"https:\/\/api.w.org\/{rel}","templated":true}]}}