{"id":15058,"date":"2019-12-05T01:59:26","date_gmt":"2019-12-05T04:59:26","guid":{"rendered":"http:\/\/www.mundoagropecuario.cl\/new\/?p=15058"},"modified":"2019-12-04T23:36:57","modified_gmt":"2019-12-05T02:36:57","slug":"cnr-lanza-programa-de-saneamiento-de-derechos-de-aprovechamiento-de-aguas","status":"publish","type":"post","link":"https:\/\/www.mundoagropecuario.cl\/new\/cnr-lanza-programa-de-saneamiento-de-derechos-de-aprovechamiento-de-aguas\/","title":{"rendered":"Lanzan programa de saneamiento de derechos de aguas para regantes del embalse Puclaro"},"content":{"rendered":"\n<ul class=\"wp-block-gallery columns-0 is-cropped wp-block-gallery-1 is-layout-flex wp-block-gallery-is-layout-flex\"><\/ul>\n\n\n\n<p><\/p>\n\n\n\n<p class=\"has-medium-font-size\"><em>Este programa se ejecutar\u00e1 durante 2 a\u00f1os y contempla una inversi\u00f3n de unos $190 millones (Mundo Agropecuario).<\/em><\/p>\n\n\n\n<p>Gran inter\u00e9s&nbsp;&nbsp;gener\u00f3 entre los regantes del r\u00edo Elqui el inicio del Programa de \u201cSaneamiento de Derechos de Aprovechamiento de Aguas para Suscripci\u00f3n de acciones del Embalse Puclaro\u201d, iniciativa de la Comisi\u00f3n Nacional de Riego (CNR) que contar con la n\u00f3mina actualizada de los usuarios interesados en suscribir acciones con diagn\u00f3stico legal de sus derechos de aguas a la Junta de Vigilancia del R\u00edo Elqui, adem\u00e1s de sanear alrededor de 500 derechos de aguas de usuarios con compromiso de suscripci\u00f3n de acciones del Embalse Puclaro.<\/p>\n\n\n\n<p>Durante la actividad de lanzamiento, la Jefa de la Divisi\u00f3n Estudios, Desarrollo y Pol\u00edticas de la CNR, M\u00f3nica Rodr\u00edguez, destac\u00f3 que \u201cel objetivo principal de este programa es apoyar a la Junta de Vigilancia del R\u00edo Elqui en el saneamiento de los derechos de agua para la suscripci\u00f3n de escrituras del embalse Puclaro que est\u00e1 en propiedad y en administraci\u00f3n de la junta de vigilancia\u201d.<\/p>\n\n\n\n<p>En ese sentido, se explic\u00f3 que es necesario que cada uno de los regantes suscriba la escritura de compromiso de reembolso y despu\u00e9s pueda hacer el pago del 25% que es lo que comprometi\u00f3 para la construcci\u00f3n del embalse.<\/p>\n\n\n\n<p>\u201cContar con la certeza jur\u00eddica, contar con el derecho regularizado les permite postular a los recursos de la Ley de Fomento al Riego, adem\u00e1s de la plusval\u00eda que otorga tener las acciones de agua. Regularizadas. Es un beneficio integral, no s\u00f3lo para ser due\u00f1o del embalse, sino que para ser un regante con certeza jur\u00eddica. La regi\u00f3n tiene una ventaja respecto a otras regiones al tener importantes embalses, lo que ha permitido enfrentar esta temporada y contar con agua para mantener la agricultura y hacer un uso eficiente del recurso h\u00eddrico\u201d, agreg\u00f3 M\u00f3nica Rodr\u00edguez.<\/p>\n\n\n\n<p>En tanto, el Coordinador Zonal Norte Chico de la CNR, Halid Daud, se\u00f1al\u00f3 que \u201cestamos muy contentos de iniciar este programa, ya que es una necesidad muy sentida por la Junta de Vigilancia del R\u00edo Elqui, que nos solicit\u00f3 que los apoy\u00e1ramos porque la realidad de las juntas de vigilancia de la regi\u00f3n es que est\u00e1n constituidas por peque\u00f1os regantes que son muy vulnerables y necesitan nuestro apoyo para poder sanear, regularizar y perfeccionar sus derechos, en este caso, en el embalse Puclaro\u201d.&nbsp;<\/p>\n\n\n\n<p>Para Daud, \u201cesto ayuda a hacer una mejor gesti\u00f3n del recurso h\u00eddrico, a que sean due\u00f1os de sus derechos, lo que para nosotros como Gobierno del Presidente Sebasti\u00e1n Pi\u00f1era es muy relevante, donde la certeza jur\u00eddica se traduce en un mejor uso y hoy como CNR tenemos un sello social, donde adem\u00e1s, estamos potenciando cada vez m\u00e1s el programa de Peque\u00f1a Agricultura, perfeccion\u00e1ndolo y flexibiliz\u00e1ndolo para que nuestros peque\u00f1os regantes tengan obras de riego intra y extrapredial porque est\u00e1n en nuestro coraz\u00f3n y queremos apoyarlos y acompa\u00f1arlos en todo el desarrollo productivo para mejorar su calidad de vida\u201d, puntualiz\u00f3.<\/p>\n\n\n\n<p>Por su parte, el presidente de la Junta de Vigilancia del R\u00edo Elqui y sus Afluentes, Pelayo Alonso, indic\u00f3 que \u201ces un programa muy ansiado por los regantes y que permitir\u00e1 suscribir acciones del embalse Puclaro. Lo que hemos conseguido con la CNR es levantar este programa que involucra apoyar primero a los peque\u00f1os propietarios de derechos de agua, agricultores, priorizando primero que sean mujeres, con la finalidad de que puedan solucionar los problemas de saneamiento e inscribir sus acciones y que est\u00e9n capacitados para poder suscribir acciones del embalse Puclaro\u201d.&nbsp;<\/p>\n\n\n\n<p>\u201cTener un derecho inscrito en donde se acredite el dominio, es un activo que tiene un valor importante, y les permite acceder a beneficios, como a la Ley de Riego\u201d, puntualiz\u00f3.<\/p>\n\n\n\n<p>Mientras, el Seremi de Agricultura, Rodrigo \u00d3rdenes, destac\u00f3 que \u201cel trabajo que realiza nuestro Ministerio va directamente enfocado en fortalecer y potenciar el desarrollo agr\u00edcola, a trav\u00e9s de la implementaci\u00f3n de instrumentos que den respuesta a una de las principales demandas de nuestros regantes, que es la seguridad de riego. Es en esta l\u00ednea que a trav\u00e9s de CNR hemos ido avanzando en cumplir con este desaf\u00edo, este programa se presenta como una importante oportunidad para ordenar el estado legal de los derechos de agua\u201d.<\/p>\n\n\n\n<p>Entre los resultados que se esperan con este programa se encuentran la evaluaci\u00f3n del estado legal de derechos de aguas, la entrega de listado actualizado a la Junta de Vigilancia del R\u00edo Elqui, la elaboraci\u00f3n de los antecedentes legales o administrativos para iniciar tramitaciones, solicitar las inscripciones o anotaciones en el Conservador de Bienes Ra\u00edces e informar a los beneficiarios la conclusi\u00f3n de sus tr\u00e1mites de saneamiento.<\/p>\n","protected":false},"excerpt":{"rendered":"<p>Este programa se ejecutar\u00e1 durante 2 a\u00f1os y contempla una inversi\u00f3n de unos $190 millones (Mundo Agropecuario). Gran inter\u00e9s&nbsp;&nbsp;gener\u00f3 entre los regantes del r\u00edo Elqui el inicio del Programa de&#8230;<\/p>\n","protected":false},"author":2,"featured_media":15059,"comment_status":"closed","ping_status":"closed","sticky":false,"template":"","format":"standard","meta":{"footnotes":""},"categories":[1945],"tags":[2090,3127,2084],"class_list":["post-15058","post","type-post","status-publish","format-standard","has-post-thumbnail","hentry","category-agricultura","tag-agricultura","tag-agro","tag-cnr"],"yoast_head":"<!-- This site is optimized with the Yoast SEO plugin v26.6 - https:\/\/yoast.com\/wordpress\/plugins\/seo\/ -->\n<title>Lanzan programa de saneamiento de derechos de aguas para regantes del embalse Puclaro - Mundoagropecuario<\/title>\n<meta name=\"robots\" content=\"index, follow, max-snippet:-1, max-image-preview:large, max-video-preview:-1\" \/>\n<link rel=\"canonical\" href=\"https:\/\/www.mundoagropecuario.cl\/new\/cnr-lanza-programa-de-saneamiento-de-derechos-de-aprovechamiento-de-aguas\/\" \/>\n<meta property=\"og:locale\" content=\"es_ES\" \/>\n<meta property=\"og:type\" content=\"article\" \/>\n<meta property=\"og:title\" content=\"Lanzan programa de saneamiento de derechos de aguas para regantes del embalse Puclaro - Mundoagropecuario\" \/>\n<meta property=\"og:description\" content=\"Este programa se ejecutar\u00e1 durante 2 a\u00f1os y contempla una inversi\u00f3n de unos $190 millones (Mundo Agropecuario). Gran inter\u00e9s&nbsp;&nbsp;gener\u00f3 entre los regantes del r\u00edo Elqui el inicio del Programa de...\" \/>\n<meta property=\"og:url\" content=\"https:\/\/www.mundoagropecuario.cl\/new\/cnr-lanza-programa-de-saneamiento-de-derechos-de-aprovechamiento-de-aguas\/\" \/>\n<meta property=\"og:site_name\" content=\"Mundoagropecuario\" \/>\n<meta property=\"article:publisher\" content=\"https:\/\/www.facebook.com\/mundo.agropecuario.3\" \/>\n<meta property=\"article:published_time\" content=\"2019-12-05T04:59:26+00:00\" \/>\n<meta property=\"og:image\" content=\"https:\/\/www.mundoagropecuario.cl\/new\/wp-content\/uploads\/2019\/12\/image.jpg\" \/>\n\t<meta property=\"og:image:width\" content=\"832\" \/>\n\t<meta property=\"og:image:height\" content=\"489\" \/>\n\t<meta property=\"og:image:type\" content=\"image\/jpeg\" \/>\n<meta name=\"author\" content=\"mundo\" \/>\n<meta name=\"twitter:card\" content=\"summary_large_image\" \/>\n<meta name=\"twitter:creator\" content=\"@MundoAgropecuar\" \/>\n<meta name=\"twitter:site\" content=\"@MundoAgropecuar\" \/>\n<meta name=\"twitter:label1\" content=\"Escrito por\" \/>\n\t<meta name=\"twitter:data1\" content=\"mundo\" \/>\n\t<meta name=\"twitter:label2\" content=\"Tiempo de lectura\" \/>\n\t<meta name=\"twitter:data2\" content=\"4 minutos\" \/>\n<script type=\"application\/ld+json\" class=\"yoast-schema-graph\">{\"@context\":\"https:\/\/schema.org\",\"@graph\":[{\"@type\":\"Article\",\"@id\":\"https:\/\/www.mundoagropecuario.cl\/new\/cnr-lanza-programa-de-saneamiento-de-derechos-de-aprovechamiento-de-aguas\/#article\",\"isPartOf\":{\"@id\":\"https:\/\/www.mundoagropecuario.cl\/new\/cnr-lanza-programa-de-saneamiento-de-derechos-de-aprovechamiento-de-aguas\/\"},\"author\":{\"name\":\"mundo\",\"@id\":\"https:\/\/www.mundoagropecuario.cl\/new\/#\/schema\/person\/4e9f74a82a7dac260eb1c44b7eebeb18\"},\"headline\":\"Lanzan programa de saneamiento de derechos de aguas para regantes del embalse Puclaro\",\"datePublished\":\"2019-12-05T04:59:26+00:00\",\"mainEntityOfPage\":{\"@id\":\"https:\/\/www.mundoagropecuario.cl\/new\/cnr-lanza-programa-de-saneamiento-de-derechos-de-aprovechamiento-de-aguas\/\"},\"wordCount\":835,\"publisher\":{\"@id\":\"https:\/\/www.mundoagropecuario.cl\/new\/#organization\"},\"image\":{\"@id\":\"https:\/\/www.mundoagropecuario.cl\/new\/cnr-lanza-programa-de-saneamiento-de-derechos-de-aprovechamiento-de-aguas\/#primaryimage\"},\"thumbnailUrl\":\"https:\/\/www.mundoagropecuario.cl\/new\/wp-content\/uploads\/2019\/12\/image.jpg\",\"keywords\":[\"Agricultura\",\"Agro\",\"CNR\"],\"articleSection\":[\"Agricultura\"],\"inLanguage\":\"es\"},{\"@type\":\"WebPage\",\"@id\":\"https:\/\/www.mundoagropecuario.cl\/new\/cnr-lanza-programa-de-saneamiento-de-derechos-de-aprovechamiento-de-aguas\/\",\"url\":\"https:\/\/www.mundoagropecuario.cl\/new\/cnr-lanza-programa-de-saneamiento-de-derechos-de-aprovechamiento-de-aguas\/\",\"name\":\"Lanzan programa de saneamiento de derechos de aguas para regantes del embalse Puclaro - Mundoagropecuario\",\"isPartOf\":{\"@id\":\"https:\/\/www.mundoagropecuario.cl\/new\/#website\"},\"primaryImageOfPage\":{\"@id\":\"https:\/\/www.mundoagropecuario.cl\/new\/cnr-lanza-programa-de-saneamiento-de-derechos-de-aprovechamiento-de-aguas\/#primaryimage\"},\"image\":{\"@id\":\"https:\/\/www.mundoagropecuario.cl\/new\/cnr-lanza-programa-de-saneamiento-de-derechos-de-aprovechamiento-de-aguas\/#primaryimage\"},\"thumbnailUrl\":\"https:\/\/www.mundoagropecuario.cl\/new\/wp-content\/uploads\/2019\/12\/image.jpg\",\"datePublished\":\"2019-12-05T04:59:26+00:00\",\"breadcrumb\":{\"@id\":\"https:\/\/www.mundoagropecuario.cl\/new\/cnr-lanza-programa-de-saneamiento-de-derechos-de-aprovechamiento-de-aguas\/#breadcrumb\"},\"inLanguage\":\"es\",\"potentialAction\":[{\"@type\":\"ReadAction\",\"target\":[\"https:\/\/www.mundoagropecuario.cl\/new\/cnr-lanza-programa-de-saneamiento-de-derechos-de-aprovechamiento-de-aguas\/\"]}]},{\"@type\":\"ImageObject\",\"inLanguage\":\"es\",\"@id\":\"https:\/\/www.mundoagropecuario.cl\/new\/cnr-lanza-programa-de-saneamiento-de-derechos-de-aprovechamiento-de-aguas\/#primaryimage\",\"url\":\"https:\/\/www.mundoagropecuario.cl\/new\/wp-content\/uploads\/2019\/12\/image.jpg\",\"contentUrl\":\"https:\/\/www.mundoagropecuario.cl\/new\/wp-content\/uploads\/2019\/12\/image.jpg\",\"width\":681,\"height\":400},{\"@type\":\"BreadcrumbList\",\"@id\":\"https:\/\/www.mundoagropecuario.cl\/new\/cnr-lanza-programa-de-saneamiento-de-derechos-de-aprovechamiento-de-aguas\/#breadcrumb\",\"itemListElement\":[{\"@type\":\"ListItem\",\"position\":1,\"name\":\"Portada\",\"item\":\"https:\/\/www.mundoagropecuario.cl\/new\/\"},{\"@type\":\"ListItem\",\"position\":2,\"name\":\"Lanzan programa de saneamiento de derechos de aguas para regantes del embalse Puclaro\"}]},{\"@type\":\"WebSite\",\"@id\":\"https:\/\/www.mundoagropecuario.cl\/new\/#website\",\"url\":\"https:\/\/www.mundoagropecuario.cl\/new\/\",\"name\":\"Mundoagropecuario\",\"description\":\"Mundo Agropecuario\",\"publisher\":{\"@id\":\"https:\/\/www.mundoagropecuario.cl\/new\/#organization\"},\"potentialAction\":[{\"@type\":\"SearchAction\",\"target\":{\"@type\":\"EntryPoint\",\"urlTemplate\":\"https:\/\/www.mundoagropecuario.cl\/new\/?s={search_term_string}\"},\"query-input\":{\"@type\":\"PropertyValueSpecification\",\"valueRequired\":true,\"valueName\":\"search_term_string\"}}],\"inLanguage\":\"es\"},{\"@type\":\"Organization\",\"@id\":\"https:\/\/www.mundoagropecuario.cl\/new\/#organization\",\"name\":\"Revista de Agricultura\",\"url\":\"https:\/\/www.mundoagropecuario.cl\/new\/\",\"logo\":{\"@type\":\"ImageObject\",\"inLanguage\":\"es\",\"@id\":\"https:\/\/www.mundoagropecuario.cl\/new\/#\/schema\/logo\/image\/\",\"url\":\"https:\/\/www.mundoagropecuario.cl\/new\/wp-content\/uploads\/2020\/11\/PORTAL-1-1.png\",\"contentUrl\":\"https:\/\/www.mundoagropecuario.cl\/new\/wp-content\/uploads\/2020\/11\/PORTAL-1-1.png\",\"width\":1026,\"height\":100,\"caption\":\"Revista de Agricultura\"},\"image\":{\"@id\":\"https:\/\/www.mundoagropecuario.cl\/new\/#\/schema\/logo\/image\/\"},\"sameAs\":[\"https:\/\/www.facebook.com\/mundo.agropecuario.3\",\"https:\/\/x.com\/MundoAgropecuar\",\"https:\/\/www.linkedin.com\/in\/mundo-agropecuario-934009201\/\"]},{\"@type\":\"Person\",\"@id\":\"https:\/\/www.mundoagropecuario.cl\/new\/#\/schema\/person\/4e9f74a82a7dac260eb1c44b7eebeb18\",\"name\":\"mundo\",\"url\":\"https:\/\/www.mundoagropecuario.cl\/new\/author\/mundo\/\"}]}<\/script>\n<!-- \/ Yoast SEO plugin. -->","yoast_head_json":{"title":"Lanzan programa de saneamiento de derechos de aguas para regantes del embalse Puclaro - Mundoagropecuario","robots":{"index":"index","follow":"follow","max-snippet":"max-snippet:-1","max-image-preview":"max-image-preview:large","max-video-preview":"max-video-preview:-1"},"canonical":"https:\/\/www.mundoagropecuario.cl\/new\/cnr-lanza-programa-de-saneamiento-de-derechos-de-aprovechamiento-de-aguas\/","og_locale":"es_ES","og_type":"article","og_title":"Lanzan programa de saneamiento de derechos de aguas para regantes del embalse Puclaro - Mundoagropecuario","og_description":"Este programa se ejecutar\u00e1 durante 2 a\u00f1os y contempla una inversi\u00f3n de unos $190 millones (Mundo Agropecuario). Gran inter\u00e9s&nbsp;&nbsp;gener\u00f3 entre los regantes del r\u00edo Elqui el inicio del Programa de...","og_url":"https:\/\/www.mundoagropecuario.cl\/new\/cnr-lanza-programa-de-saneamiento-de-derechos-de-aprovechamiento-de-aguas\/","og_site_name":"Mundoagropecuario","article_publisher":"https:\/\/www.facebook.com\/mundo.agropecuario.3","article_published_time":"2019-12-05T04:59:26+00:00","og_image":[{"width":832,"height":489,"url":"https:\/\/www.mundoagropecuario.cl\/new\/wp-content\/uploads\/2019\/12\/image.jpg","type":"image\/jpeg"}],"author":"mundo","twitter_card":"summary_large_image","twitter_creator":"@MundoAgropecuar","twitter_site":"@MundoAgropecuar","twitter_misc":{"Escrito por":"mundo","Tiempo de lectura":"4 minutos"},"schema":{"@context":"https:\/\/schema.org","@graph":[{"@type":"Article","@id":"https:\/\/www.mundoagropecuario.cl\/new\/cnr-lanza-programa-de-saneamiento-de-derechos-de-aprovechamiento-de-aguas\/#article","isPartOf":{"@id":"https:\/\/www.mundoagropecuario.cl\/new\/cnr-lanza-programa-de-saneamiento-de-derechos-de-aprovechamiento-de-aguas\/"},"author":{"name":"mundo","@id":"https:\/\/www.mundoagropecuario.cl\/new\/#\/schema\/person\/4e9f74a82a7dac260eb1c44b7eebeb18"},"headline":"Lanzan programa de saneamiento de derechos de aguas para regantes del embalse Puclaro","datePublished":"2019-12-05T04:59:26+00:00","mainEntityOfPage":{"@id":"https:\/\/www.mundoagropecuario.cl\/new\/cnr-lanza-programa-de-saneamiento-de-derechos-de-aprovechamiento-de-aguas\/"},"wordCount":835,"publisher":{"@id":"https:\/\/www.mundoagropecuario.cl\/new\/#organization"},"image":{"@id":"https:\/\/www.mundoagropecuario.cl\/new\/cnr-lanza-programa-de-saneamiento-de-derechos-de-aprovechamiento-de-aguas\/#primaryimage"},"thumbnailUrl":"https:\/\/www.mundoagropecuario.cl\/new\/wp-content\/uploads\/2019\/12\/image.jpg","keywords":["Agricultura","Agro","CNR"],"articleSection":["Agricultura"],"inLanguage":"es"},{"@type":"WebPage","@id":"https:\/\/www.mundoagropecuario.cl\/new\/cnr-lanza-programa-de-saneamiento-de-derechos-de-aprovechamiento-de-aguas\/","url":"https:\/\/www.mundoagropecuario.cl\/new\/cnr-lanza-programa-de-saneamiento-de-derechos-de-aprovechamiento-de-aguas\/","name":"Lanzan programa de saneamiento de derechos de aguas para regantes del embalse Puclaro - Mundoagropecuario","isPartOf":{"@id":"https:\/\/www.mundoagropecuario.cl\/new\/#website"},"primaryImageOfPage":{"@id":"https:\/\/www.mundoagropecuario.cl\/new\/cnr-lanza-programa-de-saneamiento-de-derechos-de-aprovechamiento-de-aguas\/#primaryimage"},"image":{"@id":"https:\/\/www.mundoagropecuario.cl\/new\/cnr-lanza-programa-de-saneamiento-de-derechos-de-aprovechamiento-de-aguas\/#primaryimage"},"thumbnailUrl":"https:\/\/www.mundoagropecuario.cl\/new\/wp-content\/uploads\/2019\/12\/image.jpg","datePublished":"2019-12-05T04:59:26+00:00","breadcrumb":{"@id":"https:\/\/www.mundoagropecuario.cl\/new\/cnr-lanza-programa-de-saneamiento-de-derechos-de-aprovechamiento-de-aguas\/#breadcrumb"},"inLanguage":"es","potentialAction":[{"@type":"ReadAction","target":["https:\/\/www.mundoagropecuario.cl\/new\/cnr-lanza-programa-de-saneamiento-de-derechos-de-aprovechamiento-de-aguas\/"]}]},{"@type":"ImageObject","inLanguage":"es","@id":"https:\/\/www.mundoagropecuario.cl\/new\/cnr-lanza-programa-de-saneamiento-de-derechos-de-aprovechamiento-de-aguas\/#primaryimage","url":"https:\/\/www.mundoagropecuario.cl\/new\/wp-content\/uploads\/2019\/12\/image.jpg","contentUrl":"https:\/\/www.mundoagropecuario.cl\/new\/wp-content\/uploads\/2019\/12\/image.jpg","width":681,"height":400},{"@type":"BreadcrumbList","@id":"https:\/\/www.mundoagropecuario.cl\/new\/cnr-lanza-programa-de-saneamiento-de-derechos-de-aprovechamiento-de-aguas\/#breadcrumb","itemListElement":[{"@type":"ListItem","position":1,"name":"Portada","item":"https:\/\/www.mundoagropecuario.cl\/new\/"},{"@type":"ListItem","position":2,"name":"Lanzan programa de saneamiento de derechos de aguas para regantes del embalse Puclaro"}]},{"@type":"WebSite","@id":"https:\/\/www.mundoagropecuario.cl\/new\/#website","url":"https:\/\/www.mundoagropecuario.cl\/new\/","name":"Mundoagropecuario","description":"Mundo Agropecuario","publisher":{"@id":"https:\/\/www.mundoagropecuario.cl\/new\/#organization"},"potentialAction":[{"@type":"SearchAction","target":{"@type":"EntryPoint","urlTemplate":"https:\/\/www.mundoagropecuario.cl\/new\/?s={search_term_string}"},"query-input":{"@type":"PropertyValueSpecification","valueRequired":true,"valueName":"search_term_string"}}],"inLanguage":"es"},{"@type":"Organization","@id":"https:\/\/www.mundoagropecuario.cl\/new\/#organization","name":"Revista de Agricultura","url":"https:\/\/www.mundoagropecuario.cl\/new\/","logo":{"@type":"ImageObject","inLanguage":"es","@id":"https:\/\/www.mundoagropecuario.cl\/new\/#\/schema\/logo\/image\/","url":"https:\/\/www.mundoagropecuario.cl\/new\/wp-content\/uploads\/2020\/11\/PORTAL-1-1.png","contentUrl":"https:\/\/www.mundoagropecuario.cl\/new\/wp-content\/uploads\/2020\/11\/PORTAL-1-1.png","width":1026,"height":100,"caption":"Revista de Agricultura"},"image":{"@id":"https:\/\/www.mundoagropecuario.cl\/new\/#\/schema\/logo\/image\/"},"sameAs":["https:\/\/www.facebook.com\/mundo.agropecuario.3","https:\/\/x.com\/MundoAgropecuar","https:\/\/www.linkedin.com\/in\/mundo-agropecuario-934009201\/"]},{"@type":"Person","@id":"https:\/\/www.mundoagropecuario.cl\/new\/#\/schema\/person\/4e9f74a82a7dac260eb1c44b7eebeb18","name":"mundo","url":"https:\/\/www.mundoagropecuario.cl\/new\/author\/mundo\/"}]}},"_links":{"self":[{"href":"https:\/\/www.mundoagropecuario.cl\/new\/wp-json\/wp\/v2\/posts\/15058","targetHints":{"allow":["GET"]}}],"collection":[{"href":"https:\/\/www.mundoagropecuario.cl\/new\/wp-json\/wp\/v2\/posts"}],"about":[{"href":"https:\/\/www.mundoagropecuario.cl\/new\/wp-json\/wp\/v2\/types\/post"}],"author":[{"embeddable":true,"href":"https:\/\/www.mundoagropecuario.cl\/new\/wp-json\/wp\/v2\/users\/2"}],"replies":[{"embeddable":true,"href":"https:\/\/www.mundoagropecuario.cl\/new\/wp-json\/wp\/v2\/comments?post=15058"}],"version-history":[{"count":2,"href":"https:\/\/www.mundoagropecuario.cl\/new\/wp-json\/wp\/v2\/posts\/15058\/revisions"}],"predecessor-version":[{"id":15064,"href":"https:\/\/www.mundoagropecuario.cl\/new\/wp-json\/wp\/v2\/posts\/15058\/revisions\/15064"}],"wp:featuredmedia":[{"embeddable":true,"href":"https:\/\/www.mundoagropecuario.cl\/new\/wp-json\/wp\/v2\/media\/15059"}],"wp:attachment":[{"href":"https:\/\/www.mundoagropecuario.cl\/new\/wp-json\/wp\/v2\/media?parent=15058"}],"wp:term":[{"taxonomy":"category","embeddable":true,"href":"https:\/\/www.mundoagropecuario.cl\/new\/wp-json\/wp\/v2\/categories?post=15058"},{"taxonomy":"post_tag","embeddable":true,"href":"https:\/\/www.mundoagropecuario.cl\/new\/wp-json\/wp\/v2\/tags?post=15058"}],"curies":[{"name":"wp","href":"https:\/\/api.w.org\/{rel}","templated":true}]}}