{"id":15053,"date":"2019-12-05T01:44:00","date_gmt":"2019-12-05T04:44:00","guid":{"rendered":"http:\/\/www.mundoagropecuario.cl\/new\/?p=15053"},"modified":"2019-12-12T11:59:13","modified_gmt":"2019-12-12T14:59:13","slug":"ninos-de-escuela-alhuelemu-aprenden-sobre-produccion-de-semillas","status":"publish","type":"post","link":"https:\/\/www.mundoagropecuario.cl\/new\/ninos-de-escuela-alhuelemu-aprenden-sobre-produccion-de-semillas\/","title":{"rendered":"Ni\u00f1os de escuela Alhuelemu aprenden sobre producci\u00f3n de semillas"},"content":{"rendered":"\n<ul class=\"wp-block-gallery columns-0 is-cropped wp-block-gallery-1 is-layout-flex wp-block-gallery-is-layout-flex\"><\/ul>\n\n\n\n<p class=\"has-medium-font-size\"><em>Funcionarios del SAG del Biob\u00edo,  realizaron una entretenida capacitaci\u00f3n a los menores sobre la producci\u00f3n de semillas,  cuidados y normativas (Mundo Agropecuario).<\/em><\/p>\n\n\n\n<p>Para apoyar el trabajo que est\u00e1n realizando los alumnos y alumanas en el huerto de la Escuela Alhuelemu de Mulch\u00e9n, funcionarios del Servicio Agr\u00edcola y Ganadero (SAG) de Biob\u00edo realizaron una entretenida capacitaci\u00f3n a los menores sobre la producci\u00f3n de semillas, sus cuidados y la normativa vigente en nuestro pa\u00eds.<\/p>\n\n\n\n<div class=\"wp-block-image\"><figure class=\"alignright is-resized\"><img loading=\"lazy\" decoding=\"async\" src=\"https:\/\/www.mundoagropecuario.cl\/new\/wp-content\/uploads\/2019\/12\/ni\u00f1os-5-1024x768.jpg\" alt=\"\" class=\"wp-image-15055\" width=\"351\" height=\"263\" srcset=\"https:\/\/www.mundoagropecuario.cl\/new\/wp-content\/uploads\/2019\/12\/ni\u00f1os-5-1024x768.jpg 1024w, https:\/\/www.mundoagropecuario.cl\/new\/wp-content\/uploads\/2019\/12\/ni\u00f1os-5-586x440.jpg 586w, https:\/\/www.mundoagropecuario.cl\/new\/wp-content\/uploads\/2019\/12\/ni\u00f1os-5-768x576.jpg 768w, https:\/\/www.mundoagropecuario.cl\/new\/wp-content\/uploads\/2019\/12\/ni\u00f1os-5.jpg 533w\" sizes=\"auto, (max-width: 351px) 100vw, 351px\" \/><\/figure><\/div>\n\n\n\n<p>\u201cEsta es una excelente oportunidad para nuestro Servicio para dar a conocer una actividad tan importante como es la producci\u00f3n de semillas. Los alumnos fueron muy participativos , preguntaron bastante, lo que es motivador para los expositores\u201d, destac\u00f3 Iv\u00e1n Ram\u00edrez Delp\u00edn, Director Regional del SAG de Biob\u00edo.<\/p>\n\n\n\n<p>Por su parte, el professor encargado de la escuela Alhuelemu, Alberto Provoste, se\u00f1al\u00f3 que \u201cnosotros estamos ubicados en una comunidad mapuche, donde la mayor\u00eda de la gente siembra, tiene sus cultivos y nosotros tenemos un huerto escolar, por lo que para los ni\u00f1os es una gran oportunidad conocer del SAG y el proceso de las semillas, su crecimiento, ellos aprenden haciendo\u201d.<\/p>\n\n\n\n<div class=\"wp-block-image\"><figure class=\"alignleft is-resized\"><img loading=\"lazy\" decoding=\"async\" src=\"https:\/\/www.mundoagropecuario.cl\/new\/wp-content\/uploads\/2019\/12\/ni\u00f1os-4-1024x768.jpg\" alt=\"\" class=\"wp-image-15054\" width=\"320\" height=\"240\" srcset=\"https:\/\/www.mundoagropecuario.cl\/new\/wp-content\/uploads\/2019\/12\/ni\u00f1os-4-1024x768.jpg 1024w, https:\/\/www.mundoagropecuario.cl\/new\/wp-content\/uploads\/2019\/12\/ni\u00f1os-4-586x440.jpg 586w, https:\/\/www.mundoagropecuario.cl\/new\/wp-content\/uploads\/2019\/12\/ni\u00f1os-4-768x576.jpg 768w, https:\/\/www.mundoagropecuario.cl\/new\/wp-content\/uploads\/2019\/12\/ni\u00f1os-4.jpg 533w\" sizes=\"auto, (max-width: 320px) 100vw, 320px\" \/><\/figure><\/div>\n\n\n\n<p>Durante la actividad los 26 ni\u00f1os y ni\u00f1as que asisten a este establecimiento, junto a docentes y algunos apoderados, conocieron el proceso de siembra de la semillas como trigo, porotos, arvejas, entre otros, a trav\u00e9s de alm\u00e1cigos preparados en los laboratorios del SAG para esta ocasi\u00f3n.<\/p>\n","protected":false},"excerpt":{"rendered":"<p>Funcionarios del SAG del Biob\u00edo, realizaron una entretenida capacitaci\u00f3n a los menores sobre la producci\u00f3n de semillas, cuidados y normativas (Mundo Agropecuario). Para apoyar el trabajo que est\u00e1n realizando los&#8230;<\/p>\n","protected":false},"author":2,"featured_media":15056,"comment_status":"closed","ping_status":"closed","sticky":false,"template":"","format":"standard","meta":{"footnotes":""},"categories":[1945],"tags":[3127,4491,2036],"class_list":["post-15053","post","type-post","status-publish","format-standard","has-post-thumbnail","hentry","category-agricultura","tag-agro","tag-produccion-de-semillas","tag-sag"],"yoast_head":"<!-- This site is optimized with the Yoast SEO plugin v26.6 - https:\/\/yoast.com\/wordpress\/plugins\/seo\/ -->\n<title>Ni\u00f1os de escuela Alhuelemu aprenden sobre producci\u00f3n de semillas - Mundoagropecuario<\/title>\n<meta name=\"robots\" content=\"index, follow, max-snippet:-1, max-image-preview:large, max-video-preview:-1\" \/>\n<link rel=\"canonical\" href=\"https:\/\/www.mundoagropecuario.cl\/new\/ninos-de-escuela-alhuelemu-aprenden-sobre-produccion-de-semillas\/\" \/>\n<meta property=\"og:locale\" content=\"es_ES\" \/>\n<meta property=\"og:type\" content=\"article\" \/>\n<meta property=\"og:title\" content=\"Ni\u00f1os de escuela Alhuelemu aprenden sobre producci\u00f3n de semillas - Mundoagropecuario\" \/>\n<meta property=\"og:description\" content=\"Funcionarios del SAG del Biob\u00edo, realizaron una entretenida capacitaci\u00f3n a los menores sobre la producci\u00f3n de semillas, cuidados y normativas (Mundo Agropecuario). Para apoyar el trabajo que est\u00e1n realizando los...\" \/>\n<meta property=\"og:url\" content=\"https:\/\/www.mundoagropecuario.cl\/new\/ninos-de-escuela-alhuelemu-aprenden-sobre-produccion-de-semillas\/\" \/>\n<meta property=\"og:site_name\" content=\"Mundoagropecuario\" \/>\n<meta property=\"article:publisher\" content=\"https:\/\/www.facebook.com\/mundo.agropecuario.3\" \/>\n<meta property=\"article:published_time\" content=\"2019-12-05T04:44:00+00:00\" \/>\n<meta property=\"article:modified_time\" content=\"2019-12-12T14:59:13+00:00\" \/>\n<meta property=\"og:image\" content=\"https:\/\/www.mundoagropecuario.cl\/new\/wp-content\/uploads\/2019\/12\/ni\u00f1os-6.jpg\" \/>\n\t<meta property=\"og:image:width\" content=\"1024\" \/>\n\t<meta property=\"og:image:height\" content=\"768\" \/>\n\t<meta property=\"og:image:type\" content=\"image\/jpeg\" \/>\n<meta name=\"author\" content=\"mundo\" \/>\n<meta name=\"twitter:card\" content=\"summary_large_image\" \/>\n<meta name=\"twitter:creator\" content=\"@MundoAgropecuar\" \/>\n<meta name=\"twitter:site\" content=\"@MundoAgropecuar\" \/>\n<meta name=\"twitter:label1\" content=\"Escrito por\" \/>\n\t<meta name=\"twitter:data1\" content=\"mundo\" \/>\n\t<meta name=\"twitter:label2\" content=\"Tiempo de lectura\" \/>\n\t<meta name=\"twitter:data2\" content=\"1 minuto\" \/>\n<script type=\"application\/ld+json\" class=\"yoast-schema-graph\">{\"@context\":\"https:\/\/schema.org\",\"@graph\":[{\"@type\":\"Article\",\"@id\":\"https:\/\/www.mundoagropecuario.cl\/new\/ninos-de-escuela-alhuelemu-aprenden-sobre-produccion-de-semillas\/#article\",\"isPartOf\":{\"@id\":\"https:\/\/www.mundoagropecuario.cl\/new\/ninos-de-escuela-alhuelemu-aprenden-sobre-produccion-de-semillas\/\"},\"author\":{\"name\":\"mundo\",\"@id\":\"https:\/\/www.mundoagropecuario.cl\/new\/#\/schema\/person\/4e9f74a82a7dac260eb1c44b7eebeb18\"},\"headline\":\"Ni\u00f1os de escuela Alhuelemu aprenden sobre producci\u00f3n de semillas\",\"datePublished\":\"2019-12-05T04:44:00+00:00\",\"dateModified\":\"2019-12-12T14:59:13+00:00\",\"mainEntityOfPage\":{\"@id\":\"https:\/\/www.mundoagropecuario.cl\/new\/ninos-de-escuela-alhuelemu-aprenden-sobre-produccion-de-semillas\/\"},\"wordCount\":258,\"publisher\":{\"@id\":\"https:\/\/www.mundoagropecuario.cl\/new\/#organization\"},\"image\":{\"@id\":\"https:\/\/www.mundoagropecuario.cl\/new\/ninos-de-escuela-alhuelemu-aprenden-sobre-produccion-de-semillas\/#primaryimage\"},\"thumbnailUrl\":\"https:\/\/www.mundoagropecuario.cl\/new\/wp-content\/uploads\/2019\/12\/ni\u00f1os-6.jpg\",\"keywords\":[\"Agro\",\"producci\u00f3n de semillas\",\"SAG\"],\"articleSection\":[\"Agricultura\"],\"inLanguage\":\"es\"},{\"@type\":\"WebPage\",\"@id\":\"https:\/\/www.mundoagropecuario.cl\/new\/ninos-de-escuela-alhuelemu-aprenden-sobre-produccion-de-semillas\/\",\"url\":\"https:\/\/www.mundoagropecuario.cl\/new\/ninos-de-escuela-alhuelemu-aprenden-sobre-produccion-de-semillas\/\",\"name\":\"Ni\u00f1os de escuela Alhuelemu aprenden sobre producci\u00f3n de semillas - Mundoagropecuario\",\"isPartOf\":{\"@id\":\"https:\/\/www.mundoagropecuario.cl\/new\/#website\"},\"primaryImageOfPage\":{\"@id\":\"https:\/\/www.mundoagropecuario.cl\/new\/ninos-de-escuela-alhuelemu-aprenden-sobre-produccion-de-semillas\/#primaryimage\"},\"image\":{\"@id\":\"https:\/\/www.mundoagropecuario.cl\/new\/ninos-de-escuela-alhuelemu-aprenden-sobre-produccion-de-semillas\/#primaryimage\"},\"thumbnailUrl\":\"https:\/\/www.mundoagropecuario.cl\/new\/wp-content\/uploads\/2019\/12\/ni\u00f1os-6.jpg\",\"datePublished\":\"2019-12-05T04:44:00+00:00\",\"dateModified\":\"2019-12-12T14:59:13+00:00\",\"breadcrumb\":{\"@id\":\"https:\/\/www.mundoagropecuario.cl\/new\/ninos-de-escuela-alhuelemu-aprenden-sobre-produccion-de-semillas\/#breadcrumb\"},\"inLanguage\":\"es\",\"potentialAction\":[{\"@type\":\"ReadAction\",\"target\":[\"https:\/\/www.mundoagropecuario.cl\/new\/ninos-de-escuela-alhuelemu-aprenden-sobre-produccion-de-semillas\/\"]}]},{\"@type\":\"ImageObject\",\"inLanguage\":\"es\",\"@id\":\"https:\/\/www.mundoagropecuario.cl\/new\/ninos-de-escuela-alhuelemu-aprenden-sobre-produccion-de-semillas\/#primaryimage\",\"url\":\"https:\/\/www.mundoagropecuario.cl\/new\/wp-content\/uploads\/2019\/12\/ni\u00f1os-6.jpg\",\"contentUrl\":\"https:\/\/www.mundoagropecuario.cl\/new\/wp-content\/uploads\/2019\/12\/ni\u00f1os-6.jpg\",\"width\":533,\"height\":400},{\"@type\":\"BreadcrumbList\",\"@id\":\"https:\/\/www.mundoagropecuario.cl\/new\/ninos-de-escuela-alhuelemu-aprenden-sobre-produccion-de-semillas\/#breadcrumb\",\"itemListElement\":[{\"@type\":\"ListItem\",\"position\":1,\"name\":\"Portada\",\"item\":\"https:\/\/www.mundoagropecuario.cl\/new\/\"},{\"@type\":\"ListItem\",\"position\":2,\"name\":\"Ni\u00f1os de escuela Alhuelemu aprenden sobre producci\u00f3n de semillas\"}]},{\"@type\":\"WebSite\",\"@id\":\"https:\/\/www.mundoagropecuario.cl\/new\/#website\",\"url\":\"https:\/\/www.mundoagropecuario.cl\/new\/\",\"name\":\"Mundoagropecuario\",\"description\":\"Mundo Agropecuario\",\"publisher\":{\"@id\":\"https:\/\/www.mundoagropecuario.cl\/new\/#organization\"},\"potentialAction\":[{\"@type\":\"SearchAction\",\"target\":{\"@type\":\"EntryPoint\",\"urlTemplate\":\"https:\/\/www.mundoagropecuario.cl\/new\/?s={search_term_string}\"},\"query-input\":{\"@type\":\"PropertyValueSpecification\",\"valueRequired\":true,\"valueName\":\"search_term_string\"}}],\"inLanguage\":\"es\"},{\"@type\":\"Organization\",\"@id\":\"https:\/\/www.mundoagropecuario.cl\/new\/#organization\",\"name\":\"Revista de Agricultura\",\"url\":\"https:\/\/www.mundoagropecuario.cl\/new\/\",\"logo\":{\"@type\":\"ImageObject\",\"inLanguage\":\"es\",\"@id\":\"https:\/\/www.mundoagropecuario.cl\/new\/#\/schema\/logo\/image\/\",\"url\":\"https:\/\/www.mundoagropecuario.cl\/new\/wp-content\/uploads\/2020\/11\/PORTAL-1-1.png\",\"contentUrl\":\"https:\/\/www.mundoagropecuario.cl\/new\/wp-content\/uploads\/2020\/11\/PORTAL-1-1.png\",\"width\":1026,\"height\":100,\"caption\":\"Revista de Agricultura\"},\"image\":{\"@id\":\"https:\/\/www.mundoagropecuario.cl\/new\/#\/schema\/logo\/image\/\"},\"sameAs\":[\"https:\/\/www.facebook.com\/mundo.agropecuario.3\",\"https:\/\/x.com\/MundoAgropecuar\",\"https:\/\/www.linkedin.com\/in\/mundo-agropecuario-934009201\/\"]},{\"@type\":\"Person\",\"@id\":\"https:\/\/www.mundoagropecuario.cl\/new\/#\/schema\/person\/4e9f74a82a7dac260eb1c44b7eebeb18\",\"name\":\"mundo\",\"url\":\"https:\/\/www.mundoagropecuario.cl\/new\/author\/mundo\/\"}]}<\/script>\n<!-- \/ Yoast SEO plugin. -->","yoast_head_json":{"title":"Ni\u00f1os de escuela Alhuelemu aprenden sobre producci\u00f3n de semillas - Mundoagropecuario","robots":{"index":"index","follow":"follow","max-snippet":"max-snippet:-1","max-image-preview":"max-image-preview:large","max-video-preview":"max-video-preview:-1"},"canonical":"https:\/\/www.mundoagropecuario.cl\/new\/ninos-de-escuela-alhuelemu-aprenden-sobre-produccion-de-semillas\/","og_locale":"es_ES","og_type":"article","og_title":"Ni\u00f1os de escuela Alhuelemu aprenden sobre producci\u00f3n de semillas - Mundoagropecuario","og_description":"Funcionarios del SAG del Biob\u00edo, realizaron una entretenida capacitaci\u00f3n a los menores sobre la producci\u00f3n de semillas, cuidados y normativas (Mundo Agropecuario). Para apoyar el trabajo que est\u00e1n realizando los...","og_url":"https:\/\/www.mundoagropecuario.cl\/new\/ninos-de-escuela-alhuelemu-aprenden-sobre-produccion-de-semillas\/","og_site_name":"Mundoagropecuario","article_publisher":"https:\/\/www.facebook.com\/mundo.agropecuario.3","article_published_time":"2019-12-05T04:44:00+00:00","article_modified_time":"2019-12-12T14:59:13+00:00","og_image":[{"width":1024,"height":768,"url":"https:\/\/www.mundoagropecuario.cl\/new\/wp-content\/uploads\/2019\/12\/ni\u00f1os-6.jpg","type":"image\/jpeg"}],"author":"mundo","twitter_card":"summary_large_image","twitter_creator":"@MundoAgropecuar","twitter_site":"@MundoAgropecuar","twitter_misc":{"Escrito por":"mundo","Tiempo de lectura":"1 minuto"},"schema":{"@context":"https:\/\/schema.org","@graph":[{"@type":"Article","@id":"https:\/\/www.mundoagropecuario.cl\/new\/ninos-de-escuela-alhuelemu-aprenden-sobre-produccion-de-semillas\/#article","isPartOf":{"@id":"https:\/\/www.mundoagropecuario.cl\/new\/ninos-de-escuela-alhuelemu-aprenden-sobre-produccion-de-semillas\/"},"author":{"name":"mundo","@id":"https:\/\/www.mundoagropecuario.cl\/new\/#\/schema\/person\/4e9f74a82a7dac260eb1c44b7eebeb18"},"headline":"Ni\u00f1os de escuela Alhuelemu aprenden sobre producci\u00f3n de semillas","datePublished":"2019-12-05T04:44:00+00:00","dateModified":"2019-12-12T14:59:13+00:00","mainEntityOfPage":{"@id":"https:\/\/www.mundoagropecuario.cl\/new\/ninos-de-escuela-alhuelemu-aprenden-sobre-produccion-de-semillas\/"},"wordCount":258,"publisher":{"@id":"https:\/\/www.mundoagropecuario.cl\/new\/#organization"},"image":{"@id":"https:\/\/www.mundoagropecuario.cl\/new\/ninos-de-escuela-alhuelemu-aprenden-sobre-produccion-de-semillas\/#primaryimage"},"thumbnailUrl":"https:\/\/www.mundoagropecuario.cl\/new\/wp-content\/uploads\/2019\/12\/ni\u00f1os-6.jpg","keywords":["Agro","producci\u00f3n de semillas","SAG"],"articleSection":["Agricultura"],"inLanguage":"es"},{"@type":"WebPage","@id":"https:\/\/www.mundoagropecuario.cl\/new\/ninos-de-escuela-alhuelemu-aprenden-sobre-produccion-de-semillas\/","url":"https:\/\/www.mundoagropecuario.cl\/new\/ninos-de-escuela-alhuelemu-aprenden-sobre-produccion-de-semillas\/","name":"Ni\u00f1os de escuela Alhuelemu aprenden sobre producci\u00f3n de semillas - Mundoagropecuario","isPartOf":{"@id":"https:\/\/www.mundoagropecuario.cl\/new\/#website"},"primaryImageOfPage":{"@id":"https:\/\/www.mundoagropecuario.cl\/new\/ninos-de-escuela-alhuelemu-aprenden-sobre-produccion-de-semillas\/#primaryimage"},"image":{"@id":"https:\/\/www.mundoagropecuario.cl\/new\/ninos-de-escuela-alhuelemu-aprenden-sobre-produccion-de-semillas\/#primaryimage"},"thumbnailUrl":"https:\/\/www.mundoagropecuario.cl\/new\/wp-content\/uploads\/2019\/12\/ni\u00f1os-6.jpg","datePublished":"2019-12-05T04:44:00+00:00","dateModified":"2019-12-12T14:59:13+00:00","breadcrumb":{"@id":"https:\/\/www.mundoagropecuario.cl\/new\/ninos-de-escuela-alhuelemu-aprenden-sobre-produccion-de-semillas\/#breadcrumb"},"inLanguage":"es","potentialAction":[{"@type":"ReadAction","target":["https:\/\/www.mundoagropecuario.cl\/new\/ninos-de-escuela-alhuelemu-aprenden-sobre-produccion-de-semillas\/"]}]},{"@type":"ImageObject","inLanguage":"es","@id":"https:\/\/www.mundoagropecuario.cl\/new\/ninos-de-escuela-alhuelemu-aprenden-sobre-produccion-de-semillas\/#primaryimage","url":"https:\/\/www.mundoagropecuario.cl\/new\/wp-content\/uploads\/2019\/12\/ni\u00f1os-6.jpg","contentUrl":"https:\/\/www.mundoagropecuario.cl\/new\/wp-content\/uploads\/2019\/12\/ni\u00f1os-6.jpg","width":533,"height":400},{"@type":"BreadcrumbList","@id":"https:\/\/www.mundoagropecuario.cl\/new\/ninos-de-escuela-alhuelemu-aprenden-sobre-produccion-de-semillas\/#breadcrumb","itemListElement":[{"@type":"ListItem","position":1,"name":"Portada","item":"https:\/\/www.mundoagropecuario.cl\/new\/"},{"@type":"ListItem","position":2,"name":"Ni\u00f1os de escuela Alhuelemu aprenden sobre producci\u00f3n de semillas"}]},{"@type":"WebSite","@id":"https:\/\/www.mundoagropecuario.cl\/new\/#website","url":"https:\/\/www.mundoagropecuario.cl\/new\/","name":"Mundoagropecuario","description":"Mundo Agropecuario","publisher":{"@id":"https:\/\/www.mundoagropecuario.cl\/new\/#organization"},"potentialAction":[{"@type":"SearchAction","target":{"@type":"EntryPoint","urlTemplate":"https:\/\/www.mundoagropecuario.cl\/new\/?s={search_term_string}"},"query-input":{"@type":"PropertyValueSpecification","valueRequired":true,"valueName":"search_term_string"}}],"inLanguage":"es"},{"@type":"Organization","@id":"https:\/\/www.mundoagropecuario.cl\/new\/#organization","name":"Revista de Agricultura","url":"https:\/\/www.mundoagropecuario.cl\/new\/","logo":{"@type":"ImageObject","inLanguage":"es","@id":"https:\/\/www.mundoagropecuario.cl\/new\/#\/schema\/logo\/image\/","url":"https:\/\/www.mundoagropecuario.cl\/new\/wp-content\/uploads\/2020\/11\/PORTAL-1-1.png","contentUrl":"https:\/\/www.mundoagropecuario.cl\/new\/wp-content\/uploads\/2020\/11\/PORTAL-1-1.png","width":1026,"height":100,"caption":"Revista de Agricultura"},"image":{"@id":"https:\/\/www.mundoagropecuario.cl\/new\/#\/schema\/logo\/image\/"},"sameAs":["https:\/\/www.facebook.com\/mundo.agropecuario.3","https:\/\/x.com\/MundoAgropecuar","https:\/\/www.linkedin.com\/in\/mundo-agropecuario-934009201\/"]},{"@type":"Person","@id":"https:\/\/www.mundoagropecuario.cl\/new\/#\/schema\/person\/4e9f74a82a7dac260eb1c44b7eebeb18","name":"mundo","url":"https:\/\/www.mundoagropecuario.cl\/new\/author\/mundo\/"}]}},"_links":{"self":[{"href":"https:\/\/www.mundoagropecuario.cl\/new\/wp-json\/wp\/v2\/posts\/15053","targetHints":{"allow":["GET"]}}],"collection":[{"href":"https:\/\/www.mundoagropecuario.cl\/new\/wp-json\/wp\/v2\/posts"}],"about":[{"href":"https:\/\/www.mundoagropecuario.cl\/new\/wp-json\/wp\/v2\/types\/post"}],"author":[{"embeddable":true,"href":"https:\/\/www.mundoagropecuario.cl\/new\/wp-json\/wp\/v2\/users\/2"}],"replies":[{"embeddable":true,"href":"https:\/\/www.mundoagropecuario.cl\/new\/wp-json\/wp\/v2\/comments?post=15053"}],"version-history":[{"count":1,"href":"https:\/\/www.mundoagropecuario.cl\/new\/wp-json\/wp\/v2\/posts\/15053\/revisions"}],"predecessor-version":[{"id":15057,"href":"https:\/\/www.mundoagropecuario.cl\/new\/wp-json\/wp\/v2\/posts\/15053\/revisions\/15057"}],"wp:featuredmedia":[{"embeddable":true,"href":"https:\/\/www.mundoagropecuario.cl\/new\/wp-json\/wp\/v2\/media\/15056"}],"wp:attachment":[{"href":"https:\/\/www.mundoagropecuario.cl\/new\/wp-json\/wp\/v2\/media?parent=15053"}],"wp:term":[{"taxonomy":"category","embeddable":true,"href":"https:\/\/www.mundoagropecuario.cl\/new\/wp-json\/wp\/v2\/categories?post=15053"},{"taxonomy":"post_tag","embeddable":true,"href":"https:\/\/www.mundoagropecuario.cl\/new\/wp-json\/wp\/v2\/tags?post=15053"}],"curies":[{"name":"wp","href":"https:\/\/api.w.org\/{rel}","templated":true}]}}