{"id":15049,"date":"2019-12-05T01:35:38","date_gmt":"2019-12-05T04:35:38","guid":{"rendered":"http:\/\/www.mundoagropecuario.cl\/new\/?p=15049"},"modified":"2019-12-05T10:39:48","modified_gmt":"2019-12-05T13:39:48","slug":"pequena-agricultura-se-adapta-al-cambio-climatico","status":"publish","type":"post","link":"https:\/\/www.mundoagropecuario.cl\/new\/pequena-agricultura-se-adapta-al-cambio-climatico\/","title":{"rendered":"Peque\u00f1a agricultura se adapta al cambio clim\u00e1tico"},"content":{"rendered":"\n<ul class=\"wp-block-gallery columns-0 is-cropped wp-block-gallery-1 is-layout-flex wp-block-gallery-is-layout-flex\"><\/ul>\n\n\n\n<p class=\"has-medium-font-size\"><em>El director de INDAP se\u00f1al\u00f3 que debemos ponernos de acuerdo en c\u00f3mo desarrollar con menos agua una nueva agricultura (Mundo Agropecuario).<\/em><\/p>\n\n\n\n<p>Un centenar de productores campesinos, usuarios de INDAP, participaron este mi\u00e9rcoles en Santa Cruz en la primera de las jornadas destinadas a intercambiar experiencias y proyectar soluciones ante el escenario de escasez h\u00eddrica. El ciclo de talleres que se realizar\u00e1n en todas la regiones declaradas en Emergencia Agr\u00edcola, llevan por nombre: \u201cModernizaci\u00f3n del Agro: Adaptaci\u00f3n al Cambio Clim\u00e1tico\u201d.<\/p>\n\n\n\n<p>Mantener viva la agricultura familiar campesina en este nuevo escenario es la idea que cruz\u00f3 la jornada que inaugur\u00f3 el director nacional de INDAP, Carlos Recondo, y cont\u00f3 con la charla t\u00e9cnica de apertura del Ingeniero Agr\u00f3nomo de la Universidad de Chile y Doctor en Bioclimatolog\u00eda de la Universidad de Paris IV,&nbsp;&nbsp;Fernando Santib\u00e1\u00f1ez.<\/p>\n\n\n\n<p>La conversaci\u00f3n se concentr\u00f3 en las medidas para mejorar la eficiencia en el uso de los recursos y las posibilidades para adaptar los m\u00e9todos y rubros de la producci\u00f3n de frutas, hortalizas y ganader\u00eda, a partir de la experiencia de estos productores provenientes de zonas de riego y secano en O\u00b4Higgins, una de las seis regiones declaradas en Emergencia Agr\u00edcola en Chile.&nbsp;<\/p>\n\n\n\n<p>Carlos Recondo indic\u00f3 que estos talleres son otras de las acciones de INDAP, ante la amenaza de la sequ\u00eda, que buscan encontrar respuestas de mediano y largo plazo, junto a las medidas de contingencia como la entrega de forraje, aumento del presupuesto de riego y&nbsp;&nbsp;la baja de tasas en los cr\u00e9ditos.&nbsp;<\/p>\n\n\n\n<figure class=\"wp-block-image\"><img loading=\"lazy\" decoding=\"async\" width=\"1024\" height=\"682\" src=\"https:\/\/www.mundoagropecuario.cl\/new\/wp-content\/uploads\/2019\/12\/MesadeTrabajo3-1024x682.jpeg\" alt=\"\" class=\"wp-image-15051\" srcset=\"https:\/\/www.mundoagropecuario.cl\/new\/wp-content\/uploads\/2019\/12\/MesadeTrabajo3-1024x682.jpeg 1024w, https:\/\/www.mundoagropecuario.cl\/new\/wp-content\/uploads\/2019\/12\/MesadeTrabajo3-586x391.jpeg 586w, https:\/\/www.mundoagropecuario.cl\/new\/wp-content\/uploads\/2019\/12\/MesadeTrabajo3-768x512.jpeg 768w, https:\/\/www.mundoagropecuario.cl\/new\/wp-content\/uploads\/2019\/12\/MesadeTrabajo3.jpeg 601w\" sizes=\"auto, (max-width: 1024px) 100vw, 1024px\" \/><\/figure>\n\n\n\n<p>El director de INDAP se\u00f1al\u00f3 que debemos ponernos de acuerdo en c\u00f3mo desarrollar con menos agua una nueva agricultura. \u201cQueremos que sean los propios agricultores quienes nos entreguen a trav\u00e9s de esta participaci\u00f3n, su propia visi\u00f3n, su propia mirada, como ven ellos esta amenaza y cuales ven que pueden ser los caminos para este gran desaf\u00edo que vamos a enfrentar en conjunto INDAP con nuestros agricultores\u201d.<\/p>\n\n\n\n<p>Los productores que asistieron a este primer taller destacaron la posibilidad de compartir conocimientos. Berta P\u00e9rez, de Peralillo, valor\u00f3 la iniciativa \u201cporque debido a la sequ\u00eda estamos muy mal, entonces tenemos que aprender m\u00e1s y con los compa\u00f1eros tenemos que ver los problemas que tenemos y hacer las cosas mejores\u201d, mientras Ana Mar\u00eda Pi\u00f1a, de Quinta de Tilcoco, coment\u00f3 que su objetivo es \u201caprender porque cada vez vamos a estar m\u00e1s critica la situaci\u00f3n, para poder salir adelante, poder ense\u00f1arle a mis hijas para que ellas sigan adelante, porque se ve muy mal\u201d.<\/p>\n\n\n\n<p>&nbsp;El doctor Santib\u00e1\u00f1ez por su parte destac\u00f3 la relevancia de espacios de participaci\u00f3n como \u00e9ste: \u201cYo creo que es fundamental crear estas instancias donde los responsables de los programas de desarrollo puedan palpar desde la base cu\u00e1les son las inquietudes, cu\u00e1les son las propuestas, y no construir los programas desde arriba hacia abajo. Desde la base a veces surgen conocimientos, percepciones, prioridades que muchas veces no son tan evidentes, entonces estas instancias son fundamentales para hacer m\u00e1s eficiente la pol\u00edtica p\u00fablica\u201d.<\/p>\n\n\n\n<p>&nbsp;Los talleres en que se convocar\u00e1 a peque\u00f1os agricultores para tratar las medidas necesarias de corto, mediano y largo plazo, para enfrentar los efectos del cambio clim\u00e1tico, continuar\u00e1n la pr\u00f3xima semana en las regiones de Valpara\u00edso y la de Coquimbo.<\/p>\n","protected":false},"excerpt":{"rendered":"<p>El director de INDAP se\u00f1al\u00f3 que debemos ponernos de acuerdo en c\u00f3mo desarrollar con menos agua una nueva agricultura (Mundo Agropecuario). Un centenar de productores campesinos, usuarios de INDAP, participaron&#8230;<\/p>\n","protected":false},"author":2,"featured_media":15050,"comment_status":"closed","ping_status":"closed","sticky":false,"template":"","format":"standard","meta":{"footnotes":""},"categories":[1945],"tags":[2090,3127,1991,1992],"class_list":["post-15049","post","type-post","status-publish","format-standard","has-post-thumbnail","hentry","category-agricultura","tag-agricultura","tag-agro","tag-carlos-recondo","tag-indap"],"yoast_head":"<!-- This site is optimized with the Yoast SEO plugin v26.6 - https:\/\/yoast.com\/wordpress\/plugins\/seo\/ -->\n<title>Peque\u00f1a agricultura se adapta al cambio clim\u00e1tico - Mundoagropecuario<\/title>\n<meta name=\"robots\" content=\"index, follow, max-snippet:-1, max-image-preview:large, max-video-preview:-1\" \/>\n<link rel=\"canonical\" href=\"https:\/\/www.mundoagropecuario.cl\/new\/pequena-agricultura-se-adapta-al-cambio-climatico\/\" \/>\n<meta property=\"og:locale\" content=\"es_ES\" \/>\n<meta property=\"og:type\" content=\"article\" \/>\n<meta property=\"og:title\" content=\"Peque\u00f1a agricultura se adapta al cambio clim\u00e1tico - Mundoagropecuario\" \/>\n<meta property=\"og:description\" content=\"El director de INDAP se\u00f1al\u00f3 que debemos ponernos de acuerdo en c\u00f3mo desarrollar con menos agua una nueva agricultura (Mundo Agropecuario). Un centenar de productores campesinos, usuarios de INDAP, participaron...\" \/>\n<meta property=\"og:url\" content=\"https:\/\/www.mundoagropecuario.cl\/new\/pequena-agricultura-se-adapta-al-cambio-climatico\/\" \/>\n<meta property=\"og:site_name\" content=\"Mundoagropecuario\" \/>\n<meta property=\"article:publisher\" content=\"https:\/\/www.facebook.com\/mundo.agropecuario.3\" \/>\n<meta property=\"article:published_time\" content=\"2019-12-05T04:35:38+00:00\" \/>\n<meta property=\"article:modified_time\" content=\"2019-12-05T13:39:48+00:00\" \/>\n<meta property=\"og:image\" content=\"https:\/\/www.mundoagropecuario.cl\/new\/wp-content\/uploads\/2019\/12\/Mesa-de-Trabajo.jpeg\" \/>\n\t<meta property=\"og:image:width\" content=\"1024\" \/>\n\t<meta property=\"og:image:height\" content=\"682\" \/>\n\t<meta property=\"og:image:type\" content=\"image\/jpeg\" \/>\n<meta name=\"author\" content=\"mundo\" \/>\n<meta name=\"twitter:card\" content=\"summary_large_image\" \/>\n<meta name=\"twitter:creator\" content=\"@MundoAgropecuar\" \/>\n<meta name=\"twitter:site\" content=\"@MundoAgropecuar\" \/>\n<meta name=\"twitter:label1\" content=\"Escrito por\" \/>\n\t<meta name=\"twitter:data1\" content=\"mundo\" \/>\n\t<meta name=\"twitter:label2\" content=\"Tiempo de lectura\" \/>\n\t<meta name=\"twitter:data2\" content=\"3 minutos\" \/>\n<script type=\"application\/ld+json\" class=\"yoast-schema-graph\">{\"@context\":\"https:\/\/schema.org\",\"@graph\":[{\"@type\":\"Article\",\"@id\":\"https:\/\/www.mundoagropecuario.cl\/new\/pequena-agricultura-se-adapta-al-cambio-climatico\/#article\",\"isPartOf\":{\"@id\":\"https:\/\/www.mundoagropecuario.cl\/new\/pequena-agricultura-se-adapta-al-cambio-climatico\/\"},\"author\":{\"name\":\"mundo\",\"@id\":\"https:\/\/www.mundoagropecuario.cl\/new\/#\/schema\/person\/4e9f74a82a7dac260eb1c44b7eebeb18\"},\"headline\":\"Peque\u00f1a agricultura se adapta al cambio clim\u00e1tico\",\"datePublished\":\"2019-12-05T04:35:38+00:00\",\"dateModified\":\"2019-12-05T13:39:48+00:00\",\"mainEntityOfPage\":{\"@id\":\"https:\/\/www.mundoagropecuario.cl\/new\/pequena-agricultura-se-adapta-al-cambio-climatico\/\"},\"wordCount\":592,\"publisher\":{\"@id\":\"https:\/\/www.mundoagropecuario.cl\/new\/#organization\"},\"image\":{\"@id\":\"https:\/\/www.mundoagropecuario.cl\/new\/pequena-agricultura-se-adapta-al-cambio-climatico\/#primaryimage\"},\"thumbnailUrl\":\"https:\/\/www.mundoagropecuario.cl\/new\/wp-content\/uploads\/2019\/12\/Mesa-de-Trabajo.jpeg\",\"keywords\":[\"Agricultura\",\"Agro\",\"Carlos Recondo\",\"Indap\"],\"articleSection\":[\"Agricultura\"],\"inLanguage\":\"es\"},{\"@type\":\"WebPage\",\"@id\":\"https:\/\/www.mundoagropecuario.cl\/new\/pequena-agricultura-se-adapta-al-cambio-climatico\/\",\"url\":\"https:\/\/www.mundoagropecuario.cl\/new\/pequena-agricultura-se-adapta-al-cambio-climatico\/\",\"name\":\"Peque\u00f1a agricultura se adapta al cambio clim\u00e1tico - Mundoagropecuario\",\"isPartOf\":{\"@id\":\"https:\/\/www.mundoagropecuario.cl\/new\/#website\"},\"primaryImageOfPage\":{\"@id\":\"https:\/\/www.mundoagropecuario.cl\/new\/pequena-agricultura-se-adapta-al-cambio-climatico\/#primaryimage\"},\"image\":{\"@id\":\"https:\/\/www.mundoagropecuario.cl\/new\/pequena-agricultura-se-adapta-al-cambio-climatico\/#primaryimage\"},\"thumbnailUrl\":\"https:\/\/www.mundoagropecuario.cl\/new\/wp-content\/uploads\/2019\/12\/Mesa-de-Trabajo.jpeg\",\"datePublished\":\"2019-12-05T04:35:38+00:00\",\"dateModified\":\"2019-12-05T13:39:48+00:00\",\"breadcrumb\":{\"@id\":\"https:\/\/www.mundoagropecuario.cl\/new\/pequena-agricultura-se-adapta-al-cambio-climatico\/#breadcrumb\"},\"inLanguage\":\"es\",\"potentialAction\":[{\"@type\":\"ReadAction\",\"target\":[\"https:\/\/www.mundoagropecuario.cl\/new\/pequena-agricultura-se-adapta-al-cambio-climatico\/\"]}]},{\"@type\":\"ImageObject\",\"inLanguage\":\"es\",\"@id\":\"https:\/\/www.mundoagropecuario.cl\/new\/pequena-agricultura-se-adapta-al-cambio-climatico\/#primaryimage\",\"url\":\"https:\/\/www.mundoagropecuario.cl\/new\/wp-content\/uploads\/2019\/12\/Mesa-de-Trabajo.jpeg\",\"contentUrl\":\"https:\/\/www.mundoagropecuario.cl\/new\/wp-content\/uploads\/2019\/12\/Mesa-de-Trabajo.jpeg\",\"width\":601,\"height\":400},{\"@type\":\"BreadcrumbList\",\"@id\":\"https:\/\/www.mundoagropecuario.cl\/new\/pequena-agricultura-se-adapta-al-cambio-climatico\/#breadcrumb\",\"itemListElement\":[{\"@type\":\"ListItem\",\"position\":1,\"name\":\"Portada\",\"item\":\"https:\/\/www.mundoagropecuario.cl\/new\/\"},{\"@type\":\"ListItem\",\"position\":2,\"name\":\"Peque\u00f1a agricultura se adapta al cambio clim\u00e1tico\"}]},{\"@type\":\"WebSite\",\"@id\":\"https:\/\/www.mundoagropecuario.cl\/new\/#website\",\"url\":\"https:\/\/www.mundoagropecuario.cl\/new\/\",\"name\":\"Mundoagropecuario\",\"description\":\"Mundo Agropecuario\",\"publisher\":{\"@id\":\"https:\/\/www.mundoagropecuario.cl\/new\/#organization\"},\"potentialAction\":[{\"@type\":\"SearchAction\",\"target\":{\"@type\":\"EntryPoint\",\"urlTemplate\":\"https:\/\/www.mundoagropecuario.cl\/new\/?s={search_term_string}\"},\"query-input\":{\"@type\":\"PropertyValueSpecification\",\"valueRequired\":true,\"valueName\":\"search_term_string\"}}],\"inLanguage\":\"es\"},{\"@type\":\"Organization\",\"@id\":\"https:\/\/www.mundoagropecuario.cl\/new\/#organization\",\"name\":\"Revista de Agricultura\",\"url\":\"https:\/\/www.mundoagropecuario.cl\/new\/\",\"logo\":{\"@type\":\"ImageObject\",\"inLanguage\":\"es\",\"@id\":\"https:\/\/www.mundoagropecuario.cl\/new\/#\/schema\/logo\/image\/\",\"url\":\"https:\/\/www.mundoagropecuario.cl\/new\/wp-content\/uploads\/2020\/11\/PORTAL-1-1.png\",\"contentUrl\":\"https:\/\/www.mundoagropecuario.cl\/new\/wp-content\/uploads\/2020\/11\/PORTAL-1-1.png\",\"width\":1026,\"height\":100,\"caption\":\"Revista de Agricultura\"},\"image\":{\"@id\":\"https:\/\/www.mundoagropecuario.cl\/new\/#\/schema\/logo\/image\/\"},\"sameAs\":[\"https:\/\/www.facebook.com\/mundo.agropecuario.3\",\"https:\/\/x.com\/MundoAgropecuar\",\"https:\/\/www.linkedin.com\/in\/mundo-agropecuario-934009201\/\"]},{\"@type\":\"Person\",\"@id\":\"https:\/\/www.mundoagropecuario.cl\/new\/#\/schema\/person\/4e9f74a82a7dac260eb1c44b7eebeb18\",\"name\":\"mundo\",\"url\":\"https:\/\/www.mundoagropecuario.cl\/new\/author\/mundo\/\"}]}<\/script>\n<!-- \/ Yoast SEO plugin. -->","yoast_head_json":{"title":"Peque\u00f1a agricultura se adapta al cambio clim\u00e1tico - Mundoagropecuario","robots":{"index":"index","follow":"follow","max-snippet":"max-snippet:-1","max-image-preview":"max-image-preview:large","max-video-preview":"max-video-preview:-1"},"canonical":"https:\/\/www.mundoagropecuario.cl\/new\/pequena-agricultura-se-adapta-al-cambio-climatico\/","og_locale":"es_ES","og_type":"article","og_title":"Peque\u00f1a agricultura se adapta al cambio clim\u00e1tico - Mundoagropecuario","og_description":"El director de INDAP se\u00f1al\u00f3 que debemos ponernos de acuerdo en c\u00f3mo desarrollar con menos agua una nueva agricultura (Mundo Agropecuario). Un centenar de productores campesinos, usuarios de INDAP, participaron...","og_url":"https:\/\/www.mundoagropecuario.cl\/new\/pequena-agricultura-se-adapta-al-cambio-climatico\/","og_site_name":"Mundoagropecuario","article_publisher":"https:\/\/www.facebook.com\/mundo.agropecuario.3","article_published_time":"2019-12-05T04:35:38+00:00","article_modified_time":"2019-12-05T13:39:48+00:00","og_image":[{"width":1024,"height":682,"url":"https:\/\/www.mundoagropecuario.cl\/new\/wp-content\/uploads\/2019\/12\/Mesa-de-Trabajo.jpeg","type":"image\/jpeg"}],"author":"mundo","twitter_card":"summary_large_image","twitter_creator":"@MundoAgropecuar","twitter_site":"@MundoAgropecuar","twitter_misc":{"Escrito por":"mundo","Tiempo de lectura":"3 minutos"},"schema":{"@context":"https:\/\/schema.org","@graph":[{"@type":"Article","@id":"https:\/\/www.mundoagropecuario.cl\/new\/pequena-agricultura-se-adapta-al-cambio-climatico\/#article","isPartOf":{"@id":"https:\/\/www.mundoagropecuario.cl\/new\/pequena-agricultura-se-adapta-al-cambio-climatico\/"},"author":{"name":"mundo","@id":"https:\/\/www.mundoagropecuario.cl\/new\/#\/schema\/person\/4e9f74a82a7dac260eb1c44b7eebeb18"},"headline":"Peque\u00f1a agricultura se adapta al cambio clim\u00e1tico","datePublished":"2019-12-05T04:35:38+00:00","dateModified":"2019-12-05T13:39:48+00:00","mainEntityOfPage":{"@id":"https:\/\/www.mundoagropecuario.cl\/new\/pequena-agricultura-se-adapta-al-cambio-climatico\/"},"wordCount":592,"publisher":{"@id":"https:\/\/www.mundoagropecuario.cl\/new\/#organization"},"image":{"@id":"https:\/\/www.mundoagropecuario.cl\/new\/pequena-agricultura-se-adapta-al-cambio-climatico\/#primaryimage"},"thumbnailUrl":"https:\/\/www.mundoagropecuario.cl\/new\/wp-content\/uploads\/2019\/12\/Mesa-de-Trabajo.jpeg","keywords":["Agricultura","Agro","Carlos Recondo","Indap"],"articleSection":["Agricultura"],"inLanguage":"es"},{"@type":"WebPage","@id":"https:\/\/www.mundoagropecuario.cl\/new\/pequena-agricultura-se-adapta-al-cambio-climatico\/","url":"https:\/\/www.mundoagropecuario.cl\/new\/pequena-agricultura-se-adapta-al-cambio-climatico\/","name":"Peque\u00f1a agricultura se adapta al cambio clim\u00e1tico - Mundoagropecuario","isPartOf":{"@id":"https:\/\/www.mundoagropecuario.cl\/new\/#website"},"primaryImageOfPage":{"@id":"https:\/\/www.mundoagropecuario.cl\/new\/pequena-agricultura-se-adapta-al-cambio-climatico\/#primaryimage"},"image":{"@id":"https:\/\/www.mundoagropecuario.cl\/new\/pequena-agricultura-se-adapta-al-cambio-climatico\/#primaryimage"},"thumbnailUrl":"https:\/\/www.mundoagropecuario.cl\/new\/wp-content\/uploads\/2019\/12\/Mesa-de-Trabajo.jpeg","datePublished":"2019-12-05T04:35:38+00:00","dateModified":"2019-12-05T13:39:48+00:00","breadcrumb":{"@id":"https:\/\/www.mundoagropecuario.cl\/new\/pequena-agricultura-se-adapta-al-cambio-climatico\/#breadcrumb"},"inLanguage":"es","potentialAction":[{"@type":"ReadAction","target":["https:\/\/www.mundoagropecuario.cl\/new\/pequena-agricultura-se-adapta-al-cambio-climatico\/"]}]},{"@type":"ImageObject","inLanguage":"es","@id":"https:\/\/www.mundoagropecuario.cl\/new\/pequena-agricultura-se-adapta-al-cambio-climatico\/#primaryimage","url":"https:\/\/www.mundoagropecuario.cl\/new\/wp-content\/uploads\/2019\/12\/Mesa-de-Trabajo.jpeg","contentUrl":"https:\/\/www.mundoagropecuario.cl\/new\/wp-content\/uploads\/2019\/12\/Mesa-de-Trabajo.jpeg","width":601,"height":400},{"@type":"BreadcrumbList","@id":"https:\/\/www.mundoagropecuario.cl\/new\/pequena-agricultura-se-adapta-al-cambio-climatico\/#breadcrumb","itemListElement":[{"@type":"ListItem","position":1,"name":"Portada","item":"https:\/\/www.mundoagropecuario.cl\/new\/"},{"@type":"ListItem","position":2,"name":"Peque\u00f1a agricultura se adapta al cambio clim\u00e1tico"}]},{"@type":"WebSite","@id":"https:\/\/www.mundoagropecuario.cl\/new\/#website","url":"https:\/\/www.mundoagropecuario.cl\/new\/","name":"Mundoagropecuario","description":"Mundo Agropecuario","publisher":{"@id":"https:\/\/www.mundoagropecuario.cl\/new\/#organization"},"potentialAction":[{"@type":"SearchAction","target":{"@type":"EntryPoint","urlTemplate":"https:\/\/www.mundoagropecuario.cl\/new\/?s={search_term_string}"},"query-input":{"@type":"PropertyValueSpecification","valueRequired":true,"valueName":"search_term_string"}}],"inLanguage":"es"},{"@type":"Organization","@id":"https:\/\/www.mundoagropecuario.cl\/new\/#organization","name":"Revista de Agricultura","url":"https:\/\/www.mundoagropecuario.cl\/new\/","logo":{"@type":"ImageObject","inLanguage":"es","@id":"https:\/\/www.mundoagropecuario.cl\/new\/#\/schema\/logo\/image\/","url":"https:\/\/www.mundoagropecuario.cl\/new\/wp-content\/uploads\/2020\/11\/PORTAL-1-1.png","contentUrl":"https:\/\/www.mundoagropecuario.cl\/new\/wp-content\/uploads\/2020\/11\/PORTAL-1-1.png","width":1026,"height":100,"caption":"Revista de Agricultura"},"image":{"@id":"https:\/\/www.mundoagropecuario.cl\/new\/#\/schema\/logo\/image\/"},"sameAs":["https:\/\/www.facebook.com\/mundo.agropecuario.3","https:\/\/x.com\/MundoAgropecuar","https:\/\/www.linkedin.com\/in\/mundo-agropecuario-934009201\/"]},{"@type":"Person","@id":"https:\/\/www.mundoagropecuario.cl\/new\/#\/schema\/person\/4e9f74a82a7dac260eb1c44b7eebeb18","name":"mundo","url":"https:\/\/www.mundoagropecuario.cl\/new\/author\/mundo\/"}]}},"_links":{"self":[{"href":"https:\/\/www.mundoagropecuario.cl\/new\/wp-json\/wp\/v2\/posts\/15049","targetHints":{"allow":["GET"]}}],"collection":[{"href":"https:\/\/www.mundoagropecuario.cl\/new\/wp-json\/wp\/v2\/posts"}],"about":[{"href":"https:\/\/www.mundoagropecuario.cl\/new\/wp-json\/wp\/v2\/types\/post"}],"author":[{"embeddable":true,"href":"https:\/\/www.mundoagropecuario.cl\/new\/wp-json\/wp\/v2\/users\/2"}],"replies":[{"embeddable":true,"href":"https:\/\/www.mundoagropecuario.cl\/new\/wp-json\/wp\/v2\/comments?post=15049"}],"version-history":[{"count":2,"href":"https:\/\/www.mundoagropecuario.cl\/new\/wp-json\/wp\/v2\/posts\/15049\/revisions"}],"predecessor-version":[{"id":15079,"href":"https:\/\/www.mundoagropecuario.cl\/new\/wp-json\/wp\/v2\/posts\/15049\/revisions\/15079"}],"wp:featuredmedia":[{"embeddable":true,"href":"https:\/\/www.mundoagropecuario.cl\/new\/wp-json\/wp\/v2\/media\/15050"}],"wp:attachment":[{"href":"https:\/\/www.mundoagropecuario.cl\/new\/wp-json\/wp\/v2\/media?parent=15049"}],"wp:term":[{"taxonomy":"category","embeddable":true,"href":"https:\/\/www.mundoagropecuario.cl\/new\/wp-json\/wp\/v2\/categories?post=15049"},{"taxonomy":"post_tag","embeddable":true,"href":"https:\/\/www.mundoagropecuario.cl\/new\/wp-json\/wp\/v2\/tags?post=15049"}],"curies":[{"name":"wp","href":"https:\/\/api.w.org\/{rel}","templated":true}]}}