{"id":15027,"date":"2019-12-04T10:38:29","date_gmt":"2019-12-04T13:38:29","guid":{"rendered":"http:\/\/www.mundoagropecuario.cl\/new\/?p=15027"},"modified":"2019-12-04T11:21:57","modified_gmt":"2019-12-04T14:21:57","slug":"indap-comenzo-plan-de-mitigacion-y-control-de-langostas-en-quilaco","status":"publish","type":"post","link":"https:\/\/www.mundoagropecuario.cl\/new\/indap-comenzo-plan-de-mitigacion-y-control-de-langostas-en-quilaco\/","title":{"rendered":"INDAP comenz\u00f3 plan de mitigaci\u00f3n y control de langostas en Quilaco"},"content":{"rendered":"\n<ul class=\"wp-block-gallery columns-0 is-cropped wp-block-gallery-1 is-layout-flex wp-block-gallery-is-layout-flex\"><\/ul>\n\n\n\n<p class=\"has-medium-font-size\"><em>El plan de control se llevar\u00e1 a cabo en lugares de dif\u00edcil acceso, como sectores cerca de casas, con excesiva presencia de \u00e1rboles, entre otros (Mundo Agropecuario).<\/em><\/p>\n\n\n\n<p>El Ministerio de Agricultura, a trav\u00e9s del Instituto de Desarrollo Agropecuario (INDAP), comenz\u00f3, este lunes, el programa de mitigaci\u00f3n y control de langostas en la comuna de Quilaco. El plan consistente en la aplicaci\u00f3n de insecticida, un producto llamado Alsystin, con el objeto de disminuir la presencia de dicho insecto en los predios de agricultores.<\/p>\n\n\n\n<div class=\"wp-block-image\"><figure class=\"alignleft is-resized\"><img loading=\"lazy\" decoding=\"async\" src=\"https:\/\/www.mundoagropecuario.cl\/new\/wp-content\/uploads\/2019\/12\/SEREMI-DE-AGRICULTURA--1024x768.jpg\" alt=\"\" class=\"wp-image-15030\" width=\"347\" height=\"260\" srcset=\"https:\/\/www.mundoagropecuario.cl\/new\/wp-content\/uploads\/2019\/12\/SEREMI-DE-AGRICULTURA--1024x768.jpg 1024w, https:\/\/www.mundoagropecuario.cl\/new\/wp-content\/uploads\/2019\/12\/SEREMI-DE-AGRICULTURA--586x440.jpg 586w, https:\/\/www.mundoagropecuario.cl\/new\/wp-content\/uploads\/2019\/12\/SEREMI-DE-AGRICULTURA--768x576.jpg 768w, https:\/\/www.mundoagropecuario.cl\/new\/wp-content\/uploads\/2019\/12\/SEREMI-DE-AGRICULTURA-.jpg 533w\" sizes=\"auto, (max-width: 347px) 100vw, 347px\" \/><\/figure><\/div>\n\n\n\n<p>La medida de mitigaci\u00f3n, que parti\u00f3 en el sector de Loncopangue, se concretar\u00e1 en una superficie de 857 hect\u00e1reas, que beneficiar\u00e1 a 103 peque\u00f1os agricultores dedicados a la ganader\u00eda mayor y menor, siembra para producci\u00f3n de forraje, siembra cultivos tradicionales, apicultura, producci\u00f3n de hortalizas al aire libre y bajo pl\u00e1stico.<\/p>\n\n\n\n<p>Sobre el comienzo de los trabajos, el Seremi de Agricultura, Francisco Lagos, indic\u00f3 que \u201ceste es un trabajo en conjunto con los agricultores, municipio y los servicios del Agro, que va al coraz\u00f3n de la agricultura familiar campesina. Estamos en el momento \u00f3ptimo de aplicaci\u00f3n del programa. Se han priorizado cerca de 900 hect\u00e1reas, donde la mayor\u00eda son peque\u00f1os productores, que se dedican a cultivos y praderas\u201d.<\/p>\n\n\n\n<p>El plan de control se llevar\u00e1 a cabo en lugares de dif\u00edcil acceso, como sectores cerca de casas, con excesiva presencia de \u00e1rboles, entre otros. Es as\u00ed como la fumigaci\u00f3n se realizar\u00e1 en tractores, con su respectivo equipo de pulverizaci\u00f3n simult\u00e1nea, m\u00e1s un cami\u00f3n aljibe de apoyo para el relleno del producto.<\/p>\n\n\n\n<p>Por su parte, el jefe del \u00c1rea INDAP Santa B\u00e1rbara, Juan Pablo Miranda, se\u00f1al\u00f3 que \u201ccontamos con 5 tractores, cada uno con su equipo de pulverizaci\u00f3n. Nuestra idea es comenzar de los lugares m\u00e1s afectados, que son Loncopangue Alto y comenzar a bajar tambi\u00e9n con la sugerencia de los usuarios y se hacen tomado todas las medidas para que sea un trabajo sin problema\u201d.<\/p>\n\n\n\n<div class=\"wp-block-image\"><figure class=\"alignright is-resized\"><img loading=\"lazy\" decoding=\"async\" src=\"https:\/\/www.mundoagropecuario.cl\/new\/wp-content\/uploads\/2019\/12\/LANGOSTA--1024x768.jpg\" alt=\"\" class=\"wp-image-15028\" width=\"405\" height=\"304\" srcset=\"https:\/\/www.mundoagropecuario.cl\/new\/wp-content\/uploads\/2019\/12\/LANGOSTA--1024x768.jpg 1024w, https:\/\/www.mundoagropecuario.cl\/new\/wp-content\/uploads\/2019\/12\/LANGOSTA--586x440.jpg 586w, https:\/\/www.mundoagropecuario.cl\/new\/wp-content\/uploads\/2019\/12\/LANGOSTA--768x576.jpg 768w, https:\/\/www.mundoagropecuario.cl\/new\/wp-content\/uploads\/2019\/12\/LANGOSTA-.jpg 533w\" sizes=\"auto, (max-width: 405px) 100vw, 405px\" \/><\/figure><\/div>\n\n\n\n<p>El inicio de esta medida se comenz\u00f3 en el sector Loncopangue, es as\u00ed como el presidente de la Junta de Vecinos N\u00b0 1, Jos\u00e9 Navarrete, agradeci\u00f3 los trabajos y manifest\u00f3 que \u201cpara nosotros es muy importante esto y un sue\u00f1o que ten\u00edamos desde hace varios a\u00f1os. Yo agradezco a todas las entidades que est\u00e1n involucrados en este proyecto para poder realizar esta fumigaci\u00f3n, porque para nosotros es un sue\u00f1o inalcanzable\u201d.<\/p>\n\n\n\n<p>Se espera que los trabajos tengan una duraci\u00f3n de cerca de dos semanas, considerando las condiciones clim\u00e1ticas y la disponibilidad de tractores.<\/p>\n","protected":false},"excerpt":{"rendered":"<p>El plan de control se llevar\u00e1 a cabo en lugares de dif\u00edcil acceso, como sectores cerca de casas, con excesiva presencia de \u00e1rboles, entre otros (Mundo Agropecuario). El Ministerio de&#8230;<\/p>\n","protected":false},"author":2,"featured_media":15029,"comment_status":"closed","ping_status":"closed","sticky":false,"template":"","format":"standard","meta":{"footnotes":""},"categories":[1945],"tags":[2090,3127,1992,4486],"class_list":["post-15027","post","type-post","status-publish","format-standard","has-post-thumbnail","hentry","category-agricultura","tag-agricultura","tag-agro","tag-indap","tag-langostas-en-quilaco"],"yoast_head":"<!-- This site is optimized with the Yoast SEO plugin v26.6 - https:\/\/yoast.com\/wordpress\/plugins\/seo\/ -->\n<title>INDAP comenz\u00f3 plan de mitigaci\u00f3n y control de langostas en Quilaco - Mundoagropecuario<\/title>\n<meta name=\"robots\" content=\"index, follow, max-snippet:-1, max-image-preview:large, max-video-preview:-1\" \/>\n<link rel=\"canonical\" href=\"https:\/\/www.mundoagropecuario.cl\/new\/indap-comenzo-plan-de-mitigacion-y-control-de-langostas-en-quilaco\/\" \/>\n<meta property=\"og:locale\" content=\"es_ES\" \/>\n<meta property=\"og:type\" content=\"article\" \/>\n<meta property=\"og:title\" content=\"INDAP comenz\u00f3 plan de mitigaci\u00f3n y control de langostas en Quilaco - Mundoagropecuario\" \/>\n<meta property=\"og:description\" content=\"El plan de control se llevar\u00e1 a cabo en lugares de dif\u00edcil acceso, como sectores cerca de casas, con excesiva presencia de \u00e1rboles, entre otros (Mundo Agropecuario). El Ministerio de...\" \/>\n<meta property=\"og:url\" content=\"https:\/\/www.mundoagropecuario.cl\/new\/indap-comenzo-plan-de-mitigacion-y-control-de-langostas-en-quilaco\/\" \/>\n<meta property=\"og:site_name\" content=\"Mundoagropecuario\" \/>\n<meta property=\"article:publisher\" content=\"https:\/\/www.facebook.com\/mundo.agropecuario.3\" \/>\n<meta property=\"article:published_time\" content=\"2019-12-04T13:38:29+00:00\" \/>\n<meta property=\"article:modified_time\" content=\"2019-12-04T14:21:57+00:00\" \/>\n<meta property=\"og:image\" content=\"https:\/\/www.mundoagropecuario.cl\/new\/wp-content\/uploads\/2019\/12\/PULVERIZACI\u00d3N-LANGOSTAS.jpg\" \/>\n\t<meta property=\"og:image:width\" content=\"1024\" \/>\n\t<meta property=\"og:image:height\" content=\"768\" \/>\n\t<meta property=\"og:image:type\" content=\"image\/jpeg\" \/>\n<meta name=\"author\" content=\"mundo\" \/>\n<meta name=\"twitter:card\" content=\"summary_large_image\" \/>\n<meta name=\"twitter:creator\" content=\"@MundoAgropecuar\" \/>\n<meta name=\"twitter:site\" content=\"@MundoAgropecuar\" \/>\n<meta name=\"twitter:label1\" content=\"Escrito por\" \/>\n\t<meta name=\"twitter:data1\" content=\"mundo\" \/>\n\t<meta name=\"twitter:label2\" content=\"Tiempo de lectura\" \/>\n\t<meta name=\"twitter:data2\" content=\"2 minutos\" \/>\n<script type=\"application\/ld+json\" class=\"yoast-schema-graph\">{\"@context\":\"https:\/\/schema.org\",\"@graph\":[{\"@type\":\"Article\",\"@id\":\"https:\/\/www.mundoagropecuario.cl\/new\/indap-comenzo-plan-de-mitigacion-y-control-de-langostas-en-quilaco\/#article\",\"isPartOf\":{\"@id\":\"https:\/\/www.mundoagropecuario.cl\/new\/indap-comenzo-plan-de-mitigacion-y-control-de-langostas-en-quilaco\/\"},\"author\":{\"name\":\"mundo\",\"@id\":\"https:\/\/www.mundoagropecuario.cl\/new\/#\/schema\/person\/4e9f74a82a7dac260eb1c44b7eebeb18\"},\"headline\":\"INDAP comenz\u00f3 plan de mitigaci\u00f3n y control de langostas en Quilaco\",\"datePublished\":\"2019-12-04T13:38:29+00:00\",\"dateModified\":\"2019-12-04T14:21:57+00:00\",\"mainEntityOfPage\":{\"@id\":\"https:\/\/www.mundoagropecuario.cl\/new\/indap-comenzo-plan-de-mitigacion-y-control-de-langostas-en-quilaco\/\"},\"wordCount\":449,\"publisher\":{\"@id\":\"https:\/\/www.mundoagropecuario.cl\/new\/#organization\"},\"image\":{\"@id\":\"https:\/\/www.mundoagropecuario.cl\/new\/indap-comenzo-plan-de-mitigacion-y-control-de-langostas-en-quilaco\/#primaryimage\"},\"thumbnailUrl\":\"https:\/\/www.mundoagropecuario.cl\/new\/wp-content\/uploads\/2019\/12\/PULVERIZACI\u00d3N-LANGOSTAS.jpg\",\"keywords\":[\"Agricultura\",\"Agro\",\"Indap\",\"langostas en Quilaco\"],\"articleSection\":[\"Agricultura\"],\"inLanguage\":\"es\"},{\"@type\":\"WebPage\",\"@id\":\"https:\/\/www.mundoagropecuario.cl\/new\/indap-comenzo-plan-de-mitigacion-y-control-de-langostas-en-quilaco\/\",\"url\":\"https:\/\/www.mundoagropecuario.cl\/new\/indap-comenzo-plan-de-mitigacion-y-control-de-langostas-en-quilaco\/\",\"name\":\"INDAP comenz\u00f3 plan de mitigaci\u00f3n y control de langostas en Quilaco - Mundoagropecuario\",\"isPartOf\":{\"@id\":\"https:\/\/www.mundoagropecuario.cl\/new\/#website\"},\"primaryImageOfPage\":{\"@id\":\"https:\/\/www.mundoagropecuario.cl\/new\/indap-comenzo-plan-de-mitigacion-y-control-de-langostas-en-quilaco\/#primaryimage\"},\"image\":{\"@id\":\"https:\/\/www.mundoagropecuario.cl\/new\/indap-comenzo-plan-de-mitigacion-y-control-de-langostas-en-quilaco\/#primaryimage\"},\"thumbnailUrl\":\"https:\/\/www.mundoagropecuario.cl\/new\/wp-content\/uploads\/2019\/12\/PULVERIZACI\u00d3N-LANGOSTAS.jpg\",\"datePublished\":\"2019-12-04T13:38:29+00:00\",\"dateModified\":\"2019-12-04T14:21:57+00:00\",\"breadcrumb\":{\"@id\":\"https:\/\/www.mundoagropecuario.cl\/new\/indap-comenzo-plan-de-mitigacion-y-control-de-langostas-en-quilaco\/#breadcrumb\"},\"inLanguage\":\"es\",\"potentialAction\":[{\"@type\":\"ReadAction\",\"target\":[\"https:\/\/www.mundoagropecuario.cl\/new\/indap-comenzo-plan-de-mitigacion-y-control-de-langostas-en-quilaco\/\"]}]},{\"@type\":\"ImageObject\",\"inLanguage\":\"es\",\"@id\":\"https:\/\/www.mundoagropecuario.cl\/new\/indap-comenzo-plan-de-mitigacion-y-control-de-langostas-en-quilaco\/#primaryimage\",\"url\":\"https:\/\/www.mundoagropecuario.cl\/new\/wp-content\/uploads\/2019\/12\/PULVERIZACI\u00d3N-LANGOSTAS.jpg\",\"contentUrl\":\"https:\/\/www.mundoagropecuario.cl\/new\/wp-content\/uploads\/2019\/12\/PULVERIZACI\u00d3N-LANGOSTAS.jpg\",\"width\":533,\"height\":400},{\"@type\":\"BreadcrumbList\",\"@id\":\"https:\/\/www.mundoagropecuario.cl\/new\/indap-comenzo-plan-de-mitigacion-y-control-de-langostas-en-quilaco\/#breadcrumb\",\"itemListElement\":[{\"@type\":\"ListItem\",\"position\":1,\"name\":\"Portada\",\"item\":\"https:\/\/www.mundoagropecuario.cl\/new\/\"},{\"@type\":\"ListItem\",\"position\":2,\"name\":\"INDAP comenz\u00f3 plan de mitigaci\u00f3n y control de langostas en Quilaco\"}]},{\"@type\":\"WebSite\",\"@id\":\"https:\/\/www.mundoagropecuario.cl\/new\/#website\",\"url\":\"https:\/\/www.mundoagropecuario.cl\/new\/\",\"name\":\"Mundoagropecuario\",\"description\":\"Mundo Agropecuario\",\"publisher\":{\"@id\":\"https:\/\/www.mundoagropecuario.cl\/new\/#organization\"},\"potentialAction\":[{\"@type\":\"SearchAction\",\"target\":{\"@type\":\"EntryPoint\",\"urlTemplate\":\"https:\/\/www.mundoagropecuario.cl\/new\/?s={search_term_string}\"},\"query-input\":{\"@type\":\"PropertyValueSpecification\",\"valueRequired\":true,\"valueName\":\"search_term_string\"}}],\"inLanguage\":\"es\"},{\"@type\":\"Organization\",\"@id\":\"https:\/\/www.mundoagropecuario.cl\/new\/#organization\",\"name\":\"Revista de Agricultura\",\"url\":\"https:\/\/www.mundoagropecuario.cl\/new\/\",\"logo\":{\"@type\":\"ImageObject\",\"inLanguage\":\"es\",\"@id\":\"https:\/\/www.mundoagropecuario.cl\/new\/#\/schema\/logo\/image\/\",\"url\":\"https:\/\/www.mundoagropecuario.cl\/new\/wp-content\/uploads\/2020\/11\/PORTAL-1-1.png\",\"contentUrl\":\"https:\/\/www.mundoagropecuario.cl\/new\/wp-content\/uploads\/2020\/11\/PORTAL-1-1.png\",\"width\":1026,\"height\":100,\"caption\":\"Revista de Agricultura\"},\"image\":{\"@id\":\"https:\/\/www.mundoagropecuario.cl\/new\/#\/schema\/logo\/image\/\"},\"sameAs\":[\"https:\/\/www.facebook.com\/mundo.agropecuario.3\",\"https:\/\/x.com\/MundoAgropecuar\",\"https:\/\/www.linkedin.com\/in\/mundo-agropecuario-934009201\/\"]},{\"@type\":\"Person\",\"@id\":\"https:\/\/www.mundoagropecuario.cl\/new\/#\/schema\/person\/4e9f74a82a7dac260eb1c44b7eebeb18\",\"name\":\"mundo\",\"url\":\"https:\/\/www.mundoagropecuario.cl\/new\/author\/mundo\/\"}]}<\/script>\n<!-- \/ Yoast SEO plugin. -->","yoast_head_json":{"title":"INDAP comenz\u00f3 plan de mitigaci\u00f3n y control de langostas en Quilaco - Mundoagropecuario","robots":{"index":"index","follow":"follow","max-snippet":"max-snippet:-1","max-image-preview":"max-image-preview:large","max-video-preview":"max-video-preview:-1"},"canonical":"https:\/\/www.mundoagropecuario.cl\/new\/indap-comenzo-plan-de-mitigacion-y-control-de-langostas-en-quilaco\/","og_locale":"es_ES","og_type":"article","og_title":"INDAP comenz\u00f3 plan de mitigaci\u00f3n y control de langostas en Quilaco - Mundoagropecuario","og_description":"El plan de control se llevar\u00e1 a cabo en lugares de dif\u00edcil acceso, como sectores cerca de casas, con excesiva presencia de \u00e1rboles, entre otros (Mundo Agropecuario). El Ministerio de...","og_url":"https:\/\/www.mundoagropecuario.cl\/new\/indap-comenzo-plan-de-mitigacion-y-control-de-langostas-en-quilaco\/","og_site_name":"Mundoagropecuario","article_publisher":"https:\/\/www.facebook.com\/mundo.agropecuario.3","article_published_time":"2019-12-04T13:38:29+00:00","article_modified_time":"2019-12-04T14:21:57+00:00","og_image":[{"width":1024,"height":768,"url":"https:\/\/www.mundoagropecuario.cl\/new\/wp-content\/uploads\/2019\/12\/PULVERIZACI\u00d3N-LANGOSTAS.jpg","type":"image\/jpeg"}],"author":"mundo","twitter_card":"summary_large_image","twitter_creator":"@MundoAgropecuar","twitter_site":"@MundoAgropecuar","twitter_misc":{"Escrito por":"mundo","Tiempo de lectura":"2 minutos"},"schema":{"@context":"https:\/\/schema.org","@graph":[{"@type":"Article","@id":"https:\/\/www.mundoagropecuario.cl\/new\/indap-comenzo-plan-de-mitigacion-y-control-de-langostas-en-quilaco\/#article","isPartOf":{"@id":"https:\/\/www.mundoagropecuario.cl\/new\/indap-comenzo-plan-de-mitigacion-y-control-de-langostas-en-quilaco\/"},"author":{"name":"mundo","@id":"https:\/\/www.mundoagropecuario.cl\/new\/#\/schema\/person\/4e9f74a82a7dac260eb1c44b7eebeb18"},"headline":"INDAP comenz\u00f3 plan de mitigaci\u00f3n y control de langostas en Quilaco","datePublished":"2019-12-04T13:38:29+00:00","dateModified":"2019-12-04T14:21:57+00:00","mainEntityOfPage":{"@id":"https:\/\/www.mundoagropecuario.cl\/new\/indap-comenzo-plan-de-mitigacion-y-control-de-langostas-en-quilaco\/"},"wordCount":449,"publisher":{"@id":"https:\/\/www.mundoagropecuario.cl\/new\/#organization"},"image":{"@id":"https:\/\/www.mundoagropecuario.cl\/new\/indap-comenzo-plan-de-mitigacion-y-control-de-langostas-en-quilaco\/#primaryimage"},"thumbnailUrl":"https:\/\/www.mundoagropecuario.cl\/new\/wp-content\/uploads\/2019\/12\/PULVERIZACI\u00d3N-LANGOSTAS.jpg","keywords":["Agricultura","Agro","Indap","langostas en Quilaco"],"articleSection":["Agricultura"],"inLanguage":"es"},{"@type":"WebPage","@id":"https:\/\/www.mundoagropecuario.cl\/new\/indap-comenzo-plan-de-mitigacion-y-control-de-langostas-en-quilaco\/","url":"https:\/\/www.mundoagropecuario.cl\/new\/indap-comenzo-plan-de-mitigacion-y-control-de-langostas-en-quilaco\/","name":"INDAP comenz\u00f3 plan de mitigaci\u00f3n y control de langostas en Quilaco - Mundoagropecuario","isPartOf":{"@id":"https:\/\/www.mundoagropecuario.cl\/new\/#website"},"primaryImageOfPage":{"@id":"https:\/\/www.mundoagropecuario.cl\/new\/indap-comenzo-plan-de-mitigacion-y-control-de-langostas-en-quilaco\/#primaryimage"},"image":{"@id":"https:\/\/www.mundoagropecuario.cl\/new\/indap-comenzo-plan-de-mitigacion-y-control-de-langostas-en-quilaco\/#primaryimage"},"thumbnailUrl":"https:\/\/www.mundoagropecuario.cl\/new\/wp-content\/uploads\/2019\/12\/PULVERIZACI\u00d3N-LANGOSTAS.jpg","datePublished":"2019-12-04T13:38:29+00:00","dateModified":"2019-12-04T14:21:57+00:00","breadcrumb":{"@id":"https:\/\/www.mundoagropecuario.cl\/new\/indap-comenzo-plan-de-mitigacion-y-control-de-langostas-en-quilaco\/#breadcrumb"},"inLanguage":"es","potentialAction":[{"@type":"ReadAction","target":["https:\/\/www.mundoagropecuario.cl\/new\/indap-comenzo-plan-de-mitigacion-y-control-de-langostas-en-quilaco\/"]}]},{"@type":"ImageObject","inLanguage":"es","@id":"https:\/\/www.mundoagropecuario.cl\/new\/indap-comenzo-plan-de-mitigacion-y-control-de-langostas-en-quilaco\/#primaryimage","url":"https:\/\/www.mundoagropecuario.cl\/new\/wp-content\/uploads\/2019\/12\/PULVERIZACI\u00d3N-LANGOSTAS.jpg","contentUrl":"https:\/\/www.mundoagropecuario.cl\/new\/wp-content\/uploads\/2019\/12\/PULVERIZACI\u00d3N-LANGOSTAS.jpg","width":533,"height":400},{"@type":"BreadcrumbList","@id":"https:\/\/www.mundoagropecuario.cl\/new\/indap-comenzo-plan-de-mitigacion-y-control-de-langostas-en-quilaco\/#breadcrumb","itemListElement":[{"@type":"ListItem","position":1,"name":"Portada","item":"https:\/\/www.mundoagropecuario.cl\/new\/"},{"@type":"ListItem","position":2,"name":"INDAP comenz\u00f3 plan de mitigaci\u00f3n y control de langostas en Quilaco"}]},{"@type":"WebSite","@id":"https:\/\/www.mundoagropecuario.cl\/new\/#website","url":"https:\/\/www.mundoagropecuario.cl\/new\/","name":"Mundoagropecuario","description":"Mundo Agropecuario","publisher":{"@id":"https:\/\/www.mundoagropecuario.cl\/new\/#organization"},"potentialAction":[{"@type":"SearchAction","target":{"@type":"EntryPoint","urlTemplate":"https:\/\/www.mundoagropecuario.cl\/new\/?s={search_term_string}"},"query-input":{"@type":"PropertyValueSpecification","valueRequired":true,"valueName":"search_term_string"}}],"inLanguage":"es"},{"@type":"Organization","@id":"https:\/\/www.mundoagropecuario.cl\/new\/#organization","name":"Revista de Agricultura","url":"https:\/\/www.mundoagropecuario.cl\/new\/","logo":{"@type":"ImageObject","inLanguage":"es","@id":"https:\/\/www.mundoagropecuario.cl\/new\/#\/schema\/logo\/image\/","url":"https:\/\/www.mundoagropecuario.cl\/new\/wp-content\/uploads\/2020\/11\/PORTAL-1-1.png","contentUrl":"https:\/\/www.mundoagropecuario.cl\/new\/wp-content\/uploads\/2020\/11\/PORTAL-1-1.png","width":1026,"height":100,"caption":"Revista de Agricultura"},"image":{"@id":"https:\/\/www.mundoagropecuario.cl\/new\/#\/schema\/logo\/image\/"},"sameAs":["https:\/\/www.facebook.com\/mundo.agropecuario.3","https:\/\/x.com\/MundoAgropecuar","https:\/\/www.linkedin.com\/in\/mundo-agropecuario-934009201\/"]},{"@type":"Person","@id":"https:\/\/www.mundoagropecuario.cl\/new\/#\/schema\/person\/4e9f74a82a7dac260eb1c44b7eebeb18","name":"mundo","url":"https:\/\/www.mundoagropecuario.cl\/new\/author\/mundo\/"}]}},"_links":{"self":[{"href":"https:\/\/www.mundoagropecuario.cl\/new\/wp-json\/wp\/v2\/posts\/15027","targetHints":{"allow":["GET"]}}],"collection":[{"href":"https:\/\/www.mundoagropecuario.cl\/new\/wp-json\/wp\/v2\/posts"}],"about":[{"href":"https:\/\/www.mundoagropecuario.cl\/new\/wp-json\/wp\/v2\/types\/post"}],"author":[{"embeddable":true,"href":"https:\/\/www.mundoagropecuario.cl\/new\/wp-json\/wp\/v2\/users\/2"}],"replies":[{"embeddable":true,"href":"https:\/\/www.mundoagropecuario.cl\/new\/wp-json\/wp\/v2\/comments?post=15027"}],"version-history":[{"count":1,"href":"https:\/\/www.mundoagropecuario.cl\/new\/wp-json\/wp\/v2\/posts\/15027\/revisions"}],"predecessor-version":[{"id":15031,"href":"https:\/\/www.mundoagropecuario.cl\/new\/wp-json\/wp\/v2\/posts\/15027\/revisions\/15031"}],"wp:featuredmedia":[{"embeddable":true,"href":"https:\/\/www.mundoagropecuario.cl\/new\/wp-json\/wp\/v2\/media\/15029"}],"wp:attachment":[{"href":"https:\/\/www.mundoagropecuario.cl\/new\/wp-json\/wp\/v2\/media?parent=15027"}],"wp:term":[{"taxonomy":"category","embeddable":true,"href":"https:\/\/www.mundoagropecuario.cl\/new\/wp-json\/wp\/v2\/categories?post=15027"},{"taxonomy":"post_tag","embeddable":true,"href":"https:\/\/www.mundoagropecuario.cl\/new\/wp-json\/wp\/v2\/tags?post=15027"}],"curies":[{"name":"wp","href":"https:\/\/api.w.org\/{rel}","templated":true}]}}