{"id":15015,"date":"2019-12-03T11:27:00","date_gmt":"2019-12-03T14:27:00","guid":{"rendered":"http:\/\/www.mundoagropecuario.cl\/new\/?p=15015"},"modified":"2019-12-04T11:46:54","modified_gmt":"2019-12-04T14:46:54","slug":"mas-de-100-pequenos-agricultores-de-indap-participaran-en-la-feria-expo-agricola-angol-2019","status":"publish","type":"post","link":"https:\/\/www.mundoagropecuario.cl\/new\/mas-de-100-pequenos-agricultores-de-indap-participaran-en-la-feria-expo-agricola-angol-2019\/","title":{"rendered":"M\u00e1s de 100 peque\u00f1os agricultores de INDAP participar\u00e1n en la Feria Expo Agr\u00edcola Angol 2019"},"content":{"rendered":"\n<ul class=\"wp-block-gallery columns-0 is-cropped wp-block-gallery-1 is-layout-flex wp-block-gallery-is-layout-flex\"><\/ul>\n\n\n\n<p class=\"has-medium-font-size\"><em>La Feria Expo Angol 2019 con entrada liberada,  se desarrollar\u00e1 del 6 al  8 de diciembre en el Parque Vergara,  ubicado Avenida O\u00b4Higgins s\/n, en la ciudad de Angol (Mundo Agropecuario).<\/em><\/p>\n\n\n\n<p>Desde hortalizas cultivadas de manera org\u00e1nica hasta alternativas de turismo rural, y mucho m\u00e1s ofrecer\u00e1 este evento que pretende potenciar los canales de comercializaci\u00f3n de los productores rurales asociados a INDAP de la provincia de Malleco.&nbsp;&nbsp;<\/p>\n\n\n\n<p>La actividad, organizada entre la Municipalidad de Angol, INDAP y BancoEstado Microempresas, ser\u00e1 una vitrina de ventas, promoci\u00f3n y negocios para los peque\u00f1os productores, quienes tendr\u00e1n la posibilidad de ampliar sus redes de contactos y mejorar las posibilidades de sus negocios. De esta forma, se valoriza la contribuci\u00f3n de este sector agr\u00edcola a la seguridad alimentaria, cultura e identidad territorial y sobre todo el aporte a la econom\u00eda local.&nbsp;<\/p>\n\n\n\n<p>Seg\u00fan Carolina Meier, directora regional de INDAP, se contempla la participaci\u00f3n de 100 peque\u00f1os productores rurales, de diversos rubros tales como alimentos procesados, producci\u00f3n de flores de corte, plantas en maceta, viveros ornamentales, l\u00e1cteos, frutas y hortalizas, turismo rural y artesan\u00eda local, incluyendo la presentaci\u00f3n de un Proyecto Especial Ovinos a cargo de la Agrupaci\u00f3n de Ovinos de Angol.&nbsp;&nbsp;\u201cEl idea de este evento, junto con potenciar las ventas de los usuarios de INDAP, tambi\u00e9n est\u00e1 orientado a relevar el trabajo que desarrollamos como servicio del agro junto a otras entidades\u201d, puntualiz\u00f3 Meier&nbsp;<\/p>\n\n\n\n<figure class=\"wp-block-image\"><img loading=\"lazy\" decoding=\"async\" width=\"1024\" height=\"768\" src=\"https:\/\/www.mundoagropecuario.cl\/new\/wp-content\/uploads\/2019\/12\/IMG_6550-1024x768.jpg\" alt=\"\" class=\"wp-image-15017\" srcset=\"https:\/\/www.mundoagropecuario.cl\/new\/wp-content\/uploads\/2019\/12\/IMG_6550-1024x768.jpg 1024w, https:\/\/www.mundoagropecuario.cl\/new\/wp-content\/uploads\/2019\/12\/IMG_6550-586x439.jpg 586w, https:\/\/www.mundoagropecuario.cl\/new\/wp-content\/uploads\/2019\/12\/IMG_6550-768x576.jpg 768w, https:\/\/www.mundoagropecuario.cl\/new\/wp-content\/uploads\/2019\/12\/IMG_6550.jpg 533w\" sizes=\"auto, (max-width: 1024px) 100vw, 1024px\" \/><\/figure>\n\n\n\n<p>La autoridad regional del agro, agreg\u00f3 que la Feria Expo Angol 2019 tiene entrada liberada, y se espera recibir al menos unos 30.000 visitantes.&nbsp;&nbsp;\u201cLos expositores invitados a participar pertenecen a las comunas de Angol, Renaico, Collipulli, Ercilla, Traiguen, Lumaco, Puren, Los Sauces, Victoria, Curacautin y Lonquimay. Por otra parte, BancoEstado Microempresas convoc\u00f3 a proveedores de servicios de maquinaria agr\u00edcola, tecnolog\u00eda de riego y otros afines al sector agr\u00edcola. Todos ellos contribuyen a presentar una muestra completa y variada del desarrollo productivo de Malleco en el \u00e1mbito de la peque\u00f1a agricultura, emprendedores de programas sociales municipales y microempresarios agr\u00edcolas\u201d, acot\u00f3 la Directora Regional.&nbsp;&nbsp;<\/p>\n\n\n\n<p>El evento, que ser\u00e1 amenizado con la presentaci\u00f3n de artistas locales y otros, se desarrollar\u00e1 los d\u00edas 6, 7 y 8 de diciembre, en el Parque Vergara ubicado Avenida O\u00b4Higgins s\/n, en la ciudad de Angol. El horario de funcionamiento ser\u00e1 entre las 11:00 AM y las 09:00 PM, y la entrada es liberada. Sin duda, ser\u00e1 un panorama imperdible para las familias de la provincia de Malleco, adem\u00e1s de los turistas que lleguen.&nbsp;<\/p>\n","protected":false},"excerpt":{"rendered":"<p>La Feria Expo Angol 2019 con entrada liberada, se desarrollar\u00e1 del 6 al 8 de diciembre en el Parque Vergara, ubicado Avenida O\u00b4Higgins s\/n, en la ciudad de Angol (Mundo&#8230;<\/p>\n","protected":false},"author":2,"featured_media":15016,"comment_status":"closed","ping_status":"closed","sticky":false,"template":"","format":"standard","meta":{"footnotes":""},"categories":[1945],"tags":[4484,4485,1992],"class_list":["post-15015","post","type-post","status-publish","format-standard","has-post-thumbnail","hentry","category-agricultura","tag-feria-de-angol","tag-feria-expo-agricola-angol-2019","tag-indap"],"yoast_head":"<!-- This site is optimized with the Yoast SEO plugin v26.6 - https:\/\/yoast.com\/wordpress\/plugins\/seo\/ -->\n<title>M\u00e1s de 100 peque\u00f1os agricultores de INDAP participar\u00e1n en la Feria Expo Agr\u00edcola Angol 2019 - Mundoagropecuario<\/title>\n<meta name=\"robots\" content=\"index, follow, max-snippet:-1, max-image-preview:large, max-video-preview:-1\" \/>\n<link rel=\"canonical\" href=\"https:\/\/www.mundoagropecuario.cl\/new\/mas-de-100-pequenos-agricultores-de-indap-participaran-en-la-feria-expo-agricola-angol-2019\/\" \/>\n<meta property=\"og:locale\" content=\"es_ES\" \/>\n<meta property=\"og:type\" content=\"article\" \/>\n<meta property=\"og:title\" content=\"M\u00e1s de 100 peque\u00f1os agricultores de INDAP participar\u00e1n en la Feria Expo Agr\u00edcola Angol 2019 - Mundoagropecuario\" \/>\n<meta property=\"og:description\" content=\"La Feria Expo Angol 2019 con entrada liberada, se desarrollar\u00e1 del 6 al 8 de diciembre en el Parque Vergara, ubicado Avenida O\u00b4Higgins s\/n, en la ciudad de Angol (Mundo...\" \/>\n<meta property=\"og:url\" content=\"https:\/\/www.mundoagropecuario.cl\/new\/mas-de-100-pequenos-agricultores-de-indap-participaran-en-la-feria-expo-agricola-angol-2019\/\" \/>\n<meta property=\"og:site_name\" content=\"Mundoagropecuario\" \/>\n<meta property=\"article:publisher\" content=\"https:\/\/www.facebook.com\/mundo.agropecuario.3\" \/>\n<meta property=\"article:published_time\" content=\"2019-12-03T14:27:00+00:00\" \/>\n<meta property=\"article:modified_time\" content=\"2019-12-04T14:46:54+00:00\" \/>\n<meta property=\"og:image\" content=\"https:\/\/www.mundoagropecuario.cl\/new\/wp-content\/uploads\/2019\/12\/IMG_6448.jpg\" \/>\n\t<meta property=\"og:image:width\" content=\"1008\" \/>\n\t<meta property=\"og:image:height\" content=\"756\" \/>\n\t<meta property=\"og:image:type\" content=\"image\/jpeg\" \/>\n<meta name=\"author\" content=\"mundo\" \/>\n<meta name=\"twitter:card\" content=\"summary_large_image\" \/>\n<meta name=\"twitter:creator\" content=\"@MundoAgropecuar\" \/>\n<meta name=\"twitter:site\" content=\"@MundoAgropecuar\" \/>\n<meta name=\"twitter:label1\" content=\"Escrito por\" \/>\n\t<meta name=\"twitter:data1\" content=\"mundo\" \/>\n\t<meta name=\"twitter:label2\" content=\"Tiempo de lectura\" \/>\n\t<meta name=\"twitter:data2\" content=\"2 minutos\" \/>\n<script type=\"application\/ld+json\" class=\"yoast-schema-graph\">{\"@context\":\"https:\/\/schema.org\",\"@graph\":[{\"@type\":\"Article\",\"@id\":\"https:\/\/www.mundoagropecuario.cl\/new\/mas-de-100-pequenos-agricultores-de-indap-participaran-en-la-feria-expo-agricola-angol-2019\/#article\",\"isPartOf\":{\"@id\":\"https:\/\/www.mundoagropecuario.cl\/new\/mas-de-100-pequenos-agricultores-de-indap-participaran-en-la-feria-expo-agricola-angol-2019\/\"},\"author\":{\"name\":\"mundo\",\"@id\":\"https:\/\/www.mundoagropecuario.cl\/new\/#\/schema\/person\/4e9f74a82a7dac260eb1c44b7eebeb18\"},\"headline\":\"M\u00e1s de 100 peque\u00f1os agricultores de INDAP participar\u00e1n en la Feria Expo Agr\u00edcola Angol 2019\",\"datePublished\":\"2019-12-03T14:27:00+00:00\",\"dateModified\":\"2019-12-04T14:46:54+00:00\",\"mainEntityOfPage\":{\"@id\":\"https:\/\/www.mundoagropecuario.cl\/new\/mas-de-100-pequenos-agricultores-de-indap-participaran-en-la-feria-expo-agricola-angol-2019\/\"},\"wordCount\":453,\"publisher\":{\"@id\":\"https:\/\/www.mundoagropecuario.cl\/new\/#organization\"},\"image\":{\"@id\":\"https:\/\/www.mundoagropecuario.cl\/new\/mas-de-100-pequenos-agricultores-de-indap-participaran-en-la-feria-expo-agricola-angol-2019\/#primaryimage\"},\"thumbnailUrl\":\"https:\/\/www.mundoagropecuario.cl\/new\/wp-content\/uploads\/2019\/12\/IMG_6448.jpg\",\"keywords\":[\"Feria de Angol\",\"Feria Expo Agr\u00edcola Angol 2019\",\"Indap\"],\"articleSection\":[\"Agricultura\"],\"inLanguage\":\"es\"},{\"@type\":\"WebPage\",\"@id\":\"https:\/\/www.mundoagropecuario.cl\/new\/mas-de-100-pequenos-agricultores-de-indap-participaran-en-la-feria-expo-agricola-angol-2019\/\",\"url\":\"https:\/\/www.mundoagropecuario.cl\/new\/mas-de-100-pequenos-agricultores-de-indap-participaran-en-la-feria-expo-agricola-angol-2019\/\",\"name\":\"M\u00e1s de 100 peque\u00f1os agricultores de INDAP participar\u00e1n en la Feria Expo Agr\u00edcola Angol 2019 - Mundoagropecuario\",\"isPartOf\":{\"@id\":\"https:\/\/www.mundoagropecuario.cl\/new\/#website\"},\"primaryImageOfPage\":{\"@id\":\"https:\/\/www.mundoagropecuario.cl\/new\/mas-de-100-pequenos-agricultores-de-indap-participaran-en-la-feria-expo-agricola-angol-2019\/#primaryimage\"},\"image\":{\"@id\":\"https:\/\/www.mundoagropecuario.cl\/new\/mas-de-100-pequenos-agricultores-de-indap-participaran-en-la-feria-expo-agricola-angol-2019\/#primaryimage\"},\"thumbnailUrl\":\"https:\/\/www.mundoagropecuario.cl\/new\/wp-content\/uploads\/2019\/12\/IMG_6448.jpg\",\"datePublished\":\"2019-12-03T14:27:00+00:00\",\"dateModified\":\"2019-12-04T14:46:54+00:00\",\"breadcrumb\":{\"@id\":\"https:\/\/www.mundoagropecuario.cl\/new\/mas-de-100-pequenos-agricultores-de-indap-participaran-en-la-feria-expo-agricola-angol-2019\/#breadcrumb\"},\"inLanguage\":\"es\",\"potentialAction\":[{\"@type\":\"ReadAction\",\"target\":[\"https:\/\/www.mundoagropecuario.cl\/new\/mas-de-100-pequenos-agricultores-de-indap-participaran-en-la-feria-expo-agricola-angol-2019\/\"]}]},{\"@type\":\"ImageObject\",\"inLanguage\":\"es\",\"@id\":\"https:\/\/www.mundoagropecuario.cl\/new\/mas-de-100-pequenos-agricultores-de-indap-participaran-en-la-feria-expo-agricola-angol-2019\/#primaryimage\",\"url\":\"https:\/\/www.mundoagropecuario.cl\/new\/wp-content\/uploads\/2019\/12\/IMG_6448.jpg\",\"contentUrl\":\"https:\/\/www.mundoagropecuario.cl\/new\/wp-content\/uploads\/2019\/12\/IMG_6448.jpg\",\"width\":533,\"height\":400},{\"@type\":\"BreadcrumbList\",\"@id\":\"https:\/\/www.mundoagropecuario.cl\/new\/mas-de-100-pequenos-agricultores-de-indap-participaran-en-la-feria-expo-agricola-angol-2019\/#breadcrumb\",\"itemListElement\":[{\"@type\":\"ListItem\",\"position\":1,\"name\":\"Portada\",\"item\":\"https:\/\/www.mundoagropecuario.cl\/new\/\"},{\"@type\":\"ListItem\",\"position\":2,\"name\":\"M\u00e1s de 100 peque\u00f1os agricultores de INDAP participar\u00e1n en la Feria Expo Agr\u00edcola Angol 2019\"}]},{\"@type\":\"WebSite\",\"@id\":\"https:\/\/www.mundoagropecuario.cl\/new\/#website\",\"url\":\"https:\/\/www.mundoagropecuario.cl\/new\/\",\"name\":\"Mundoagropecuario\",\"description\":\"Mundo Agropecuario\",\"publisher\":{\"@id\":\"https:\/\/www.mundoagropecuario.cl\/new\/#organization\"},\"potentialAction\":[{\"@type\":\"SearchAction\",\"target\":{\"@type\":\"EntryPoint\",\"urlTemplate\":\"https:\/\/www.mundoagropecuario.cl\/new\/?s={search_term_string}\"},\"query-input\":{\"@type\":\"PropertyValueSpecification\",\"valueRequired\":true,\"valueName\":\"search_term_string\"}}],\"inLanguage\":\"es\"},{\"@type\":\"Organization\",\"@id\":\"https:\/\/www.mundoagropecuario.cl\/new\/#organization\",\"name\":\"Revista de Agricultura\",\"url\":\"https:\/\/www.mundoagropecuario.cl\/new\/\",\"logo\":{\"@type\":\"ImageObject\",\"inLanguage\":\"es\",\"@id\":\"https:\/\/www.mundoagropecuario.cl\/new\/#\/schema\/logo\/image\/\",\"url\":\"https:\/\/www.mundoagropecuario.cl\/new\/wp-content\/uploads\/2020\/11\/PORTAL-1-1.png\",\"contentUrl\":\"https:\/\/www.mundoagropecuario.cl\/new\/wp-content\/uploads\/2020\/11\/PORTAL-1-1.png\",\"width\":1026,\"height\":100,\"caption\":\"Revista de Agricultura\"},\"image\":{\"@id\":\"https:\/\/www.mundoagropecuario.cl\/new\/#\/schema\/logo\/image\/\"},\"sameAs\":[\"https:\/\/www.facebook.com\/mundo.agropecuario.3\",\"https:\/\/x.com\/MundoAgropecuar\",\"https:\/\/www.linkedin.com\/in\/mundo-agropecuario-934009201\/\"]},{\"@type\":\"Person\",\"@id\":\"https:\/\/www.mundoagropecuario.cl\/new\/#\/schema\/person\/4e9f74a82a7dac260eb1c44b7eebeb18\",\"name\":\"mundo\",\"url\":\"https:\/\/www.mundoagropecuario.cl\/new\/author\/mundo\/\"}]}<\/script>\n<!-- \/ Yoast SEO plugin. -->","yoast_head_json":{"title":"M\u00e1s de 100 peque\u00f1os agricultores de INDAP participar\u00e1n en la Feria Expo Agr\u00edcola Angol 2019 - Mundoagropecuario","robots":{"index":"index","follow":"follow","max-snippet":"max-snippet:-1","max-image-preview":"max-image-preview:large","max-video-preview":"max-video-preview:-1"},"canonical":"https:\/\/www.mundoagropecuario.cl\/new\/mas-de-100-pequenos-agricultores-de-indap-participaran-en-la-feria-expo-agricola-angol-2019\/","og_locale":"es_ES","og_type":"article","og_title":"M\u00e1s de 100 peque\u00f1os agricultores de INDAP participar\u00e1n en la Feria Expo Agr\u00edcola Angol 2019 - Mundoagropecuario","og_description":"La Feria Expo Angol 2019 con entrada liberada, se desarrollar\u00e1 del 6 al 8 de diciembre en el Parque Vergara, ubicado Avenida O\u00b4Higgins s\/n, en la ciudad de Angol (Mundo...","og_url":"https:\/\/www.mundoagropecuario.cl\/new\/mas-de-100-pequenos-agricultores-de-indap-participaran-en-la-feria-expo-agricola-angol-2019\/","og_site_name":"Mundoagropecuario","article_publisher":"https:\/\/www.facebook.com\/mundo.agropecuario.3","article_published_time":"2019-12-03T14:27:00+00:00","article_modified_time":"2019-12-04T14:46:54+00:00","og_image":[{"width":1008,"height":756,"url":"https:\/\/www.mundoagropecuario.cl\/new\/wp-content\/uploads\/2019\/12\/IMG_6448.jpg","type":"image\/jpeg"}],"author":"mundo","twitter_card":"summary_large_image","twitter_creator":"@MundoAgropecuar","twitter_site":"@MundoAgropecuar","twitter_misc":{"Escrito por":"mundo","Tiempo de lectura":"2 minutos"},"schema":{"@context":"https:\/\/schema.org","@graph":[{"@type":"Article","@id":"https:\/\/www.mundoagropecuario.cl\/new\/mas-de-100-pequenos-agricultores-de-indap-participaran-en-la-feria-expo-agricola-angol-2019\/#article","isPartOf":{"@id":"https:\/\/www.mundoagropecuario.cl\/new\/mas-de-100-pequenos-agricultores-de-indap-participaran-en-la-feria-expo-agricola-angol-2019\/"},"author":{"name":"mundo","@id":"https:\/\/www.mundoagropecuario.cl\/new\/#\/schema\/person\/4e9f74a82a7dac260eb1c44b7eebeb18"},"headline":"M\u00e1s de 100 peque\u00f1os agricultores de INDAP participar\u00e1n en la Feria Expo Agr\u00edcola Angol 2019","datePublished":"2019-12-03T14:27:00+00:00","dateModified":"2019-12-04T14:46:54+00:00","mainEntityOfPage":{"@id":"https:\/\/www.mundoagropecuario.cl\/new\/mas-de-100-pequenos-agricultores-de-indap-participaran-en-la-feria-expo-agricola-angol-2019\/"},"wordCount":453,"publisher":{"@id":"https:\/\/www.mundoagropecuario.cl\/new\/#organization"},"image":{"@id":"https:\/\/www.mundoagropecuario.cl\/new\/mas-de-100-pequenos-agricultores-de-indap-participaran-en-la-feria-expo-agricola-angol-2019\/#primaryimage"},"thumbnailUrl":"https:\/\/www.mundoagropecuario.cl\/new\/wp-content\/uploads\/2019\/12\/IMG_6448.jpg","keywords":["Feria de Angol","Feria Expo Agr\u00edcola Angol 2019","Indap"],"articleSection":["Agricultura"],"inLanguage":"es"},{"@type":"WebPage","@id":"https:\/\/www.mundoagropecuario.cl\/new\/mas-de-100-pequenos-agricultores-de-indap-participaran-en-la-feria-expo-agricola-angol-2019\/","url":"https:\/\/www.mundoagropecuario.cl\/new\/mas-de-100-pequenos-agricultores-de-indap-participaran-en-la-feria-expo-agricola-angol-2019\/","name":"M\u00e1s de 100 peque\u00f1os agricultores de INDAP participar\u00e1n en la Feria Expo Agr\u00edcola Angol 2019 - Mundoagropecuario","isPartOf":{"@id":"https:\/\/www.mundoagropecuario.cl\/new\/#website"},"primaryImageOfPage":{"@id":"https:\/\/www.mundoagropecuario.cl\/new\/mas-de-100-pequenos-agricultores-de-indap-participaran-en-la-feria-expo-agricola-angol-2019\/#primaryimage"},"image":{"@id":"https:\/\/www.mundoagropecuario.cl\/new\/mas-de-100-pequenos-agricultores-de-indap-participaran-en-la-feria-expo-agricola-angol-2019\/#primaryimage"},"thumbnailUrl":"https:\/\/www.mundoagropecuario.cl\/new\/wp-content\/uploads\/2019\/12\/IMG_6448.jpg","datePublished":"2019-12-03T14:27:00+00:00","dateModified":"2019-12-04T14:46:54+00:00","breadcrumb":{"@id":"https:\/\/www.mundoagropecuario.cl\/new\/mas-de-100-pequenos-agricultores-de-indap-participaran-en-la-feria-expo-agricola-angol-2019\/#breadcrumb"},"inLanguage":"es","potentialAction":[{"@type":"ReadAction","target":["https:\/\/www.mundoagropecuario.cl\/new\/mas-de-100-pequenos-agricultores-de-indap-participaran-en-la-feria-expo-agricola-angol-2019\/"]}]},{"@type":"ImageObject","inLanguage":"es","@id":"https:\/\/www.mundoagropecuario.cl\/new\/mas-de-100-pequenos-agricultores-de-indap-participaran-en-la-feria-expo-agricola-angol-2019\/#primaryimage","url":"https:\/\/www.mundoagropecuario.cl\/new\/wp-content\/uploads\/2019\/12\/IMG_6448.jpg","contentUrl":"https:\/\/www.mundoagropecuario.cl\/new\/wp-content\/uploads\/2019\/12\/IMG_6448.jpg","width":533,"height":400},{"@type":"BreadcrumbList","@id":"https:\/\/www.mundoagropecuario.cl\/new\/mas-de-100-pequenos-agricultores-de-indap-participaran-en-la-feria-expo-agricola-angol-2019\/#breadcrumb","itemListElement":[{"@type":"ListItem","position":1,"name":"Portada","item":"https:\/\/www.mundoagropecuario.cl\/new\/"},{"@type":"ListItem","position":2,"name":"M\u00e1s de 100 peque\u00f1os agricultores de INDAP participar\u00e1n en la Feria Expo Agr\u00edcola Angol 2019"}]},{"@type":"WebSite","@id":"https:\/\/www.mundoagropecuario.cl\/new\/#website","url":"https:\/\/www.mundoagropecuario.cl\/new\/","name":"Mundoagropecuario","description":"Mundo Agropecuario","publisher":{"@id":"https:\/\/www.mundoagropecuario.cl\/new\/#organization"},"potentialAction":[{"@type":"SearchAction","target":{"@type":"EntryPoint","urlTemplate":"https:\/\/www.mundoagropecuario.cl\/new\/?s={search_term_string}"},"query-input":{"@type":"PropertyValueSpecification","valueRequired":true,"valueName":"search_term_string"}}],"inLanguage":"es"},{"@type":"Organization","@id":"https:\/\/www.mundoagropecuario.cl\/new\/#organization","name":"Revista de Agricultura","url":"https:\/\/www.mundoagropecuario.cl\/new\/","logo":{"@type":"ImageObject","inLanguage":"es","@id":"https:\/\/www.mundoagropecuario.cl\/new\/#\/schema\/logo\/image\/","url":"https:\/\/www.mundoagropecuario.cl\/new\/wp-content\/uploads\/2020\/11\/PORTAL-1-1.png","contentUrl":"https:\/\/www.mundoagropecuario.cl\/new\/wp-content\/uploads\/2020\/11\/PORTAL-1-1.png","width":1026,"height":100,"caption":"Revista de Agricultura"},"image":{"@id":"https:\/\/www.mundoagropecuario.cl\/new\/#\/schema\/logo\/image\/"},"sameAs":["https:\/\/www.facebook.com\/mundo.agropecuario.3","https:\/\/x.com\/MundoAgropecuar","https:\/\/www.linkedin.com\/in\/mundo-agropecuario-934009201\/"]},{"@type":"Person","@id":"https:\/\/www.mundoagropecuario.cl\/new\/#\/schema\/person\/4e9f74a82a7dac260eb1c44b7eebeb18","name":"mundo","url":"https:\/\/www.mundoagropecuario.cl\/new\/author\/mundo\/"}]}},"_links":{"self":[{"href":"https:\/\/www.mundoagropecuario.cl\/new\/wp-json\/wp\/v2\/posts\/15015","targetHints":{"allow":["GET"]}}],"collection":[{"href":"https:\/\/www.mundoagropecuario.cl\/new\/wp-json\/wp\/v2\/posts"}],"about":[{"href":"https:\/\/www.mundoagropecuario.cl\/new\/wp-json\/wp\/v2\/types\/post"}],"author":[{"embeddable":true,"href":"https:\/\/www.mundoagropecuario.cl\/new\/wp-json\/wp\/v2\/users\/2"}],"replies":[{"embeddable":true,"href":"https:\/\/www.mundoagropecuario.cl\/new\/wp-json\/wp\/v2\/comments?post=15015"}],"version-history":[{"count":2,"href":"https:\/\/www.mundoagropecuario.cl\/new\/wp-json\/wp\/v2\/posts\/15015\/revisions"}],"predecessor-version":[{"id":15044,"href":"https:\/\/www.mundoagropecuario.cl\/new\/wp-json\/wp\/v2\/posts\/15015\/revisions\/15044"}],"wp:featuredmedia":[{"embeddable":true,"href":"https:\/\/www.mundoagropecuario.cl\/new\/wp-json\/wp\/v2\/media\/15016"}],"wp:attachment":[{"href":"https:\/\/www.mundoagropecuario.cl\/new\/wp-json\/wp\/v2\/media?parent=15015"}],"wp:term":[{"taxonomy":"category","embeddable":true,"href":"https:\/\/www.mundoagropecuario.cl\/new\/wp-json\/wp\/v2\/categories?post=15015"},{"taxonomy":"post_tag","embeddable":true,"href":"https:\/\/www.mundoagropecuario.cl\/new\/wp-json\/wp\/v2\/tags?post=15015"}],"curies":[{"name":"wp","href":"https:\/\/api.w.org\/{rel}","templated":true}]}}