{"id":14984,"date":"2019-12-02T10:15:53","date_gmt":"2019-12-02T13:15:53","guid":{"rendered":"http:\/\/www.mundoagropecuario.cl\/new\/?p=14984"},"modified":"2019-12-02T11:02:11","modified_gmt":"2019-12-02T14:02:11","slug":"comite-de-cerezas-de-asoex-estima-un-crecimiento-de-167-en-el-volumen-exportado","status":"publish","type":"post","link":"https:\/\/www.mundoagropecuario.cl\/new\/comite-de-cerezas-de-asoex-estima-un-crecimiento-de-167-en-el-volumen-exportado\/","title":{"rendered":"Comit\u00e9 de Cerezas de Asoex estima un crecimiento de 16,7% en el volumen exportado"},"content":{"rendered":"\n<ul class=\"wp-block-gallery columns-0 is-cropped wp-block-gallery-1 is-layout-flex wp-block-gallery-is-layout-flex\"><\/ul>\n\n\n\n<p class=\"has-medium-font-size\"><em>Durante esta temporada, Chile espera romper su marca hist\u00f3rica con la exportaci\u00f3n de 210.000 toneladas de cerezas al mundo, superando los 180.000 enviados en la temporada anterior (Mundo Agropecuario).<\/em><\/p>\n\n\n\n<p>China es un importante mercado para las exportaciones frut\u00edcolas chilenas y representan el principal destino de cerezas, seg\u00fan lo afirmado por el presidente de la Asociaci\u00f3n de Exportadores de Frutas de Chile (ASOEX), Ronald Bown.<\/p>\n\n\n\n<p>Durante estos d\u00edas, Chile espera romper su marca hist\u00f3rica con la exportaci\u00f3n de 210.000 toneladas de cerezas al mundo, donde el gremio frut\u00edcola estima un crecimiento del 16,7% durante la presente temporada respecto de la anterior. Cabe destacar que, el a\u00f1o pasado se enviaron 180.000 toneladas.<\/p>\n\n\n\n<p>Durante la temporada pasada, al pa\u00eds asi\u00e1tico se destin\u00f3 el 88% de las cerezas chilenas, de acuerdo con el Comit\u00e9 de Cerezas. Este a\u00f1o, Bown destaca que para 2018-2020 se espera una gran campa\u00f1a de exportaci\u00f3n, dada la inversi\u00f3n de 5 millones de d\u00f3lares para posicionarse dentro de los consumidores chinos.<\/p>\n\n\n\n<p>Para esta ocasi\u00f3n, el volumen exportado agregado, seg\u00fan las estimaciones realizadas por el Comit\u00e9 de Cerezas es de 42.042.798 cajas estandarizadas de 5 kg o 210.214 tons. \u201cEste es producto de gran calidad, sabor y listo para ser disfrutado\u201d, expres\u00f3 Bown.<\/p>\n\n\n\n<p><strong>Mayor oferta del fruto en China<\/strong><\/p>\n\n\n\n<p>Otra consideraci\u00f3n importante es el A\u00f1o Nuevo Chino, celebrado el 25 de enero de 2020, que implicar\u00e1 una mayor oferta del fruto posterior a las celebraciones de la Fiesta de la Primavera.<\/p>\n\n\n\n<p>\u201cSupone que habr\u00e1 una mayor oferta de cerezas disponibles posterior a la fecha, lo que significa que nuestros esfuerzos promocionales deben ajustarse para realizar importantes acciones posteriores a dicha celebraci\u00f3n\u201d, explic\u00f3 Bown.<\/p>\n\n\n\n<p>Seg\u00fan el representante, esto significa una oportunidad y desaf\u00edo para los exportadores, dado que la cosecha del fruto chileno es muy popular en el pa\u00eds asi\u00e1tico.<\/p>\n\n\n\n<p><strong>Exportaciones a China<\/strong><\/p>\n\n\n\n<p>El primer vuelo de carga con m\u00e1s de 100 toneladas lleg\u00f3 el 21 de noviembre a la ciudad de Ningbo, provincia de Zhejiang, oriente de China. Los dos primeros barcos de la temporada ya zarparon, seg\u00fan indicaciones de Bown. La temporada est\u00e1 un poco atrasada versus lo estimado originalmente, pero se ha ido desarrollando dentro de los parametros normales.<\/p>\n\n\n\n<p>Los exportadores chilenos se han mostrado optimistas para la presente temporada, en la cual esperan vender alrededor de 42 millones de cajas de cinco kilos en todo el mundo. El gobierno, a su vez, espera exportaciones del producto por un valor superior 1.200 millones de d\u00f3lares. El subsecretario de Agricultura de Chile, Alfonso Vargas, lo califica como una cantidad importante. \u201cLas cerezas se han ido transformando muy r\u00e1pidamente en nuestro gran producto\u201d, expres\u00f3.<\/p>\n","protected":false},"excerpt":{"rendered":"<p>Durante esta temporada, Chile espera romper su marca hist\u00f3rica con la exportaci\u00f3n de 210.000 toneladas de cerezas al mundo, superando los 180.000 enviados en la temporada anterior (Mundo Agropecuario). China&#8230;<\/p>\n","protected":false},"author":2,"featured_media":7295,"comment_status":"closed","ping_status":"closed","sticky":false,"template":"","format":"standard","meta":{"footnotes":""},"categories":[1986],"tags":[3127,2177,2308,1105],"class_list":["post-14984","post","type-post","status-publish","format-standard","has-post-thumbnail","hentry","category-frutas","tag-agro","tag-asoex","tag-cerezas","tag-exportaciones"],"yoast_head":"<!-- This site is optimized with the Yoast SEO plugin v26.6 - https:\/\/yoast.com\/wordpress\/plugins\/seo\/ -->\n<title>Comit\u00e9 de Cerezas de Asoex estima un crecimiento de 16,7% en el volumen exportado - Mundoagropecuario<\/title>\n<meta name=\"robots\" content=\"index, follow, max-snippet:-1, max-image-preview:large, max-video-preview:-1\" \/>\n<link rel=\"canonical\" href=\"https:\/\/www.mundoagropecuario.cl\/new\/comite-de-cerezas-de-asoex-estima-un-crecimiento-de-167-en-el-volumen-exportado\/\" \/>\n<meta property=\"og:locale\" content=\"es_ES\" \/>\n<meta property=\"og:type\" content=\"article\" \/>\n<meta property=\"og:title\" content=\"Comit\u00e9 de Cerezas de Asoex estima un crecimiento de 16,7% en el volumen exportado - Mundoagropecuario\" \/>\n<meta property=\"og:description\" content=\"Durante esta temporada, Chile espera romper su marca hist\u00f3rica con la exportaci\u00f3n de 210.000 toneladas de cerezas al mundo, superando los 180.000 enviados en la temporada anterior (Mundo Agropecuario). China...\" \/>\n<meta property=\"og:url\" content=\"https:\/\/www.mundoagropecuario.cl\/new\/comite-de-cerezas-de-asoex-estima-un-crecimiento-de-167-en-el-volumen-exportado\/\" \/>\n<meta property=\"og:site_name\" content=\"Mundoagropecuario\" \/>\n<meta property=\"article:publisher\" content=\"https:\/\/www.facebook.com\/mundo.agropecuario.3\" \/>\n<meta property=\"article:published_time\" content=\"2019-12-02T13:15:53+00:00\" \/>\n<meta property=\"article:modified_time\" content=\"2019-12-02T14:02:11+00:00\" \/>\n<meta property=\"og:image\" content=\"https:\/\/www.mundoagropecuario.cl\/new\/wp-content\/uploads\/2018\/06\/cerezas2-1024x648.jpg\" \/>\n\t<meta property=\"og:image:width\" content=\"1000\" \/>\n\t<meta property=\"og:image:height\" content=\"632\" \/>\n\t<meta property=\"og:image:type\" content=\"image\/jpeg\" \/>\n<meta name=\"author\" content=\"mundo\" \/>\n<meta name=\"twitter:card\" content=\"summary_large_image\" \/>\n<meta name=\"twitter:creator\" content=\"@MundoAgropecuar\" \/>\n<meta name=\"twitter:site\" content=\"@MundoAgropecuar\" \/>\n<meta name=\"twitter:label1\" content=\"Escrito por\" \/>\n\t<meta name=\"twitter:data1\" content=\"mundo\" \/>\n\t<meta name=\"twitter:label2\" content=\"Tiempo de lectura\" \/>\n\t<meta name=\"twitter:data2\" content=\"2 minutos\" \/>\n<script type=\"application\/ld+json\" class=\"yoast-schema-graph\">{\"@context\":\"https:\/\/schema.org\",\"@graph\":[{\"@type\":\"Article\",\"@id\":\"https:\/\/www.mundoagropecuario.cl\/new\/comite-de-cerezas-de-asoex-estima-un-crecimiento-de-167-en-el-volumen-exportado\/#article\",\"isPartOf\":{\"@id\":\"https:\/\/www.mundoagropecuario.cl\/new\/comite-de-cerezas-de-asoex-estima-un-crecimiento-de-167-en-el-volumen-exportado\/\"},\"author\":{\"name\":\"mundo\",\"@id\":\"https:\/\/www.mundoagropecuario.cl\/new\/#\/schema\/person\/4e9f74a82a7dac260eb1c44b7eebeb18\"},\"headline\":\"Comit\u00e9 de Cerezas de Asoex estima un crecimiento de 16,7% en el volumen exportado\",\"datePublished\":\"2019-12-02T13:15:53+00:00\",\"dateModified\":\"2019-12-02T14:02:11+00:00\",\"mainEntityOfPage\":{\"@id\":\"https:\/\/www.mundoagropecuario.cl\/new\/comite-de-cerezas-de-asoex-estima-un-crecimiento-de-167-en-el-volumen-exportado\/\"},\"wordCount\":460,\"publisher\":{\"@id\":\"https:\/\/www.mundoagropecuario.cl\/new\/#organization\"},\"image\":{\"@id\":\"https:\/\/www.mundoagropecuario.cl\/new\/comite-de-cerezas-de-asoex-estima-un-crecimiento-de-167-en-el-volumen-exportado\/#primaryimage\"},\"thumbnailUrl\":\"https:\/\/www.mundoagropecuario.cl\/new\/wp-content\/uploads\/2018\/06\/cerezas2-1024x648.jpg\",\"keywords\":[\"Agro\",\"Asoex\",\"Cerezas\",\"Exportaciones\"],\"articleSection\":[\"Frutas\"],\"inLanguage\":\"es\"},{\"@type\":\"WebPage\",\"@id\":\"https:\/\/www.mundoagropecuario.cl\/new\/comite-de-cerezas-de-asoex-estima-un-crecimiento-de-167-en-el-volumen-exportado\/\",\"url\":\"https:\/\/www.mundoagropecuario.cl\/new\/comite-de-cerezas-de-asoex-estima-un-crecimiento-de-167-en-el-volumen-exportado\/\",\"name\":\"Comit\u00e9 de Cerezas de Asoex estima un crecimiento de 16,7% en el volumen exportado - Mundoagropecuario\",\"isPartOf\":{\"@id\":\"https:\/\/www.mundoagropecuario.cl\/new\/#website\"},\"primaryImageOfPage\":{\"@id\":\"https:\/\/www.mundoagropecuario.cl\/new\/comite-de-cerezas-de-asoex-estima-un-crecimiento-de-167-en-el-volumen-exportado\/#primaryimage\"},\"image\":{\"@id\":\"https:\/\/www.mundoagropecuario.cl\/new\/comite-de-cerezas-de-asoex-estima-un-crecimiento-de-167-en-el-volumen-exportado\/#primaryimage\"},\"thumbnailUrl\":\"https:\/\/www.mundoagropecuario.cl\/new\/wp-content\/uploads\/2018\/06\/cerezas2-1024x648.jpg\",\"datePublished\":\"2019-12-02T13:15:53+00:00\",\"dateModified\":\"2019-12-02T14:02:11+00:00\",\"breadcrumb\":{\"@id\":\"https:\/\/www.mundoagropecuario.cl\/new\/comite-de-cerezas-de-asoex-estima-un-crecimiento-de-167-en-el-volumen-exportado\/#breadcrumb\"},\"inLanguage\":\"es\",\"potentialAction\":[{\"@type\":\"ReadAction\",\"target\":[\"https:\/\/www.mundoagropecuario.cl\/new\/comite-de-cerezas-de-asoex-estima-un-crecimiento-de-167-en-el-volumen-exportado\/\"]}]},{\"@type\":\"ImageObject\",\"inLanguage\":\"es\",\"@id\":\"https:\/\/www.mundoagropecuario.cl\/new\/comite-de-cerezas-de-asoex-estima-un-crecimiento-de-167-en-el-volumen-exportado\/#primaryimage\",\"url\":\"https:\/\/www.mundoagropecuario.cl\/new\/wp-content\/uploads\/2018\/06\/cerezas2-1024x648.jpg\",\"contentUrl\":\"https:\/\/www.mundoagropecuario.cl\/new\/wp-content\/uploads\/2018\/06\/cerezas2-1024x648.jpg\",\"width\":633,\"height\":400},{\"@type\":\"BreadcrumbList\",\"@id\":\"https:\/\/www.mundoagropecuario.cl\/new\/comite-de-cerezas-de-asoex-estima-un-crecimiento-de-167-en-el-volumen-exportado\/#breadcrumb\",\"itemListElement\":[{\"@type\":\"ListItem\",\"position\":1,\"name\":\"Portada\",\"item\":\"https:\/\/www.mundoagropecuario.cl\/new\/\"},{\"@type\":\"ListItem\",\"position\":2,\"name\":\"Comit\u00e9 de Cerezas de Asoex estima un crecimiento de 16,7% en el volumen exportado\"}]},{\"@type\":\"WebSite\",\"@id\":\"https:\/\/www.mundoagropecuario.cl\/new\/#website\",\"url\":\"https:\/\/www.mundoagropecuario.cl\/new\/\",\"name\":\"Mundoagropecuario\",\"description\":\"Mundo Agropecuario\",\"publisher\":{\"@id\":\"https:\/\/www.mundoagropecuario.cl\/new\/#organization\"},\"potentialAction\":[{\"@type\":\"SearchAction\",\"target\":{\"@type\":\"EntryPoint\",\"urlTemplate\":\"https:\/\/www.mundoagropecuario.cl\/new\/?s={search_term_string}\"},\"query-input\":{\"@type\":\"PropertyValueSpecification\",\"valueRequired\":true,\"valueName\":\"search_term_string\"}}],\"inLanguage\":\"es\"},{\"@type\":\"Organization\",\"@id\":\"https:\/\/www.mundoagropecuario.cl\/new\/#organization\",\"name\":\"Revista de Agricultura\",\"url\":\"https:\/\/www.mundoagropecuario.cl\/new\/\",\"logo\":{\"@type\":\"ImageObject\",\"inLanguage\":\"es\",\"@id\":\"https:\/\/www.mundoagropecuario.cl\/new\/#\/schema\/logo\/image\/\",\"url\":\"https:\/\/www.mundoagropecuario.cl\/new\/wp-content\/uploads\/2020\/11\/PORTAL-1-1.png\",\"contentUrl\":\"https:\/\/www.mundoagropecuario.cl\/new\/wp-content\/uploads\/2020\/11\/PORTAL-1-1.png\",\"width\":1026,\"height\":100,\"caption\":\"Revista de Agricultura\"},\"image\":{\"@id\":\"https:\/\/www.mundoagropecuario.cl\/new\/#\/schema\/logo\/image\/\"},\"sameAs\":[\"https:\/\/www.facebook.com\/mundo.agropecuario.3\",\"https:\/\/x.com\/MundoAgropecuar\",\"https:\/\/www.linkedin.com\/in\/mundo-agropecuario-934009201\/\"]},{\"@type\":\"Person\",\"@id\":\"https:\/\/www.mundoagropecuario.cl\/new\/#\/schema\/person\/4e9f74a82a7dac260eb1c44b7eebeb18\",\"name\":\"mundo\",\"url\":\"https:\/\/www.mundoagropecuario.cl\/new\/author\/mundo\/\"}]}<\/script>\n<!-- \/ Yoast SEO plugin. -->","yoast_head_json":{"title":"Comit\u00e9 de Cerezas de Asoex estima un crecimiento de 16,7% en el volumen exportado - Mundoagropecuario","robots":{"index":"index","follow":"follow","max-snippet":"max-snippet:-1","max-image-preview":"max-image-preview:large","max-video-preview":"max-video-preview:-1"},"canonical":"https:\/\/www.mundoagropecuario.cl\/new\/comite-de-cerezas-de-asoex-estima-un-crecimiento-de-167-en-el-volumen-exportado\/","og_locale":"es_ES","og_type":"article","og_title":"Comit\u00e9 de Cerezas de Asoex estima un crecimiento de 16,7% en el volumen exportado - Mundoagropecuario","og_description":"Durante esta temporada, Chile espera romper su marca hist\u00f3rica con la exportaci\u00f3n de 210.000 toneladas de cerezas al mundo, superando los 180.000 enviados en la temporada anterior (Mundo Agropecuario). China...","og_url":"https:\/\/www.mundoagropecuario.cl\/new\/comite-de-cerezas-de-asoex-estima-un-crecimiento-de-167-en-el-volumen-exportado\/","og_site_name":"Mundoagropecuario","article_publisher":"https:\/\/www.facebook.com\/mundo.agropecuario.3","article_published_time":"2019-12-02T13:15:53+00:00","article_modified_time":"2019-12-02T14:02:11+00:00","og_image":[{"width":1000,"height":632,"url":"https:\/\/www.mundoagropecuario.cl\/new\/wp-content\/uploads\/2018\/06\/cerezas2-1024x648.jpg","type":"image\/jpeg"}],"author":"mundo","twitter_card":"summary_large_image","twitter_creator":"@MundoAgropecuar","twitter_site":"@MundoAgropecuar","twitter_misc":{"Escrito por":"mundo","Tiempo de lectura":"2 minutos"},"schema":{"@context":"https:\/\/schema.org","@graph":[{"@type":"Article","@id":"https:\/\/www.mundoagropecuario.cl\/new\/comite-de-cerezas-de-asoex-estima-un-crecimiento-de-167-en-el-volumen-exportado\/#article","isPartOf":{"@id":"https:\/\/www.mundoagropecuario.cl\/new\/comite-de-cerezas-de-asoex-estima-un-crecimiento-de-167-en-el-volumen-exportado\/"},"author":{"name":"mundo","@id":"https:\/\/www.mundoagropecuario.cl\/new\/#\/schema\/person\/4e9f74a82a7dac260eb1c44b7eebeb18"},"headline":"Comit\u00e9 de Cerezas de Asoex estima un crecimiento de 16,7% en el volumen exportado","datePublished":"2019-12-02T13:15:53+00:00","dateModified":"2019-12-02T14:02:11+00:00","mainEntityOfPage":{"@id":"https:\/\/www.mundoagropecuario.cl\/new\/comite-de-cerezas-de-asoex-estima-un-crecimiento-de-167-en-el-volumen-exportado\/"},"wordCount":460,"publisher":{"@id":"https:\/\/www.mundoagropecuario.cl\/new\/#organization"},"image":{"@id":"https:\/\/www.mundoagropecuario.cl\/new\/comite-de-cerezas-de-asoex-estima-un-crecimiento-de-167-en-el-volumen-exportado\/#primaryimage"},"thumbnailUrl":"https:\/\/www.mundoagropecuario.cl\/new\/wp-content\/uploads\/2018\/06\/cerezas2-1024x648.jpg","keywords":["Agro","Asoex","Cerezas","Exportaciones"],"articleSection":["Frutas"],"inLanguage":"es"},{"@type":"WebPage","@id":"https:\/\/www.mundoagropecuario.cl\/new\/comite-de-cerezas-de-asoex-estima-un-crecimiento-de-167-en-el-volumen-exportado\/","url":"https:\/\/www.mundoagropecuario.cl\/new\/comite-de-cerezas-de-asoex-estima-un-crecimiento-de-167-en-el-volumen-exportado\/","name":"Comit\u00e9 de Cerezas de Asoex estima un crecimiento de 16,7% en el volumen exportado - Mundoagropecuario","isPartOf":{"@id":"https:\/\/www.mundoagropecuario.cl\/new\/#website"},"primaryImageOfPage":{"@id":"https:\/\/www.mundoagropecuario.cl\/new\/comite-de-cerezas-de-asoex-estima-un-crecimiento-de-167-en-el-volumen-exportado\/#primaryimage"},"image":{"@id":"https:\/\/www.mundoagropecuario.cl\/new\/comite-de-cerezas-de-asoex-estima-un-crecimiento-de-167-en-el-volumen-exportado\/#primaryimage"},"thumbnailUrl":"https:\/\/www.mundoagropecuario.cl\/new\/wp-content\/uploads\/2018\/06\/cerezas2-1024x648.jpg","datePublished":"2019-12-02T13:15:53+00:00","dateModified":"2019-12-02T14:02:11+00:00","breadcrumb":{"@id":"https:\/\/www.mundoagropecuario.cl\/new\/comite-de-cerezas-de-asoex-estima-un-crecimiento-de-167-en-el-volumen-exportado\/#breadcrumb"},"inLanguage":"es","potentialAction":[{"@type":"ReadAction","target":["https:\/\/www.mundoagropecuario.cl\/new\/comite-de-cerezas-de-asoex-estima-un-crecimiento-de-167-en-el-volumen-exportado\/"]}]},{"@type":"ImageObject","inLanguage":"es","@id":"https:\/\/www.mundoagropecuario.cl\/new\/comite-de-cerezas-de-asoex-estima-un-crecimiento-de-167-en-el-volumen-exportado\/#primaryimage","url":"https:\/\/www.mundoagropecuario.cl\/new\/wp-content\/uploads\/2018\/06\/cerezas2-1024x648.jpg","contentUrl":"https:\/\/www.mundoagropecuario.cl\/new\/wp-content\/uploads\/2018\/06\/cerezas2-1024x648.jpg","width":633,"height":400},{"@type":"BreadcrumbList","@id":"https:\/\/www.mundoagropecuario.cl\/new\/comite-de-cerezas-de-asoex-estima-un-crecimiento-de-167-en-el-volumen-exportado\/#breadcrumb","itemListElement":[{"@type":"ListItem","position":1,"name":"Portada","item":"https:\/\/www.mundoagropecuario.cl\/new\/"},{"@type":"ListItem","position":2,"name":"Comit\u00e9 de Cerezas de Asoex estima un crecimiento de 16,7% en el volumen exportado"}]},{"@type":"WebSite","@id":"https:\/\/www.mundoagropecuario.cl\/new\/#website","url":"https:\/\/www.mundoagropecuario.cl\/new\/","name":"Mundoagropecuario","description":"Mundo Agropecuario","publisher":{"@id":"https:\/\/www.mundoagropecuario.cl\/new\/#organization"},"potentialAction":[{"@type":"SearchAction","target":{"@type":"EntryPoint","urlTemplate":"https:\/\/www.mundoagropecuario.cl\/new\/?s={search_term_string}"},"query-input":{"@type":"PropertyValueSpecification","valueRequired":true,"valueName":"search_term_string"}}],"inLanguage":"es"},{"@type":"Organization","@id":"https:\/\/www.mundoagropecuario.cl\/new\/#organization","name":"Revista de Agricultura","url":"https:\/\/www.mundoagropecuario.cl\/new\/","logo":{"@type":"ImageObject","inLanguage":"es","@id":"https:\/\/www.mundoagropecuario.cl\/new\/#\/schema\/logo\/image\/","url":"https:\/\/www.mundoagropecuario.cl\/new\/wp-content\/uploads\/2020\/11\/PORTAL-1-1.png","contentUrl":"https:\/\/www.mundoagropecuario.cl\/new\/wp-content\/uploads\/2020\/11\/PORTAL-1-1.png","width":1026,"height":100,"caption":"Revista de Agricultura"},"image":{"@id":"https:\/\/www.mundoagropecuario.cl\/new\/#\/schema\/logo\/image\/"},"sameAs":["https:\/\/www.facebook.com\/mundo.agropecuario.3","https:\/\/x.com\/MundoAgropecuar","https:\/\/www.linkedin.com\/in\/mundo-agropecuario-934009201\/"]},{"@type":"Person","@id":"https:\/\/www.mundoagropecuario.cl\/new\/#\/schema\/person\/4e9f74a82a7dac260eb1c44b7eebeb18","name":"mundo","url":"https:\/\/www.mundoagropecuario.cl\/new\/author\/mundo\/"}]}},"_links":{"self":[{"href":"https:\/\/www.mundoagropecuario.cl\/new\/wp-json\/wp\/v2\/posts\/14984","targetHints":{"allow":["GET"]}}],"collection":[{"href":"https:\/\/www.mundoagropecuario.cl\/new\/wp-json\/wp\/v2\/posts"}],"about":[{"href":"https:\/\/www.mundoagropecuario.cl\/new\/wp-json\/wp\/v2\/types\/post"}],"author":[{"embeddable":true,"href":"https:\/\/www.mundoagropecuario.cl\/new\/wp-json\/wp\/v2\/users\/2"}],"replies":[{"embeddable":true,"href":"https:\/\/www.mundoagropecuario.cl\/new\/wp-json\/wp\/v2\/comments?post=14984"}],"version-history":[{"count":1,"href":"https:\/\/www.mundoagropecuario.cl\/new\/wp-json\/wp\/v2\/posts\/14984\/revisions"}],"predecessor-version":[{"id":14985,"href":"https:\/\/www.mundoagropecuario.cl\/new\/wp-json\/wp\/v2\/posts\/14984\/revisions\/14985"}],"wp:featuredmedia":[{"embeddable":true,"href":"https:\/\/www.mundoagropecuario.cl\/new\/wp-json\/wp\/v2\/media\/7295"}],"wp:attachment":[{"href":"https:\/\/www.mundoagropecuario.cl\/new\/wp-json\/wp\/v2\/media?parent=14984"}],"wp:term":[{"taxonomy":"category","embeddable":true,"href":"https:\/\/www.mundoagropecuario.cl\/new\/wp-json\/wp\/v2\/categories?post=14984"},{"taxonomy":"post_tag","embeddable":true,"href":"https:\/\/www.mundoagropecuario.cl\/new\/wp-json\/wp\/v2\/tags?post=14984"}],"curies":[{"name":"wp","href":"https:\/\/api.w.org\/{rel}","templated":true}]}}