{"id":14977,"date":"2019-12-02T09:59:27","date_gmt":"2019-12-02T12:59:27","guid":{"rendered":"http:\/\/www.mundoagropecuario.cl\/new\/?p=14977"},"modified":"2019-12-03T11:55:39","modified_gmt":"2019-12-03T14:55:39","slug":"inia-tendra-destacada-presencia-en-cop25","status":"publish","type":"post","link":"https:\/\/www.mundoagropecuario.cl\/new\/inia-tendra-destacada-presencia-en-cop25\/","title":{"rendered":"INIA tendr\u00e1 destacada presencia en COP25"},"content":{"rendered":"\n<ul class=\"wp-block-gallery columns-0 is-cropped wp-block-gallery-1 is-layout-flex wp-block-gallery-is-layout-flex\"><\/ul>\n\n\n\n<p class=\"has-medium-font-size\"><em>Charlas sobre mitigaci\u00f3n de CO2 en el sector lechero, avances del pa\u00eds en bioenerg\u00eda y paneles sectoriales, son algunas de las actividades en las que las principales autoridades del Instituto tendr\u00e1n una activa participaci\u00f3n (Mundo Agropecuario).<\/em><\/p>\n\n\n\n<p>Las principales autoridades del Instituto de Investigaciones Agropecuarias (INIA) tendr\u00e1n una activa participaci\u00f3n en la versi\u00f3n N\u00b025 de la Conferencia de las Partes, COP25, que se desarrollar\u00e1 en Madrid, Espa\u00f1a, a partir del pr\u00f3ximo lunes 2 de diciembre. En este sentido, Pedro Bustos,&nbsp;&nbsp;Director Nacional de INIA, y Marta Alfaro, Subdirectora Nacional de I+D, participar\u00e1n en diversas instancias abordando tem\u00e1ticas sectoriales relacionadas con el cambio clim\u00e1tico y agricultura sostenible. \u201cEstamos muy contentos de participar en esta cumbre mundial del medioambiente y cuidado del planeta, y poder contar lo que INIA est\u00e1 haciendo en diversas \u00e1reas vinculadas con la agricultura. Hemos avanzado y tenemos enriquecedoras experiencias de trabajo que compartir con la comunidad internacional\u201d, expres\u00f3 Pedro Bustos.<\/p>\n\n\n\n<p><strong>Agenda de exposiciones<\/strong><\/p>\n\n\n\n<p>La participaci\u00f3n de Marta Alfaro inicia la ma\u00f1ana del martes 3 de diciembre, en el seminario \u201cManejo saludable del ganado para reducir las emisiones de Gases de Efecto Invernadero (GEI), econ\u00f3micamente viable para el sector lechero\u201d, mientras que ese mismo d\u00eda, pero por la tarde, integrar\u00e1 el Taller Koronivia sobre \u201cUso mejorado de nutrientes y manejo del esti\u00e9rcol hacia sistemas agr\u00edcolas sostenibles y resilientes\u201d, profundizando en la experiencia nacional.<\/p>\n\n\n\n<p>En tanto, el jueves 5 integrar\u00e1 el di\u00e1logo de expertos sobre bioenerg\u00eda y ambici\u00f3n clim\u00e1tica, para comentar el desarrollo de la bioenerg\u00eda en Chile, manifiestas en la Contribuci\u00f3n Nacional Determinada (NDC por sus siglas en ingl\u00e9s), documento que detalla el plan de cada gobierno para enfrentar el cambio clim\u00e1tico, en el marco del Acuerdo de Par\u00eds. \u201cSer\u00e1n tres intervenciones t\u00e9cnicas donde compartir\u00e9 el trabajo de nuestros investigadores INIA en cada materia, y las respuestas que hemos desarrollado para cumplir los compromisos de Chile en cuando al cambio clim\u00e1tico y el desarrollo sostenible de la agricultura\u201d, expres\u00f3 la Subdirectora Nacional de I+D del Instituto.<\/p>\n\n\n\n<p>La intervenci\u00f3n del Director Nacional de INIA, Pedro Bustos, se llevar\u00e1 a cabo durante la segunda semana de la COP25, participando en reuniones sectoriales y como Presidente de FONTAGRO, instancias en las que se referir\u00e1 a la importancia de las iniciativas que buscan garantizar la escalabilidad de soluciones innovadoras y que contribuyan al desarrollo sostenible del sector agr\u00edcola.&nbsp;<\/p>\n","protected":false},"excerpt":{"rendered":"<p>Charlas sobre mitigaci\u00f3n de CO2 en el sector lechero, avances del pa\u00eds en bioenerg\u00eda y paneles sectoriales, son algunas de las actividades en las que las principales autoridades del Instituto&#8230;<\/p>\n","protected":false},"author":2,"featured_media":14978,"comment_status":"closed","ping_status":"closed","sticky":false,"template":"","format":"standard","meta":{"footnotes":""},"categories":[1987],"tags":[3127,3693,2052,2448],"class_list":["post-14977","post","type-post","status-publish","format-standard","has-post-thumbnail","hentry","category-instituciones","tag-agro","tag-cop25","tag-inia","tag-ministro-walker"],"yoast_head":"<!-- This site is optimized with the Yoast SEO plugin v26.6 - https:\/\/yoast.com\/wordpress\/plugins\/seo\/ -->\n<title>INIA tendr\u00e1 destacada presencia en COP25 - Mundoagropecuario<\/title>\n<meta name=\"robots\" content=\"index, follow, max-snippet:-1, max-image-preview:large, max-video-preview:-1\" \/>\n<link rel=\"canonical\" href=\"https:\/\/www.mundoagropecuario.cl\/new\/inia-tendra-destacada-presencia-en-cop25\/\" \/>\n<meta property=\"og:locale\" content=\"es_ES\" \/>\n<meta property=\"og:type\" content=\"article\" \/>\n<meta property=\"og:title\" content=\"INIA tendr\u00e1 destacada presencia en COP25 - Mundoagropecuario\" \/>\n<meta property=\"og:description\" content=\"Charlas sobre mitigaci\u00f3n de CO2 en el sector lechero, avances del pa\u00eds en bioenerg\u00eda y paneles sectoriales, son algunas de las actividades en las que las principales autoridades del Instituto...\" \/>\n<meta property=\"og:url\" content=\"https:\/\/www.mundoagropecuario.cl\/new\/inia-tendra-destacada-presencia-en-cop25\/\" \/>\n<meta property=\"og:site_name\" content=\"Mundoagropecuario\" \/>\n<meta property=\"article:publisher\" content=\"https:\/\/www.facebook.com\/mundo.agropecuario.3\" \/>\n<meta property=\"article:published_time\" content=\"2019-12-02T12:59:27+00:00\" \/>\n<meta property=\"article:modified_time\" content=\"2019-12-03T14:55:39+00:00\" \/>\n<meta property=\"og:image\" content=\"https:\/\/www.mundoagropecuario.cl\/new\/wp-content\/uploads\/2019\/12\/PEDRO-Y-MARTA_COP25.jpg\" \/>\n\t<meta property=\"og:image:width\" content=\"900\" \/>\n\t<meta property=\"og:image:height\" content=\"600\" \/>\n\t<meta property=\"og:image:type\" content=\"image\/jpeg\" \/>\n<meta name=\"author\" content=\"mundo\" \/>\n<meta name=\"twitter:card\" content=\"summary_large_image\" \/>\n<meta name=\"twitter:creator\" content=\"@MundoAgropecuar\" \/>\n<meta name=\"twitter:site\" content=\"@MundoAgropecuar\" \/>\n<meta name=\"twitter:label1\" content=\"Escrito por\" \/>\n\t<meta name=\"twitter:data1\" content=\"mundo\" \/>\n\t<meta name=\"twitter:label2\" content=\"Tiempo de lectura\" \/>\n\t<meta name=\"twitter:data2\" content=\"2 minutos\" \/>\n<script type=\"application\/ld+json\" class=\"yoast-schema-graph\">{\"@context\":\"https:\/\/schema.org\",\"@graph\":[{\"@type\":\"Article\",\"@id\":\"https:\/\/www.mundoagropecuario.cl\/new\/inia-tendra-destacada-presencia-en-cop25\/#article\",\"isPartOf\":{\"@id\":\"https:\/\/www.mundoagropecuario.cl\/new\/inia-tendra-destacada-presencia-en-cop25\/\"},\"author\":{\"name\":\"mundo\",\"@id\":\"https:\/\/www.mundoagropecuario.cl\/new\/#\/schema\/person\/4e9f74a82a7dac260eb1c44b7eebeb18\"},\"headline\":\"INIA tendr\u00e1 destacada presencia en COP25\",\"datePublished\":\"2019-12-02T12:59:27+00:00\",\"dateModified\":\"2019-12-03T14:55:39+00:00\",\"mainEntityOfPage\":{\"@id\":\"https:\/\/www.mundoagropecuario.cl\/new\/inia-tendra-destacada-presencia-en-cop25\/\"},\"wordCount\":426,\"publisher\":{\"@id\":\"https:\/\/www.mundoagropecuario.cl\/new\/#organization\"},\"image\":{\"@id\":\"https:\/\/www.mundoagropecuario.cl\/new\/inia-tendra-destacada-presencia-en-cop25\/#primaryimage\"},\"thumbnailUrl\":\"https:\/\/www.mundoagropecuario.cl\/new\/wp-content\/uploads\/2019\/12\/PEDRO-Y-MARTA_COP25.jpg\",\"keywords\":[\"Agro\",\"COP25\",\"INIA\",\"Ministro Walker\"],\"articleSection\":[\"Instituciones\"],\"inLanguage\":\"es\"},{\"@type\":\"WebPage\",\"@id\":\"https:\/\/www.mundoagropecuario.cl\/new\/inia-tendra-destacada-presencia-en-cop25\/\",\"url\":\"https:\/\/www.mundoagropecuario.cl\/new\/inia-tendra-destacada-presencia-en-cop25\/\",\"name\":\"INIA tendr\u00e1 destacada presencia en COP25 - Mundoagropecuario\",\"isPartOf\":{\"@id\":\"https:\/\/www.mundoagropecuario.cl\/new\/#website\"},\"primaryImageOfPage\":{\"@id\":\"https:\/\/www.mundoagropecuario.cl\/new\/inia-tendra-destacada-presencia-en-cop25\/#primaryimage\"},\"image\":{\"@id\":\"https:\/\/www.mundoagropecuario.cl\/new\/inia-tendra-destacada-presencia-en-cop25\/#primaryimage\"},\"thumbnailUrl\":\"https:\/\/www.mundoagropecuario.cl\/new\/wp-content\/uploads\/2019\/12\/PEDRO-Y-MARTA_COP25.jpg\",\"datePublished\":\"2019-12-02T12:59:27+00:00\",\"dateModified\":\"2019-12-03T14:55:39+00:00\",\"breadcrumb\":{\"@id\":\"https:\/\/www.mundoagropecuario.cl\/new\/inia-tendra-destacada-presencia-en-cop25\/#breadcrumb\"},\"inLanguage\":\"es\",\"potentialAction\":[{\"@type\":\"ReadAction\",\"target\":[\"https:\/\/www.mundoagropecuario.cl\/new\/inia-tendra-destacada-presencia-en-cop25\/\"]}]},{\"@type\":\"ImageObject\",\"inLanguage\":\"es\",\"@id\":\"https:\/\/www.mundoagropecuario.cl\/new\/inia-tendra-destacada-presencia-en-cop25\/#primaryimage\",\"url\":\"https:\/\/www.mundoagropecuario.cl\/new\/wp-content\/uploads\/2019\/12\/PEDRO-Y-MARTA_COP25.jpg\",\"contentUrl\":\"https:\/\/www.mundoagropecuario.cl\/new\/wp-content\/uploads\/2019\/12\/PEDRO-Y-MARTA_COP25.jpg\",\"width\":600,\"height\":400},{\"@type\":\"BreadcrumbList\",\"@id\":\"https:\/\/www.mundoagropecuario.cl\/new\/inia-tendra-destacada-presencia-en-cop25\/#breadcrumb\",\"itemListElement\":[{\"@type\":\"ListItem\",\"position\":1,\"name\":\"Portada\",\"item\":\"https:\/\/www.mundoagropecuario.cl\/new\/\"},{\"@type\":\"ListItem\",\"position\":2,\"name\":\"INIA tendr\u00e1 destacada presencia en COP25\"}]},{\"@type\":\"WebSite\",\"@id\":\"https:\/\/www.mundoagropecuario.cl\/new\/#website\",\"url\":\"https:\/\/www.mundoagropecuario.cl\/new\/\",\"name\":\"Mundoagropecuario\",\"description\":\"Mundo Agropecuario\",\"publisher\":{\"@id\":\"https:\/\/www.mundoagropecuario.cl\/new\/#organization\"},\"potentialAction\":[{\"@type\":\"SearchAction\",\"target\":{\"@type\":\"EntryPoint\",\"urlTemplate\":\"https:\/\/www.mundoagropecuario.cl\/new\/?s={search_term_string}\"},\"query-input\":{\"@type\":\"PropertyValueSpecification\",\"valueRequired\":true,\"valueName\":\"search_term_string\"}}],\"inLanguage\":\"es\"},{\"@type\":\"Organization\",\"@id\":\"https:\/\/www.mundoagropecuario.cl\/new\/#organization\",\"name\":\"Revista de Agricultura\",\"url\":\"https:\/\/www.mundoagropecuario.cl\/new\/\",\"logo\":{\"@type\":\"ImageObject\",\"inLanguage\":\"es\",\"@id\":\"https:\/\/www.mundoagropecuario.cl\/new\/#\/schema\/logo\/image\/\",\"url\":\"https:\/\/www.mundoagropecuario.cl\/new\/wp-content\/uploads\/2020\/11\/PORTAL-1-1.png\",\"contentUrl\":\"https:\/\/www.mundoagropecuario.cl\/new\/wp-content\/uploads\/2020\/11\/PORTAL-1-1.png\",\"width\":1026,\"height\":100,\"caption\":\"Revista de Agricultura\"},\"image\":{\"@id\":\"https:\/\/www.mundoagropecuario.cl\/new\/#\/schema\/logo\/image\/\"},\"sameAs\":[\"https:\/\/www.facebook.com\/mundo.agropecuario.3\",\"https:\/\/x.com\/MundoAgropecuar\",\"https:\/\/www.linkedin.com\/in\/mundo-agropecuario-934009201\/\"]},{\"@type\":\"Person\",\"@id\":\"https:\/\/www.mundoagropecuario.cl\/new\/#\/schema\/person\/4e9f74a82a7dac260eb1c44b7eebeb18\",\"name\":\"mundo\",\"url\":\"https:\/\/www.mundoagropecuario.cl\/new\/author\/mundo\/\"}]}<\/script>\n<!-- \/ Yoast SEO plugin. -->","yoast_head_json":{"title":"INIA tendr\u00e1 destacada presencia en COP25 - Mundoagropecuario","robots":{"index":"index","follow":"follow","max-snippet":"max-snippet:-1","max-image-preview":"max-image-preview:large","max-video-preview":"max-video-preview:-1"},"canonical":"https:\/\/www.mundoagropecuario.cl\/new\/inia-tendra-destacada-presencia-en-cop25\/","og_locale":"es_ES","og_type":"article","og_title":"INIA tendr\u00e1 destacada presencia en COP25 - Mundoagropecuario","og_description":"Charlas sobre mitigaci\u00f3n de CO2 en el sector lechero, avances del pa\u00eds en bioenerg\u00eda y paneles sectoriales, son algunas de las actividades en las que las principales autoridades del Instituto...","og_url":"https:\/\/www.mundoagropecuario.cl\/new\/inia-tendra-destacada-presencia-en-cop25\/","og_site_name":"Mundoagropecuario","article_publisher":"https:\/\/www.facebook.com\/mundo.agropecuario.3","article_published_time":"2019-12-02T12:59:27+00:00","article_modified_time":"2019-12-03T14:55:39+00:00","og_image":[{"width":900,"height":600,"url":"https:\/\/www.mundoagropecuario.cl\/new\/wp-content\/uploads\/2019\/12\/PEDRO-Y-MARTA_COP25.jpg","type":"image\/jpeg"}],"author":"mundo","twitter_card":"summary_large_image","twitter_creator":"@MundoAgropecuar","twitter_site":"@MundoAgropecuar","twitter_misc":{"Escrito por":"mundo","Tiempo de lectura":"2 minutos"},"schema":{"@context":"https:\/\/schema.org","@graph":[{"@type":"Article","@id":"https:\/\/www.mundoagropecuario.cl\/new\/inia-tendra-destacada-presencia-en-cop25\/#article","isPartOf":{"@id":"https:\/\/www.mundoagropecuario.cl\/new\/inia-tendra-destacada-presencia-en-cop25\/"},"author":{"name":"mundo","@id":"https:\/\/www.mundoagropecuario.cl\/new\/#\/schema\/person\/4e9f74a82a7dac260eb1c44b7eebeb18"},"headline":"INIA tendr\u00e1 destacada presencia en COP25","datePublished":"2019-12-02T12:59:27+00:00","dateModified":"2019-12-03T14:55:39+00:00","mainEntityOfPage":{"@id":"https:\/\/www.mundoagropecuario.cl\/new\/inia-tendra-destacada-presencia-en-cop25\/"},"wordCount":426,"publisher":{"@id":"https:\/\/www.mundoagropecuario.cl\/new\/#organization"},"image":{"@id":"https:\/\/www.mundoagropecuario.cl\/new\/inia-tendra-destacada-presencia-en-cop25\/#primaryimage"},"thumbnailUrl":"https:\/\/www.mundoagropecuario.cl\/new\/wp-content\/uploads\/2019\/12\/PEDRO-Y-MARTA_COP25.jpg","keywords":["Agro","COP25","INIA","Ministro Walker"],"articleSection":["Instituciones"],"inLanguage":"es"},{"@type":"WebPage","@id":"https:\/\/www.mundoagropecuario.cl\/new\/inia-tendra-destacada-presencia-en-cop25\/","url":"https:\/\/www.mundoagropecuario.cl\/new\/inia-tendra-destacada-presencia-en-cop25\/","name":"INIA tendr\u00e1 destacada presencia en COP25 - Mundoagropecuario","isPartOf":{"@id":"https:\/\/www.mundoagropecuario.cl\/new\/#website"},"primaryImageOfPage":{"@id":"https:\/\/www.mundoagropecuario.cl\/new\/inia-tendra-destacada-presencia-en-cop25\/#primaryimage"},"image":{"@id":"https:\/\/www.mundoagropecuario.cl\/new\/inia-tendra-destacada-presencia-en-cop25\/#primaryimage"},"thumbnailUrl":"https:\/\/www.mundoagropecuario.cl\/new\/wp-content\/uploads\/2019\/12\/PEDRO-Y-MARTA_COP25.jpg","datePublished":"2019-12-02T12:59:27+00:00","dateModified":"2019-12-03T14:55:39+00:00","breadcrumb":{"@id":"https:\/\/www.mundoagropecuario.cl\/new\/inia-tendra-destacada-presencia-en-cop25\/#breadcrumb"},"inLanguage":"es","potentialAction":[{"@type":"ReadAction","target":["https:\/\/www.mundoagropecuario.cl\/new\/inia-tendra-destacada-presencia-en-cop25\/"]}]},{"@type":"ImageObject","inLanguage":"es","@id":"https:\/\/www.mundoagropecuario.cl\/new\/inia-tendra-destacada-presencia-en-cop25\/#primaryimage","url":"https:\/\/www.mundoagropecuario.cl\/new\/wp-content\/uploads\/2019\/12\/PEDRO-Y-MARTA_COP25.jpg","contentUrl":"https:\/\/www.mundoagropecuario.cl\/new\/wp-content\/uploads\/2019\/12\/PEDRO-Y-MARTA_COP25.jpg","width":600,"height":400},{"@type":"BreadcrumbList","@id":"https:\/\/www.mundoagropecuario.cl\/new\/inia-tendra-destacada-presencia-en-cop25\/#breadcrumb","itemListElement":[{"@type":"ListItem","position":1,"name":"Portada","item":"https:\/\/www.mundoagropecuario.cl\/new\/"},{"@type":"ListItem","position":2,"name":"INIA tendr\u00e1 destacada presencia en COP25"}]},{"@type":"WebSite","@id":"https:\/\/www.mundoagropecuario.cl\/new\/#website","url":"https:\/\/www.mundoagropecuario.cl\/new\/","name":"Mundoagropecuario","description":"Mundo Agropecuario","publisher":{"@id":"https:\/\/www.mundoagropecuario.cl\/new\/#organization"},"potentialAction":[{"@type":"SearchAction","target":{"@type":"EntryPoint","urlTemplate":"https:\/\/www.mundoagropecuario.cl\/new\/?s={search_term_string}"},"query-input":{"@type":"PropertyValueSpecification","valueRequired":true,"valueName":"search_term_string"}}],"inLanguage":"es"},{"@type":"Organization","@id":"https:\/\/www.mundoagropecuario.cl\/new\/#organization","name":"Revista de Agricultura","url":"https:\/\/www.mundoagropecuario.cl\/new\/","logo":{"@type":"ImageObject","inLanguage":"es","@id":"https:\/\/www.mundoagropecuario.cl\/new\/#\/schema\/logo\/image\/","url":"https:\/\/www.mundoagropecuario.cl\/new\/wp-content\/uploads\/2020\/11\/PORTAL-1-1.png","contentUrl":"https:\/\/www.mundoagropecuario.cl\/new\/wp-content\/uploads\/2020\/11\/PORTAL-1-1.png","width":1026,"height":100,"caption":"Revista de Agricultura"},"image":{"@id":"https:\/\/www.mundoagropecuario.cl\/new\/#\/schema\/logo\/image\/"},"sameAs":["https:\/\/www.facebook.com\/mundo.agropecuario.3","https:\/\/x.com\/MundoAgropecuar","https:\/\/www.linkedin.com\/in\/mundo-agropecuario-934009201\/"]},{"@type":"Person","@id":"https:\/\/www.mundoagropecuario.cl\/new\/#\/schema\/person\/4e9f74a82a7dac260eb1c44b7eebeb18","name":"mundo","url":"https:\/\/www.mundoagropecuario.cl\/new\/author\/mundo\/"}]}},"_links":{"self":[{"href":"https:\/\/www.mundoagropecuario.cl\/new\/wp-json\/wp\/v2\/posts\/14977","targetHints":{"allow":["GET"]}}],"collection":[{"href":"https:\/\/www.mundoagropecuario.cl\/new\/wp-json\/wp\/v2\/posts"}],"about":[{"href":"https:\/\/www.mundoagropecuario.cl\/new\/wp-json\/wp\/v2\/types\/post"}],"author":[{"embeddable":true,"href":"https:\/\/www.mundoagropecuario.cl\/new\/wp-json\/wp\/v2\/users\/2"}],"replies":[{"embeddable":true,"href":"https:\/\/www.mundoagropecuario.cl\/new\/wp-json\/wp\/v2\/comments?post=14977"}],"version-history":[{"count":2,"href":"https:\/\/www.mundoagropecuario.cl\/new\/wp-json\/wp\/v2\/posts\/14977\/revisions"}],"predecessor-version":[{"id":15021,"href":"https:\/\/www.mundoagropecuario.cl\/new\/wp-json\/wp\/v2\/posts\/14977\/revisions\/15021"}],"wp:featuredmedia":[{"embeddable":true,"href":"https:\/\/www.mundoagropecuario.cl\/new\/wp-json\/wp\/v2\/media\/14978"}],"wp:attachment":[{"href":"https:\/\/www.mundoagropecuario.cl\/new\/wp-json\/wp\/v2\/media?parent=14977"}],"wp:term":[{"taxonomy":"category","embeddable":true,"href":"https:\/\/www.mundoagropecuario.cl\/new\/wp-json\/wp\/v2\/categories?post=14977"},{"taxonomy":"post_tag","embeddable":true,"href":"https:\/\/www.mundoagropecuario.cl\/new\/wp-json\/wp\/v2\/tags?post=14977"}],"curies":[{"name":"wp","href":"https:\/\/api.w.org\/{rel}","templated":true}]}}