{"id":14972,"date":"2019-11-29T10:57:53","date_gmt":"2019-11-29T13:57:53","guid":{"rendered":"http:\/\/www.mundoagropecuario.cl\/new\/?p=14972"},"modified":"2019-11-29T10:58:05","modified_gmt":"2019-11-29T13:58:05","slug":"presentan-super-helicoptero-chinook-y-nueva-campana-de-prevencion-de-incendios","status":"publish","type":"post","link":"https:\/\/www.mundoagropecuario.cl\/new\/presentan-super-helicoptero-chinook-y-nueva-campana-de-prevencion-de-incendios\/","title":{"rendered":"Presentan s\u00faper Helic\u00f3ptero Chinook y nueva campa\u00f1a de prevenci\u00f3n de incendios"},"content":{"rendered":"\n<p><\/p>\n\n\n\n<ul class=\"wp-block-gallery columns-0 is-cropped wp-block-gallery-1 is-layout-flex wp-block-gallery-is-layout-flex\"><\/ul>\n\n\n\n<p class=\"has-medium-font-size\"><em>Ministro Walker da a conocer nuevos elementos para el fortalecimiento del pa\u00eds, en materia de combate y prevenci\u00f3n de incendios forestales y la nueva campa\u00f1a de prevenci\u00f3n (Mundo Agropecuario). <\/em><\/p>\n\n\n\n<p>El Ministro de Agricultura, Antonio Walker junto a la Ministra de la Secretar\u00eda General de Gobierno, Karla Rubilar y el Intendente de la Regi\u00f3n de Valpara\u00edso, Jorge Mart\u00ednez, presentaron hoy uno de los cuatro helic\u00f3pteros Chinook contratados por la Corporaci\u00f3n Nacional Forestal para el combate de los incendios forestales durante la temporada 2019-2020. Adem\u00e1s, las autoridades presentaron la nueva campa\u00f1a de prevenci\u00f3n de incendios, con Forest\u00edn como protagonista, que se difundir\u00e1 por los medios de comunicaci\u00f3n desde esta semana.<\/p>\n\n\n\n<p>En el Club A\u00e9reo Rodelillo, en Vi\u00f1a del Mar, las autoridades enfatizaron en la necesidad de la prevenci\u00f3n por parte de la comunidad, especialmente de quienes habitan en las zonas de interfaz urbano-forestal por el riesgo que ello significa para las personas y sus bienes.<\/p>\n\n\n\n<p>En este contexto, el Ministro Walker indic\u00f3 que \u201cel Presidente de la Rep\u00fablica nos aprob\u00f3 el presupuesto m\u00e1s cuantioso que haya tenido Chile para una temporada de incendios. Disponemos de un total de $ 60.000 millones para el combate y la prevenci\u00f3n, gracias a lo cual se han podido contratar cuatro helic\u00f3pteros Chinook, de gran eficiencia para operar en topograf\u00eda como la de nuestro pa\u00eds y que por su potencia es capaz de enfrentar fuertes rachas de viento\u201d.<\/p>\n\n\n\n<p>Precis\u00f3 tambi\u00e9n que la temporada se adelant\u00f3 con temperaturas por sobre los 30 grados. \u201cEste escenario lo ten\u00edamos considerado para el mes de diciembre, pero ya en noviembre hemos tenido condiciones de riesgo de incendios, con temperaturas altas, escasa humedad, vientos y mucho combustible fino muerto, es decir, vegetaci\u00f3n seca. Debido a ello es que CONAF ha anticipado la entrada de recursos tanto terrestres con las brigadas como a\u00e9reos con aviones y helic\u00f3pteros\u201d, afirm\u00f3 el Secretario de Estado.<\/p>\n\n\n\n<figure class=\"wp-block-image\"><img loading=\"lazy\" decoding=\"async\" width=\"600\" height=\"400\" src=\"https:\/\/www.mundoagropecuario.cl\/new\/wp-content\/uploads\/2019\/11\/Min-Walker-Chinook-4.jpg\" alt=\"\" class=\"wp-image-14974\" srcset=\"https:\/\/www.mundoagropecuario.cl\/new\/wp-content\/uploads\/2019\/11\/Min-Walker-Chinook-4.jpg 600w, https:\/\/www.mundoagropecuario.cl\/new\/wp-content\/uploads\/2019\/11\/Min-Walker-Chinook-4-586x391.jpg 586w, https:\/\/www.mundoagropecuario.cl\/new\/wp-content\/uploads\/2019\/11\/Min-Walker-Chinook-4-768x512.jpg 768w\" sizes=\"auto, (max-width: 600px) 100vw, 600px\" \/><\/figure>\n\n\n\n<p>En la oportunidad las autoridades conocieron el funcionamiento del helic\u00f3ptero Chinook, que ya est\u00e1 operando desde el 16 de noviembre en la Regi\u00f3n de Valpara\u00edso con bastante \u00e9xito en sus misiones. Esta aeronave cuenta con todas las caracter\u00edsticas t\u00e9cnicas y de eficiencia para cumplir un importante trabajo en el control del fuego vegetacional, durante una temporada que se proyecta muy compleja.<\/p>\n\n\n\n<p>De fabricaci\u00f3n estadounidense, el Chinook tiene doble h\u00e9lice y una capacidad de lanzamiento de agua de 10.000 litros mediante un helibalde que puede dosificar las descargas.<\/p>\n\n\n\n<p>Los cuatro helic\u00f3pteros pesados ser\u00e1n distribuidos en distintas regiones para cubrir la mayor parte de territorio nacional que presenta alto riesgo de incendios forestales, entre la zona central, la zona centro-sur y la zona sur.<\/p>\n\n\n\n<p>Por su parte, la Ministra Karla Rubilar destac\u00f3 la campa\u00f1a de prevenci\u00f3n de incendios forestales, precisando que \u201cesta campa\u00f1a tiene como protagonista a Forest\u00edn, que para este pa\u00eds es todo un s\u00edmbolo, muchos de nosotros hemos crecido con \u00e9l, con la frase a trabajar, a trabajar, que el bosque hay que cuidar. Pero no basta con una frase o con la buena voluntad. Hacen falta acciones y para realizar acciones hay que entender que m\u00e1s vale prevenir que apagar. La responsabilidad de la prevenci\u00f3n no es solo del Gobierno, sino de todos quienes quieren un pa\u00eds mejor\u201d.<\/p>\n\n\n\n<p>La vocera de Gobierno tambi\u00e9n hizo un llamado \u201ca colaborar, a sensibilizar a las personas para evitar un incendio. Los medios de comunicaci\u00f3n nos pueden ayudar much\u00edsimo en la transmisi\u00f3n de estos mensajes preventivos, con los que llegaremos a todo Chile. Necesitamos llegar antes. Estamos bien coordinados con todas las instituciones para controlar un incendio, pero el objetivo es llegar antes que se inicie un fuego. Cuando ya llega un incendio, la p\u00e9rdida es irreparable. Solamente podremos contener el da\u00f1o. Por lo tanto, el esfuerzo mayor est\u00e1 en la prevenci\u00f3n\u201d.<\/p>\n\n\n\n<p>Tal como lo explic\u00f3 el Ministro Walker, la poblaci\u00f3n puede colaborar con acciones simples de prevenci\u00f3n, como limpieza de techos y canaletas con hojas secas, eliminaci\u00f3n de vegetaci\u00f3n alrededor de la vivienda, mantenci\u00f3n de caminos despejados, construcci\u00f3n de cortafuegos, no usar herramientas el\u00e9ctricas cerca de vegetaci\u00f3n y no hacer fogatas ni asados en zonas de bosques.<\/p>\n\n\n\n<p>Finalmente, el Intendente Jorge Mart\u00ednez agradeci\u00f3 al Ministerio de Agricultura y a la Corporaci\u00f3n Nacional Forestal \u201cpor hacer decidi\u00f3 dejar en la Regi\u00f3n de Valpara\u00edso uno de estos helic\u00f3pteros Chinook. Lo hemos visto operar y es muy efectivo. Adem\u00e1s, transmite mucha seguridad a la gente. Pero tambi\u00e9n quiero agradecer a los brigadistas de la CONAF, quienes no siempre se ven porque est\u00e1n realizando su esforzado trabajo en medio del bosque, y a los bomberos de Chile. Todos ellos son los que en definitiva apagan el fuego y protegen a las personas\u201d.<\/p>\n\n\n\n<p>La autoridad regional sostuvo, por \u00faltimo, que, \u201cas\u00ed como el a\u00f1o pasado donamos a CONAF equipos m\u00f3viles, ahora entregaremos Bomberos 52 piscinas de 10.000 litros, en las que tambi\u00e9n podr\u00e1n cargar los helic\u00f3pteros para acortar las distancias entre el incendio y la fuente de agua. Esto es tremendamente importante porque mientras m\u00e1s r\u00e1pido se act\u00fae impedimos que el incendio crezca y evitamos as\u00ed consecuencias humanas, sociales y ambientales\u201d, concluy\u00f3.<\/p>\n","protected":false},"excerpt":{"rendered":"<p>Ministro Walker da a conocer nuevos elementos para el fortalecimiento del pa\u00eds, en materia de combate y prevenci\u00f3n de incendios forestales y la nueva campa\u00f1a de prevenci\u00f3n (Mundo Agropecuario). El&#8230;<\/p>\n","protected":false},"author":2,"featured_media":14973,"comment_status":"closed","ping_status":"closed","sticky":false,"template":"","format":"gallery","meta":{"footnotes":""},"categories":[1949],"tags":[2448],"class_list":["post-14972","post","type-post","status-publish","format-gallery","has-post-thumbnail","hentry","category-forestal","tag-ministro-walker","post_format-post-format-gallery"],"yoast_head":"<!-- This site is optimized with the Yoast SEO plugin v26.6 - https:\/\/yoast.com\/wordpress\/plugins\/seo\/ -->\n<title>Presentan s\u00faper Helic\u00f3ptero Chinook y nueva campa\u00f1a de prevenci\u00f3n de incendios - Mundoagropecuario<\/title>\n<meta name=\"robots\" content=\"index, follow, max-snippet:-1, max-image-preview:large, max-video-preview:-1\" \/>\n<link rel=\"canonical\" href=\"https:\/\/www.mundoagropecuario.cl\/new\/presentan-super-helicoptero-chinook-y-nueva-campana-de-prevencion-de-incendios\/\" \/>\n<meta property=\"og:locale\" content=\"es_ES\" \/>\n<meta property=\"og:type\" content=\"article\" \/>\n<meta property=\"og:title\" content=\"Presentan s\u00faper Helic\u00f3ptero Chinook y nueva campa\u00f1a de prevenci\u00f3n de incendios - Mundoagropecuario\" \/>\n<meta property=\"og:description\" content=\"Ministro Walker da a conocer nuevos elementos para el fortalecimiento del pa\u00eds, en materia de combate y prevenci\u00f3n de incendios forestales y la nueva campa\u00f1a de prevenci\u00f3n (Mundo Agropecuario). El...\" \/>\n<meta property=\"og:url\" content=\"https:\/\/www.mundoagropecuario.cl\/new\/presentan-super-helicoptero-chinook-y-nueva-campana-de-prevencion-de-incendios\/\" \/>\n<meta property=\"og:site_name\" content=\"Mundoagropecuario\" \/>\n<meta property=\"article:publisher\" content=\"https:\/\/www.facebook.com\/mundo.agropecuario.3\" \/>\n<meta property=\"article:published_time\" content=\"2019-11-29T13:57:53+00:00\" \/>\n<meta property=\"article:modified_time\" content=\"2019-11-29T13:58:05+00:00\" \/>\n<meta property=\"og:image\" content=\"https:\/\/www.mundoagropecuario.cl\/new\/wp-content\/uploads\/2019\/11\/Min-Walker-Chinook-2.jpg\" \/>\n\t<meta property=\"og:image:width\" content=\"799\" \/>\n\t<meta property=\"og:image:height\" content=\"533\" \/>\n\t<meta property=\"og:image:type\" content=\"image\/jpeg\" \/>\n<meta name=\"author\" content=\"mundo\" \/>\n<meta name=\"twitter:card\" content=\"summary_large_image\" \/>\n<meta name=\"twitter:creator\" content=\"@MundoAgropecuar\" \/>\n<meta name=\"twitter:site\" content=\"@MundoAgropecuar\" \/>\n<meta name=\"twitter:label1\" content=\"Escrito por\" \/>\n\t<meta name=\"twitter:data1\" content=\"mundo\" \/>\n\t<meta name=\"twitter:label2\" content=\"Tiempo de lectura\" \/>\n\t<meta name=\"twitter:data2\" content=\"5 minutos\" \/>\n<script type=\"application\/ld+json\" class=\"yoast-schema-graph\">{\"@context\":\"https:\/\/schema.org\",\"@graph\":[{\"@type\":\"Article\",\"@id\":\"https:\/\/www.mundoagropecuario.cl\/new\/presentan-super-helicoptero-chinook-y-nueva-campana-de-prevencion-de-incendios\/#article\",\"isPartOf\":{\"@id\":\"https:\/\/www.mundoagropecuario.cl\/new\/presentan-super-helicoptero-chinook-y-nueva-campana-de-prevencion-de-incendios\/\"},\"author\":{\"name\":\"mundo\",\"@id\":\"https:\/\/www.mundoagropecuario.cl\/new\/#\/schema\/person\/4e9f74a82a7dac260eb1c44b7eebeb18\"},\"headline\":\"Presentan s\u00faper Helic\u00f3ptero Chinook y nueva campa\u00f1a de prevenci\u00f3n de incendios\",\"datePublished\":\"2019-11-29T13:57:53+00:00\",\"dateModified\":\"2019-11-29T13:58:05+00:00\",\"mainEntityOfPage\":{\"@id\":\"https:\/\/www.mundoagropecuario.cl\/new\/presentan-super-helicoptero-chinook-y-nueva-campana-de-prevencion-de-incendios\/\"},\"wordCount\":920,\"publisher\":{\"@id\":\"https:\/\/www.mundoagropecuario.cl\/new\/#organization\"},\"image\":{\"@id\":\"https:\/\/www.mundoagropecuario.cl\/new\/presentan-super-helicoptero-chinook-y-nueva-campana-de-prevencion-de-incendios\/#primaryimage\"},\"thumbnailUrl\":\"https:\/\/www.mundoagropecuario.cl\/new\/wp-content\/uploads\/2019\/11\/Min-Walker-Chinook-2.jpg\",\"keywords\":[\"Ministro Walker\"],\"articleSection\":[\"Forestal\"],\"inLanguage\":\"es\"},{\"@type\":\"WebPage\",\"@id\":\"https:\/\/www.mundoagropecuario.cl\/new\/presentan-super-helicoptero-chinook-y-nueva-campana-de-prevencion-de-incendios\/\",\"url\":\"https:\/\/www.mundoagropecuario.cl\/new\/presentan-super-helicoptero-chinook-y-nueva-campana-de-prevencion-de-incendios\/\",\"name\":\"Presentan s\u00faper Helic\u00f3ptero Chinook y nueva campa\u00f1a de prevenci\u00f3n de incendios - Mundoagropecuario\",\"isPartOf\":{\"@id\":\"https:\/\/www.mundoagropecuario.cl\/new\/#website\"},\"primaryImageOfPage\":{\"@id\":\"https:\/\/www.mundoagropecuario.cl\/new\/presentan-super-helicoptero-chinook-y-nueva-campana-de-prevencion-de-incendios\/#primaryimage\"},\"image\":{\"@id\":\"https:\/\/www.mundoagropecuario.cl\/new\/presentan-super-helicoptero-chinook-y-nueva-campana-de-prevencion-de-incendios\/#primaryimage\"},\"thumbnailUrl\":\"https:\/\/www.mundoagropecuario.cl\/new\/wp-content\/uploads\/2019\/11\/Min-Walker-Chinook-2.jpg\",\"datePublished\":\"2019-11-29T13:57:53+00:00\",\"dateModified\":\"2019-11-29T13:58:05+00:00\",\"breadcrumb\":{\"@id\":\"https:\/\/www.mundoagropecuario.cl\/new\/presentan-super-helicoptero-chinook-y-nueva-campana-de-prevencion-de-incendios\/#breadcrumb\"},\"inLanguage\":\"es\",\"potentialAction\":[{\"@type\":\"ReadAction\",\"target\":[\"https:\/\/www.mundoagropecuario.cl\/new\/presentan-super-helicoptero-chinook-y-nueva-campana-de-prevencion-de-incendios\/\"]}]},{\"@type\":\"ImageObject\",\"inLanguage\":\"es\",\"@id\":\"https:\/\/www.mundoagropecuario.cl\/new\/presentan-super-helicoptero-chinook-y-nueva-campana-de-prevencion-de-incendios\/#primaryimage\",\"url\":\"https:\/\/www.mundoagropecuario.cl\/new\/wp-content\/uploads\/2019\/11\/Min-Walker-Chinook-2.jpg\",\"contentUrl\":\"https:\/\/www.mundoagropecuario.cl\/new\/wp-content\/uploads\/2019\/11\/Min-Walker-Chinook-2.jpg\",\"width\":600,\"height\":400},{\"@type\":\"BreadcrumbList\",\"@id\":\"https:\/\/www.mundoagropecuario.cl\/new\/presentan-super-helicoptero-chinook-y-nueva-campana-de-prevencion-de-incendios\/#breadcrumb\",\"itemListElement\":[{\"@type\":\"ListItem\",\"position\":1,\"name\":\"Portada\",\"item\":\"https:\/\/www.mundoagropecuario.cl\/new\/\"},{\"@type\":\"ListItem\",\"position\":2,\"name\":\"Presentan s\u00faper Helic\u00f3ptero Chinook y nueva campa\u00f1a de prevenci\u00f3n de incendios\"}]},{\"@type\":\"WebSite\",\"@id\":\"https:\/\/www.mundoagropecuario.cl\/new\/#website\",\"url\":\"https:\/\/www.mundoagropecuario.cl\/new\/\",\"name\":\"Mundoagropecuario\",\"description\":\"Mundo Agropecuario\",\"publisher\":{\"@id\":\"https:\/\/www.mundoagropecuario.cl\/new\/#organization\"},\"potentialAction\":[{\"@type\":\"SearchAction\",\"target\":{\"@type\":\"EntryPoint\",\"urlTemplate\":\"https:\/\/www.mundoagropecuario.cl\/new\/?s={search_term_string}\"},\"query-input\":{\"@type\":\"PropertyValueSpecification\",\"valueRequired\":true,\"valueName\":\"search_term_string\"}}],\"inLanguage\":\"es\"},{\"@type\":\"Organization\",\"@id\":\"https:\/\/www.mundoagropecuario.cl\/new\/#organization\",\"name\":\"Revista de Agricultura\",\"url\":\"https:\/\/www.mundoagropecuario.cl\/new\/\",\"logo\":{\"@type\":\"ImageObject\",\"inLanguage\":\"es\",\"@id\":\"https:\/\/www.mundoagropecuario.cl\/new\/#\/schema\/logo\/image\/\",\"url\":\"https:\/\/www.mundoagropecuario.cl\/new\/wp-content\/uploads\/2020\/11\/PORTAL-1-1.png\",\"contentUrl\":\"https:\/\/www.mundoagropecuario.cl\/new\/wp-content\/uploads\/2020\/11\/PORTAL-1-1.png\",\"width\":1026,\"height\":100,\"caption\":\"Revista de Agricultura\"},\"image\":{\"@id\":\"https:\/\/www.mundoagropecuario.cl\/new\/#\/schema\/logo\/image\/\"},\"sameAs\":[\"https:\/\/www.facebook.com\/mundo.agropecuario.3\",\"https:\/\/x.com\/MundoAgropecuar\",\"https:\/\/www.linkedin.com\/in\/mundo-agropecuario-934009201\/\"]},{\"@type\":\"Person\",\"@id\":\"https:\/\/www.mundoagropecuario.cl\/new\/#\/schema\/person\/4e9f74a82a7dac260eb1c44b7eebeb18\",\"name\":\"mundo\",\"url\":\"https:\/\/www.mundoagropecuario.cl\/new\/author\/mundo\/\"}]}<\/script>\n<!-- \/ Yoast SEO plugin. -->","yoast_head_json":{"title":"Presentan s\u00faper Helic\u00f3ptero Chinook y nueva campa\u00f1a de prevenci\u00f3n de incendios - Mundoagropecuario","robots":{"index":"index","follow":"follow","max-snippet":"max-snippet:-1","max-image-preview":"max-image-preview:large","max-video-preview":"max-video-preview:-1"},"canonical":"https:\/\/www.mundoagropecuario.cl\/new\/presentan-super-helicoptero-chinook-y-nueva-campana-de-prevencion-de-incendios\/","og_locale":"es_ES","og_type":"article","og_title":"Presentan s\u00faper Helic\u00f3ptero Chinook y nueva campa\u00f1a de prevenci\u00f3n de incendios - Mundoagropecuario","og_description":"Ministro Walker da a conocer nuevos elementos para el fortalecimiento del pa\u00eds, en materia de combate y prevenci\u00f3n de incendios forestales y la nueva campa\u00f1a de prevenci\u00f3n (Mundo Agropecuario). El...","og_url":"https:\/\/www.mundoagropecuario.cl\/new\/presentan-super-helicoptero-chinook-y-nueva-campana-de-prevencion-de-incendios\/","og_site_name":"Mundoagropecuario","article_publisher":"https:\/\/www.facebook.com\/mundo.agropecuario.3","article_published_time":"2019-11-29T13:57:53+00:00","article_modified_time":"2019-11-29T13:58:05+00:00","og_image":[{"width":799,"height":533,"url":"https:\/\/www.mundoagropecuario.cl\/new\/wp-content\/uploads\/2019\/11\/Min-Walker-Chinook-2.jpg","type":"image\/jpeg"}],"author":"mundo","twitter_card":"summary_large_image","twitter_creator":"@MundoAgropecuar","twitter_site":"@MundoAgropecuar","twitter_misc":{"Escrito por":"mundo","Tiempo de lectura":"5 minutos"},"schema":{"@context":"https:\/\/schema.org","@graph":[{"@type":"Article","@id":"https:\/\/www.mundoagropecuario.cl\/new\/presentan-super-helicoptero-chinook-y-nueva-campana-de-prevencion-de-incendios\/#article","isPartOf":{"@id":"https:\/\/www.mundoagropecuario.cl\/new\/presentan-super-helicoptero-chinook-y-nueva-campana-de-prevencion-de-incendios\/"},"author":{"name":"mundo","@id":"https:\/\/www.mundoagropecuario.cl\/new\/#\/schema\/person\/4e9f74a82a7dac260eb1c44b7eebeb18"},"headline":"Presentan s\u00faper Helic\u00f3ptero Chinook y nueva campa\u00f1a de prevenci\u00f3n de incendios","datePublished":"2019-11-29T13:57:53+00:00","dateModified":"2019-11-29T13:58:05+00:00","mainEntityOfPage":{"@id":"https:\/\/www.mundoagropecuario.cl\/new\/presentan-super-helicoptero-chinook-y-nueva-campana-de-prevencion-de-incendios\/"},"wordCount":920,"publisher":{"@id":"https:\/\/www.mundoagropecuario.cl\/new\/#organization"},"image":{"@id":"https:\/\/www.mundoagropecuario.cl\/new\/presentan-super-helicoptero-chinook-y-nueva-campana-de-prevencion-de-incendios\/#primaryimage"},"thumbnailUrl":"https:\/\/www.mundoagropecuario.cl\/new\/wp-content\/uploads\/2019\/11\/Min-Walker-Chinook-2.jpg","keywords":["Ministro Walker"],"articleSection":["Forestal"],"inLanguage":"es"},{"@type":"WebPage","@id":"https:\/\/www.mundoagropecuario.cl\/new\/presentan-super-helicoptero-chinook-y-nueva-campana-de-prevencion-de-incendios\/","url":"https:\/\/www.mundoagropecuario.cl\/new\/presentan-super-helicoptero-chinook-y-nueva-campana-de-prevencion-de-incendios\/","name":"Presentan s\u00faper Helic\u00f3ptero Chinook y nueva campa\u00f1a de prevenci\u00f3n de incendios - Mundoagropecuario","isPartOf":{"@id":"https:\/\/www.mundoagropecuario.cl\/new\/#website"},"primaryImageOfPage":{"@id":"https:\/\/www.mundoagropecuario.cl\/new\/presentan-super-helicoptero-chinook-y-nueva-campana-de-prevencion-de-incendios\/#primaryimage"},"image":{"@id":"https:\/\/www.mundoagropecuario.cl\/new\/presentan-super-helicoptero-chinook-y-nueva-campana-de-prevencion-de-incendios\/#primaryimage"},"thumbnailUrl":"https:\/\/www.mundoagropecuario.cl\/new\/wp-content\/uploads\/2019\/11\/Min-Walker-Chinook-2.jpg","datePublished":"2019-11-29T13:57:53+00:00","dateModified":"2019-11-29T13:58:05+00:00","breadcrumb":{"@id":"https:\/\/www.mundoagropecuario.cl\/new\/presentan-super-helicoptero-chinook-y-nueva-campana-de-prevencion-de-incendios\/#breadcrumb"},"inLanguage":"es","potentialAction":[{"@type":"ReadAction","target":["https:\/\/www.mundoagropecuario.cl\/new\/presentan-super-helicoptero-chinook-y-nueva-campana-de-prevencion-de-incendios\/"]}]},{"@type":"ImageObject","inLanguage":"es","@id":"https:\/\/www.mundoagropecuario.cl\/new\/presentan-super-helicoptero-chinook-y-nueva-campana-de-prevencion-de-incendios\/#primaryimage","url":"https:\/\/www.mundoagropecuario.cl\/new\/wp-content\/uploads\/2019\/11\/Min-Walker-Chinook-2.jpg","contentUrl":"https:\/\/www.mundoagropecuario.cl\/new\/wp-content\/uploads\/2019\/11\/Min-Walker-Chinook-2.jpg","width":600,"height":400},{"@type":"BreadcrumbList","@id":"https:\/\/www.mundoagropecuario.cl\/new\/presentan-super-helicoptero-chinook-y-nueva-campana-de-prevencion-de-incendios\/#breadcrumb","itemListElement":[{"@type":"ListItem","position":1,"name":"Portada","item":"https:\/\/www.mundoagropecuario.cl\/new\/"},{"@type":"ListItem","position":2,"name":"Presentan s\u00faper Helic\u00f3ptero Chinook y nueva campa\u00f1a de prevenci\u00f3n de incendios"}]},{"@type":"WebSite","@id":"https:\/\/www.mundoagropecuario.cl\/new\/#website","url":"https:\/\/www.mundoagropecuario.cl\/new\/","name":"Mundoagropecuario","description":"Mundo Agropecuario","publisher":{"@id":"https:\/\/www.mundoagropecuario.cl\/new\/#organization"},"potentialAction":[{"@type":"SearchAction","target":{"@type":"EntryPoint","urlTemplate":"https:\/\/www.mundoagropecuario.cl\/new\/?s={search_term_string}"},"query-input":{"@type":"PropertyValueSpecification","valueRequired":true,"valueName":"search_term_string"}}],"inLanguage":"es"},{"@type":"Organization","@id":"https:\/\/www.mundoagropecuario.cl\/new\/#organization","name":"Revista de Agricultura","url":"https:\/\/www.mundoagropecuario.cl\/new\/","logo":{"@type":"ImageObject","inLanguage":"es","@id":"https:\/\/www.mundoagropecuario.cl\/new\/#\/schema\/logo\/image\/","url":"https:\/\/www.mundoagropecuario.cl\/new\/wp-content\/uploads\/2020\/11\/PORTAL-1-1.png","contentUrl":"https:\/\/www.mundoagropecuario.cl\/new\/wp-content\/uploads\/2020\/11\/PORTAL-1-1.png","width":1026,"height":100,"caption":"Revista de Agricultura"},"image":{"@id":"https:\/\/www.mundoagropecuario.cl\/new\/#\/schema\/logo\/image\/"},"sameAs":["https:\/\/www.facebook.com\/mundo.agropecuario.3","https:\/\/x.com\/MundoAgropecuar","https:\/\/www.linkedin.com\/in\/mundo-agropecuario-934009201\/"]},{"@type":"Person","@id":"https:\/\/www.mundoagropecuario.cl\/new\/#\/schema\/person\/4e9f74a82a7dac260eb1c44b7eebeb18","name":"mundo","url":"https:\/\/www.mundoagropecuario.cl\/new\/author\/mundo\/"}]}},"_links":{"self":[{"href":"https:\/\/www.mundoagropecuario.cl\/new\/wp-json\/wp\/v2\/posts\/14972","targetHints":{"allow":["GET"]}}],"collection":[{"href":"https:\/\/www.mundoagropecuario.cl\/new\/wp-json\/wp\/v2\/posts"}],"about":[{"href":"https:\/\/www.mundoagropecuario.cl\/new\/wp-json\/wp\/v2\/types\/post"}],"author":[{"embeddable":true,"href":"https:\/\/www.mundoagropecuario.cl\/new\/wp-json\/wp\/v2\/users\/2"}],"replies":[{"embeddable":true,"href":"https:\/\/www.mundoagropecuario.cl\/new\/wp-json\/wp\/v2\/comments?post=14972"}],"version-history":[{"count":1,"href":"https:\/\/www.mundoagropecuario.cl\/new\/wp-json\/wp\/v2\/posts\/14972\/revisions"}],"predecessor-version":[{"id":14975,"href":"https:\/\/www.mundoagropecuario.cl\/new\/wp-json\/wp\/v2\/posts\/14972\/revisions\/14975"}],"wp:featuredmedia":[{"embeddable":true,"href":"https:\/\/www.mundoagropecuario.cl\/new\/wp-json\/wp\/v2\/media\/14973"}],"wp:attachment":[{"href":"https:\/\/www.mundoagropecuario.cl\/new\/wp-json\/wp\/v2\/media?parent=14972"}],"wp:term":[{"taxonomy":"category","embeddable":true,"href":"https:\/\/www.mundoagropecuario.cl\/new\/wp-json\/wp\/v2\/categories?post=14972"},{"taxonomy":"post_tag","embeddable":true,"href":"https:\/\/www.mundoagropecuario.cl\/new\/wp-json\/wp\/v2\/tags?post=14972"}],"curies":[{"name":"wp","href":"https:\/\/api.w.org\/{rel}","templated":true}]}}