{"id":14944,"date":"2019-11-28T11:33:06","date_gmt":"2019-11-28T14:33:06","guid":{"rendered":"http:\/\/www.mundoagropecuario.cl\/new\/?p=14944"},"modified":"2019-11-28T11:33:16","modified_gmt":"2019-11-28T14:33:16","slug":"equipo-uc-temuco-presenta-red-de-fortalecimiento-asociativo-para-mujeres-rurales","status":"publish","type":"post","link":"https:\/\/www.mundoagropecuario.cl\/new\/equipo-uc-temuco-presenta-red-de-fortalecimiento-asociativo-para-mujeres-rurales\/","title":{"rendered":"Equipo UC Temuco presenta Red de Fortalecimiento Asociativo para Mujeres Rurales"},"content":{"rendered":"\n<ul class=\"wp-block-gallery columns-0 is-cropped wp-block-gallery-1 is-layout-flex wp-block-gallery-is-layout-flex\"><\/ul>\n\n\n\n<p class=\"has-medium-font-size\"><em>La RED de Fortalecimiento Asociativo tiene por objetivo favorecer el encadenamiento socio productivo con el fin de levantar microemprendimientos (Mundo Agropecuario).<\/em><\/p>\n\n\n\n<p>Gracias a la invitaci\u00f3n realizada por la Directora Regional de Prodemu, Mar\u00eda Constanza Marchant, para dar a conocer el Programa Mujer Rural (INDAP-PRODEMU), la UC Temuco present\u00f3 ante un p\u00fablico conformado por la Seremi de Gobierno, P\u00eda Bersezio Norambuena, la Seremi de la Mujer y Equidad de G\u00e9nero, Sara Suazo Suazo, profesionales de la Seremi de Desarrollo Social y Familia, del Plan Impulso Araucan\u00eda y el equipo Prodemu; una iniciativa in\u00e9dita en la regi\u00f3n que busca a trav\u00e9s del financiamiento p\u00fablico o privado, conformar una Red para el Fortalecimiento Asociativo de Mujeres Rurales.<\/p>\n\n\n\n<p>La Red colaborativa busca favorecer el encadenamiento socio-productivo con el fin de levantar microemprendimientos con potencial de negocio. De aprobarse esta propuesta, los emprendimientos ser\u00edan seleccionados a partir de los grupos egresados del Programa Mujer Rural donde se trabajar\u00eda con 10 a 12 grupos para la conformaci\u00f3n inicial de la Red, generando procesos de formaci\u00f3n, de capital social y de gesti\u00f3n de negocios e innovaci\u00f3n (primer a\u00f1o), adem\u00e1s del acompa\u00f1amiento inicial a cada grupo de emprendedoras (segundo a\u00f1o), de modo de garantizar su autogesti\u00f3n al tercer a\u00f1o. Se proyecta que esta Red pueda beneficiar al menos a 50 grupos de microempresarias regionales durante sus primeros 5 a\u00f1os de operaci\u00f3n, es decir, m\u00e1s de 600 mujeres y por ende m\u00e1s de 3.000 habitantes rurales considerando sus comunidades y n\u00facleos familiares.<\/p>\n\n\n\n<p>La iniciativa fue expuesta por la Dra. Gloria Mora, directora del Departamento de Psicolog\u00eda de la Facultad de Ciencias de la Salud de la UC Temuco, junto a su equipo y el apoyo de la gestora tecnol\u00f3gica de la Direcci\u00f3n de Innovaci\u00f3n y Transferencia Tecnol\u00f3gica (DIRITT), Ximena Sep\u00falveda, quien enfatiz\u00f3 en la necesidad de intencionar el proceso de encadenamiento social tanto desde las instituciones gubernamentales como desde aquellas de la sociedad civil junto al apoyo y acompa\u00f1amiento de las Universidades Regionales.<\/p>\n\n\n\n<p>La gestora tecnol\u00f3gica de la DIRITT UC Temuco, Ximena Sep\u00falveda sostuvo que \u201cla Red propuesta es un impulso a la econom\u00eda familiar campesina que genera impactos positivos no solo en las beneficiarias directas y sus comunidades, sino en el proceso de encadenamiento social y productivo de La Araucan\u00eda, facilitando la gesti\u00f3n de distintos instrumentos p\u00fablicos, la coordinaci\u00f3n de diversos programas gubernamentales, la asesor\u00eda permanente en el desarrollo de innovaciones cient\u00edfico-tecnol\u00f3gicas que como Universidad podemos brindar a los diversos grupos que compongan la Red. Todo lo anterior genera un c\u00edrculo virtuoso de colaboraci\u00f3n p\u00fablico-privada, fortaleciendo el tejido social de nuestras comunidades campesinas y dando sentido al desarrollo arm\u00f3nico y respetuoso de los modos de vivir diversos de nuestro territorio\u201d.<\/p>\n","protected":false},"excerpt":{"rendered":"<p>La RED de Fortalecimiento Asociativo tiene por objetivo favorecer el encadenamiento socio productivo con el fin de levantar microemprendimientos (Mundo Agropecuario). Gracias a la invitaci\u00f3n realizada por la Directora Regional&#8230;<\/p>\n","protected":false},"author":2,"featured_media":14945,"comment_status":"closed","ping_status":"closed","sticky":false,"template":"","format":"standard","meta":{"footnotes":""},"categories":[1945],"tags":[3127,4469],"class_list":["post-14944","post","type-post","status-publish","format-standard","has-post-thumbnail","hentry","category-agricultura","tag-agro","tag-red-de-fortalecimiento-asociativo-para-mujeres-rurales"],"yoast_head":"<!-- This site is optimized with the Yoast SEO plugin v26.6 - https:\/\/yoast.com\/wordpress\/plugins\/seo\/ -->\n<title>Equipo UC Temuco presenta Red de Fortalecimiento Asociativo para Mujeres Rurales - Mundoagropecuario<\/title>\n<meta name=\"robots\" content=\"index, follow, max-snippet:-1, max-image-preview:large, max-video-preview:-1\" \/>\n<link rel=\"canonical\" href=\"https:\/\/www.mundoagropecuario.cl\/new\/equipo-uc-temuco-presenta-red-de-fortalecimiento-asociativo-para-mujeres-rurales\/\" \/>\n<meta property=\"og:locale\" content=\"es_ES\" \/>\n<meta property=\"og:type\" content=\"article\" \/>\n<meta property=\"og:title\" content=\"Equipo UC Temuco presenta Red de Fortalecimiento Asociativo para Mujeres Rurales - Mundoagropecuario\" \/>\n<meta property=\"og:description\" content=\"La RED de Fortalecimiento Asociativo tiene por objetivo favorecer el encadenamiento socio productivo con el fin de levantar microemprendimientos (Mundo Agropecuario). Gracias a la invitaci\u00f3n realizada por la Directora Regional...\" \/>\n<meta property=\"og:url\" content=\"https:\/\/www.mundoagropecuario.cl\/new\/equipo-uc-temuco-presenta-red-de-fortalecimiento-asociativo-para-mujeres-rurales\/\" \/>\n<meta property=\"og:site_name\" content=\"Mundoagropecuario\" \/>\n<meta property=\"article:publisher\" content=\"https:\/\/www.facebook.com\/mundo.agropecuario.3\" \/>\n<meta property=\"article:published_time\" content=\"2019-11-28T14:33:06+00:00\" \/>\n<meta property=\"article:modified_time\" content=\"2019-11-28T14:33:16+00:00\" \/>\n<meta property=\"og:image\" content=\"https:\/\/www.mundoagropecuario.cl\/new\/wp-content\/uploads\/2019\/11\/Red-.jpg\" \/>\n\t<meta property=\"og:image:width\" content=\"300\" \/>\n\t<meta property=\"og:image:height\" content=\"200\" \/>\n\t<meta property=\"og:image:type\" content=\"image\/jpeg\" \/>\n<meta name=\"author\" content=\"mundo\" \/>\n<meta name=\"twitter:card\" content=\"summary_large_image\" \/>\n<meta name=\"twitter:creator\" content=\"@MundoAgropecuar\" \/>\n<meta name=\"twitter:site\" content=\"@MundoAgropecuar\" \/>\n<meta name=\"twitter:label1\" content=\"Escrito por\" \/>\n\t<meta name=\"twitter:data1\" content=\"mundo\" \/>\n\t<meta name=\"twitter:label2\" content=\"Tiempo de lectura\" \/>\n\t<meta name=\"twitter:data2\" content=\"2 minutos\" \/>\n<script type=\"application\/ld+json\" class=\"yoast-schema-graph\">{\"@context\":\"https:\/\/schema.org\",\"@graph\":[{\"@type\":\"Article\",\"@id\":\"https:\/\/www.mundoagropecuario.cl\/new\/equipo-uc-temuco-presenta-red-de-fortalecimiento-asociativo-para-mujeres-rurales\/#article\",\"isPartOf\":{\"@id\":\"https:\/\/www.mundoagropecuario.cl\/new\/equipo-uc-temuco-presenta-red-de-fortalecimiento-asociativo-para-mujeres-rurales\/\"},\"author\":{\"name\":\"mundo\",\"@id\":\"https:\/\/www.mundoagropecuario.cl\/new\/#\/schema\/person\/4e9f74a82a7dac260eb1c44b7eebeb18\"},\"headline\":\"Equipo UC Temuco presenta Red de Fortalecimiento Asociativo para Mujeres Rurales\",\"datePublished\":\"2019-11-28T14:33:06+00:00\",\"dateModified\":\"2019-11-28T14:33:16+00:00\",\"mainEntityOfPage\":{\"@id\":\"https:\/\/www.mundoagropecuario.cl\/new\/equipo-uc-temuco-presenta-red-de-fortalecimiento-asociativo-para-mujeres-rurales\/\"},\"wordCount\":495,\"publisher\":{\"@id\":\"https:\/\/www.mundoagropecuario.cl\/new\/#organization\"},\"image\":{\"@id\":\"https:\/\/www.mundoagropecuario.cl\/new\/equipo-uc-temuco-presenta-red-de-fortalecimiento-asociativo-para-mujeres-rurales\/#primaryimage\"},\"thumbnailUrl\":\"https:\/\/www.mundoagropecuario.cl\/new\/wp-content\/uploads\/2019\/11\/Red-.jpg\",\"keywords\":[\"Agro\",\"Red de Fortalecimiento Asociativo para Mujeres Rurales\"],\"articleSection\":[\"Agricultura\"],\"inLanguage\":\"es\"},{\"@type\":\"WebPage\",\"@id\":\"https:\/\/www.mundoagropecuario.cl\/new\/equipo-uc-temuco-presenta-red-de-fortalecimiento-asociativo-para-mujeres-rurales\/\",\"url\":\"https:\/\/www.mundoagropecuario.cl\/new\/equipo-uc-temuco-presenta-red-de-fortalecimiento-asociativo-para-mujeres-rurales\/\",\"name\":\"Equipo UC Temuco presenta Red de Fortalecimiento Asociativo para Mujeres Rurales - Mundoagropecuario\",\"isPartOf\":{\"@id\":\"https:\/\/www.mundoagropecuario.cl\/new\/#website\"},\"primaryImageOfPage\":{\"@id\":\"https:\/\/www.mundoagropecuario.cl\/new\/equipo-uc-temuco-presenta-red-de-fortalecimiento-asociativo-para-mujeres-rurales\/#primaryimage\"},\"image\":{\"@id\":\"https:\/\/www.mundoagropecuario.cl\/new\/equipo-uc-temuco-presenta-red-de-fortalecimiento-asociativo-para-mujeres-rurales\/#primaryimage\"},\"thumbnailUrl\":\"https:\/\/www.mundoagropecuario.cl\/new\/wp-content\/uploads\/2019\/11\/Red-.jpg\",\"datePublished\":\"2019-11-28T14:33:06+00:00\",\"dateModified\":\"2019-11-28T14:33:16+00:00\",\"breadcrumb\":{\"@id\":\"https:\/\/www.mundoagropecuario.cl\/new\/equipo-uc-temuco-presenta-red-de-fortalecimiento-asociativo-para-mujeres-rurales\/#breadcrumb\"},\"inLanguage\":\"es\",\"potentialAction\":[{\"@type\":\"ReadAction\",\"target\":[\"https:\/\/www.mundoagropecuario.cl\/new\/equipo-uc-temuco-presenta-red-de-fortalecimiento-asociativo-para-mujeres-rurales\/\"]}]},{\"@type\":\"ImageObject\",\"inLanguage\":\"es\",\"@id\":\"https:\/\/www.mundoagropecuario.cl\/new\/equipo-uc-temuco-presenta-red-de-fortalecimiento-asociativo-para-mujeres-rurales\/#primaryimage\",\"url\":\"https:\/\/www.mundoagropecuario.cl\/new\/wp-content\/uploads\/2019\/11\/Red-.jpg\",\"contentUrl\":\"https:\/\/www.mundoagropecuario.cl\/new\/wp-content\/uploads\/2019\/11\/Red-.jpg\",\"width\":300,\"height\":200},{\"@type\":\"BreadcrumbList\",\"@id\":\"https:\/\/www.mundoagropecuario.cl\/new\/equipo-uc-temuco-presenta-red-de-fortalecimiento-asociativo-para-mujeres-rurales\/#breadcrumb\",\"itemListElement\":[{\"@type\":\"ListItem\",\"position\":1,\"name\":\"Portada\",\"item\":\"https:\/\/www.mundoagropecuario.cl\/new\/\"},{\"@type\":\"ListItem\",\"position\":2,\"name\":\"Equipo UC Temuco presenta Red de Fortalecimiento Asociativo para Mujeres Rurales\"}]},{\"@type\":\"WebSite\",\"@id\":\"https:\/\/www.mundoagropecuario.cl\/new\/#website\",\"url\":\"https:\/\/www.mundoagropecuario.cl\/new\/\",\"name\":\"Mundoagropecuario\",\"description\":\"Mundo Agropecuario\",\"publisher\":{\"@id\":\"https:\/\/www.mundoagropecuario.cl\/new\/#organization\"},\"potentialAction\":[{\"@type\":\"SearchAction\",\"target\":{\"@type\":\"EntryPoint\",\"urlTemplate\":\"https:\/\/www.mundoagropecuario.cl\/new\/?s={search_term_string}\"},\"query-input\":{\"@type\":\"PropertyValueSpecification\",\"valueRequired\":true,\"valueName\":\"search_term_string\"}}],\"inLanguage\":\"es\"},{\"@type\":\"Organization\",\"@id\":\"https:\/\/www.mundoagropecuario.cl\/new\/#organization\",\"name\":\"Revista de Agricultura\",\"url\":\"https:\/\/www.mundoagropecuario.cl\/new\/\",\"logo\":{\"@type\":\"ImageObject\",\"inLanguage\":\"es\",\"@id\":\"https:\/\/www.mundoagropecuario.cl\/new\/#\/schema\/logo\/image\/\",\"url\":\"https:\/\/www.mundoagropecuario.cl\/new\/wp-content\/uploads\/2020\/11\/PORTAL-1-1.png\",\"contentUrl\":\"https:\/\/www.mundoagropecuario.cl\/new\/wp-content\/uploads\/2020\/11\/PORTAL-1-1.png\",\"width\":1026,\"height\":100,\"caption\":\"Revista de Agricultura\"},\"image\":{\"@id\":\"https:\/\/www.mundoagropecuario.cl\/new\/#\/schema\/logo\/image\/\"},\"sameAs\":[\"https:\/\/www.facebook.com\/mundo.agropecuario.3\",\"https:\/\/x.com\/MundoAgropecuar\",\"https:\/\/www.linkedin.com\/in\/mundo-agropecuario-934009201\/\"]},{\"@type\":\"Person\",\"@id\":\"https:\/\/www.mundoagropecuario.cl\/new\/#\/schema\/person\/4e9f74a82a7dac260eb1c44b7eebeb18\",\"name\":\"mundo\",\"url\":\"https:\/\/www.mundoagropecuario.cl\/new\/author\/mundo\/\"}]}<\/script>\n<!-- \/ Yoast SEO plugin. -->","yoast_head_json":{"title":"Equipo UC Temuco presenta Red de Fortalecimiento Asociativo para Mujeres Rurales - Mundoagropecuario","robots":{"index":"index","follow":"follow","max-snippet":"max-snippet:-1","max-image-preview":"max-image-preview:large","max-video-preview":"max-video-preview:-1"},"canonical":"https:\/\/www.mundoagropecuario.cl\/new\/equipo-uc-temuco-presenta-red-de-fortalecimiento-asociativo-para-mujeres-rurales\/","og_locale":"es_ES","og_type":"article","og_title":"Equipo UC Temuco presenta Red de Fortalecimiento Asociativo para Mujeres Rurales - Mundoagropecuario","og_description":"La RED de Fortalecimiento Asociativo tiene por objetivo favorecer el encadenamiento socio productivo con el fin de levantar microemprendimientos (Mundo Agropecuario). Gracias a la invitaci\u00f3n realizada por la Directora Regional...","og_url":"https:\/\/www.mundoagropecuario.cl\/new\/equipo-uc-temuco-presenta-red-de-fortalecimiento-asociativo-para-mujeres-rurales\/","og_site_name":"Mundoagropecuario","article_publisher":"https:\/\/www.facebook.com\/mundo.agropecuario.3","article_published_time":"2019-11-28T14:33:06+00:00","article_modified_time":"2019-11-28T14:33:16+00:00","og_image":[{"width":300,"height":200,"url":"https:\/\/www.mundoagropecuario.cl\/new\/wp-content\/uploads\/2019\/11\/Red-.jpg","type":"image\/jpeg"}],"author":"mundo","twitter_card":"summary_large_image","twitter_creator":"@MundoAgropecuar","twitter_site":"@MundoAgropecuar","twitter_misc":{"Escrito por":"mundo","Tiempo de lectura":"2 minutos"},"schema":{"@context":"https:\/\/schema.org","@graph":[{"@type":"Article","@id":"https:\/\/www.mundoagropecuario.cl\/new\/equipo-uc-temuco-presenta-red-de-fortalecimiento-asociativo-para-mujeres-rurales\/#article","isPartOf":{"@id":"https:\/\/www.mundoagropecuario.cl\/new\/equipo-uc-temuco-presenta-red-de-fortalecimiento-asociativo-para-mujeres-rurales\/"},"author":{"name":"mundo","@id":"https:\/\/www.mundoagropecuario.cl\/new\/#\/schema\/person\/4e9f74a82a7dac260eb1c44b7eebeb18"},"headline":"Equipo UC Temuco presenta Red de Fortalecimiento Asociativo para Mujeres Rurales","datePublished":"2019-11-28T14:33:06+00:00","dateModified":"2019-11-28T14:33:16+00:00","mainEntityOfPage":{"@id":"https:\/\/www.mundoagropecuario.cl\/new\/equipo-uc-temuco-presenta-red-de-fortalecimiento-asociativo-para-mujeres-rurales\/"},"wordCount":495,"publisher":{"@id":"https:\/\/www.mundoagropecuario.cl\/new\/#organization"},"image":{"@id":"https:\/\/www.mundoagropecuario.cl\/new\/equipo-uc-temuco-presenta-red-de-fortalecimiento-asociativo-para-mujeres-rurales\/#primaryimage"},"thumbnailUrl":"https:\/\/www.mundoagropecuario.cl\/new\/wp-content\/uploads\/2019\/11\/Red-.jpg","keywords":["Agro","Red de Fortalecimiento Asociativo para Mujeres Rurales"],"articleSection":["Agricultura"],"inLanguage":"es"},{"@type":"WebPage","@id":"https:\/\/www.mundoagropecuario.cl\/new\/equipo-uc-temuco-presenta-red-de-fortalecimiento-asociativo-para-mujeres-rurales\/","url":"https:\/\/www.mundoagropecuario.cl\/new\/equipo-uc-temuco-presenta-red-de-fortalecimiento-asociativo-para-mujeres-rurales\/","name":"Equipo UC Temuco presenta Red de Fortalecimiento Asociativo para Mujeres Rurales - Mundoagropecuario","isPartOf":{"@id":"https:\/\/www.mundoagropecuario.cl\/new\/#website"},"primaryImageOfPage":{"@id":"https:\/\/www.mundoagropecuario.cl\/new\/equipo-uc-temuco-presenta-red-de-fortalecimiento-asociativo-para-mujeres-rurales\/#primaryimage"},"image":{"@id":"https:\/\/www.mundoagropecuario.cl\/new\/equipo-uc-temuco-presenta-red-de-fortalecimiento-asociativo-para-mujeres-rurales\/#primaryimage"},"thumbnailUrl":"https:\/\/www.mundoagropecuario.cl\/new\/wp-content\/uploads\/2019\/11\/Red-.jpg","datePublished":"2019-11-28T14:33:06+00:00","dateModified":"2019-11-28T14:33:16+00:00","breadcrumb":{"@id":"https:\/\/www.mundoagropecuario.cl\/new\/equipo-uc-temuco-presenta-red-de-fortalecimiento-asociativo-para-mujeres-rurales\/#breadcrumb"},"inLanguage":"es","potentialAction":[{"@type":"ReadAction","target":["https:\/\/www.mundoagropecuario.cl\/new\/equipo-uc-temuco-presenta-red-de-fortalecimiento-asociativo-para-mujeres-rurales\/"]}]},{"@type":"ImageObject","inLanguage":"es","@id":"https:\/\/www.mundoagropecuario.cl\/new\/equipo-uc-temuco-presenta-red-de-fortalecimiento-asociativo-para-mujeres-rurales\/#primaryimage","url":"https:\/\/www.mundoagropecuario.cl\/new\/wp-content\/uploads\/2019\/11\/Red-.jpg","contentUrl":"https:\/\/www.mundoagropecuario.cl\/new\/wp-content\/uploads\/2019\/11\/Red-.jpg","width":300,"height":200},{"@type":"BreadcrumbList","@id":"https:\/\/www.mundoagropecuario.cl\/new\/equipo-uc-temuco-presenta-red-de-fortalecimiento-asociativo-para-mujeres-rurales\/#breadcrumb","itemListElement":[{"@type":"ListItem","position":1,"name":"Portada","item":"https:\/\/www.mundoagropecuario.cl\/new\/"},{"@type":"ListItem","position":2,"name":"Equipo UC Temuco presenta Red de Fortalecimiento Asociativo para Mujeres Rurales"}]},{"@type":"WebSite","@id":"https:\/\/www.mundoagropecuario.cl\/new\/#website","url":"https:\/\/www.mundoagropecuario.cl\/new\/","name":"Mundoagropecuario","description":"Mundo Agropecuario","publisher":{"@id":"https:\/\/www.mundoagropecuario.cl\/new\/#organization"},"potentialAction":[{"@type":"SearchAction","target":{"@type":"EntryPoint","urlTemplate":"https:\/\/www.mundoagropecuario.cl\/new\/?s={search_term_string}"},"query-input":{"@type":"PropertyValueSpecification","valueRequired":true,"valueName":"search_term_string"}}],"inLanguage":"es"},{"@type":"Organization","@id":"https:\/\/www.mundoagropecuario.cl\/new\/#organization","name":"Revista de Agricultura","url":"https:\/\/www.mundoagropecuario.cl\/new\/","logo":{"@type":"ImageObject","inLanguage":"es","@id":"https:\/\/www.mundoagropecuario.cl\/new\/#\/schema\/logo\/image\/","url":"https:\/\/www.mundoagropecuario.cl\/new\/wp-content\/uploads\/2020\/11\/PORTAL-1-1.png","contentUrl":"https:\/\/www.mundoagropecuario.cl\/new\/wp-content\/uploads\/2020\/11\/PORTAL-1-1.png","width":1026,"height":100,"caption":"Revista de Agricultura"},"image":{"@id":"https:\/\/www.mundoagropecuario.cl\/new\/#\/schema\/logo\/image\/"},"sameAs":["https:\/\/www.facebook.com\/mundo.agropecuario.3","https:\/\/x.com\/MundoAgropecuar","https:\/\/www.linkedin.com\/in\/mundo-agropecuario-934009201\/"]},{"@type":"Person","@id":"https:\/\/www.mundoagropecuario.cl\/new\/#\/schema\/person\/4e9f74a82a7dac260eb1c44b7eebeb18","name":"mundo","url":"https:\/\/www.mundoagropecuario.cl\/new\/author\/mundo\/"}]}},"_links":{"self":[{"href":"https:\/\/www.mundoagropecuario.cl\/new\/wp-json\/wp\/v2\/posts\/14944","targetHints":{"allow":["GET"]}}],"collection":[{"href":"https:\/\/www.mundoagropecuario.cl\/new\/wp-json\/wp\/v2\/posts"}],"about":[{"href":"https:\/\/www.mundoagropecuario.cl\/new\/wp-json\/wp\/v2\/types\/post"}],"author":[{"embeddable":true,"href":"https:\/\/www.mundoagropecuario.cl\/new\/wp-json\/wp\/v2\/users\/2"}],"replies":[{"embeddable":true,"href":"https:\/\/www.mundoagropecuario.cl\/new\/wp-json\/wp\/v2\/comments?post=14944"}],"version-history":[{"count":1,"href":"https:\/\/www.mundoagropecuario.cl\/new\/wp-json\/wp\/v2\/posts\/14944\/revisions"}],"predecessor-version":[{"id":14946,"href":"https:\/\/www.mundoagropecuario.cl\/new\/wp-json\/wp\/v2\/posts\/14944\/revisions\/14946"}],"wp:featuredmedia":[{"embeddable":true,"href":"https:\/\/www.mundoagropecuario.cl\/new\/wp-json\/wp\/v2\/media\/14945"}],"wp:attachment":[{"href":"https:\/\/www.mundoagropecuario.cl\/new\/wp-json\/wp\/v2\/media?parent=14944"}],"wp:term":[{"taxonomy":"category","embeddable":true,"href":"https:\/\/www.mundoagropecuario.cl\/new\/wp-json\/wp\/v2\/categories?post=14944"},{"taxonomy":"post_tag","embeddable":true,"href":"https:\/\/www.mundoagropecuario.cl\/new\/wp-json\/wp\/v2\/tags?post=14944"}],"curies":[{"name":"wp","href":"https:\/\/api.w.org\/{rel}","templated":true}]}}