{"id":14914,"date":"2019-11-27T01:08:26","date_gmt":"2019-11-27T04:08:26","guid":{"rendered":"http:\/\/www.mundoagropecuario.cl\/new\/?p=14914"},"modified":"2019-11-26T23:13:23","modified_gmt":"2019-11-27T02:13:23","slug":"prueba-piloto-para-el-censo-agropecuario-y-forestal-que-se-realizara-el-proximo-ano","status":"publish","type":"post","link":"https:\/\/www.mundoagropecuario.cl\/new\/prueba-piloto-para-el-censo-agropecuario-y-forestal-que-se-realizara-el-proximo-ano\/","title":{"rendered":"Prueba piloto para el Censo Agropecuario y Forestal que se realizar\u00e1 el pr\u00f3ximo a\u00f1o"},"content":{"rendered":"\n<ul class=\"wp-block-gallery columns-0 is-cropped wp-block-gallery-1 is-layout-flex wp-block-gallery-is-layout-flex\"><\/ul>\n\n\n\n<p class=\"has-medium-font-size\"><em>El director regional del INE y el seremi de Agricultura explicaron que el proceso se realizar\u00e1 en Perquenco y se extender\u00e1 por un mes para testear aspectos operativos y t\u00e9cnicos (Mundo Agropecuario).<\/em><\/p>\n\n\n\n<p>Desde el pasado 21 de noviembre y hasta el 20 de diciembre, equipos capacitados del Instituto Nacional de Estad\u00edsticas (INE) estar\u00e1n recorriendo una comuna, o parte de ella, en las 16 regiones del pa\u00eds, para llevar a cabo una Prueba Piloto Integral, como parte de la preparaci\u00f3n para el Censo Agropecuario y Forestal que se desarrollar\u00e1 durante 4 meses en el pr\u00f3ximo a\u00f1o.<\/p>\n\n\n\n<p>En La Araucan\u00eda la comuna seleccionada fue Perquenco, por ello el director regional del INE, Javier P\u00e9rez y el seremi de Agricultura, Ricardo Senn, entregaron m\u00e1s antecedentes de lo que ser\u00e1 esta etapa.<\/p>\n\n\n\n<p>\u201cDentro del proceso de preparaci\u00f3n del Censo, comenzamos una prueba de piloto integral en la comuna de Perquenco, el que estamos desarrollando en la mitad de ese territorio y donde aprovechamos de utilizar todo el sistema con el soporte de los tablet que son dispositivos m\u00f3viles de captura de datos que facilitan su procesamiento. El objetivo es conocer la estructura productiva agropecuaria del pa\u00eds y su distribuci\u00f3n territorial para adoptar futuras pol\u00edticas p\u00fablicas para el sector\u201d, explic\u00f3 el director regional INE, Javier P\u00e9rez.<\/p>\n\n\n\n<p>La prueba se extiende por un mes y tiene como objeto testear aspectos operativos y t\u00e9cnicos del levantamiento que permitan mejorar la planificaci\u00f3n, ejecuci\u00f3n y control del operativo censal que se efectuar\u00e1 en el primer semestre del 2020.<\/p>\n\n\n\n<p>En ese sentido, el seremi de Agricultura, Ricardo Senn, pidi\u00f3 a la poblaci\u00f3n cooperar con esta encuesta. \u201cEl llamado es a todos los habitantes de los sectores rurales de la Regi\u00f3n para que nos aporte cuando lleguen los censistas les abran la puerta y respondan la encuesta ya que este trabajo es para la Regi\u00f3n y para tomar las mejores decisiones como Gobierno y que los campesinos se vean beneficiados por las pol\u00edticas p\u00fablica. Desde el Minagri nos hemos esforzado por generar una diversificaci\u00f3n agr\u00edcola y fomentar una pol\u00edtica de asociatividad y que ahora vamos a saber su impacto mediante los resultados del Censo\u201d.&nbsp;<\/p>\n\n\n\n<p>Las entrevistas son realizadas por funcionarios del INE que estar\u00e1n debidamente identificados y adem\u00e1s todos los datos entregados ser\u00e1n tratados con absoluta confidencialidad ya que se encuentran protegidos por el \u201cSecreto Estad\u00edstico\u201d que rige al INE.<\/p>\n\n\n\n<p>El director regional del INE, Javier P\u00e9rez, precis\u00f3 que \u201cel censo tiene que ver con el \u00e1rea rural y en esta oportunidad incluimos tambi\u00e9n a aquellos productores que no necesariamente son due\u00f1os de tierras, como por ejemplo los apicultores. La medici\u00f3n se centra en el n\u00famero de hect\u00e1reas y su productividad, que a nivel nacional son 56 millones de hect\u00e1reas. Debido a que este censo se realiza con dispositivos m\u00f3viles, esperamos que, en diciembre de 2020, tengamos los primeros resultados\u201d.<\/p>\n\n\n\n<p>Al ser consultado el seremi de Agricultura por la posibilidad que funcionarios del INE no pudieran ingresar a algunos sectores, Ricardo Senn, respondi\u00f3 que \u201cel censo es muy importante ya que se busca tener antecedentes para tomar decisiones de pol\u00edticas p\u00fablicas. Hace 13 a\u00f1os que se efectu\u00f3 la medici\u00f3n anterior por lo que ahora se quiere actualizar la informaci\u00f3n. Esto significa que, en nuestra Regi\u00f3n vamos a entrar en un proceso de di\u00e1logo con algunos lugares donde se puedan presentar inconvenientes al ingresar, recordemos que en el Censo del 2017 hubo algunos lugares donde los censistas efectivamente no pudieron llegar y esa situaci\u00f3n creemos que es un hecho que no deber\u00edamos volver a tener.&nbsp;&nbsp;Tenemos una muy buena relaci\u00f3n con las comunidades en la Regi\u00f3n, somos un Ministerio que est\u00e1 siempre presente, trabajando en fomentar la producci\u00f3n en los predios. Esto nos hace tener mucha fe en que contaremos con la contribuci\u00f3n de todos para trabajar con los censistas y realizar de buena manera este Censo\u201d, finaliz\u00f3 el seremi de Agricultura, Ricardo Senn.<\/p>\n","protected":false},"excerpt":{"rendered":"<p>El director regional del INE y el seremi de Agricultura explicaron que el proceso se realizar\u00e1 en Perquenco y se extender\u00e1 por un mes para testear aspectos operativos y t\u00e9cnicos&#8230;<\/p>\n","protected":false},"author":2,"featured_media":14915,"comment_status":"closed","ping_status":"closed","sticky":false,"template":"","format":"standard","meta":{"footnotes":""},"categories":[1945],"tags":[3127],"class_list":["post-14914","post","type-post","status-publish","format-standard","has-post-thumbnail","hentry","category-agricultura","tag-agro"],"yoast_head":"<!-- This site is optimized with the Yoast SEO plugin v26.6 - https:\/\/yoast.com\/wordpress\/plugins\/seo\/ -->\n<title>Prueba piloto para el Censo Agropecuario y Forestal que se realizar\u00e1 el pr\u00f3ximo a\u00f1o - Mundoagropecuario<\/title>\n<meta name=\"robots\" content=\"index, follow, max-snippet:-1, max-image-preview:large, max-video-preview:-1\" \/>\n<link rel=\"canonical\" href=\"https:\/\/www.mundoagropecuario.cl\/new\/prueba-piloto-para-el-censo-agropecuario-y-forestal-que-se-realizara-el-proximo-ano\/\" \/>\n<meta property=\"og:locale\" content=\"es_ES\" \/>\n<meta property=\"og:type\" content=\"article\" \/>\n<meta property=\"og:title\" content=\"Prueba piloto para el Censo Agropecuario y Forestal que se realizar\u00e1 el pr\u00f3ximo a\u00f1o - Mundoagropecuario\" \/>\n<meta property=\"og:description\" content=\"El director regional del INE y el seremi de Agricultura explicaron que el proceso se realizar\u00e1 en Perquenco y se extender\u00e1 por un mes para testear aspectos operativos y t\u00e9cnicos...\" \/>\n<meta property=\"og:url\" content=\"https:\/\/www.mundoagropecuario.cl\/new\/prueba-piloto-para-el-censo-agropecuario-y-forestal-que-se-realizara-el-proximo-ano\/\" \/>\n<meta property=\"og:site_name\" content=\"Mundoagropecuario\" \/>\n<meta property=\"article:publisher\" content=\"https:\/\/www.facebook.com\/mundo.agropecuario.3\" \/>\n<meta property=\"article:published_time\" content=\"2019-11-27T04:08:26+00:00\" \/>\n<meta property=\"og:image\" content=\"https:\/\/www.mundoagropecuario.cl\/new\/wp-content\/uploads\/2019\/11\/INE-002.jpg\" \/>\n\t<meta property=\"og:image:width\" content=\"832\" \/>\n\t<meta property=\"og:image:height\" content=\"624\" \/>\n\t<meta property=\"og:image:type\" content=\"image\/jpeg\" \/>\n<meta name=\"author\" content=\"mundo\" \/>\n<meta name=\"twitter:card\" content=\"summary_large_image\" \/>\n<meta name=\"twitter:creator\" content=\"@MundoAgropecuar\" \/>\n<meta name=\"twitter:site\" content=\"@MundoAgropecuar\" \/>\n<meta name=\"twitter:label1\" content=\"Escrito por\" \/>\n\t<meta name=\"twitter:data1\" content=\"mundo\" \/>\n\t<meta name=\"twitter:label2\" content=\"Tiempo de lectura\" \/>\n\t<meta name=\"twitter:data2\" content=\"3 minutos\" \/>\n<script type=\"application\/ld+json\" class=\"yoast-schema-graph\">{\"@context\":\"https:\/\/schema.org\",\"@graph\":[{\"@type\":\"Article\",\"@id\":\"https:\/\/www.mundoagropecuario.cl\/new\/prueba-piloto-para-el-censo-agropecuario-y-forestal-que-se-realizara-el-proximo-ano\/#article\",\"isPartOf\":{\"@id\":\"https:\/\/www.mundoagropecuario.cl\/new\/prueba-piloto-para-el-censo-agropecuario-y-forestal-que-se-realizara-el-proximo-ano\/\"},\"author\":{\"name\":\"mundo\",\"@id\":\"https:\/\/www.mundoagropecuario.cl\/new\/#\/schema\/person\/4e9f74a82a7dac260eb1c44b7eebeb18\"},\"headline\":\"Prueba piloto para el Censo Agropecuario y Forestal que se realizar\u00e1 el pr\u00f3ximo a\u00f1o\",\"datePublished\":\"2019-11-27T04:08:26+00:00\",\"mainEntityOfPage\":{\"@id\":\"https:\/\/www.mundoagropecuario.cl\/new\/prueba-piloto-para-el-censo-agropecuario-y-forestal-que-se-realizara-el-proximo-ano\/\"},\"wordCount\":705,\"publisher\":{\"@id\":\"https:\/\/www.mundoagropecuario.cl\/new\/#organization\"},\"image\":{\"@id\":\"https:\/\/www.mundoagropecuario.cl\/new\/prueba-piloto-para-el-censo-agropecuario-y-forestal-que-se-realizara-el-proximo-ano\/#primaryimage\"},\"thumbnailUrl\":\"https:\/\/www.mundoagropecuario.cl\/new\/wp-content\/uploads\/2019\/11\/INE-002.jpg\",\"keywords\":[\"Agro\"],\"articleSection\":[\"Agricultura\"],\"inLanguage\":\"es\"},{\"@type\":\"WebPage\",\"@id\":\"https:\/\/www.mundoagropecuario.cl\/new\/prueba-piloto-para-el-censo-agropecuario-y-forestal-que-se-realizara-el-proximo-ano\/\",\"url\":\"https:\/\/www.mundoagropecuario.cl\/new\/prueba-piloto-para-el-censo-agropecuario-y-forestal-que-se-realizara-el-proximo-ano\/\",\"name\":\"Prueba piloto para el Censo Agropecuario y Forestal que se realizar\u00e1 el pr\u00f3ximo a\u00f1o - Mundoagropecuario\",\"isPartOf\":{\"@id\":\"https:\/\/www.mundoagropecuario.cl\/new\/#website\"},\"primaryImageOfPage\":{\"@id\":\"https:\/\/www.mundoagropecuario.cl\/new\/prueba-piloto-para-el-censo-agropecuario-y-forestal-que-se-realizara-el-proximo-ano\/#primaryimage\"},\"image\":{\"@id\":\"https:\/\/www.mundoagropecuario.cl\/new\/prueba-piloto-para-el-censo-agropecuario-y-forestal-que-se-realizara-el-proximo-ano\/#primaryimage\"},\"thumbnailUrl\":\"https:\/\/www.mundoagropecuario.cl\/new\/wp-content\/uploads\/2019\/11\/INE-002.jpg\",\"datePublished\":\"2019-11-27T04:08:26+00:00\",\"breadcrumb\":{\"@id\":\"https:\/\/www.mundoagropecuario.cl\/new\/prueba-piloto-para-el-censo-agropecuario-y-forestal-que-se-realizara-el-proximo-ano\/#breadcrumb\"},\"inLanguage\":\"es\",\"potentialAction\":[{\"@type\":\"ReadAction\",\"target\":[\"https:\/\/www.mundoagropecuario.cl\/new\/prueba-piloto-para-el-censo-agropecuario-y-forestal-que-se-realizara-el-proximo-ano\/\"]}]},{\"@type\":\"ImageObject\",\"inLanguage\":\"es\",\"@id\":\"https:\/\/www.mundoagropecuario.cl\/new\/prueba-piloto-para-el-censo-agropecuario-y-forestal-que-se-realizara-el-proximo-ano\/#primaryimage\",\"url\":\"https:\/\/www.mundoagropecuario.cl\/new\/wp-content\/uploads\/2019\/11\/INE-002.jpg\",\"contentUrl\":\"https:\/\/www.mundoagropecuario.cl\/new\/wp-content\/uploads\/2019\/11\/INE-002.jpg\",\"width\":533,\"height\":400},{\"@type\":\"BreadcrumbList\",\"@id\":\"https:\/\/www.mundoagropecuario.cl\/new\/prueba-piloto-para-el-censo-agropecuario-y-forestal-que-se-realizara-el-proximo-ano\/#breadcrumb\",\"itemListElement\":[{\"@type\":\"ListItem\",\"position\":1,\"name\":\"Portada\",\"item\":\"https:\/\/www.mundoagropecuario.cl\/new\/\"},{\"@type\":\"ListItem\",\"position\":2,\"name\":\"Prueba piloto para el Censo Agropecuario y Forestal que se realizar\u00e1 el pr\u00f3ximo a\u00f1o\"}]},{\"@type\":\"WebSite\",\"@id\":\"https:\/\/www.mundoagropecuario.cl\/new\/#website\",\"url\":\"https:\/\/www.mundoagropecuario.cl\/new\/\",\"name\":\"Mundoagropecuario\",\"description\":\"Mundo Agropecuario\",\"publisher\":{\"@id\":\"https:\/\/www.mundoagropecuario.cl\/new\/#organization\"},\"potentialAction\":[{\"@type\":\"SearchAction\",\"target\":{\"@type\":\"EntryPoint\",\"urlTemplate\":\"https:\/\/www.mundoagropecuario.cl\/new\/?s={search_term_string}\"},\"query-input\":{\"@type\":\"PropertyValueSpecification\",\"valueRequired\":true,\"valueName\":\"search_term_string\"}}],\"inLanguage\":\"es\"},{\"@type\":\"Organization\",\"@id\":\"https:\/\/www.mundoagropecuario.cl\/new\/#organization\",\"name\":\"Revista de Agricultura\",\"url\":\"https:\/\/www.mundoagropecuario.cl\/new\/\",\"logo\":{\"@type\":\"ImageObject\",\"inLanguage\":\"es\",\"@id\":\"https:\/\/www.mundoagropecuario.cl\/new\/#\/schema\/logo\/image\/\",\"url\":\"https:\/\/www.mundoagropecuario.cl\/new\/wp-content\/uploads\/2020\/11\/PORTAL-1-1.png\",\"contentUrl\":\"https:\/\/www.mundoagropecuario.cl\/new\/wp-content\/uploads\/2020\/11\/PORTAL-1-1.png\",\"width\":1026,\"height\":100,\"caption\":\"Revista de Agricultura\"},\"image\":{\"@id\":\"https:\/\/www.mundoagropecuario.cl\/new\/#\/schema\/logo\/image\/\"},\"sameAs\":[\"https:\/\/www.facebook.com\/mundo.agropecuario.3\",\"https:\/\/x.com\/MundoAgropecuar\",\"https:\/\/www.linkedin.com\/in\/mundo-agropecuario-934009201\/\"]},{\"@type\":\"Person\",\"@id\":\"https:\/\/www.mundoagropecuario.cl\/new\/#\/schema\/person\/4e9f74a82a7dac260eb1c44b7eebeb18\",\"name\":\"mundo\",\"url\":\"https:\/\/www.mundoagropecuario.cl\/new\/author\/mundo\/\"}]}<\/script>\n<!-- \/ Yoast SEO plugin. -->","yoast_head_json":{"title":"Prueba piloto para el Censo Agropecuario y Forestal que se realizar\u00e1 el pr\u00f3ximo a\u00f1o - Mundoagropecuario","robots":{"index":"index","follow":"follow","max-snippet":"max-snippet:-1","max-image-preview":"max-image-preview:large","max-video-preview":"max-video-preview:-1"},"canonical":"https:\/\/www.mundoagropecuario.cl\/new\/prueba-piloto-para-el-censo-agropecuario-y-forestal-que-se-realizara-el-proximo-ano\/","og_locale":"es_ES","og_type":"article","og_title":"Prueba piloto para el Censo Agropecuario y Forestal que se realizar\u00e1 el pr\u00f3ximo a\u00f1o - Mundoagropecuario","og_description":"El director regional del INE y el seremi de Agricultura explicaron que el proceso se realizar\u00e1 en Perquenco y se extender\u00e1 por un mes para testear aspectos operativos y t\u00e9cnicos...","og_url":"https:\/\/www.mundoagropecuario.cl\/new\/prueba-piloto-para-el-censo-agropecuario-y-forestal-que-se-realizara-el-proximo-ano\/","og_site_name":"Mundoagropecuario","article_publisher":"https:\/\/www.facebook.com\/mundo.agropecuario.3","article_published_time":"2019-11-27T04:08:26+00:00","og_image":[{"width":832,"height":624,"url":"https:\/\/www.mundoagropecuario.cl\/new\/wp-content\/uploads\/2019\/11\/INE-002.jpg","type":"image\/jpeg"}],"author":"mundo","twitter_card":"summary_large_image","twitter_creator":"@MundoAgropecuar","twitter_site":"@MundoAgropecuar","twitter_misc":{"Escrito por":"mundo","Tiempo de lectura":"3 minutos"},"schema":{"@context":"https:\/\/schema.org","@graph":[{"@type":"Article","@id":"https:\/\/www.mundoagropecuario.cl\/new\/prueba-piloto-para-el-censo-agropecuario-y-forestal-que-se-realizara-el-proximo-ano\/#article","isPartOf":{"@id":"https:\/\/www.mundoagropecuario.cl\/new\/prueba-piloto-para-el-censo-agropecuario-y-forestal-que-se-realizara-el-proximo-ano\/"},"author":{"name":"mundo","@id":"https:\/\/www.mundoagropecuario.cl\/new\/#\/schema\/person\/4e9f74a82a7dac260eb1c44b7eebeb18"},"headline":"Prueba piloto para el Censo Agropecuario y Forestal que se realizar\u00e1 el pr\u00f3ximo a\u00f1o","datePublished":"2019-11-27T04:08:26+00:00","mainEntityOfPage":{"@id":"https:\/\/www.mundoagropecuario.cl\/new\/prueba-piloto-para-el-censo-agropecuario-y-forestal-que-se-realizara-el-proximo-ano\/"},"wordCount":705,"publisher":{"@id":"https:\/\/www.mundoagropecuario.cl\/new\/#organization"},"image":{"@id":"https:\/\/www.mundoagropecuario.cl\/new\/prueba-piloto-para-el-censo-agropecuario-y-forestal-que-se-realizara-el-proximo-ano\/#primaryimage"},"thumbnailUrl":"https:\/\/www.mundoagropecuario.cl\/new\/wp-content\/uploads\/2019\/11\/INE-002.jpg","keywords":["Agro"],"articleSection":["Agricultura"],"inLanguage":"es"},{"@type":"WebPage","@id":"https:\/\/www.mundoagropecuario.cl\/new\/prueba-piloto-para-el-censo-agropecuario-y-forestal-que-se-realizara-el-proximo-ano\/","url":"https:\/\/www.mundoagropecuario.cl\/new\/prueba-piloto-para-el-censo-agropecuario-y-forestal-que-se-realizara-el-proximo-ano\/","name":"Prueba piloto para el Censo Agropecuario y Forestal que se realizar\u00e1 el pr\u00f3ximo a\u00f1o - Mundoagropecuario","isPartOf":{"@id":"https:\/\/www.mundoagropecuario.cl\/new\/#website"},"primaryImageOfPage":{"@id":"https:\/\/www.mundoagropecuario.cl\/new\/prueba-piloto-para-el-censo-agropecuario-y-forestal-que-se-realizara-el-proximo-ano\/#primaryimage"},"image":{"@id":"https:\/\/www.mundoagropecuario.cl\/new\/prueba-piloto-para-el-censo-agropecuario-y-forestal-que-se-realizara-el-proximo-ano\/#primaryimage"},"thumbnailUrl":"https:\/\/www.mundoagropecuario.cl\/new\/wp-content\/uploads\/2019\/11\/INE-002.jpg","datePublished":"2019-11-27T04:08:26+00:00","breadcrumb":{"@id":"https:\/\/www.mundoagropecuario.cl\/new\/prueba-piloto-para-el-censo-agropecuario-y-forestal-que-se-realizara-el-proximo-ano\/#breadcrumb"},"inLanguage":"es","potentialAction":[{"@type":"ReadAction","target":["https:\/\/www.mundoagropecuario.cl\/new\/prueba-piloto-para-el-censo-agropecuario-y-forestal-que-se-realizara-el-proximo-ano\/"]}]},{"@type":"ImageObject","inLanguage":"es","@id":"https:\/\/www.mundoagropecuario.cl\/new\/prueba-piloto-para-el-censo-agropecuario-y-forestal-que-se-realizara-el-proximo-ano\/#primaryimage","url":"https:\/\/www.mundoagropecuario.cl\/new\/wp-content\/uploads\/2019\/11\/INE-002.jpg","contentUrl":"https:\/\/www.mundoagropecuario.cl\/new\/wp-content\/uploads\/2019\/11\/INE-002.jpg","width":533,"height":400},{"@type":"BreadcrumbList","@id":"https:\/\/www.mundoagropecuario.cl\/new\/prueba-piloto-para-el-censo-agropecuario-y-forestal-que-se-realizara-el-proximo-ano\/#breadcrumb","itemListElement":[{"@type":"ListItem","position":1,"name":"Portada","item":"https:\/\/www.mundoagropecuario.cl\/new\/"},{"@type":"ListItem","position":2,"name":"Prueba piloto para el Censo Agropecuario y Forestal que se realizar\u00e1 el pr\u00f3ximo a\u00f1o"}]},{"@type":"WebSite","@id":"https:\/\/www.mundoagropecuario.cl\/new\/#website","url":"https:\/\/www.mundoagropecuario.cl\/new\/","name":"Mundoagropecuario","description":"Mundo Agropecuario","publisher":{"@id":"https:\/\/www.mundoagropecuario.cl\/new\/#organization"},"potentialAction":[{"@type":"SearchAction","target":{"@type":"EntryPoint","urlTemplate":"https:\/\/www.mundoagropecuario.cl\/new\/?s={search_term_string}"},"query-input":{"@type":"PropertyValueSpecification","valueRequired":true,"valueName":"search_term_string"}}],"inLanguage":"es"},{"@type":"Organization","@id":"https:\/\/www.mundoagropecuario.cl\/new\/#organization","name":"Revista de Agricultura","url":"https:\/\/www.mundoagropecuario.cl\/new\/","logo":{"@type":"ImageObject","inLanguage":"es","@id":"https:\/\/www.mundoagropecuario.cl\/new\/#\/schema\/logo\/image\/","url":"https:\/\/www.mundoagropecuario.cl\/new\/wp-content\/uploads\/2020\/11\/PORTAL-1-1.png","contentUrl":"https:\/\/www.mundoagropecuario.cl\/new\/wp-content\/uploads\/2020\/11\/PORTAL-1-1.png","width":1026,"height":100,"caption":"Revista de Agricultura"},"image":{"@id":"https:\/\/www.mundoagropecuario.cl\/new\/#\/schema\/logo\/image\/"},"sameAs":["https:\/\/www.facebook.com\/mundo.agropecuario.3","https:\/\/x.com\/MundoAgropecuar","https:\/\/www.linkedin.com\/in\/mundo-agropecuario-934009201\/"]},{"@type":"Person","@id":"https:\/\/www.mundoagropecuario.cl\/new\/#\/schema\/person\/4e9f74a82a7dac260eb1c44b7eebeb18","name":"mundo","url":"https:\/\/www.mundoagropecuario.cl\/new\/author\/mundo\/"}]}},"_links":{"self":[{"href":"https:\/\/www.mundoagropecuario.cl\/new\/wp-json\/wp\/v2\/posts\/14914","targetHints":{"allow":["GET"]}}],"collection":[{"href":"https:\/\/www.mundoagropecuario.cl\/new\/wp-json\/wp\/v2\/posts"}],"about":[{"href":"https:\/\/www.mundoagropecuario.cl\/new\/wp-json\/wp\/v2\/types\/post"}],"author":[{"embeddable":true,"href":"https:\/\/www.mundoagropecuario.cl\/new\/wp-json\/wp\/v2\/users\/2"}],"replies":[{"embeddable":true,"href":"https:\/\/www.mundoagropecuario.cl\/new\/wp-json\/wp\/v2\/comments?post=14914"}],"version-history":[{"count":1,"href":"https:\/\/www.mundoagropecuario.cl\/new\/wp-json\/wp\/v2\/posts\/14914\/revisions"}],"predecessor-version":[{"id":14916,"href":"https:\/\/www.mundoagropecuario.cl\/new\/wp-json\/wp\/v2\/posts\/14914\/revisions\/14916"}],"wp:featuredmedia":[{"embeddable":true,"href":"https:\/\/www.mundoagropecuario.cl\/new\/wp-json\/wp\/v2\/media\/14915"}],"wp:attachment":[{"href":"https:\/\/www.mundoagropecuario.cl\/new\/wp-json\/wp\/v2\/media?parent=14914"}],"wp:term":[{"taxonomy":"category","embeddable":true,"href":"https:\/\/www.mundoagropecuario.cl\/new\/wp-json\/wp\/v2\/categories?post=14914"},{"taxonomy":"post_tag","embeddable":true,"href":"https:\/\/www.mundoagropecuario.cl\/new\/wp-json\/wp\/v2\/tags?post=14914"}],"curies":[{"name":"wp","href":"https:\/\/api.w.org\/{rel}","templated":true}]}}