{"id":14903,"date":"2019-11-27T01:16:58","date_gmt":"2019-11-27T04:16:58","guid":{"rendered":"http:\/\/www.mundoagropecuario.cl\/new\/?p=14903"},"modified":"2019-11-28T12:14:50","modified_gmt":"2019-11-28T15:14:50","slug":"agricultores-de-los-rios-adquirieron-conocimientos-tecnicos-y-productivos-en-dia-de-campo-ovino","status":"publish","type":"post","link":"https:\/\/www.mundoagropecuario.cl\/new\/agricultores-de-los-rios-adquirieron-conocimientos-tecnicos-y-productivos-en-dia-de-campo-ovino\/","title":{"rendered":"Agricultores de Los R\u00edos adquirieron conocimientos t\u00e9cnicos y productivos en D\u00eda de Campo Ovino"},"content":{"rendered":"\n<ul class=\"wp-block-gallery columns-0 is-cropped wp-block-gallery-1 is-layout-flex wp-block-gallery-is-layout-flex\"><\/ul>\n\n\n\n<p class=\"has-medium-font-size\"><em>La actividad fue realizada al alero del Programa para la Recuperaci\u00f3n de Fertilidad de los Suelos Pecuarios, inserto en la Pol\u00edtica Regional Silvoagropecuaria de Los R\u00edos (Mundo Agropecuario)<\/em><\/p>\n\n\n\n<p>Mejorar las capacidades t\u00e9cnicas y productivas en el rubro ovino, de asesores y agricultores de Los R\u00edos, fue uno de los objetivos del D\u00eda de Campo Ovino del Programa para la Recuperaci\u00f3n de Fertilidad de los Suelos Pecuarios, inserto en la Pol\u00edtica Regional Silvoagropecuaria de la regi\u00f3n de Los R\u00edos, que se desarroll\u00f3 con apoyo de la Seremi de Agricultura, INDAP, INIA, Gobierno Regional de Los R\u00edos y Consejo Regional.<\/p>\n\n\n\n<figure class=\"wp-block-image\"><img loading=\"lazy\" decoding=\"async\" width=\"600\" height=\"400\" src=\"https:\/\/www.mundoagropecuario.cl\/new\/wp-content\/uploads\/2019\/11\/D\u00cdA-DE-CAMPO-OVINO-1.jpg\" alt=\"\" class=\"wp-image-14904\" srcset=\"https:\/\/www.mundoagropecuario.cl\/new\/wp-content\/uploads\/2019\/11\/D\u00cdA-DE-CAMPO-OVINO-1.jpg 600w, https:\/\/www.mundoagropecuario.cl\/new\/wp-content\/uploads\/2019\/11\/D\u00cdA-DE-CAMPO-OVINO-1-586x391.jpg 586w, https:\/\/www.mundoagropecuario.cl\/new\/wp-content\/uploads\/2019\/11\/D\u00cdA-DE-CAMPO-OVINO-1-768x512.jpg 768w\" sizes=\"auto, (max-width: 600px) 100vw, 600px\" \/><\/figure>\n\n\n\n<p>La actividad financiada con recursos aprobados por el Consejo Regional, a trav\u00e9s del Fondo Nacional de Desarrollo Regional (FNDR), congreg\u00f3 a 200 agricultores, en dos jornadas que se realizaron en la Provincia del Ranco y la de Valdivia. La primera de ellas se desarroll\u00f3 en el predio de Doris Bobadilla, en el sector Lumaco Bajo, comuna de R\u00edo Bueno, mientras que la segunda se llev\u00f3 a cabo en el predio de Rolando Caifil, en el sector Puringue Rico, comuna de Mariquina.<\/p>\n\n\n\n<p>Respecto a las jornadas que consideraron aspectos t\u00e9cnicos como el uso de cerco el\u00e9ctrico, manejo de praderas, sanidad, e infraestructura para el rubro ovino, el Intendente C\u00e9sar Asenjo, precis\u00f3 que \u201ces parte del trabajo que estamos realizando en las comunas para potenciar el desarrollo rural. Desde que asumimos la administraci\u00f3n en el Gobierno del Presidente Sebasti\u00e1n Pi\u00f1era hemos estado trabajando en terreno con cercan\u00eda, vinculados al territorio, con fuerte \u00e9nfasis en el fomento productivo y transferencia tecnol\u00f3gica\u201d, asegur\u00f3.<\/p>\n\n\n\n<p>Y agreg\u00f3 que \u201cese desarrollo se refleja, cuando, por ejemplo, viene un centenar de agricultores de diferentes comunas a capacitarse al predio de don Rolando Caifil, a quienes agradecemos su disposici\u00f3n y voluntad de mostrar lo que \u00e9l est\u00e1 haciendo con un reba\u00f1o de ovejas raza texel que le ha permitido avanzar, con una alta carga animal y buenos indicadores de eficiencia productiva\u201d, dijo el jefe regional.<\/p>\n\n\n\n<p><strong>Potencial del rubro<\/strong><\/p>\n\n\n\n<p>Actualmente, el rubro ovino cuenta con una unidad operativa en el Servicio de Asesor\u00eda T\u00e9cnica (SAT), conformada por 27 agricultores de la provincia de Valdivia, quienes a la fecha no s\u00f3lo comercializan corderos, sino que tambi\u00e9n, gracias a la implementaci\u00f3n de diversas tecnolog\u00edas otorgadas a trav\u00e9s de asesor\u00eda t\u00e9cnica y con apoyo de INDAP, est\u00e1n en condiciones de comercializar borregas y carneros como reproductores de alta calidad gen\u00e9tica y sanitaria.<\/p>\n\n\n\n<p>En ese sentido, la Seremi de Agricultura, Moira Henzi, destac\u00f3 el trabajo de los servicios en transferencia tecnol\u00f3gica y puntualiz\u00f3 que \u201clo que las instituciones est\u00e1n haciendo es de vital importancia para que los productores ovinos tengan el conocimiento necesario para sacar provecho a su predio, con atenci\u00f3n de excelencia para mejorar su calidad de vida sin tener que salir del campo\u201d, dijo. Y agreg\u00f3 que \u201ccomo Ministerio estamos comprometidos con el territorio, con los agricultores y los servicios del agro, porque buscamos contribuir a resolver los problemas productivos de los campesinos, para lo cual, trabajamos con INIA para generar mayor efecto de transferencia tecnol\u00f3gica en los sistemas productivos y as\u00ed brindar bienestar a la agricultura\u201d.<\/p>\n\n\n\n<p>Finalmente, el Director Regional de INDAP, Marcelo Ram\u00edrez, destac\u00f3 que los agricultores recibieron herramientas de capacitaci\u00f3n en temas t\u00e9cnicos, \u201cpara solventar de mejor forma el rubro en cada uno de sus predios. De esta forma estamos potenciando esta actividad, como un pilar fundamental de desarrollo ganadero de la regi\u00f3n de Los R\u00edos, a trav\u00e9s de este trabajo mancomunado y conjunto del Ministerio de Agricultura para beneficio de nuestros productores ovinos\u201d.<\/p>\n\n\n\n<p>El rubro ovino en Los R\u00edos ha alcanzado alta relevancia en los \u00faltimos a\u00f1os por las caracter\u00edsticas propias de las especies predominantes en el territorio, como son la prolificidad (n\u00famero de cr\u00edas nacidas por parto) y rusticidad (caracter\u00edsticas que permiten la adaptabilidad). En esa l\u00ednea, durante esta temporada se espera la certificaci\u00f3n de 20 predios libre de Maedi Visna, lo que significar\u00e1 un gran avance en materia sanitaria en la regi\u00f3n, ya que a la fecha hay solo dos predios certificados.<\/p>\n\n\n\n<p>El objetivo del Programa de Fertilidad de Suelos para el sector Pecuario, es aumentar la productividad de las praderas y cultivos para alimentaci\u00f3n animal y contribuir a la competitividad del sector pecuario. La iniciativa ejecutada por la Seremi de Agricultura y financiada por el Gobierno Regional de Los R\u00edos, cont\u00f3 con un presupuesto total de $1.500 millones para su ejecuci\u00f3n entre 2015 y 2019, permitiendo impactar directamente sobre predios dedicados a la actividad pecuaria, pertenecientes a medianos y peque\u00f1os productores, adem\u00e1s de comunidades ind\u00edgenas de la regi\u00f3n.<\/p>\n\n\n\n<p>El programa permiti\u00f3 implementar 800 planes de manejo, interviniendo m\u00e1s de 8.800 hect\u00e1reas, cuyos resultados, entre otros aspectos, dan cuenta de un aumento de 34% de los niveles de f\u00f3sforo y una disminuci\u00f3n de 8 puntos porcentuales de la saturaci\u00f3n de aluminio en los suelos.<\/p>\n","protected":false},"excerpt":{"rendered":"<p>La actividad fue realizada al alero del Programa para la Recuperaci\u00f3n de Fertilidad de los Suelos Pecuarios, inserto en la Pol\u00edtica Regional Silvoagropecuaria de Los R\u00edos (Mundo Agropecuario) Mejorar las&#8230;<\/p>\n","protected":false},"author":2,"featured_media":14905,"comment_status":"closed","ping_status":"closed","sticky":false,"template":"","format":"standard","meta":{"footnotes":""},"categories":[1945],"tags":[4463,3127,1992,2035],"class_list":["post-14903","post","type-post","status-publish","format-standard","has-post-thumbnail","hentry","category-agricultura","tag-agricultores-de-los-rios","tag-agro","tag-indap","tag-minagri"],"yoast_head":"<!-- This site is optimized with the Yoast SEO plugin v26.6 - https:\/\/yoast.com\/wordpress\/plugins\/seo\/ -->\n<title>Agricultores de Los R\u00edos adquirieron conocimientos t\u00e9cnicos y productivos en D\u00eda de Campo Ovino - Mundoagropecuario<\/title>\n<meta name=\"robots\" content=\"index, follow, max-snippet:-1, max-image-preview:large, max-video-preview:-1\" \/>\n<link rel=\"canonical\" href=\"https:\/\/www.mundoagropecuario.cl\/new\/agricultores-de-los-rios-adquirieron-conocimientos-tecnicos-y-productivos-en-dia-de-campo-ovino\/\" \/>\n<meta property=\"og:locale\" content=\"es_ES\" \/>\n<meta property=\"og:type\" content=\"article\" \/>\n<meta property=\"og:title\" content=\"Agricultores de Los R\u00edos adquirieron conocimientos t\u00e9cnicos y productivos en D\u00eda de Campo Ovino - Mundoagropecuario\" \/>\n<meta property=\"og:description\" content=\"La actividad fue realizada al alero del Programa para la Recuperaci\u00f3n de Fertilidad de los Suelos Pecuarios, inserto en la Pol\u00edtica Regional Silvoagropecuaria de Los R\u00edos (Mundo Agropecuario) Mejorar las...\" \/>\n<meta property=\"og:url\" content=\"https:\/\/www.mundoagropecuario.cl\/new\/agricultores-de-los-rios-adquirieron-conocimientos-tecnicos-y-productivos-en-dia-de-campo-ovino\/\" \/>\n<meta property=\"og:site_name\" content=\"Mundoagropecuario\" \/>\n<meta property=\"article:publisher\" content=\"https:\/\/www.facebook.com\/mundo.agropecuario.3\" \/>\n<meta property=\"article:published_time\" content=\"2019-11-27T04:16:58+00:00\" \/>\n<meta property=\"article:modified_time\" content=\"2019-11-28T15:14:50+00:00\" \/>\n<meta property=\"og:image\" content=\"https:\/\/www.mundoagropecuario.cl\/new\/wp-content\/uploads\/2019\/11\/D\u00cdA-DE-CAMPO-OVINO-2.jpg\" \/>\n\t<meta property=\"og:image:width\" content=\"810\" \/>\n\t<meta property=\"og:image:height\" content=\"540\" \/>\n\t<meta property=\"og:image:type\" content=\"image\/jpeg\" \/>\n<meta name=\"author\" content=\"mundo\" \/>\n<meta name=\"twitter:card\" content=\"summary_large_image\" \/>\n<meta name=\"twitter:creator\" content=\"@MundoAgropecuar\" \/>\n<meta name=\"twitter:site\" content=\"@MundoAgropecuar\" \/>\n<meta name=\"twitter:label1\" content=\"Escrito por\" \/>\n\t<meta name=\"twitter:data1\" content=\"mundo\" \/>\n\t<meta name=\"twitter:label2\" content=\"Tiempo de lectura\" \/>\n\t<meta name=\"twitter:data2\" content=\"4 minutos\" \/>\n<script type=\"application\/ld+json\" class=\"yoast-schema-graph\">{\"@context\":\"https:\/\/schema.org\",\"@graph\":[{\"@type\":\"Article\",\"@id\":\"https:\/\/www.mundoagropecuario.cl\/new\/agricultores-de-los-rios-adquirieron-conocimientos-tecnicos-y-productivos-en-dia-de-campo-ovino\/#article\",\"isPartOf\":{\"@id\":\"https:\/\/www.mundoagropecuario.cl\/new\/agricultores-de-los-rios-adquirieron-conocimientos-tecnicos-y-productivos-en-dia-de-campo-ovino\/\"},\"author\":{\"name\":\"mundo\",\"@id\":\"https:\/\/www.mundoagropecuario.cl\/new\/#\/schema\/person\/4e9f74a82a7dac260eb1c44b7eebeb18\"},\"headline\":\"Agricultores de Los R\u00edos adquirieron conocimientos t\u00e9cnicos y productivos en D\u00eda de Campo Ovino\",\"datePublished\":\"2019-11-27T04:16:58+00:00\",\"dateModified\":\"2019-11-28T15:14:50+00:00\",\"mainEntityOfPage\":{\"@id\":\"https:\/\/www.mundoagropecuario.cl\/new\/agricultores-de-los-rios-adquirieron-conocimientos-tecnicos-y-productivos-en-dia-de-campo-ovino\/\"},\"wordCount\":868,\"publisher\":{\"@id\":\"https:\/\/www.mundoagropecuario.cl\/new\/#organization\"},\"image\":{\"@id\":\"https:\/\/www.mundoagropecuario.cl\/new\/agricultores-de-los-rios-adquirieron-conocimientos-tecnicos-y-productivos-en-dia-de-campo-ovino\/#primaryimage\"},\"thumbnailUrl\":\"https:\/\/www.mundoagropecuario.cl\/new\/wp-content\/uploads\/2019\/11\/D\u00cdA-DE-CAMPO-OVINO-2.jpg\",\"keywords\":[\"Agricultores de los r\u00edos\",\"Agro\",\"Indap\",\"Minagri\"],\"articleSection\":[\"Agricultura\"],\"inLanguage\":\"es\"},{\"@type\":\"WebPage\",\"@id\":\"https:\/\/www.mundoagropecuario.cl\/new\/agricultores-de-los-rios-adquirieron-conocimientos-tecnicos-y-productivos-en-dia-de-campo-ovino\/\",\"url\":\"https:\/\/www.mundoagropecuario.cl\/new\/agricultores-de-los-rios-adquirieron-conocimientos-tecnicos-y-productivos-en-dia-de-campo-ovino\/\",\"name\":\"Agricultores de Los R\u00edos adquirieron conocimientos t\u00e9cnicos y productivos en D\u00eda de Campo Ovino - Mundoagropecuario\",\"isPartOf\":{\"@id\":\"https:\/\/www.mundoagropecuario.cl\/new\/#website\"},\"primaryImageOfPage\":{\"@id\":\"https:\/\/www.mundoagropecuario.cl\/new\/agricultores-de-los-rios-adquirieron-conocimientos-tecnicos-y-productivos-en-dia-de-campo-ovino\/#primaryimage\"},\"image\":{\"@id\":\"https:\/\/www.mundoagropecuario.cl\/new\/agricultores-de-los-rios-adquirieron-conocimientos-tecnicos-y-productivos-en-dia-de-campo-ovino\/#primaryimage\"},\"thumbnailUrl\":\"https:\/\/www.mundoagropecuario.cl\/new\/wp-content\/uploads\/2019\/11\/D\u00cdA-DE-CAMPO-OVINO-2.jpg\",\"datePublished\":\"2019-11-27T04:16:58+00:00\",\"dateModified\":\"2019-11-28T15:14:50+00:00\",\"breadcrumb\":{\"@id\":\"https:\/\/www.mundoagropecuario.cl\/new\/agricultores-de-los-rios-adquirieron-conocimientos-tecnicos-y-productivos-en-dia-de-campo-ovino\/#breadcrumb\"},\"inLanguage\":\"es\",\"potentialAction\":[{\"@type\":\"ReadAction\",\"target\":[\"https:\/\/www.mundoagropecuario.cl\/new\/agricultores-de-los-rios-adquirieron-conocimientos-tecnicos-y-productivos-en-dia-de-campo-ovino\/\"]}]},{\"@type\":\"ImageObject\",\"inLanguage\":\"es\",\"@id\":\"https:\/\/www.mundoagropecuario.cl\/new\/agricultores-de-los-rios-adquirieron-conocimientos-tecnicos-y-productivos-en-dia-de-campo-ovino\/#primaryimage\",\"url\":\"https:\/\/www.mundoagropecuario.cl\/new\/wp-content\/uploads\/2019\/11\/D\u00cdA-DE-CAMPO-OVINO-2.jpg\",\"contentUrl\":\"https:\/\/www.mundoagropecuario.cl\/new\/wp-content\/uploads\/2019\/11\/D\u00cdA-DE-CAMPO-OVINO-2.jpg\",\"width\":600,\"height\":400},{\"@type\":\"BreadcrumbList\",\"@id\":\"https:\/\/www.mundoagropecuario.cl\/new\/agricultores-de-los-rios-adquirieron-conocimientos-tecnicos-y-productivos-en-dia-de-campo-ovino\/#breadcrumb\",\"itemListElement\":[{\"@type\":\"ListItem\",\"position\":1,\"name\":\"Portada\",\"item\":\"https:\/\/www.mundoagropecuario.cl\/new\/\"},{\"@type\":\"ListItem\",\"position\":2,\"name\":\"Agricultores de Los R\u00edos adquirieron conocimientos t\u00e9cnicos y productivos en D\u00eda de Campo Ovino\"}]},{\"@type\":\"WebSite\",\"@id\":\"https:\/\/www.mundoagropecuario.cl\/new\/#website\",\"url\":\"https:\/\/www.mundoagropecuario.cl\/new\/\",\"name\":\"Mundoagropecuario\",\"description\":\"Mundo Agropecuario\",\"publisher\":{\"@id\":\"https:\/\/www.mundoagropecuario.cl\/new\/#organization\"},\"potentialAction\":[{\"@type\":\"SearchAction\",\"target\":{\"@type\":\"EntryPoint\",\"urlTemplate\":\"https:\/\/www.mundoagropecuario.cl\/new\/?s={search_term_string}\"},\"query-input\":{\"@type\":\"PropertyValueSpecification\",\"valueRequired\":true,\"valueName\":\"search_term_string\"}}],\"inLanguage\":\"es\"},{\"@type\":\"Organization\",\"@id\":\"https:\/\/www.mundoagropecuario.cl\/new\/#organization\",\"name\":\"Revista de Agricultura\",\"url\":\"https:\/\/www.mundoagropecuario.cl\/new\/\",\"logo\":{\"@type\":\"ImageObject\",\"inLanguage\":\"es\",\"@id\":\"https:\/\/www.mundoagropecuario.cl\/new\/#\/schema\/logo\/image\/\",\"url\":\"https:\/\/www.mundoagropecuario.cl\/new\/wp-content\/uploads\/2020\/11\/PORTAL-1-1.png\",\"contentUrl\":\"https:\/\/www.mundoagropecuario.cl\/new\/wp-content\/uploads\/2020\/11\/PORTAL-1-1.png\",\"width\":1026,\"height\":100,\"caption\":\"Revista de Agricultura\"},\"image\":{\"@id\":\"https:\/\/www.mundoagropecuario.cl\/new\/#\/schema\/logo\/image\/\"},\"sameAs\":[\"https:\/\/www.facebook.com\/mundo.agropecuario.3\",\"https:\/\/x.com\/MundoAgropecuar\",\"https:\/\/www.linkedin.com\/in\/mundo-agropecuario-934009201\/\"]},{\"@type\":\"Person\",\"@id\":\"https:\/\/www.mundoagropecuario.cl\/new\/#\/schema\/person\/4e9f74a82a7dac260eb1c44b7eebeb18\",\"name\":\"mundo\",\"url\":\"https:\/\/www.mundoagropecuario.cl\/new\/author\/mundo\/\"}]}<\/script>\n<!-- \/ Yoast SEO plugin. -->","yoast_head_json":{"title":"Agricultores de Los R\u00edos adquirieron conocimientos t\u00e9cnicos y productivos en D\u00eda de Campo Ovino - Mundoagropecuario","robots":{"index":"index","follow":"follow","max-snippet":"max-snippet:-1","max-image-preview":"max-image-preview:large","max-video-preview":"max-video-preview:-1"},"canonical":"https:\/\/www.mundoagropecuario.cl\/new\/agricultores-de-los-rios-adquirieron-conocimientos-tecnicos-y-productivos-en-dia-de-campo-ovino\/","og_locale":"es_ES","og_type":"article","og_title":"Agricultores de Los R\u00edos adquirieron conocimientos t\u00e9cnicos y productivos en D\u00eda de Campo Ovino - Mundoagropecuario","og_description":"La actividad fue realizada al alero del Programa para la Recuperaci\u00f3n de Fertilidad de los Suelos Pecuarios, inserto en la Pol\u00edtica Regional Silvoagropecuaria de Los R\u00edos (Mundo Agropecuario) Mejorar las...","og_url":"https:\/\/www.mundoagropecuario.cl\/new\/agricultores-de-los-rios-adquirieron-conocimientos-tecnicos-y-productivos-en-dia-de-campo-ovino\/","og_site_name":"Mundoagropecuario","article_publisher":"https:\/\/www.facebook.com\/mundo.agropecuario.3","article_published_time":"2019-11-27T04:16:58+00:00","article_modified_time":"2019-11-28T15:14:50+00:00","og_image":[{"width":810,"height":540,"url":"https:\/\/www.mundoagropecuario.cl\/new\/wp-content\/uploads\/2019\/11\/D\u00cdA-DE-CAMPO-OVINO-2.jpg","type":"image\/jpeg"}],"author":"mundo","twitter_card":"summary_large_image","twitter_creator":"@MundoAgropecuar","twitter_site":"@MundoAgropecuar","twitter_misc":{"Escrito por":"mundo","Tiempo de lectura":"4 minutos"},"schema":{"@context":"https:\/\/schema.org","@graph":[{"@type":"Article","@id":"https:\/\/www.mundoagropecuario.cl\/new\/agricultores-de-los-rios-adquirieron-conocimientos-tecnicos-y-productivos-en-dia-de-campo-ovino\/#article","isPartOf":{"@id":"https:\/\/www.mundoagropecuario.cl\/new\/agricultores-de-los-rios-adquirieron-conocimientos-tecnicos-y-productivos-en-dia-de-campo-ovino\/"},"author":{"name":"mundo","@id":"https:\/\/www.mundoagropecuario.cl\/new\/#\/schema\/person\/4e9f74a82a7dac260eb1c44b7eebeb18"},"headline":"Agricultores de Los R\u00edos adquirieron conocimientos t\u00e9cnicos y productivos en D\u00eda de Campo Ovino","datePublished":"2019-11-27T04:16:58+00:00","dateModified":"2019-11-28T15:14:50+00:00","mainEntityOfPage":{"@id":"https:\/\/www.mundoagropecuario.cl\/new\/agricultores-de-los-rios-adquirieron-conocimientos-tecnicos-y-productivos-en-dia-de-campo-ovino\/"},"wordCount":868,"publisher":{"@id":"https:\/\/www.mundoagropecuario.cl\/new\/#organization"},"image":{"@id":"https:\/\/www.mundoagropecuario.cl\/new\/agricultores-de-los-rios-adquirieron-conocimientos-tecnicos-y-productivos-en-dia-de-campo-ovino\/#primaryimage"},"thumbnailUrl":"https:\/\/www.mundoagropecuario.cl\/new\/wp-content\/uploads\/2019\/11\/D\u00cdA-DE-CAMPO-OVINO-2.jpg","keywords":["Agricultores de los r\u00edos","Agro","Indap","Minagri"],"articleSection":["Agricultura"],"inLanguage":"es"},{"@type":"WebPage","@id":"https:\/\/www.mundoagropecuario.cl\/new\/agricultores-de-los-rios-adquirieron-conocimientos-tecnicos-y-productivos-en-dia-de-campo-ovino\/","url":"https:\/\/www.mundoagropecuario.cl\/new\/agricultores-de-los-rios-adquirieron-conocimientos-tecnicos-y-productivos-en-dia-de-campo-ovino\/","name":"Agricultores de Los R\u00edos adquirieron conocimientos t\u00e9cnicos y productivos en D\u00eda de Campo Ovino - Mundoagropecuario","isPartOf":{"@id":"https:\/\/www.mundoagropecuario.cl\/new\/#website"},"primaryImageOfPage":{"@id":"https:\/\/www.mundoagropecuario.cl\/new\/agricultores-de-los-rios-adquirieron-conocimientos-tecnicos-y-productivos-en-dia-de-campo-ovino\/#primaryimage"},"image":{"@id":"https:\/\/www.mundoagropecuario.cl\/new\/agricultores-de-los-rios-adquirieron-conocimientos-tecnicos-y-productivos-en-dia-de-campo-ovino\/#primaryimage"},"thumbnailUrl":"https:\/\/www.mundoagropecuario.cl\/new\/wp-content\/uploads\/2019\/11\/D\u00cdA-DE-CAMPO-OVINO-2.jpg","datePublished":"2019-11-27T04:16:58+00:00","dateModified":"2019-11-28T15:14:50+00:00","breadcrumb":{"@id":"https:\/\/www.mundoagropecuario.cl\/new\/agricultores-de-los-rios-adquirieron-conocimientos-tecnicos-y-productivos-en-dia-de-campo-ovino\/#breadcrumb"},"inLanguage":"es","potentialAction":[{"@type":"ReadAction","target":["https:\/\/www.mundoagropecuario.cl\/new\/agricultores-de-los-rios-adquirieron-conocimientos-tecnicos-y-productivos-en-dia-de-campo-ovino\/"]}]},{"@type":"ImageObject","inLanguage":"es","@id":"https:\/\/www.mundoagropecuario.cl\/new\/agricultores-de-los-rios-adquirieron-conocimientos-tecnicos-y-productivos-en-dia-de-campo-ovino\/#primaryimage","url":"https:\/\/www.mundoagropecuario.cl\/new\/wp-content\/uploads\/2019\/11\/D\u00cdA-DE-CAMPO-OVINO-2.jpg","contentUrl":"https:\/\/www.mundoagropecuario.cl\/new\/wp-content\/uploads\/2019\/11\/D\u00cdA-DE-CAMPO-OVINO-2.jpg","width":600,"height":400},{"@type":"BreadcrumbList","@id":"https:\/\/www.mundoagropecuario.cl\/new\/agricultores-de-los-rios-adquirieron-conocimientos-tecnicos-y-productivos-en-dia-de-campo-ovino\/#breadcrumb","itemListElement":[{"@type":"ListItem","position":1,"name":"Portada","item":"https:\/\/www.mundoagropecuario.cl\/new\/"},{"@type":"ListItem","position":2,"name":"Agricultores de Los R\u00edos adquirieron conocimientos t\u00e9cnicos y productivos en D\u00eda de Campo Ovino"}]},{"@type":"WebSite","@id":"https:\/\/www.mundoagropecuario.cl\/new\/#website","url":"https:\/\/www.mundoagropecuario.cl\/new\/","name":"Mundoagropecuario","description":"Mundo Agropecuario","publisher":{"@id":"https:\/\/www.mundoagropecuario.cl\/new\/#organization"},"potentialAction":[{"@type":"SearchAction","target":{"@type":"EntryPoint","urlTemplate":"https:\/\/www.mundoagropecuario.cl\/new\/?s={search_term_string}"},"query-input":{"@type":"PropertyValueSpecification","valueRequired":true,"valueName":"search_term_string"}}],"inLanguage":"es"},{"@type":"Organization","@id":"https:\/\/www.mundoagropecuario.cl\/new\/#organization","name":"Revista de Agricultura","url":"https:\/\/www.mundoagropecuario.cl\/new\/","logo":{"@type":"ImageObject","inLanguage":"es","@id":"https:\/\/www.mundoagropecuario.cl\/new\/#\/schema\/logo\/image\/","url":"https:\/\/www.mundoagropecuario.cl\/new\/wp-content\/uploads\/2020\/11\/PORTAL-1-1.png","contentUrl":"https:\/\/www.mundoagropecuario.cl\/new\/wp-content\/uploads\/2020\/11\/PORTAL-1-1.png","width":1026,"height":100,"caption":"Revista de Agricultura"},"image":{"@id":"https:\/\/www.mundoagropecuario.cl\/new\/#\/schema\/logo\/image\/"},"sameAs":["https:\/\/www.facebook.com\/mundo.agropecuario.3","https:\/\/x.com\/MundoAgropecuar","https:\/\/www.linkedin.com\/in\/mundo-agropecuario-934009201\/"]},{"@type":"Person","@id":"https:\/\/www.mundoagropecuario.cl\/new\/#\/schema\/person\/4e9f74a82a7dac260eb1c44b7eebeb18","name":"mundo","url":"https:\/\/www.mundoagropecuario.cl\/new\/author\/mundo\/"}]}},"_links":{"self":[{"href":"https:\/\/www.mundoagropecuario.cl\/new\/wp-json\/wp\/v2\/posts\/14903","targetHints":{"allow":["GET"]}}],"collection":[{"href":"https:\/\/www.mundoagropecuario.cl\/new\/wp-json\/wp\/v2\/posts"}],"about":[{"href":"https:\/\/www.mundoagropecuario.cl\/new\/wp-json\/wp\/v2\/types\/post"}],"author":[{"embeddable":true,"href":"https:\/\/www.mundoagropecuario.cl\/new\/wp-json\/wp\/v2\/users\/2"}],"replies":[{"embeddable":true,"href":"https:\/\/www.mundoagropecuario.cl\/new\/wp-json\/wp\/v2\/comments?post=14903"}],"version-history":[{"count":1,"href":"https:\/\/www.mundoagropecuario.cl\/new\/wp-json\/wp\/v2\/posts\/14903\/revisions"}],"predecessor-version":[{"id":14906,"href":"https:\/\/www.mundoagropecuario.cl\/new\/wp-json\/wp\/v2\/posts\/14903\/revisions\/14906"}],"wp:featuredmedia":[{"embeddable":true,"href":"https:\/\/www.mundoagropecuario.cl\/new\/wp-json\/wp\/v2\/media\/14905"}],"wp:attachment":[{"href":"https:\/\/www.mundoagropecuario.cl\/new\/wp-json\/wp\/v2\/media?parent=14903"}],"wp:term":[{"taxonomy":"category","embeddable":true,"href":"https:\/\/www.mundoagropecuario.cl\/new\/wp-json\/wp\/v2\/categories?post=14903"},{"taxonomy":"post_tag","embeddable":true,"href":"https:\/\/www.mundoagropecuario.cl\/new\/wp-json\/wp\/v2\/tags?post=14903"}],"curies":[{"name":"wp","href":"https:\/\/api.w.org\/{rel}","templated":true}]}}