{"id":14899,"date":"2019-11-27T01:30:38","date_gmt":"2019-11-27T04:30:38","guid":{"rendered":"http:\/\/www.mundoagropecuario.cl\/new\/?p=14899"},"modified":"2019-11-28T12:16:14","modified_gmt":"2019-11-28T15:16:14","slug":"ministro-walker-queremos-reforzar-nuestra-agenda-social-para-ir-en-ayuda-de-la-agricultura-familiar-campesina","status":"publish","type":"post","link":"https:\/\/www.mundoagropecuario.cl\/new\/ministro-walker-queremos-reforzar-nuestra-agenda-social-para-ir-en-ayuda-de-la-agricultura-familiar-campesina\/","title":{"rendered":"Ministro Walker: \u201cQueremos reforzar nuestra agenda social para ir en ayuda de la agricultura familiar campesina\u201d"},"content":{"rendered":"\n<ul class=\"wp-block-gallery columns-0 is-cropped wp-block-gallery-1 is-layout-flex wp-block-gallery-is-layout-flex\"><\/ul>\n\n\n\n<p class=\"has-medium-font-size\"><em>Esta serie de medidas se agrupan en cuatro ejes que permitir\u00e1n a los peque\u00f1os agricultores hacer frente&nbsp;&nbsp;las dificultades que atraviesan producto de la escases h\u00eddrica que afecta al pa\u00eds (Mundo Agropecuario). <\/em><\/p>\n\n\n\n<p>Esta ma\u00f1ana el Ministro de Agricultura, Antonio Walker, junto al Director Nacional de INDAP, Carlos Recondo, llegaron hasta la provincia de Talagante para visitar a un grupo de apicultores que manejan m\u00e1s de 700 colmenas. El objetivo de la visita fue sociabilizar el \u201cPlan de Acci\u00f3n Rural: Por un Chile m\u00e1s justo\u201d, que ha impulsado el ministerio con el objetivo de, a trav\u00e9s de una serie de medidas, hacer frente a las dificultades presentes en las zonas rurales y lograr una sociedad m\u00e1s justa y feliz.<\/p>\n\n\n\n<p>El Plan est\u00e1 compuesto de cuatro ejes que agrupan diversas acciones que permitir\u00e1n a los peque\u00f1os agricultores hacer frente a las dificultades que atraviesan producto de la escases h\u00eddrica que afecta al pa\u00eds, estos son: Emergencia por sequ\u00eda, Calidad de vida rural, Apoyo a la Agricultura Familiar Campesina y Pymes Agr\u00edcolas, y Transparencia y buenas pr\u00e1cticas comerciales&nbsp;&nbsp;<\/p>\n\n\n\n<p>En cuanto a medidas para combatir la sequ\u00eda, se incrementar\u00e1 a $20.200 millones en el Presupuesto de INDAP en materia de riego lo que beneficiar\u00e1 a 1.700 agricultores, as\u00ed como el aumento de $7.500 al Programa de peque\u00f1a agricultura de CNR permitir\u00e1 mejorar el apoyo a 800 agricultores.<\/p>\n\n\n\n<p>Asimismo, y entendiendo que muchos agricultores se encuentran agobiados por la falta de agua, se est\u00e1 realizando una bonificaci\u00f3n directa de $4.763 millones para 23.270 agricultores INDAP afectados, adicional a los $2.900 millones entregados hasta octubre de este a\u00f1o. En esta misma l\u00ednea, se aument\u00f3 presupuestario de $2.000 millones para financiar el Programa de Desarrollo para la Sustentabilidad Ambiental de la Regi\u00f3n de Coquimbo.<\/p>\n\n\n\n<p>Al respecto el ministro Antonio Walker se\u00f1al\u00f3 que \u201ccomo Ministerio queremos reforzar nuestra agenda social&nbsp;&nbsp;para ir en ayuda de la agricultura familiar campesina, por esto estamos lanzando nuestro plan Acci\u00f3n Rural por un Chile m\u00e1s justo, porque queremos contribuir a la agenda social que lanz\u00f3 el Presidente Pi\u00f1era con nuestra propia agenda social agr\u00edcola y por eso hemos dispuesto $20.00 millones que van en ayuda de la agricultura familiar campesina, porque queremos apoyar al emprendedor agr\u00edcola. Esto va a atender fundamentalmente a quienes lo est\u00e1n pasando mal por uno de los a\u00f1os m\u00e1s seco en la historia de Chile\u201d.<\/p>\n\n\n\n<p>Por otra parte, para mejorar los negocios de peque\u00f1os productores que se han visto afectados por la contingencia de este a\u00f1o, se han adecuar los cr\u00e9ditos Indap. En ese sentido, se tom\u00f3 la decisi\u00f3n de bajar las tasas y ayudar a los agricultores afectados que no han podido cumplir con sus calendarios de pago. Adicionalmente, se han puesto a disposici\u00f3n $2.900 millones para cr\u00e9ditos de corto y largo plazo hasta el mes de diciembre 2019, en apoyo de los peque\u00f1os agricultores.<\/p>\n\n\n\n<figure class=\"wp-block-image\"><img loading=\"lazy\" decoding=\"async\" width=\"1024\" height=\"682\" src=\"https:\/\/www.mundoagropecuario.cl\/new\/wp-content\/uploads\/2019\/11\/Min-Walker-Acci\u00f3n-rural-1-1024x682.jpeg\" alt=\"\" class=\"wp-image-14900\" srcset=\"https:\/\/www.mundoagropecuario.cl\/new\/wp-content\/uploads\/2019\/11\/Min-Walker-Acci\u00f3n-rural-1-1024x682.jpeg 1024w, https:\/\/www.mundoagropecuario.cl\/new\/wp-content\/uploads\/2019\/11\/Min-Walker-Acci\u00f3n-rural-1-586x391.jpeg 586w, https:\/\/www.mundoagropecuario.cl\/new\/wp-content\/uploads\/2019\/11\/Min-Walker-Acci\u00f3n-rural-1-768x512.jpeg 768w, https:\/\/www.mundoagropecuario.cl\/new\/wp-content\/uploads\/2019\/11\/Min-Walker-Acci\u00f3n-rural-1.jpeg 601w\" sizes=\"auto, (max-width: 1024px) 100vw, 1024px\" \/><\/figure>\n\n\n\n<p>\u201cHemos dispuesto que todos los agricultores que tengan vencimientos de sus cr\u00e9ditos puedan acceder a pr\u00f3rrogas para renegociar sus deudas con una tasa de inter\u00e9s rebajada, es decir la tasa de inter\u00e9s a la que van a poder acceder es de UF m\u00e1s 0,5% al a\u00f1o. Estos cr\u00e9ditos hasta hace un tiempo estaban a UF m\u00e1s 5%. Y en el caso de los cr\u00e9ditos en pesos va a ser 3% de inter\u00e9s. Por lo tanto todos los agricultores que tengan dificultades podr\u00e1n renegociar sus deudas con esta nueva tasa, incluso los morosos\u201d, afirm\u00f3 el Director de Indap, Carlos Recondo.<\/p>\n\n\n\n<p><strong>Otras medidas<\/strong><\/p>\n\n\n\n<p>Con el fin de mantener mejorando el di\u00e1logo y conocer de primera fuente las necesidades de las comunas rurales, el Ministerio de Agricultura y el Departamento de Desarrollo Rural de Odepa han organizado instancias permanentes de encuentro con Alcaldes Rurales y con los habitantes de zonas rurales a lo largo del pa\u00eds. Las conclusiones han sido incorporadas en la nueva versi\u00f3n de la Pol\u00edtica Nacional de Desarrollo Rural y es parte de una serie de acciones de colaboraci\u00f3n con Organizaciones de la Sociedad Civil y alcaldes rurales de las 263 comunas rurales de Chile.<\/p>\n\n\n\n<p>A su vez, con el fin de apoyar a los agricultores y generar mayores capacidades t\u00e9cnicas, se est\u00e1 trabajando en la creaci\u00f3n de una escuela de capacitaci\u00f3n de gesti\u00f3n comercial, asociatividad y cooperativismo moderno y a partir de enero del 2020 se implementa el nuevo instrumento de asociatividad \u201cAgro+\u201d. En este punto, se contempla enviar al congreso proyectos de ley que tendr\u00e1n un impacto importante en el desarrollo de algunos sectores:<\/p>\n\n\n\n<p>1. Apoyo a los peque\u00f1os productores forestales a trav\u00e9s de Proyecto de Ley de Recuperaci\u00f3n Forestal y de la Modificaci\u00f3n Ley de Bosque Nativo, con impacto de mediano y largo plazo en abastecimiento de PYME maderera.<\/p>\n\n\n\n<p><strong>2. Env\u00edo al congreso del proyecto de una nueva Ley Ap\u00edcola.<\/strong><\/p>\n\n\n\n<p>Por \u00faltimo, en materia de Transparencia y buenas pr\u00e1cticas comerciales, el Secretario de Estado explic\u00f3 que se enviar\u00e1 un proyecto de ley que establezca obligaciones entre las partes para evitar situaciones de abusos, y que existan procedimientos de fiscalizaci\u00f3n, mediaci\u00f3n, multas y\/o indemnizaciones cuando ocurran. Adem\u00e1s, se fortalecer\u00e1 la Unidad de Transparencia de Mercados de ODEPA con igual finalidad, y que sirva de insumo para facilitar el trabajo de instancias como la Fiscal\u00eda Nacional Econ\u00f3mica y la Comisi\u00f3n Antidistorsiones, cuando corresponda.<\/p>\n","protected":false},"excerpt":{"rendered":"<p>Esta serie de medidas se agrupan en cuatro ejes que permitir\u00e1n a los peque\u00f1os agricultores hacer frente&nbsp;&nbsp;las dificultades que atraviesan producto de la escases h\u00eddrica que afecta al pa\u00eds (Mundo&#8230;<\/p>\n","protected":false},"author":2,"featured_media":14901,"comment_status":"closed","ping_status":"closed","sticky":false,"template":"","format":"standard","meta":{"footnotes":""},"categories":[1945],"tags":[2090,3127,2448],"class_list":["post-14899","post","type-post","status-publish","format-standard","has-post-thumbnail","hentry","category-agricultura","tag-agricultura","tag-agro","tag-ministro-walker"],"yoast_head":"<!-- This site is optimized with the Yoast SEO plugin v26.6 - https:\/\/yoast.com\/wordpress\/plugins\/seo\/ -->\n<title>Ministro Walker: \u201cQueremos reforzar nuestra agenda social para ir en ayuda de la agricultura familiar campesina\u201d - Mundoagropecuario<\/title>\n<meta name=\"robots\" content=\"index, follow, max-snippet:-1, max-image-preview:large, max-video-preview:-1\" \/>\n<link rel=\"canonical\" href=\"https:\/\/www.mundoagropecuario.cl\/new\/ministro-walker-queremos-reforzar-nuestra-agenda-social-para-ir-en-ayuda-de-la-agricultura-familiar-campesina\/\" \/>\n<meta property=\"og:locale\" content=\"es_ES\" \/>\n<meta property=\"og:type\" content=\"article\" \/>\n<meta property=\"og:title\" content=\"Ministro Walker: \u201cQueremos reforzar nuestra agenda social para ir en ayuda de la agricultura familiar campesina\u201d - Mundoagropecuario\" \/>\n<meta property=\"og:description\" content=\"Esta serie de medidas se agrupan en cuatro ejes que permitir\u00e1n a los peque\u00f1os agricultores hacer frente&nbsp;&nbsp;las dificultades que atraviesan producto de la escases h\u00eddrica que afecta al pa\u00eds (Mundo...\" \/>\n<meta property=\"og:url\" content=\"https:\/\/www.mundoagropecuario.cl\/new\/ministro-walker-queremos-reforzar-nuestra-agenda-social-para-ir-en-ayuda-de-la-agricultura-familiar-campesina\/\" \/>\n<meta property=\"og:site_name\" content=\"Mundoagropecuario\" \/>\n<meta property=\"article:publisher\" content=\"https:\/\/www.facebook.com\/mundo.agropecuario.3\" \/>\n<meta property=\"article:published_time\" content=\"2019-11-27T04:30:38+00:00\" \/>\n<meta property=\"article:modified_time\" content=\"2019-11-28T15:16:14+00:00\" \/>\n<meta property=\"og:image\" content=\"https:\/\/www.mundoagropecuario.cl\/new\/wp-content\/uploads\/2019\/11\/Min-Walker-Acci\u00f3n-rural-2.jpeg\" \/>\n\t<meta property=\"og:image:width\" content=\"1024\" \/>\n\t<meta property=\"og:image:height\" content=\"682\" \/>\n\t<meta property=\"og:image:type\" content=\"image\/jpeg\" \/>\n<meta name=\"author\" content=\"mundo\" \/>\n<meta name=\"twitter:card\" content=\"summary_large_image\" \/>\n<meta name=\"twitter:creator\" content=\"@MundoAgropecuar\" \/>\n<meta name=\"twitter:site\" content=\"@MundoAgropecuar\" \/>\n<meta name=\"twitter:label1\" content=\"Escrito por\" \/>\n\t<meta name=\"twitter:data1\" content=\"mundo\" \/>\n\t<meta name=\"twitter:label2\" content=\"Tiempo de lectura\" \/>\n\t<meta name=\"twitter:data2\" content=\"5 minutos\" \/>\n<script type=\"application\/ld+json\" class=\"yoast-schema-graph\">{\"@context\":\"https:\/\/schema.org\",\"@graph\":[{\"@type\":\"Article\",\"@id\":\"https:\/\/www.mundoagropecuario.cl\/new\/ministro-walker-queremos-reforzar-nuestra-agenda-social-para-ir-en-ayuda-de-la-agricultura-familiar-campesina\/#article\",\"isPartOf\":{\"@id\":\"https:\/\/www.mundoagropecuario.cl\/new\/ministro-walker-queremos-reforzar-nuestra-agenda-social-para-ir-en-ayuda-de-la-agricultura-familiar-campesina\/\"},\"author\":{\"name\":\"mundo\",\"@id\":\"https:\/\/www.mundoagropecuario.cl\/new\/#\/schema\/person\/4e9f74a82a7dac260eb1c44b7eebeb18\"},\"headline\":\"Ministro Walker: \u201cQueremos reforzar nuestra agenda social para ir en ayuda de la agricultura familiar campesina\u201d\",\"datePublished\":\"2019-11-27T04:30:38+00:00\",\"dateModified\":\"2019-11-28T15:16:14+00:00\",\"mainEntityOfPage\":{\"@id\":\"https:\/\/www.mundoagropecuario.cl\/new\/ministro-walker-queremos-reforzar-nuestra-agenda-social-para-ir-en-ayuda-de-la-agricultura-familiar-campesina\/\"},\"wordCount\":939,\"publisher\":{\"@id\":\"https:\/\/www.mundoagropecuario.cl\/new\/#organization\"},\"image\":{\"@id\":\"https:\/\/www.mundoagropecuario.cl\/new\/ministro-walker-queremos-reforzar-nuestra-agenda-social-para-ir-en-ayuda-de-la-agricultura-familiar-campesina\/#primaryimage\"},\"thumbnailUrl\":\"https:\/\/www.mundoagropecuario.cl\/new\/wp-content\/uploads\/2019\/11\/Min-Walker-Acci\u00f3n-rural-2.jpeg\",\"keywords\":[\"Agricultura\",\"Agro\",\"Ministro Walker\"],\"articleSection\":[\"Agricultura\"],\"inLanguage\":\"es\"},{\"@type\":\"WebPage\",\"@id\":\"https:\/\/www.mundoagropecuario.cl\/new\/ministro-walker-queremos-reforzar-nuestra-agenda-social-para-ir-en-ayuda-de-la-agricultura-familiar-campesina\/\",\"url\":\"https:\/\/www.mundoagropecuario.cl\/new\/ministro-walker-queremos-reforzar-nuestra-agenda-social-para-ir-en-ayuda-de-la-agricultura-familiar-campesina\/\",\"name\":\"Ministro Walker: \u201cQueremos reforzar nuestra agenda social para ir en ayuda de la agricultura familiar campesina\u201d - Mundoagropecuario\",\"isPartOf\":{\"@id\":\"https:\/\/www.mundoagropecuario.cl\/new\/#website\"},\"primaryImageOfPage\":{\"@id\":\"https:\/\/www.mundoagropecuario.cl\/new\/ministro-walker-queremos-reforzar-nuestra-agenda-social-para-ir-en-ayuda-de-la-agricultura-familiar-campesina\/#primaryimage\"},\"image\":{\"@id\":\"https:\/\/www.mundoagropecuario.cl\/new\/ministro-walker-queremos-reforzar-nuestra-agenda-social-para-ir-en-ayuda-de-la-agricultura-familiar-campesina\/#primaryimage\"},\"thumbnailUrl\":\"https:\/\/www.mundoagropecuario.cl\/new\/wp-content\/uploads\/2019\/11\/Min-Walker-Acci\u00f3n-rural-2.jpeg\",\"datePublished\":\"2019-11-27T04:30:38+00:00\",\"dateModified\":\"2019-11-28T15:16:14+00:00\",\"breadcrumb\":{\"@id\":\"https:\/\/www.mundoagropecuario.cl\/new\/ministro-walker-queremos-reforzar-nuestra-agenda-social-para-ir-en-ayuda-de-la-agricultura-familiar-campesina\/#breadcrumb\"},\"inLanguage\":\"es\",\"potentialAction\":[{\"@type\":\"ReadAction\",\"target\":[\"https:\/\/www.mundoagropecuario.cl\/new\/ministro-walker-queremos-reforzar-nuestra-agenda-social-para-ir-en-ayuda-de-la-agricultura-familiar-campesina\/\"]}]},{\"@type\":\"ImageObject\",\"inLanguage\":\"es\",\"@id\":\"https:\/\/www.mundoagropecuario.cl\/new\/ministro-walker-queremos-reforzar-nuestra-agenda-social-para-ir-en-ayuda-de-la-agricultura-familiar-campesina\/#primaryimage\",\"url\":\"https:\/\/www.mundoagropecuario.cl\/new\/wp-content\/uploads\/2019\/11\/Min-Walker-Acci\u00f3n-rural-2.jpeg\",\"contentUrl\":\"https:\/\/www.mundoagropecuario.cl\/new\/wp-content\/uploads\/2019\/11\/Min-Walker-Acci\u00f3n-rural-2.jpeg\",\"width\":601,\"height\":400},{\"@type\":\"BreadcrumbList\",\"@id\":\"https:\/\/www.mundoagropecuario.cl\/new\/ministro-walker-queremos-reforzar-nuestra-agenda-social-para-ir-en-ayuda-de-la-agricultura-familiar-campesina\/#breadcrumb\",\"itemListElement\":[{\"@type\":\"ListItem\",\"position\":1,\"name\":\"Portada\",\"item\":\"https:\/\/www.mundoagropecuario.cl\/new\/\"},{\"@type\":\"ListItem\",\"position\":2,\"name\":\"Ministro Walker: \u201cQueremos reforzar nuestra agenda social para ir en ayuda de la agricultura familiar campesina\u201d\"}]},{\"@type\":\"WebSite\",\"@id\":\"https:\/\/www.mundoagropecuario.cl\/new\/#website\",\"url\":\"https:\/\/www.mundoagropecuario.cl\/new\/\",\"name\":\"Mundoagropecuario\",\"description\":\"Mundo Agropecuario\",\"publisher\":{\"@id\":\"https:\/\/www.mundoagropecuario.cl\/new\/#organization\"},\"potentialAction\":[{\"@type\":\"SearchAction\",\"target\":{\"@type\":\"EntryPoint\",\"urlTemplate\":\"https:\/\/www.mundoagropecuario.cl\/new\/?s={search_term_string}\"},\"query-input\":{\"@type\":\"PropertyValueSpecification\",\"valueRequired\":true,\"valueName\":\"search_term_string\"}}],\"inLanguage\":\"es\"},{\"@type\":\"Organization\",\"@id\":\"https:\/\/www.mundoagropecuario.cl\/new\/#organization\",\"name\":\"Revista de Agricultura\",\"url\":\"https:\/\/www.mundoagropecuario.cl\/new\/\",\"logo\":{\"@type\":\"ImageObject\",\"inLanguage\":\"es\",\"@id\":\"https:\/\/www.mundoagropecuario.cl\/new\/#\/schema\/logo\/image\/\",\"url\":\"https:\/\/www.mundoagropecuario.cl\/new\/wp-content\/uploads\/2020\/11\/PORTAL-1-1.png\",\"contentUrl\":\"https:\/\/www.mundoagropecuario.cl\/new\/wp-content\/uploads\/2020\/11\/PORTAL-1-1.png\",\"width\":1026,\"height\":100,\"caption\":\"Revista de Agricultura\"},\"image\":{\"@id\":\"https:\/\/www.mundoagropecuario.cl\/new\/#\/schema\/logo\/image\/\"},\"sameAs\":[\"https:\/\/www.facebook.com\/mundo.agropecuario.3\",\"https:\/\/x.com\/MundoAgropecuar\",\"https:\/\/www.linkedin.com\/in\/mundo-agropecuario-934009201\/\"]},{\"@type\":\"Person\",\"@id\":\"https:\/\/www.mundoagropecuario.cl\/new\/#\/schema\/person\/4e9f74a82a7dac260eb1c44b7eebeb18\",\"name\":\"mundo\",\"url\":\"https:\/\/www.mundoagropecuario.cl\/new\/author\/mundo\/\"}]}<\/script>\n<!-- \/ Yoast SEO plugin. -->","yoast_head_json":{"title":"Ministro Walker: \u201cQueremos reforzar nuestra agenda social para ir en ayuda de la agricultura familiar campesina\u201d - Mundoagropecuario","robots":{"index":"index","follow":"follow","max-snippet":"max-snippet:-1","max-image-preview":"max-image-preview:large","max-video-preview":"max-video-preview:-1"},"canonical":"https:\/\/www.mundoagropecuario.cl\/new\/ministro-walker-queremos-reforzar-nuestra-agenda-social-para-ir-en-ayuda-de-la-agricultura-familiar-campesina\/","og_locale":"es_ES","og_type":"article","og_title":"Ministro Walker: \u201cQueremos reforzar nuestra agenda social para ir en ayuda de la agricultura familiar campesina\u201d - Mundoagropecuario","og_description":"Esta serie de medidas se agrupan en cuatro ejes que permitir\u00e1n a los peque\u00f1os agricultores hacer frente&nbsp;&nbsp;las dificultades que atraviesan producto de la escases h\u00eddrica que afecta al pa\u00eds (Mundo...","og_url":"https:\/\/www.mundoagropecuario.cl\/new\/ministro-walker-queremos-reforzar-nuestra-agenda-social-para-ir-en-ayuda-de-la-agricultura-familiar-campesina\/","og_site_name":"Mundoagropecuario","article_publisher":"https:\/\/www.facebook.com\/mundo.agropecuario.3","article_published_time":"2019-11-27T04:30:38+00:00","article_modified_time":"2019-11-28T15:16:14+00:00","og_image":[{"width":1024,"height":682,"url":"https:\/\/www.mundoagropecuario.cl\/new\/wp-content\/uploads\/2019\/11\/Min-Walker-Acci\u00f3n-rural-2.jpeg","type":"image\/jpeg"}],"author":"mundo","twitter_card":"summary_large_image","twitter_creator":"@MundoAgropecuar","twitter_site":"@MundoAgropecuar","twitter_misc":{"Escrito por":"mundo","Tiempo de lectura":"5 minutos"},"schema":{"@context":"https:\/\/schema.org","@graph":[{"@type":"Article","@id":"https:\/\/www.mundoagropecuario.cl\/new\/ministro-walker-queremos-reforzar-nuestra-agenda-social-para-ir-en-ayuda-de-la-agricultura-familiar-campesina\/#article","isPartOf":{"@id":"https:\/\/www.mundoagropecuario.cl\/new\/ministro-walker-queremos-reforzar-nuestra-agenda-social-para-ir-en-ayuda-de-la-agricultura-familiar-campesina\/"},"author":{"name":"mundo","@id":"https:\/\/www.mundoagropecuario.cl\/new\/#\/schema\/person\/4e9f74a82a7dac260eb1c44b7eebeb18"},"headline":"Ministro Walker: \u201cQueremos reforzar nuestra agenda social para ir en ayuda de la agricultura familiar campesina\u201d","datePublished":"2019-11-27T04:30:38+00:00","dateModified":"2019-11-28T15:16:14+00:00","mainEntityOfPage":{"@id":"https:\/\/www.mundoagropecuario.cl\/new\/ministro-walker-queremos-reforzar-nuestra-agenda-social-para-ir-en-ayuda-de-la-agricultura-familiar-campesina\/"},"wordCount":939,"publisher":{"@id":"https:\/\/www.mundoagropecuario.cl\/new\/#organization"},"image":{"@id":"https:\/\/www.mundoagropecuario.cl\/new\/ministro-walker-queremos-reforzar-nuestra-agenda-social-para-ir-en-ayuda-de-la-agricultura-familiar-campesina\/#primaryimage"},"thumbnailUrl":"https:\/\/www.mundoagropecuario.cl\/new\/wp-content\/uploads\/2019\/11\/Min-Walker-Acci\u00f3n-rural-2.jpeg","keywords":["Agricultura","Agro","Ministro Walker"],"articleSection":["Agricultura"],"inLanguage":"es"},{"@type":"WebPage","@id":"https:\/\/www.mundoagropecuario.cl\/new\/ministro-walker-queremos-reforzar-nuestra-agenda-social-para-ir-en-ayuda-de-la-agricultura-familiar-campesina\/","url":"https:\/\/www.mundoagropecuario.cl\/new\/ministro-walker-queremos-reforzar-nuestra-agenda-social-para-ir-en-ayuda-de-la-agricultura-familiar-campesina\/","name":"Ministro Walker: \u201cQueremos reforzar nuestra agenda social para ir en ayuda de la agricultura familiar campesina\u201d - Mundoagropecuario","isPartOf":{"@id":"https:\/\/www.mundoagropecuario.cl\/new\/#website"},"primaryImageOfPage":{"@id":"https:\/\/www.mundoagropecuario.cl\/new\/ministro-walker-queremos-reforzar-nuestra-agenda-social-para-ir-en-ayuda-de-la-agricultura-familiar-campesina\/#primaryimage"},"image":{"@id":"https:\/\/www.mundoagropecuario.cl\/new\/ministro-walker-queremos-reforzar-nuestra-agenda-social-para-ir-en-ayuda-de-la-agricultura-familiar-campesina\/#primaryimage"},"thumbnailUrl":"https:\/\/www.mundoagropecuario.cl\/new\/wp-content\/uploads\/2019\/11\/Min-Walker-Acci\u00f3n-rural-2.jpeg","datePublished":"2019-11-27T04:30:38+00:00","dateModified":"2019-11-28T15:16:14+00:00","breadcrumb":{"@id":"https:\/\/www.mundoagropecuario.cl\/new\/ministro-walker-queremos-reforzar-nuestra-agenda-social-para-ir-en-ayuda-de-la-agricultura-familiar-campesina\/#breadcrumb"},"inLanguage":"es","potentialAction":[{"@type":"ReadAction","target":["https:\/\/www.mundoagropecuario.cl\/new\/ministro-walker-queremos-reforzar-nuestra-agenda-social-para-ir-en-ayuda-de-la-agricultura-familiar-campesina\/"]}]},{"@type":"ImageObject","inLanguage":"es","@id":"https:\/\/www.mundoagropecuario.cl\/new\/ministro-walker-queremos-reforzar-nuestra-agenda-social-para-ir-en-ayuda-de-la-agricultura-familiar-campesina\/#primaryimage","url":"https:\/\/www.mundoagropecuario.cl\/new\/wp-content\/uploads\/2019\/11\/Min-Walker-Acci\u00f3n-rural-2.jpeg","contentUrl":"https:\/\/www.mundoagropecuario.cl\/new\/wp-content\/uploads\/2019\/11\/Min-Walker-Acci\u00f3n-rural-2.jpeg","width":601,"height":400},{"@type":"BreadcrumbList","@id":"https:\/\/www.mundoagropecuario.cl\/new\/ministro-walker-queremos-reforzar-nuestra-agenda-social-para-ir-en-ayuda-de-la-agricultura-familiar-campesina\/#breadcrumb","itemListElement":[{"@type":"ListItem","position":1,"name":"Portada","item":"https:\/\/www.mundoagropecuario.cl\/new\/"},{"@type":"ListItem","position":2,"name":"Ministro Walker: \u201cQueremos reforzar nuestra agenda social para ir en ayuda de la agricultura familiar campesina\u201d"}]},{"@type":"WebSite","@id":"https:\/\/www.mundoagropecuario.cl\/new\/#website","url":"https:\/\/www.mundoagropecuario.cl\/new\/","name":"Mundoagropecuario","description":"Mundo Agropecuario","publisher":{"@id":"https:\/\/www.mundoagropecuario.cl\/new\/#organization"},"potentialAction":[{"@type":"SearchAction","target":{"@type":"EntryPoint","urlTemplate":"https:\/\/www.mundoagropecuario.cl\/new\/?s={search_term_string}"},"query-input":{"@type":"PropertyValueSpecification","valueRequired":true,"valueName":"search_term_string"}}],"inLanguage":"es"},{"@type":"Organization","@id":"https:\/\/www.mundoagropecuario.cl\/new\/#organization","name":"Revista de Agricultura","url":"https:\/\/www.mundoagropecuario.cl\/new\/","logo":{"@type":"ImageObject","inLanguage":"es","@id":"https:\/\/www.mundoagropecuario.cl\/new\/#\/schema\/logo\/image\/","url":"https:\/\/www.mundoagropecuario.cl\/new\/wp-content\/uploads\/2020\/11\/PORTAL-1-1.png","contentUrl":"https:\/\/www.mundoagropecuario.cl\/new\/wp-content\/uploads\/2020\/11\/PORTAL-1-1.png","width":1026,"height":100,"caption":"Revista de Agricultura"},"image":{"@id":"https:\/\/www.mundoagropecuario.cl\/new\/#\/schema\/logo\/image\/"},"sameAs":["https:\/\/www.facebook.com\/mundo.agropecuario.3","https:\/\/x.com\/MundoAgropecuar","https:\/\/www.linkedin.com\/in\/mundo-agropecuario-934009201\/"]},{"@type":"Person","@id":"https:\/\/www.mundoagropecuario.cl\/new\/#\/schema\/person\/4e9f74a82a7dac260eb1c44b7eebeb18","name":"mundo","url":"https:\/\/www.mundoagropecuario.cl\/new\/author\/mundo\/"}]}},"_links":{"self":[{"href":"https:\/\/www.mundoagropecuario.cl\/new\/wp-json\/wp\/v2\/posts\/14899","targetHints":{"allow":["GET"]}}],"collection":[{"href":"https:\/\/www.mundoagropecuario.cl\/new\/wp-json\/wp\/v2\/posts"}],"about":[{"href":"https:\/\/www.mundoagropecuario.cl\/new\/wp-json\/wp\/v2\/types\/post"}],"author":[{"embeddable":true,"href":"https:\/\/www.mundoagropecuario.cl\/new\/wp-json\/wp\/v2\/users\/2"}],"replies":[{"embeddable":true,"href":"https:\/\/www.mundoagropecuario.cl\/new\/wp-json\/wp\/v2\/comments?post=14899"}],"version-history":[{"count":2,"href":"https:\/\/www.mundoagropecuario.cl\/new\/wp-json\/wp\/v2\/posts\/14899\/revisions"}],"predecessor-version":[{"id":14950,"href":"https:\/\/www.mundoagropecuario.cl\/new\/wp-json\/wp\/v2\/posts\/14899\/revisions\/14950"}],"wp:featuredmedia":[{"embeddable":true,"href":"https:\/\/www.mundoagropecuario.cl\/new\/wp-json\/wp\/v2\/media\/14901"}],"wp:attachment":[{"href":"https:\/\/www.mundoagropecuario.cl\/new\/wp-json\/wp\/v2\/media?parent=14899"}],"wp:term":[{"taxonomy":"category","embeddable":true,"href":"https:\/\/www.mundoagropecuario.cl\/new\/wp-json\/wp\/v2\/categories?post=14899"},{"taxonomy":"post_tag","embeddable":true,"href":"https:\/\/www.mundoagropecuario.cl\/new\/wp-json\/wp\/v2\/tags?post=14899"}],"curies":[{"name":"wp","href":"https:\/\/api.w.org\/{rel}","templated":true}]}}